{"id":40543,"date":"2022-11-27T15:41:57","date_gmt":"2022-11-27T20:41:57","guid":{"rendered":"https:\/\/luchonoticias.com\/?p=40543"},"modified":"2022-11-27T15:41:58","modified_gmt":"2022-11-27T20:41:58","slug":"exfiscal-nestor-humberto-martinez-denuncia-conspiraciones-judiciales-en-su-contra","status":"publish","type":"post","link":"https:\/\/luchonoticias.com\/editor\/exfiscal-nestor-humberto-martinez-denuncia-conspiraciones-judiciales-en-su-contra\/","title":{"rendered":"Exfiscal N\u00e9stor Humberto Mart\u00ednez denuncia conspiraciones judiciales en su contra"},"content":{"rendered":"\n<p>El exfiscal general de Colombia N\u00e9stor Humberto Mart\u00ednez Neira envi\u00f3 una carta a altos cargos de Estados Unidos en la que denuncia la existencia de un presunto complot y conspiraciones judiciales para afectarlo a \u00e9l y a otras personas.<\/p>\n\n\n\n<p>En el documento menciona que entre las personas que tambi\u00e9n son v\u00edctimas est\u00e1n el fiscal general, Francisco Barbosa Delgado, el expresidente Juan Manuel Santos y al ex fiscal general Eduardo Montealegre Lynett.<\/p>\n\n\n\n<p>\u201cDesde hace alg\u00fan tiempo, tanto a esa representaci\u00f3n diplom\u00e1tica, como al Departamento de Justicia de los Estados Unidos, a comienzos de este a\u00f1o comprob\u00e9 la existencia de una conspiraci\u00f3n contra el suscrito y varios fiscales, por parte de personas a quienes asiste una sed de venganza, por haber sido judicializados durante mi administraci\u00f3n como Fiscal General, por casos de corrupci\u00f3n en Colombia. Es muy delicado, como se lo inform\u00e9 y document\u00e9 al Departamento de Justicia el pasado 10 de octubre, que Guill\u00e9n afirme que tambi\u00e9n utiliza al Canciller Leyva para estos oscuros prop\u00f3sitos, lo que de ser cierto har\u00eda que, a la persecuci\u00f3n judicial, se haya sumado ahora la persecuci\u00f3n pol\u00edtica\u201d, expres\u00f3 en la carta, la cual, el exfuncionario indic\u00f3 que envi\u00f3 copia al fiscal Francisco Barbosa y a la procuradora Margarita Cabello, para su respectiva competencia.<\/p>\n","protected":false},"excerpt":{"rendered":"<p>El exfiscal general de Colombia N\u00e9stor Humberto Mart\u00ednez Neira envi\u00f3 una carta a altos cargos de Estados Unidos en la que denuncia la existencia de un presunto complot y conspiraciones judiciales para afectarlo a \u00e9l y a otras personas. En el documento menciona que entre las personas que tambi\u00e9n son v\u00edctimas est\u00e1n el fiscal general, [&hellip;]<\/p>\n","protected":false},"author":1,"featured_media":0,"comment_status":"open","ping_status":"open","sticky":false,"template":"","format":"standard","meta":{"footnotes":""},"categories":[36,32],"tags":[],"class_list":["post-40543","post","type-post","status-publish","format-standard","hentry","category-destacado","category-nacional"],"yoast_head":"<!-- This site is optimized with the Yoast SEO plugin v26.6 - https:\/\/yoast.com\/wordpress\/plugins\/seo\/ -->\n<title>Exfiscal N\u00e9stor Humberto Mart\u00ednez denuncia conspiraciones judiciales en su contra -<\/title>\n<meta name=\"robots\" content=\"index, follow, max-snippet:-1, max-image-preview:large, max-video-preview:-1\" \/>\n<link rel=\"canonical\" href=\"https:\/\/luchonoticias.com\/editor\/exfiscal-nestor-humberto-martinez-denuncia-conspiraciones-judiciales-en-su-contra\/\" \/>\n<meta property=\"og:locale\" content=\"es_ES\" \/>\n<meta property=\"og:type\" content=\"article\" \/>\n<meta property=\"og:title\" content=\"Exfiscal N\u00e9stor Humberto Mart\u00ednez denuncia conspiraciones judiciales en su contra -\" \/>\n<meta property=\"og:url\" content=\"https:\/\/luchonoticias.com\/editor\/exfiscal-nestor-humberto-martinez-denuncia-conspiraciones-judiciales-en-su-contra\/\" \/>\n<meta property=\"article:publisher\" content=\"https:\/\/www.facebook.com\/luchonoticiasneiva\" \/>\n<meta property=\"article:author\" content=\"https:\/\/www.facebook.com\/luchonoticiasneiva\" \/>\n<meta property=\"article:published_time\" content=\"2022-11-27T20:41:57+00:00\" \/>\n<meta property=\"article:modified_time\" content=\"2022-11-27T20:41:58+00:00\" \/>\n<meta name=\"author\" content=\"admin\" \/>\n<meta name=\"twitter:card\" content=\"summary_large_image\" \/>\n<meta name=\"twitter:label1\" content=\"Escrito por\" \/>\n\t<meta name=\"twitter:data1\" content=\"admin\" \/>\n\t<meta name=\"twitter:label2\" content=\"Tiempo de lectura\" \/>\n\t<meta name=\"twitter:data2\" content=\"1 minuto\" \/>\n<script type=\"application\/ld+json\" class=\"yoast-schema-graph\">{\"@context\":\"https:\/\/schema.org\",\"@graph\":[{\"@type\":\"Article\",\"@id\":\"https:\/\/luchonoticias.com\/editor\/exfiscal-nestor-humberto-martinez-denuncia-conspiraciones-judiciales-en-su-contra\/#article\",\"isPartOf\":{\"@id\":\"https:\/\/luchonoticias.com\/editor\/exfiscal-nestor-humberto-martinez-denuncia-conspiraciones-judiciales-en-su-contra\/\"},\"author\":{\"name\":\"admin\",\"@id\":\"https:\/\/luchonoticias.com\/editor\/#\/schema\/person\/7a7fd911f58561fd056dbac7b55af9cd\"},\"headline\":\"Exfiscal N\u00e9stor Humberto Mart\u00ednez denuncia conspiraciones judiciales en su contra\",\"datePublished\":\"2022-11-27T20:41:57+00:00\",\"dateModified\":\"2022-11-27T20:41:58+00:00\",\"mainEntityOfPage\":{\"@id\":\"https:\/\/luchonoticias.com\/editor\/exfiscal-nestor-humberto-martinez-denuncia-conspiraciones-judiciales-en-su-contra\/\"},\"wordCount\":238,\"commentCount\":0,\"publisher\":{\"@id\":\"https:\/\/luchonoticias.com\/editor\/#\/schema\/person\/7a7fd911f58561fd056dbac7b55af9cd\"},\"articleSection\":[\"Destacado\",\"Nacional\"],\"inLanguage\":\"es\",\"potentialAction\":[{\"@type\":\"CommentAction\",\"name\":\"Comment\",\"target\":[\"https:\/\/luchonoticias.com\/editor\/exfiscal-nestor-humberto-martinez-denuncia-conspiraciones-judiciales-en-su-contra\/#respond\"]}]},{\"@type\":\"WebPage\",\"@id\":\"https:\/\/luchonoticias.com\/editor\/exfiscal-nestor-humberto-martinez-denuncia-conspiraciones-judiciales-en-su-contra\/\",\"url\":\"https:\/\/luchonoticias.com\/editor\/exfiscal-nestor-humberto-martinez-denuncia-conspiraciones-judiciales-en-su-contra\/\",\"name\":\"Exfiscal N\u00e9stor Humberto Mart\u00ednez denuncia conspiraciones judiciales en su contra -\",\"isPartOf\":{\"@id\":\"https:\/\/luchonoticias.com\/editor\/#website\"},\"datePublished\":\"2022-11-27T20:41:57+00:00\",\"dateModified\":\"2022-11-27T20:41:58+00:00\",\"breadcrumb\":{\"@id\":\"https:\/\/luchonoticias.com\/editor\/exfiscal-nestor-humberto-martinez-denuncia-conspiraciones-judiciales-en-su-contra\/#breadcrumb\"},\"inLanguage\":\"es\",\"potentialAction\":[{\"@type\":\"ReadAction\",\"target\":[\"https:\/\/luchonoticias.com\/editor\/exfiscal-nestor-humberto-martinez-denuncia-conspiraciones-judiciales-en-su-contra\/\"]}]},{\"@type\":\"BreadcrumbList\",\"@id\":\"https:\/\/luchonoticias.com\/editor\/exfiscal-nestor-humberto-martinez-denuncia-conspiraciones-judiciales-en-su-contra\/#breadcrumb\",\"itemListElement\":[{\"@type\":\"ListItem\",\"position\":1,\"name\":\"Portada\",\"item\":\"https:\/\/luchonoticias.com\/editor\/\"},{\"@type\":\"ListItem\",\"position\":2,\"name\":\"Exfiscal N\u00e9stor Humberto Mart\u00ednez denuncia conspiraciones judiciales en su contra\"}]},{\"@type\":\"WebSite\",\"@id\":\"https:\/\/luchonoticias.com\/editor\/#website\",\"url\":\"https:\/\/luchonoticias.com\/editor\/\",\"name\":\"\",\"description\":\"\",\"publisher\":{\"@id\":\"https:\/\/luchonoticias.com\/editor\/#\/schema\/person\/7a7fd911f58561fd056dbac7b55af9cd\"},\"potentialAction\":[{\"@type\":\"SearchAction\",\"target\":{\"@type\":\"EntryPoint\",\"urlTemplate\":\"https:\/\/luchonoticias.com\/editor\/?s={search_term_string}\"},\"query-input\":{\"@type\":\"PropertyValueSpecification\",\"valueRequired\":true,\"valueName\":\"search_term_string\"}}],\"inLanguage\":\"es\"},{\"@type\":[\"Person\",\"Organization\"],\"@id\":\"https:\/\/luchonoticias.com\/editor\/#\/schema\/person\/7a7fd911f58561fd056dbac7b55af9cd\",\"name\":\"admin\",\"image\":{\"@type\":\"ImageObject\",\"inLanguage\":\"es\",\"@id\":\"https:\/\/luchonoticias.com\/editor\/#\/schema\/person\/image\/\",\"url\":\"https:\/\/luchonoticias.com\/editor\/wp-content\/uploads\/2024\/02\/cropped-cropped-logolu.webp\",\"contentUrl\":\"https:\/\/luchonoticias.com\/editor\/wp-content\/uploads\/2024\/02\/cropped-cropped-logolu.webp\",\"width\":382,\"height\":170,\"caption\":\"admin\"},\"logo\":{\"@id\":\"https:\/\/luchonoticias.com\/editor\/#\/schema\/person\/image\/\"},\"sameAs\":[\"https:\/\/www.facebook.com\/luchonoticiasneiva\"],\"url\":\"https:\/\/luchonoticias.com\/editor\/author\/admin\/\"}]}<\/script>\n<!-- \/ Yoast SEO plugin. -->","yoast_head_json":{"title":"Exfiscal N\u00e9stor Humberto Mart\u00ednez denuncia conspiraciones judiciales en su contra -","robots":{"index":"index","follow":"follow","max-snippet":"max-snippet:-1","max-image-preview":"max-image-preview:large","max-video-preview":"max-video-preview:-1"},"canonical":"https:\/\/luchonoticias.com\/editor\/exfiscal-nestor-humberto-martinez-denuncia-conspiraciones-judiciales-en-su-contra\/","og_locale":"es_ES","og_type":"article","og_title":"Exfiscal N\u00e9stor Humberto Mart\u00ednez denuncia conspiraciones judiciales en su contra -","og_url":"https:\/\/luchonoticias.com\/editor\/exfiscal-nestor-humberto-martinez-denuncia-conspiraciones-judiciales-en-su-contra\/","article_publisher":"https:\/\/www.facebook.com\/luchonoticiasneiva","article_author":"https:\/\/www.facebook.com\/luchonoticiasneiva","article_published_time":"2022-11-27T20:41:57+00:00","article_modified_time":"2022-11-27T20:41:58+00:00","author":"admin","twitter_card":"summary_large_image","twitter_misc":{"Escrito por":"admin","Tiempo de lectura":"1 minuto"},"schema":{"@context":"https:\/\/schema.org","@graph":[{"@type":"Article","@id":"https:\/\/luchonoticias.com\/editor\/exfiscal-nestor-humberto-martinez-denuncia-conspiraciones-judiciales-en-su-contra\/#article","isPartOf":{"@id":"https:\/\/luchonoticias.com\/editor\/exfiscal-nestor-humberto-martinez-denuncia-conspiraciones-judiciales-en-su-contra\/"},"author":{"name":"admin","@id":"https:\/\/luchonoticias.com\/editor\/#\/schema\/person\/7a7fd911f58561fd056dbac7b55af9cd"},"headline":"Exfiscal N\u00e9stor Humberto Mart\u00ednez denuncia conspiraciones judiciales en su contra","datePublished":"2022-11-27T20:41:57+00:00","dateModified":"2022-11-27T20:41:58+00:00","mainEntityOfPage":{"@id":"https:\/\/luchonoticias.com\/editor\/exfiscal-nestor-humberto-martinez-denuncia-conspiraciones-judiciales-en-su-contra\/"},"wordCount":238,"commentCount":0,"publisher":{"@id":"https:\/\/luchonoticias.com\/editor\/#\/schema\/person\/7a7fd911f58561fd056dbac7b55af9cd"},"articleSection":["Destacado","Nacional"],"inLanguage":"es","potentialAction":[{"@type":"CommentAction","name":"Comment","target":["https:\/\/luchonoticias.com\/editor\/exfiscal-nestor-humberto-martinez-denuncia-conspiraciones-judiciales-en-su-contra\/#respond"]}]},{"@type":"WebPage","@id":"https:\/\/luchonoticias.com\/editor\/exfiscal-nestor-humberto-martinez-denuncia-conspiraciones-judiciales-en-su-contra\/","url":"https:\/\/luchonoticias.com\/editor\/exfiscal-nestor-humberto-martinez-denuncia-conspiraciones-judiciales-en-su-contra\/","name":"Exfiscal N\u00e9stor Humberto Mart\u00ednez denuncia conspiraciones judiciales en su contra -","isPartOf":{"@id":"https:\/\/luchonoticias.com\/editor\/#website"},"datePublished":"2022-11-27T20:41:57+00:00","dateModified":"2022-11-27T20:41:58+00:00","breadcrumb":{"@id":"https:\/\/luchonoticias.com\/editor\/exfiscal-nestor-humberto-martinez-denuncia-conspiraciones-judiciales-en-su-contra\/#breadcrumb"},"inLanguage":"es","potentialAction":[{"@type":"ReadAction","target":["https:\/\/luchonoticias.com\/editor\/exfiscal-nestor-humberto-martinez-denuncia-conspiraciones-judiciales-en-su-contra\/"]}]},{"@type":"BreadcrumbList","@id":"https:\/\/luchonoticias.com\/editor\/exfiscal-nestor-humberto-martinez-denuncia-conspiraciones-judiciales-en-su-contra\/#breadcrumb","itemListElement":[{"@type":"ListItem","position":1,"name":"Portada","item":"https:\/\/luchonoticias.com\/editor\/"},{"@type":"ListItem","position":2,"name":"Exfiscal N\u00e9stor Humberto Mart\u00ednez denuncia conspiraciones judiciales en su contra"}]},{"@type":"WebSite","@id":"https:\/\/luchonoticias.com\/editor\/#website","url":"https:\/\/luchonoticias.com\/editor\/","name":"","description":"","publisher":{"@id":"https:\/\/luchonoticias.com\/editor\/#\/schema\/person\/7a7fd911f58561fd056dbac7b55af9cd"},"potentialAction":[{"@type":"SearchAction","target":{"@type":"EntryPoint","urlTemplate":"https:\/\/luchonoticias.com\/editor\/?s={search_term_string}"},"query-input":{"@type":"PropertyValueSpecification","valueRequired":true,"valueName":"search_term_string"}}],"inLanguage":"es"},{"@type":["Person","Organization"],"@id":"https:\/\/luchonoticias.com\/editor\/#\/schema\/person\/7a7fd911f58561fd056dbac7b55af9cd","name":"admin","image":{"@type":"ImageObject","inLanguage":"es","@id":"https:\/\/luchonoticias.com\/editor\/#\/schema\/person\/image\/","url":"https:\/\/luchonoticias.com\/editor\/wp-content\/uploads\/2024\/02\/cropped-cropped-logolu.webp","contentUrl":"https:\/\/luchonoticias.com\/editor\/wp-content\/uploads\/2024\/02\/cropped-cropped-logolu.webp","width":382,"height":170,"caption":"admin"},"logo":{"@id":"https:\/\/luchonoticias.com\/editor\/#\/schema\/person\/image\/"},"sameAs":["https:\/\/www.facebook.com\/luchonoticiasneiva"],"url":"https:\/\/luchonoticias.com\/editor\/author\/admin\/"}]}},"_links":{"self":[{"href":"https:\/\/luchonoticias.com\/editor\/wp-json\/wp\/v2\/posts\/40543","targetHints":{"allow":["GET"]}}],"collection":[{"href":"https:\/\/luchonoticias.com\/editor\/wp-json\/wp\/v2\/posts"}],"about":[{"href":"https:\/\/luchonoticias.com\/editor\/wp-json\/wp\/v2\/types\/post"}],"author":[{"embeddable":true,"href":"https:\/\/luchonoticias.com\/editor\/wp-json\/wp\/v2\/users\/1"}],"replies":[{"embeddable":true,"href":"https:\/\/luchonoticias.com\/editor\/wp-json\/wp\/v2\/comments?post=40543"}],"version-history":[{"count":0,"href":"https:\/\/luchonoticias.com\/editor\/wp-json\/wp\/v2\/posts\/40543\/revisions"}],"wp:attachment":[{"href":"https:\/\/luchonoticias.com\/editor\/wp-json\/wp\/v2\/media?parent=40543"}],"wp:term":[{"taxonomy":"category","embeddable":true,"href":"https:\/\/luchonoticias.com\/editor\/wp-json\/wp\/v2\/categories?post=40543"},{"taxonomy":"post_tag","embeddable":true,"href":"https:\/\/luchonoticias.com\/editor\/wp-json\/wp\/v2\/tags?post=40543"}],"curies":[{"name":"wp","href":"https:\/\/api.w.org\/{rel}","templated":true}]}}