{"id":40549,"date":"2022-11-27T16:00:15","date_gmt":"2022-11-27T21:00:15","guid":{"rendered":"https:\/\/luchonoticias.com\/?p=40549"},"modified":"2022-11-27T16:00:16","modified_gmt":"2022-11-27T21:00:16","slug":"desde-el-2023-se-reducira-la-jornada-laboral-en-colombia","status":"publish","type":"post","link":"https:\/\/luchonoticias.com\/editor\/desde-el-2023-se-reducira-la-jornada-laboral-en-colombia\/","title":{"rendered":"Desde el 2023 se reducir\u00e1 la jornada laboral en Colombia"},"content":{"rendered":"\n<p>De acuerdo con lo estipulado en esta primera modificaci\u00f3n, en 2023 se reducir\u00e1 una hora de la jornada laboral, es decir qu\u00e9 pasar\u00e1 de 48 a 47 horas.<\/p>\n\n\n\n<p>El ajuste para lograr que al final sean 42 horas semanales, se realizar\u00e1 gradualmente hasta 2026.<\/p>\n\n\n\n<p>\u201cTranscurridos dos (2) a\u00f1os a partir de la entrada en vigencia de la ley, se reducir\u00e1 una (1) hora de la jornada laboral semanal, quedando en 47 horas semanales\u2026 Pasados tres (3) a\u00f1os de la entrada en vigencia de la ley, se reducir\u00e1 otra hora de la jornada laboral semanal, quedando en 46 horas semanales. A partir del cuarto a\u00f1o se reducir\u00e1n dos (2) horas cada a\u00f1o hasta llegar a las cuarenta y dos (42) horas semanales\u201d, se puede leer en la norma.<\/p>\n\n\n\n<p>Cabe aclarar que los empleadores y las empresas que quieran adoptar la totalidad de la nueva norma, desde julio del 2023 y modificar los horarios de sus trabajadores, podr\u00e1n hacerlo sin ning\u00fan tipo de restricci\u00f3n.<\/p>\n\n\n\n<p>La reducci\u00f3n de la jornada laboral hace referencia espec\u00edfica al art\u00edculo 161 del C\u00f3digo Sustantivo del Trabajo, el cual se modific\u00f3, para que empiece regir en julio de 2023 y se extender\u00eda hasta el mismo mes de 2026.<\/p>\n","protected":false},"excerpt":{"rendered":"<p>De acuerdo con lo estipulado en esta primera modificaci\u00f3n, en 2023 se reducir\u00e1 una hora de la jornada laboral, es decir qu\u00e9 pasar\u00e1 de 48 a 47 horas. El ajuste para lograr que al final sean 42 horas semanales, se realizar\u00e1 gradualmente hasta 2026. \u201cTranscurridos dos (2) a\u00f1os a partir de la entrada en vigencia [&hellip;]<\/p>\n","protected":false},"author":1,"featured_media":0,"comment_status":"open","ping_status":"open","sticky":false,"template":"","format":"standard","meta":{"footnotes":""},"categories":[28,36],"tags":[],"class_list":["post-40549","post","type-post","status-publish","format-standard","hentry","category-actualidad","category-destacado"],"yoast_head":"<!-- This site is optimized with the Yoast SEO plugin v26.6 - https:\/\/yoast.com\/wordpress\/plugins\/seo\/ -->\n<title>Desde el 2023 se reducir\u00e1 la jornada laboral en Colombia -<\/title>\n<meta name=\"robots\" content=\"index, follow, max-snippet:-1, max-image-preview:large, max-video-preview:-1\" \/>\n<link rel=\"canonical\" href=\"https:\/\/luchonoticias.com\/editor\/desde-el-2023-se-reducira-la-jornada-laboral-en-colombia\/\" \/>\n<meta property=\"og:locale\" content=\"es_ES\" \/>\n<meta property=\"og:type\" content=\"article\" \/>\n<meta property=\"og:title\" content=\"Desde el 2023 se reducir\u00e1 la jornada laboral en Colombia -\" \/>\n<meta property=\"og:url\" content=\"https:\/\/luchonoticias.com\/editor\/desde-el-2023-se-reducira-la-jornada-laboral-en-colombia\/\" \/>\n<meta property=\"article:publisher\" content=\"https:\/\/www.facebook.com\/luchonoticiasneiva\" \/>\n<meta property=\"article:author\" content=\"https:\/\/www.facebook.com\/luchonoticiasneiva\" \/>\n<meta property=\"article:published_time\" content=\"2022-11-27T21:00:15+00:00\" \/>\n<meta property=\"article:modified_time\" content=\"2022-11-27T21:00:16+00:00\" \/>\n<meta name=\"author\" content=\"admin\" \/>\n<meta name=\"twitter:card\" content=\"summary_large_image\" \/>\n<meta name=\"twitter:label1\" content=\"Escrito por\" \/>\n\t<meta name=\"twitter:data1\" content=\"admin\" \/>\n\t<meta name=\"twitter:label2\" content=\"Tiempo de lectura\" \/>\n\t<meta name=\"twitter:data2\" content=\"1 minuto\" \/>\n<script type=\"application\/ld+json\" class=\"yoast-schema-graph\">{\"@context\":\"https:\/\/schema.org\",\"@graph\":[{\"@type\":\"Article\",\"@id\":\"https:\/\/luchonoticias.com\/editor\/desde-el-2023-se-reducira-la-jornada-laboral-en-colombia\/#article\",\"isPartOf\":{\"@id\":\"https:\/\/luchonoticias.com\/editor\/desde-el-2023-se-reducira-la-jornada-laboral-en-colombia\/\"},\"author\":{\"name\":\"admin\",\"@id\":\"https:\/\/luchonoticias.com\/editor\/#\/schema\/person\/7a7fd911f58561fd056dbac7b55af9cd\"},\"headline\":\"Desde el 2023 se reducir\u00e1 la jornada laboral en Colombia\",\"datePublished\":\"2022-11-27T21:00:15+00:00\",\"dateModified\":\"2022-11-27T21:00:16+00:00\",\"mainEntityOfPage\":{\"@id\":\"https:\/\/luchonoticias.com\/editor\/desde-el-2023-se-reducira-la-jornada-laboral-en-colombia\/\"},\"wordCount\":207,\"commentCount\":0,\"publisher\":{\"@id\":\"https:\/\/luchonoticias.com\/editor\/#\/schema\/person\/7a7fd911f58561fd056dbac7b55af9cd\"},\"articleSection\":[\"Actualidad\",\"Destacado\"],\"inLanguage\":\"es\",\"potentialAction\":[{\"@type\":\"CommentAction\",\"name\":\"Comment\",\"target\":[\"https:\/\/luchonoticias.com\/editor\/desde-el-2023-se-reducira-la-jornada-laboral-en-colombia\/#respond\"]}]},{\"@type\":\"WebPage\",\"@id\":\"https:\/\/luchonoticias.com\/editor\/desde-el-2023-se-reducira-la-jornada-laboral-en-colombia\/\",\"url\":\"https:\/\/luchonoticias.com\/editor\/desde-el-2023-se-reducira-la-jornada-laboral-en-colombia\/\",\"name\":\"Desde el 2023 se reducir\u00e1 la jornada laboral en Colombia -\",\"isPartOf\":{\"@id\":\"https:\/\/luchonoticias.com\/editor\/#website\"},\"datePublished\":\"2022-11-27T21:00:15+00:00\",\"dateModified\":\"2022-11-27T21:00:16+00:00\",\"breadcrumb\":{\"@id\":\"https:\/\/luchonoticias.com\/editor\/desde-el-2023-se-reducira-la-jornada-laboral-en-colombia\/#breadcrumb\"},\"inLanguage\":\"es\",\"potentialAction\":[{\"@type\":\"ReadAction\",\"target\":[\"https:\/\/luchonoticias.com\/editor\/desde-el-2023-se-reducira-la-jornada-laboral-en-colombia\/\"]}]},{\"@type\":\"BreadcrumbList\",\"@id\":\"https:\/\/luchonoticias.com\/editor\/desde-el-2023-se-reducira-la-jornada-laboral-en-colombia\/#breadcrumb\",\"itemListElement\":[{\"@type\":\"ListItem\",\"position\":1,\"name\":\"Portada\",\"item\":\"https:\/\/luchonoticias.com\/editor\/\"},{\"@type\":\"ListItem\",\"position\":2,\"name\":\"Desde el 2023 se reducir\u00e1 la jornada laboral en Colombia\"}]},{\"@type\":\"WebSite\",\"@id\":\"https:\/\/luchonoticias.com\/editor\/#website\",\"url\":\"https:\/\/luchonoticias.com\/editor\/\",\"name\":\"\",\"description\":\"\",\"publisher\":{\"@id\":\"https:\/\/luchonoticias.com\/editor\/#\/schema\/person\/7a7fd911f58561fd056dbac7b55af9cd\"},\"potentialAction\":[{\"@type\":\"SearchAction\",\"target\":{\"@type\":\"EntryPoint\",\"urlTemplate\":\"https:\/\/luchonoticias.com\/editor\/?s={search_term_string}\"},\"query-input\":{\"@type\":\"PropertyValueSpecification\",\"valueRequired\":true,\"valueName\":\"search_term_string\"}}],\"inLanguage\":\"es\"},{\"@type\":[\"Person\",\"Organization\"],\"@id\":\"https:\/\/luchonoticias.com\/editor\/#\/schema\/person\/7a7fd911f58561fd056dbac7b55af9cd\",\"name\":\"admin\",\"image\":{\"@type\":\"ImageObject\",\"inLanguage\":\"es\",\"@id\":\"https:\/\/luchonoticias.com\/editor\/#\/schema\/person\/image\/\",\"url\":\"https:\/\/luchonoticias.com\/editor\/wp-content\/uploads\/2024\/02\/cropped-cropped-logolu.webp\",\"contentUrl\":\"https:\/\/luchonoticias.com\/editor\/wp-content\/uploads\/2024\/02\/cropped-cropped-logolu.webp\",\"width\":382,\"height\":170,\"caption\":\"admin\"},\"logo\":{\"@id\":\"https:\/\/luchonoticias.com\/editor\/#\/schema\/person\/image\/\"},\"sameAs\":[\"https:\/\/www.facebook.com\/luchonoticiasneiva\"],\"url\":\"https:\/\/luchonoticias.com\/editor\/author\/admin\/\"}]}<\/script>\n<!-- \/ Yoast SEO plugin. -->","yoast_head_json":{"title":"Desde el 2023 se reducir\u00e1 la jornada laboral en Colombia -","robots":{"index":"index","follow":"follow","max-snippet":"max-snippet:-1","max-image-preview":"max-image-preview:large","max-video-preview":"max-video-preview:-1"},"canonical":"https:\/\/luchonoticias.com\/editor\/desde-el-2023-se-reducira-la-jornada-laboral-en-colombia\/","og_locale":"es_ES","og_type":"article","og_title":"Desde el 2023 se reducir\u00e1 la jornada laboral en Colombia -","og_url":"https:\/\/luchonoticias.com\/editor\/desde-el-2023-se-reducira-la-jornada-laboral-en-colombia\/","article_publisher":"https:\/\/www.facebook.com\/luchonoticiasneiva","article_author":"https:\/\/www.facebook.com\/luchonoticiasneiva","article_published_time":"2022-11-27T21:00:15+00:00","article_modified_time":"2022-11-27T21:00:16+00:00","author":"admin","twitter_card":"summary_large_image","twitter_misc":{"Escrito por":"admin","Tiempo de lectura":"1 minuto"},"schema":{"@context":"https:\/\/schema.org","@graph":[{"@type":"Article","@id":"https:\/\/luchonoticias.com\/editor\/desde-el-2023-se-reducira-la-jornada-laboral-en-colombia\/#article","isPartOf":{"@id":"https:\/\/luchonoticias.com\/editor\/desde-el-2023-se-reducira-la-jornada-laboral-en-colombia\/"},"author":{"name":"admin","@id":"https:\/\/luchonoticias.com\/editor\/#\/schema\/person\/7a7fd911f58561fd056dbac7b55af9cd"},"headline":"Desde el 2023 se reducir\u00e1 la jornada laboral en Colombia","datePublished":"2022-11-27T21:00:15+00:00","dateModified":"2022-11-27T21:00:16+00:00","mainEntityOfPage":{"@id":"https:\/\/luchonoticias.com\/editor\/desde-el-2023-se-reducira-la-jornada-laboral-en-colombia\/"},"wordCount":207,"commentCount":0,"publisher":{"@id":"https:\/\/luchonoticias.com\/editor\/#\/schema\/person\/7a7fd911f58561fd056dbac7b55af9cd"},"articleSection":["Actualidad","Destacado"],"inLanguage":"es","potentialAction":[{"@type":"CommentAction","name":"Comment","target":["https:\/\/luchonoticias.com\/editor\/desde-el-2023-se-reducira-la-jornada-laboral-en-colombia\/#respond"]}]},{"@type":"WebPage","@id":"https:\/\/luchonoticias.com\/editor\/desde-el-2023-se-reducira-la-jornada-laboral-en-colombia\/","url":"https:\/\/luchonoticias.com\/editor\/desde-el-2023-se-reducira-la-jornada-laboral-en-colombia\/","name":"Desde el 2023 se reducir\u00e1 la jornada laboral en Colombia -","isPartOf":{"@id":"https:\/\/luchonoticias.com\/editor\/#website"},"datePublished":"2022-11-27T21:00:15+00:00","dateModified":"2022-11-27T21:00:16+00:00","breadcrumb":{"@id":"https:\/\/luchonoticias.com\/editor\/desde-el-2023-se-reducira-la-jornada-laboral-en-colombia\/#breadcrumb"},"inLanguage":"es","potentialAction":[{"@type":"ReadAction","target":["https:\/\/luchonoticias.com\/editor\/desde-el-2023-se-reducira-la-jornada-laboral-en-colombia\/"]}]},{"@type":"BreadcrumbList","@id":"https:\/\/luchonoticias.com\/editor\/desde-el-2023-se-reducira-la-jornada-laboral-en-colombia\/#breadcrumb","itemListElement":[{"@type":"ListItem","position":1,"name":"Portada","item":"https:\/\/luchonoticias.com\/editor\/"},{"@type":"ListItem","position":2,"name":"Desde el 2023 se reducir\u00e1 la jornada laboral en Colombia"}]},{"@type":"WebSite","@id":"https:\/\/luchonoticias.com\/editor\/#website","url":"https:\/\/luchonoticias.com\/editor\/","name":"","description":"","publisher":{"@id":"https:\/\/luchonoticias.com\/editor\/#\/schema\/person\/7a7fd911f58561fd056dbac7b55af9cd"},"potentialAction":[{"@type":"SearchAction","target":{"@type":"EntryPoint","urlTemplate":"https:\/\/luchonoticias.com\/editor\/?s={search_term_string}"},"query-input":{"@type":"PropertyValueSpecification","valueRequired":true,"valueName":"search_term_string"}}],"inLanguage":"es"},{"@type":["Person","Organization"],"@id":"https:\/\/luchonoticias.com\/editor\/#\/schema\/person\/7a7fd911f58561fd056dbac7b55af9cd","name":"admin","image":{"@type":"ImageObject","inLanguage":"es","@id":"https:\/\/luchonoticias.com\/editor\/#\/schema\/person\/image\/","url":"https:\/\/luchonoticias.com\/editor\/wp-content\/uploads\/2024\/02\/cropped-cropped-logolu.webp","contentUrl":"https:\/\/luchonoticias.com\/editor\/wp-content\/uploads\/2024\/02\/cropped-cropped-logolu.webp","width":382,"height":170,"caption":"admin"},"logo":{"@id":"https:\/\/luchonoticias.com\/editor\/#\/schema\/person\/image\/"},"sameAs":["https:\/\/www.facebook.com\/luchonoticiasneiva"],"url":"https:\/\/luchonoticias.com\/editor\/author\/admin\/"}]}},"_links":{"self":[{"href":"https:\/\/luchonoticias.com\/editor\/wp-json\/wp\/v2\/posts\/40549","targetHints":{"allow":["GET"]}}],"collection":[{"href":"https:\/\/luchonoticias.com\/editor\/wp-json\/wp\/v2\/posts"}],"about":[{"href":"https:\/\/luchonoticias.com\/editor\/wp-json\/wp\/v2\/types\/post"}],"author":[{"embeddable":true,"href":"https:\/\/luchonoticias.com\/editor\/wp-json\/wp\/v2\/users\/1"}],"replies":[{"embeddable":true,"href":"https:\/\/luchonoticias.com\/editor\/wp-json\/wp\/v2\/comments?post=40549"}],"version-history":[{"count":0,"href":"https:\/\/luchonoticias.com\/editor\/wp-json\/wp\/v2\/posts\/40549\/revisions"}],"wp:attachment":[{"href":"https:\/\/luchonoticias.com\/editor\/wp-json\/wp\/v2\/media?parent=40549"}],"wp:term":[{"taxonomy":"category","embeddable":true,"href":"https:\/\/luchonoticias.com\/editor\/wp-json\/wp\/v2\/categories?post=40549"},{"taxonomy":"post_tag","embeddable":true,"href":"https:\/\/luchonoticias.com\/editor\/wp-json\/wp\/v2\/tags?post=40549"}],"curies":[{"name":"wp","href":"https:\/\/api.w.org\/{rel}","templated":true}]}}