{"id":40556,"date":"2022-11-28T06:53:05","date_gmt":"2022-11-28T11:53:05","guid":{"rendered":"https:\/\/luchonoticias.com\/?p=40556"},"modified":"2022-11-28T06:53:06","modified_gmt":"2022-11-28T11:53:06","slug":"gran-ofensiva-contra-la-delincuencia-el-ultimo-fin-de-semana-en-el-huila","status":"publish","type":"post","link":"https:\/\/luchonoticias.com\/editor\/gran-ofensiva-contra-la-delincuencia-el-ultimo-fin-de-semana-en-el-huila\/","title":{"rendered":"Gran ofensiva contra la delincuencia el \u00faltimo fin de semana en el Huila"},"content":{"rendered":"\n<p>El Departamento de Polic\u00eda Huila, entreg\u00f3 hace pocas horas el balance operativo que lograron el \u00faltimo fin de semana.<\/p>\n\n\n\n<p>\u201cSe logr\u00f3 la captura de 13 personas, comprometidos en distintos delitos, la incautaci\u00f3n de 1 armas de fuego, 3 traum\u00e1ticas y 40 corto punzantes. Igualmente, la recuperaci\u00f3n de 5 celulares y 5 motocicletas que figuraban hurtadas\u201d, revelaron las autoridades en un informe oficial.<\/p>\n\n\n\n<figure class=\"wp-block-gallery has-nested-images columns-default is-cropped wp-block-gallery-1 is-layout-flex wp-block-gallery-is-layout-flex\">\n<figure class=\"wp-block-image size-large\"><img decoding=\"async\" data-id=\"40558\" src=\"https:\/\/luchonoticias.com\/wp-content\/uploads\/2022\/11\/WhatsApp-Image-2022-11-27-at-8.01.27-PM.jpeg\" alt=\"\" class=\"wp-image-40558\"\/><\/figure>\n\n\n\n<figure class=\"wp-block-image size-large\"><img decoding=\"async\" data-id=\"40559\" src=\"https:\/\/luchonoticias.com\/wp-content\/uploads\/2022\/11\/WhatsApp-Image-2022-11-27-at-8.01.24-PM-1-1024x768.jpeg\" alt=\"\" class=\"wp-image-40559\"\/><\/figure>\n<\/figure>\n\n\n\n<p><strong>Lucha contra el microtr\u00e1fico<\/strong><\/p>\n\n\n\n<p>Igualmente, las autoridades dieron a conocer que en la lucha frontal contra el microtr\u00e1fico, se logr\u00f3 la incautaci\u00f3n de m\u00e1s de 27 mil gramos de estupefacientes en casos diferentes de capturas e incautaci\u00f3n de sustancias.<\/p>\n\n\n\n<p>\u201cSe resalta que, en planes de control realizados en sector del Cable, jurisdicci\u00f3n del municipio de Pitalito, Polic\u00edas de tr\u00e1nsito y ejercito lograron la inmovilizaci\u00f3n de un veh\u00edculo, la captura de tres personas y la incautaci\u00f3n de m\u00e1s de 20 mil gramos de marihuana\u201d, agregaron las fuentes oficiales.<\/p>\n\n\n\n<figure class=\"wp-block-gallery has-nested-images columns-default is-cropped wp-block-gallery-2 is-layout-flex wp-block-gallery-is-layout-flex\">\n<figure class=\"wp-block-image size-large\"><img decoding=\"async\" data-id=\"40560\" src=\"https:\/\/luchonoticias.com\/wp-content\/uploads\/2022\/11\/WhatsApp-Image-2022-11-27-at-8.01.24-PM-771x1024.jpeg\" alt=\"\" class=\"wp-image-40560\"\/><\/figure>\n\n\n\n<figure class=\"wp-block-image size-large\"><img decoding=\"async\" data-id=\"40562\" src=\"https:\/\/luchonoticias.com\/wp-content\/uploads\/2022\/11\/WhatsApp-Image-2022-11-27-at-8.01.23-PM-1-771x1024.jpeg\" alt=\"\" class=\"wp-image-40562\"\/><\/figure>\n\n\n\n<figure class=\"wp-block-image size-large\"><img decoding=\"async\" data-id=\"40561\" src=\"https:\/\/luchonoticias.com\/wp-content\/uploads\/2022\/11\/WhatsApp-Image-2022-11-27-at-8.01.23-PM-770x1024.jpeg\" alt=\"\" class=\"wp-image-40561\"\/><\/figure>\n<\/figure>\n\n\n\n<p><strong>Aplicaci\u00f3n del C\u00f3digo de Convivencia<\/strong><\/p>\n\n\n\n<p>Del mismo modo, el Departamento de Polic\u00eda Huila dio a conocer que, en cuanto a la aplicaci\u00f3n del C\u00f3digo de Convivencia y Seguridad Ciudadana, fueron impuestos 63 \u00f3rdenes de comparendos por comportamientos contrarios a la convivencia.<\/p>\n\n\n\n<p>\u201cTeniendo como faltas m\u00e1s recurrentes, aquellas que ponen en riesgo la vida e integridad, 40 portar armas, elementos cortantes, punzantes o semejantes, 9 portar o consumir sustancias prohibidas en espacios p\u00fablicos, 10 consumir, portar, distribuir sustancias psicoactivas, cabe resaltar que los municipios con mayor \u00edndice de infracciones son Pitalito y Acevedo con 9 y, 6 de Garz\u00f3n\u201d, agregaron.<\/p>\n\n\n\n<figure class=\"wp-block-gallery has-nested-images columns-default is-cropped wp-block-gallery-3 is-layout-flex wp-block-gallery-is-layout-flex\">\n<figure class=\"wp-block-image size-large\"><img decoding=\"async\" data-id=\"40563\" src=\"https:\/\/luchonoticias.com\/wp-content\/uploads\/2022\/11\/WhatsApp-Image-2022-11-27-at-8.01.25-PM-2-1024x768.jpeg\" alt=\"\" class=\"wp-image-40563\"\/><\/figure>\n\n\n\n<figure class=\"wp-block-image size-large\"><img decoding=\"async\" data-id=\"40565\" src=\"https:\/\/luchonoticias.com\/wp-content\/uploads\/2022\/11\/WhatsApp-Image-2022-11-27-at-8.01.25-PM-1-1024x768.jpeg\" alt=\"\" class=\"wp-image-40565\"\/><\/figure>\n\n\n\n<figure class=\"wp-block-image size-large\"><img decoding=\"async\" data-id=\"40564\" src=\"https:\/\/luchonoticias.com\/wp-content\/uploads\/2022\/11\/WhatsApp-Image-2022-11-27-at-8.01.25-PM-1024x768.jpeg\" alt=\"\" class=\"wp-image-40564\"\/><\/figure>\n<\/figure>\n\n\n\n<p><strong>Movilidad<\/strong><\/p>\n\n\n\n<p>Finalmente, en el informe oficial entregado por las autoridades huilenses, dieron a conocer que en temas de movilidad m\u00e1s de 56 mil veh\u00edculos se movilizaron por las v\u00edas del Departamento.<\/p>\n\n\n\n<p>\u201cDe igual forma en la jurisdicci\u00f3n de Polic\u00eda Huila, en las distintas \u00e1reas de control para prevenir la siniestralidad vial, se impusieron un total de 42 \u00f3rdenes de comparendo, de estos, 13 por manejar sin licencia de conducci\u00f3n. Hacemos un llamado a los ciudadanos a hacer parte de la red de participaci\u00f3n c\u00edvica de los municipios, igualmente a que informen y denuncien a las personas que infringen las leyes y crean zozobra en la comunidad\u201d, concluyeron.<\/p>\n","protected":false},"excerpt":{"rendered":"<p>El Departamento de Polic\u00eda Huila, entreg\u00f3 hace pocas horas el balance operativo que lograron el \u00faltimo fin de semana. \u201cSe logr\u00f3 la captura de 13 personas, comprometidos en distintos delitos, la incautaci\u00f3n de 1 armas de fuego, 3 traum\u00e1ticas y 40 corto punzantes. Igualmente, la recuperaci\u00f3n de 5 celulares y 5 motocicletas que figuraban hurtadas\u201d, [&hellip;]<\/p>\n","protected":false},"author":1,"featured_media":0,"comment_status":"open","ping_status":"open","sticky":false,"template":"","format":"standard","meta":{"footnotes":""},"categories":[36,29],"tags":[],"class_list":["post-40556","post","type-post","status-publish","format-standard","hentry","category-destacado","category-judicial"],"yoast_head":"<!-- This site is optimized with the Yoast SEO plugin v26.6 - https:\/\/yoast.com\/wordpress\/plugins\/seo\/ -->\n<title>Gran ofensiva contra la delincuencia el \u00faltimo fin de semana en el Huila -<\/title>\n<meta name=\"robots\" content=\"index, follow, max-snippet:-1, max-image-preview:large, max-video-preview:-1\" \/>\n<link rel=\"canonical\" href=\"https:\/\/luchonoticias.com\/editor\/gran-ofensiva-contra-la-delincuencia-el-ultimo-fin-de-semana-en-el-huila\/\" \/>\n<meta property=\"og:locale\" content=\"es_ES\" \/>\n<meta property=\"og:type\" content=\"article\" \/>\n<meta property=\"og:title\" content=\"Gran ofensiva contra la delincuencia el \u00faltimo fin de semana en el Huila -\" \/>\n<meta property=\"og:url\" content=\"https:\/\/luchonoticias.com\/editor\/gran-ofensiva-contra-la-delincuencia-el-ultimo-fin-de-semana-en-el-huila\/\" \/>\n<meta property=\"article:publisher\" content=\"https:\/\/www.facebook.com\/luchonoticiasneiva\" \/>\n<meta property=\"article:author\" content=\"https:\/\/www.facebook.com\/luchonoticiasneiva\" \/>\n<meta property=\"article:published_time\" content=\"2022-11-28T11:53:05+00:00\" \/>\n<meta property=\"article:modified_time\" content=\"2022-11-28T11:53:06+00:00\" \/>\n<meta property=\"og:image\" content=\"https:\/\/luchonoticias.com\/wp-content\/uploads\/2022\/11\/WhatsApp-Image-2022-11-27-at-8.01.27-PM.jpeg\" \/>\n<meta name=\"author\" content=\"admin\" \/>\n<meta name=\"twitter:card\" content=\"summary_large_image\" \/>\n<meta name=\"twitter:label1\" content=\"Escrito por\" \/>\n\t<meta name=\"twitter:data1\" content=\"admin\" \/>\n\t<meta name=\"twitter:label2\" content=\"Tiempo de lectura\" \/>\n\t<meta name=\"twitter:data2\" content=\"2 minutos\" \/>\n<script type=\"application\/ld+json\" class=\"yoast-schema-graph\">{\"@context\":\"https:\/\/schema.org\",\"@graph\":[{\"@type\":\"Article\",\"@id\":\"https:\/\/luchonoticias.com\/editor\/gran-ofensiva-contra-la-delincuencia-el-ultimo-fin-de-semana-en-el-huila\/#article\",\"isPartOf\":{\"@id\":\"https:\/\/luchonoticias.com\/editor\/gran-ofensiva-contra-la-delincuencia-el-ultimo-fin-de-semana-en-el-huila\/\"},\"author\":{\"name\":\"admin\",\"@id\":\"https:\/\/luchonoticias.com\/editor\/#\/schema\/person\/7a7fd911f58561fd056dbac7b55af9cd\"},\"headline\":\"Gran ofensiva contra la delincuencia el \u00faltimo fin de semana en el Huila\",\"datePublished\":\"2022-11-28T11:53:05+00:00\",\"dateModified\":\"2022-11-28T11:53:06+00:00\",\"mainEntityOfPage\":{\"@id\":\"https:\/\/luchonoticias.com\/editor\/gran-ofensiva-contra-la-delincuencia-el-ultimo-fin-de-semana-en-el-huila\/\"},\"wordCount\":383,\"commentCount\":0,\"publisher\":{\"@id\":\"https:\/\/luchonoticias.com\/editor\/#\/schema\/person\/7a7fd911f58561fd056dbac7b55af9cd\"},\"image\":{\"@id\":\"https:\/\/luchonoticias.com\/editor\/gran-ofensiva-contra-la-delincuencia-el-ultimo-fin-de-semana-en-el-huila\/#primaryimage\"},\"thumbnailUrl\":\"https:\/\/luchonoticias.com\/wp-content\/uploads\/2022\/11\/WhatsApp-Image-2022-11-27-at-8.01.27-PM.jpeg\",\"articleSection\":[\"Destacado\",\"Judicial\"],\"inLanguage\":\"es\",\"potentialAction\":[{\"@type\":\"CommentAction\",\"name\":\"Comment\",\"target\":[\"https:\/\/luchonoticias.com\/editor\/gran-ofensiva-contra-la-delincuencia-el-ultimo-fin-de-semana-en-el-huila\/#respond\"]}]},{\"@type\":\"WebPage\",\"@id\":\"https:\/\/luchonoticias.com\/editor\/gran-ofensiva-contra-la-delincuencia-el-ultimo-fin-de-semana-en-el-huila\/\",\"url\":\"https:\/\/luchonoticias.com\/editor\/gran-ofensiva-contra-la-delincuencia-el-ultimo-fin-de-semana-en-el-huila\/\",\"name\":\"Gran ofensiva contra la delincuencia el \u00faltimo fin de semana en el Huila -\",\"isPartOf\":{\"@id\":\"https:\/\/luchonoticias.com\/editor\/#website\"},\"primaryImageOfPage\":{\"@id\":\"https:\/\/luchonoticias.com\/editor\/gran-ofensiva-contra-la-delincuencia-el-ultimo-fin-de-semana-en-el-huila\/#primaryimage\"},\"image\":{\"@id\":\"https:\/\/luchonoticias.com\/editor\/gran-ofensiva-contra-la-delincuencia-el-ultimo-fin-de-semana-en-el-huila\/#primaryimage\"},\"thumbnailUrl\":\"https:\/\/luchonoticias.com\/wp-content\/uploads\/2022\/11\/WhatsApp-Image-2022-11-27-at-8.01.27-PM.jpeg\",\"datePublished\":\"2022-11-28T11:53:05+00:00\",\"dateModified\":\"2022-11-28T11:53:06+00:00\",\"breadcrumb\":{\"@id\":\"https:\/\/luchonoticias.com\/editor\/gran-ofensiva-contra-la-delincuencia-el-ultimo-fin-de-semana-en-el-huila\/#breadcrumb\"},\"inLanguage\":\"es\",\"potentialAction\":[{\"@type\":\"ReadAction\",\"target\":[\"https:\/\/luchonoticias.com\/editor\/gran-ofensiva-contra-la-delincuencia-el-ultimo-fin-de-semana-en-el-huila\/\"]}]},{\"@type\":\"ImageObject\",\"inLanguage\":\"es\",\"@id\":\"https:\/\/luchonoticias.com\/editor\/gran-ofensiva-contra-la-delincuencia-el-ultimo-fin-de-semana-en-el-huila\/#primaryimage\",\"url\":\"https:\/\/luchonoticias.com\/wp-content\/uploads\/2022\/11\/WhatsApp-Image-2022-11-27-at-8.01.27-PM.jpeg\",\"contentUrl\":\"https:\/\/luchonoticias.com\/wp-content\/uploads\/2022\/11\/WhatsApp-Image-2022-11-27-at-8.01.27-PM.jpeg\"},{\"@type\":\"BreadcrumbList\",\"@id\":\"https:\/\/luchonoticias.com\/editor\/gran-ofensiva-contra-la-delincuencia-el-ultimo-fin-de-semana-en-el-huila\/#breadcrumb\",\"itemListElement\":[{\"@type\":\"ListItem\",\"position\":1,\"name\":\"Portada\",\"item\":\"https:\/\/luchonoticias.com\/editor\/\"},{\"@type\":\"ListItem\",\"position\":2,\"name\":\"Gran ofensiva contra la delincuencia el \u00faltimo fin de semana en el Huila\"}]},{\"@type\":\"WebSite\",\"@id\":\"https:\/\/luchonoticias.com\/editor\/#website\",\"url\":\"https:\/\/luchonoticias.com\/editor\/\",\"name\":\"\",\"description\":\"\",\"publisher\":{\"@id\":\"https:\/\/luchonoticias.com\/editor\/#\/schema\/person\/7a7fd911f58561fd056dbac7b55af9cd\"},\"potentialAction\":[{\"@type\":\"SearchAction\",\"target\":{\"@type\":\"EntryPoint\",\"urlTemplate\":\"https:\/\/luchonoticias.com\/editor\/?s={search_term_string}\"},\"query-input\":{\"@type\":\"PropertyValueSpecification\",\"valueRequired\":true,\"valueName\":\"search_term_string\"}}],\"inLanguage\":\"es\"},{\"@type\":[\"Person\",\"Organization\"],\"@id\":\"https:\/\/luchonoticias.com\/editor\/#\/schema\/person\/7a7fd911f58561fd056dbac7b55af9cd\",\"name\":\"admin\",\"image\":{\"@type\":\"ImageObject\",\"inLanguage\":\"es\",\"@id\":\"https:\/\/luchonoticias.com\/editor\/#\/schema\/person\/image\/\",\"url\":\"https:\/\/luchonoticias.com\/editor\/wp-content\/uploads\/2024\/02\/cropped-cropped-logolu.webp\",\"contentUrl\":\"https:\/\/luchonoticias.com\/editor\/wp-content\/uploads\/2024\/02\/cropped-cropped-logolu.webp\",\"width\":382,\"height\":170,\"caption\":\"admin\"},\"logo\":{\"@id\":\"https:\/\/luchonoticias.com\/editor\/#\/schema\/person\/image\/\"},\"sameAs\":[\"https:\/\/www.facebook.com\/luchonoticiasneiva\"],\"url\":\"https:\/\/luchonoticias.com\/editor\/author\/admin\/\"}]}<\/script>\n<!-- \/ Yoast SEO plugin. -->","yoast_head_json":{"title":"Gran ofensiva contra la delincuencia el \u00faltimo fin de semana en el Huila -","robots":{"index":"index","follow":"follow","max-snippet":"max-snippet:-1","max-image-preview":"max-image-preview:large","max-video-preview":"max-video-preview:-1"},"canonical":"https:\/\/luchonoticias.com\/editor\/gran-ofensiva-contra-la-delincuencia-el-ultimo-fin-de-semana-en-el-huila\/","og_locale":"es_ES","og_type":"article","og_title":"Gran ofensiva contra la delincuencia el \u00faltimo fin de semana en el Huila -","og_url":"https:\/\/luchonoticias.com\/editor\/gran-ofensiva-contra-la-delincuencia-el-ultimo-fin-de-semana-en-el-huila\/","article_publisher":"https:\/\/www.facebook.com\/luchonoticiasneiva","article_author":"https:\/\/www.facebook.com\/luchonoticiasneiva","article_published_time":"2022-11-28T11:53:05+00:00","article_modified_time":"2022-11-28T11:53:06+00:00","og_image":[{"url":"https:\/\/luchonoticias.com\/wp-content\/uploads\/2022\/11\/WhatsApp-Image-2022-11-27-at-8.01.27-PM.jpeg","type":"","width":"","height":""}],"author":"admin","twitter_card":"summary_large_image","twitter_misc":{"Escrito por":"admin","Tiempo de lectura":"2 minutos"},"schema":{"@context":"https:\/\/schema.org","@graph":[{"@type":"Article","@id":"https:\/\/luchonoticias.com\/editor\/gran-ofensiva-contra-la-delincuencia-el-ultimo-fin-de-semana-en-el-huila\/#article","isPartOf":{"@id":"https:\/\/luchonoticias.com\/editor\/gran-ofensiva-contra-la-delincuencia-el-ultimo-fin-de-semana-en-el-huila\/"},"author":{"name":"admin","@id":"https:\/\/luchonoticias.com\/editor\/#\/schema\/person\/7a7fd911f58561fd056dbac7b55af9cd"},"headline":"Gran ofensiva contra la delincuencia el \u00faltimo fin de semana en el Huila","datePublished":"2022-11-28T11:53:05+00:00","dateModified":"2022-11-28T11:53:06+00:00","mainEntityOfPage":{"@id":"https:\/\/luchonoticias.com\/editor\/gran-ofensiva-contra-la-delincuencia-el-ultimo-fin-de-semana-en-el-huila\/"},"wordCount":383,"commentCount":0,"publisher":{"@id":"https:\/\/luchonoticias.com\/editor\/#\/schema\/person\/7a7fd911f58561fd056dbac7b55af9cd"},"image":{"@id":"https:\/\/luchonoticias.com\/editor\/gran-ofensiva-contra-la-delincuencia-el-ultimo-fin-de-semana-en-el-huila\/#primaryimage"},"thumbnailUrl":"https:\/\/luchonoticias.com\/wp-content\/uploads\/2022\/11\/WhatsApp-Image-2022-11-27-at-8.01.27-PM.jpeg","articleSection":["Destacado","Judicial"],"inLanguage":"es","potentialAction":[{"@type":"CommentAction","name":"Comment","target":["https:\/\/luchonoticias.com\/editor\/gran-ofensiva-contra-la-delincuencia-el-ultimo-fin-de-semana-en-el-huila\/#respond"]}]},{"@type":"WebPage","@id":"https:\/\/luchonoticias.com\/editor\/gran-ofensiva-contra-la-delincuencia-el-ultimo-fin-de-semana-en-el-huila\/","url":"https:\/\/luchonoticias.com\/editor\/gran-ofensiva-contra-la-delincuencia-el-ultimo-fin-de-semana-en-el-huila\/","name":"Gran ofensiva contra la delincuencia el \u00faltimo fin de semana en el Huila -","isPartOf":{"@id":"https:\/\/luchonoticias.com\/editor\/#website"},"primaryImageOfPage":{"@id":"https:\/\/luchonoticias.com\/editor\/gran-ofensiva-contra-la-delincuencia-el-ultimo-fin-de-semana-en-el-huila\/#primaryimage"},"image":{"@id":"https:\/\/luchonoticias.com\/editor\/gran-ofensiva-contra-la-delincuencia-el-ultimo-fin-de-semana-en-el-huila\/#primaryimage"},"thumbnailUrl":"https:\/\/luchonoticias.com\/wp-content\/uploads\/2022\/11\/WhatsApp-Image-2022-11-27-at-8.01.27-PM.jpeg","datePublished":"2022-11-28T11:53:05+00:00","dateModified":"2022-11-28T11:53:06+00:00","breadcrumb":{"@id":"https:\/\/luchonoticias.com\/editor\/gran-ofensiva-contra-la-delincuencia-el-ultimo-fin-de-semana-en-el-huila\/#breadcrumb"},"inLanguage":"es","potentialAction":[{"@type":"ReadAction","target":["https:\/\/luchonoticias.com\/editor\/gran-ofensiva-contra-la-delincuencia-el-ultimo-fin-de-semana-en-el-huila\/"]}]},{"@type":"ImageObject","inLanguage":"es","@id":"https:\/\/luchonoticias.com\/editor\/gran-ofensiva-contra-la-delincuencia-el-ultimo-fin-de-semana-en-el-huila\/#primaryimage","url":"https:\/\/luchonoticias.com\/wp-content\/uploads\/2022\/11\/WhatsApp-Image-2022-11-27-at-8.01.27-PM.jpeg","contentUrl":"https:\/\/luchonoticias.com\/wp-content\/uploads\/2022\/11\/WhatsApp-Image-2022-11-27-at-8.01.27-PM.jpeg"},{"@type":"BreadcrumbList","@id":"https:\/\/luchonoticias.com\/editor\/gran-ofensiva-contra-la-delincuencia-el-ultimo-fin-de-semana-en-el-huila\/#breadcrumb","itemListElement":[{"@type":"ListItem","position":1,"name":"Portada","item":"https:\/\/luchonoticias.com\/editor\/"},{"@type":"ListItem","position":2,"name":"Gran ofensiva contra la delincuencia el \u00faltimo fin de semana en el Huila"}]},{"@type":"WebSite","@id":"https:\/\/luchonoticias.com\/editor\/#website","url":"https:\/\/luchonoticias.com\/editor\/","name":"","description":"","publisher":{"@id":"https:\/\/luchonoticias.com\/editor\/#\/schema\/person\/7a7fd911f58561fd056dbac7b55af9cd"},"potentialAction":[{"@type":"SearchAction","target":{"@type":"EntryPoint","urlTemplate":"https:\/\/luchonoticias.com\/editor\/?s={search_term_string}"},"query-input":{"@type":"PropertyValueSpecification","valueRequired":true,"valueName":"search_term_string"}}],"inLanguage":"es"},{"@type":["Person","Organization"],"@id":"https:\/\/luchonoticias.com\/editor\/#\/schema\/person\/7a7fd911f58561fd056dbac7b55af9cd","name":"admin","image":{"@type":"ImageObject","inLanguage":"es","@id":"https:\/\/luchonoticias.com\/editor\/#\/schema\/person\/image\/","url":"https:\/\/luchonoticias.com\/editor\/wp-content\/uploads\/2024\/02\/cropped-cropped-logolu.webp","contentUrl":"https:\/\/luchonoticias.com\/editor\/wp-content\/uploads\/2024\/02\/cropped-cropped-logolu.webp","width":382,"height":170,"caption":"admin"},"logo":{"@id":"https:\/\/luchonoticias.com\/editor\/#\/schema\/person\/image\/"},"sameAs":["https:\/\/www.facebook.com\/luchonoticiasneiva"],"url":"https:\/\/luchonoticias.com\/editor\/author\/admin\/"}]}},"_links":{"self":[{"href":"https:\/\/luchonoticias.com\/editor\/wp-json\/wp\/v2\/posts\/40556","targetHints":{"allow":["GET"]}}],"collection":[{"href":"https:\/\/luchonoticias.com\/editor\/wp-json\/wp\/v2\/posts"}],"about":[{"href":"https:\/\/luchonoticias.com\/editor\/wp-json\/wp\/v2\/types\/post"}],"author":[{"embeddable":true,"href":"https:\/\/luchonoticias.com\/editor\/wp-json\/wp\/v2\/users\/1"}],"replies":[{"embeddable":true,"href":"https:\/\/luchonoticias.com\/editor\/wp-json\/wp\/v2\/comments?post=40556"}],"version-history":[{"count":0,"href":"https:\/\/luchonoticias.com\/editor\/wp-json\/wp\/v2\/posts\/40556\/revisions"}],"wp:attachment":[{"href":"https:\/\/luchonoticias.com\/editor\/wp-json\/wp\/v2\/media?parent=40556"}],"wp:term":[{"taxonomy":"category","embeddable":true,"href":"https:\/\/luchonoticias.com\/editor\/wp-json\/wp\/v2\/categories?post=40556"},{"taxonomy":"post_tag","embeddable":true,"href":"https:\/\/luchonoticias.com\/editor\/wp-json\/wp\/v2\/tags?post=40556"}],"curies":[{"name":"wp","href":"https:\/\/api.w.org\/{rel}","templated":true}]}}