{"id":40567,"date":"2022-11-28T07:08:14","date_gmt":"2022-11-28T12:08:14","guid":{"rendered":"https:\/\/luchonoticias.com\/?p=40567"},"modified":"2022-11-28T07:08:15","modified_gmt":"2022-11-28T12:08:15","slug":"balance-de-seguridad-fin-de-semana-neiva","status":"publish","type":"post","link":"https:\/\/luchonoticias.com\/editor\/balance-de-seguridad-fin-de-semana-neiva\/","title":{"rendered":"Balance de seguridad fin de semana Neiva"},"content":{"rendered":"\n<p>La Polic\u00eda Metropolitana de Neiva revel\u00f3 en las \u00faltimas horas que lograron el ultimo fin de semana como resultado a los diferentes planes de control y prevenci\u00f3n, la captura de 7 personas y la aprehensi\u00f3n de un adolescente, as\u00ed:<\/p>\n\n\n\n<p>* 2 personas en flagrancia por el delito Hurto.<\/p>\n\n\n\n<p>* 1 persona en flagrancia por el delito de Tr\u00e1fico de Estupefacientes.<\/p>\n\n\n\n<p>* 1 persona en flagrancia por Porte Ilegal de Armas de Fuego.<\/p>\n\n\n\n<p>* 1 persona en flagrancia por el delito de receptaci\u00f3n.<\/p>\n\n\n\n<p>* 1 persona por orden judicial por el delito de Homicidio.<\/p>\n\n\n\n<p>* 1 persona por orden judicial por el delito de Lesiones Personales.<\/p>\n\n\n\n<p>* 1 aprehensi\u00f3n de un adolescente por el delito de Homicidio.<\/p>\n\n\n\n<figure class=\"wp-block-gallery has-nested-images columns-default is-cropped wp-block-gallery-1 is-layout-flex wp-block-gallery-is-layout-flex\">\n<figure class=\"wp-block-image size-large\"><img decoding=\"async\" data-id=\"40570\" src=\"https:\/\/luchonoticias.com\/wp-content\/uploads\/2022\/11\/WhatsApp-Image-2022-11-27-at-11.50.53-AM-1024x908.jpeg\" alt=\"\" class=\"wp-image-40570\"\/><\/figure>\n\n\n\n<figure class=\"wp-block-image size-large\"><img decoding=\"async\" data-id=\"40571\" src=\"https:\/\/luchonoticias.com\/wp-content\/uploads\/2022\/11\/WhatsApp-Image-2022-11-27-at-10.24.41-AM-1-1024x602.jpeg\" alt=\"\" class=\"wp-image-40571\"\/><\/figure>\n\n\n\n<figure class=\"wp-block-image size-large\"><img decoding=\"async\" data-id=\"40569\" src=\"https:\/\/luchonoticias.com\/wp-content\/uploads\/2022\/11\/WhatsApp-Image-2022-11-26-at-1.59.46-PM.jpeg\" alt=\"\" class=\"wp-image-40569\"\/><\/figure>\n<\/figure>\n\n\n\n<p><strong>Hechos relevantes<\/strong><\/p>\n\n\n\n<p>En lo indicado por las autoridades neivanas, se conoci\u00f3 que como hecho relevante esta la captura de una mujer de 18 a\u00f1os y la aprehensi\u00f3n de un adolescente de 16, presuntamente vinculados con el homicidio del hombre identificado como Jos\u00e9 Libardo Cantor de 62 a\u00f1os, empleado de la Contralor\u00eda, el d\u00eda 22 de septiembre de 2022 y la captura en el Barrio Tuquilla de la comuna 6, de un importante actor criminal de 27 a\u00f1os,<\/p>\n\n\n\n<p>\u201cQuien, en una efectiva reacci\u00f3n de la patrulla del cuadrante, se le incautan: un arma de fuego tipo rev\u00f3lver calibre 38 con 04 cartuchos en su interior, 100 dosis de bazuco y 8 dosis de base de coca\u201d, asever\u00f3 el Comando de Polic\u00eda Metropolitana de Neiva en un comunicado.<\/p>\n\n\n\n<p><strong>Atenci\u00f3n a la l\u00ednea 123<\/strong><\/p>\n\n\n\n<figure class=\"wp-block-gallery has-nested-images columns-default is-cropped wp-block-gallery-2 is-layout-flex wp-block-gallery-is-layout-flex\">\n<figure class=\"wp-block-image size-large\"><img decoding=\"async\" data-id=\"40572\" src=\"https:\/\/luchonoticias.com\/wp-content\/uploads\/2022\/11\/WhatsApp-Image-2022-11-28-at-12.10.15-AM-1-1024x768.jpeg\" alt=\"\" class=\"wp-image-40572\"\/><\/figure>\n\n\n\n<figure class=\"wp-block-image size-large\"><img decoding=\"async\" data-id=\"40573\" src=\"https:\/\/luchonoticias.com\/wp-content\/uploads\/2022\/11\/WhatsApp-Image-2022-11-28-at-12.09.26-AM-1-1024x768.jpeg\" alt=\"\" class=\"wp-image-40573\"\/><\/figure>\n<\/figure>\n\n\n\n<p><strong>Aplicaci\u00f3n del C\u00f3digo Nacional de Seguridad<\/strong><\/p>\n\n\n\n<p>Igualmente, las fuentes oficiales de la capital huilense, dieron a conocer que durante el fin de semana, a la l\u00ednea de emergencia 123 ingresaron un total de 1.327 llamadas, de las cuales se resaltan: 87 por alteraci\u00f3n a la tranquilidad, 41 por violencia intrafamiliar, 37 por ri\u00f1a y 24 por consumo de estupefacientes.<\/p>\n\n\n\n<p>Finalmente, las autoridades opitas dieron a conocer en lo que respecta a la aplicaci\u00f3n del C\u00f3digo Nacional de Seguridad y Convivencia Ciudadana, se registraron un total de 78 comparendos por comportamientos contrarios a la convivencia, as\u00ed:<\/p>\n\n\n\n<p>* 51 por porte de armas corto punzantes.<\/p>\n\n\n\n<p>* 11 por consumir, portar o distribuir sustancias psicoactivas.<\/p>\n\n\n\n<p>* 8 por propiciar o participar en ri\u00f1a.<\/p>\n\n\n\n<p>* 3 por irrespetar o desacatar la orden de polic\u00eda.<\/p>\n\n\n\n<p>* 2 por usar equipo terminal m\u00f3vil con reporte de hurto o extrav\u00edo.<\/p>\n\n\n\n<p>* 1 Tolerar o permitir que un animal ataque a una persona.<\/p>\n\n\n\n<p>* 2 suspensiones de la actividad al mismo n\u00famero de establecimientos, al no cumplir con la documentaci\u00f3n requerida para su funcionamiento, quebrantar los horarios autorizados y ejercer actividades diferentes a la registrada en c\u00e1mara de comercio.<\/p>\n","protected":false},"excerpt":{"rendered":"<p>La Polic\u00eda Metropolitana de Neiva revel\u00f3 en las \u00faltimas horas que lograron el ultimo fin de semana como resultado a los diferentes planes de control y prevenci\u00f3n, la captura de 7 personas y la aprehensi\u00f3n de un adolescente, as\u00ed: * 2 personas en flagrancia por el delito Hurto. * 1 persona en flagrancia por el [&hellip;]<\/p>\n","protected":false},"author":1,"featured_media":0,"comment_status":"open","ping_status":"open","sticky":false,"template":"","format":"standard","meta":{"footnotes":""},"categories":[36,29],"tags":[],"class_list":["post-40567","post","type-post","status-publish","format-standard","hentry","category-destacado","category-judicial"],"yoast_head":"<!-- This site is optimized with the Yoast SEO plugin v26.6 - https:\/\/yoast.com\/wordpress\/plugins\/seo\/ -->\n<title>Balance de seguridad fin de semana Neiva -<\/title>\n<meta name=\"robots\" content=\"index, follow, max-snippet:-1, max-image-preview:large, max-video-preview:-1\" \/>\n<link rel=\"canonical\" href=\"https:\/\/luchonoticias.com\/editor\/balance-de-seguridad-fin-de-semana-neiva\/\" \/>\n<meta property=\"og:locale\" content=\"es_ES\" \/>\n<meta property=\"og:type\" content=\"article\" \/>\n<meta property=\"og:title\" content=\"Balance de seguridad fin de semana Neiva -\" \/>\n<meta property=\"og:url\" content=\"https:\/\/luchonoticias.com\/editor\/balance-de-seguridad-fin-de-semana-neiva\/\" \/>\n<meta property=\"article:publisher\" content=\"https:\/\/www.facebook.com\/luchonoticiasneiva\" \/>\n<meta property=\"article:author\" content=\"https:\/\/www.facebook.com\/luchonoticiasneiva\" \/>\n<meta property=\"article:published_time\" content=\"2022-11-28T12:08:14+00:00\" \/>\n<meta property=\"article:modified_time\" content=\"2022-11-28T12:08:15+00:00\" \/>\n<meta property=\"og:image\" content=\"https:\/\/luchonoticias.com\/wp-content\/uploads\/2022\/11\/WhatsApp-Image-2022-11-27-at-11.50.53-AM-1024x908.jpeg\" \/>\n<meta name=\"author\" content=\"admin\" \/>\n<meta name=\"twitter:card\" content=\"summary_large_image\" \/>\n<meta name=\"twitter:label1\" content=\"Escrito por\" \/>\n\t<meta name=\"twitter:data1\" content=\"admin\" \/>\n\t<meta name=\"twitter:label2\" content=\"Tiempo de lectura\" \/>\n\t<meta name=\"twitter:data2\" content=\"2 minutos\" \/>\n<script type=\"application\/ld+json\" class=\"yoast-schema-graph\">{\"@context\":\"https:\/\/schema.org\",\"@graph\":[{\"@type\":\"Article\",\"@id\":\"https:\/\/luchonoticias.com\/editor\/balance-de-seguridad-fin-de-semana-neiva\/#article\",\"isPartOf\":{\"@id\":\"https:\/\/luchonoticias.com\/editor\/balance-de-seguridad-fin-de-semana-neiva\/\"},\"author\":{\"name\":\"admin\",\"@id\":\"https:\/\/luchonoticias.com\/editor\/#\/schema\/person\/7a7fd911f58561fd056dbac7b55af9cd\"},\"headline\":\"Balance de seguridad fin de semana Neiva\",\"datePublished\":\"2022-11-28T12:08:14+00:00\",\"dateModified\":\"2022-11-28T12:08:15+00:00\",\"mainEntityOfPage\":{\"@id\":\"https:\/\/luchonoticias.com\/editor\/balance-de-seguridad-fin-de-semana-neiva\/\"},\"wordCount\":428,\"commentCount\":0,\"publisher\":{\"@id\":\"https:\/\/luchonoticias.com\/editor\/#\/schema\/person\/7a7fd911f58561fd056dbac7b55af9cd\"},\"image\":{\"@id\":\"https:\/\/luchonoticias.com\/editor\/balance-de-seguridad-fin-de-semana-neiva\/#primaryimage\"},\"thumbnailUrl\":\"https:\/\/luchonoticias.com\/wp-content\/uploads\/2022\/11\/WhatsApp-Image-2022-11-27-at-11.50.53-AM-1024x908.jpeg\",\"articleSection\":[\"Destacado\",\"Judicial\"],\"inLanguage\":\"es\",\"potentialAction\":[{\"@type\":\"CommentAction\",\"name\":\"Comment\",\"target\":[\"https:\/\/luchonoticias.com\/editor\/balance-de-seguridad-fin-de-semana-neiva\/#respond\"]}]},{\"@type\":\"WebPage\",\"@id\":\"https:\/\/luchonoticias.com\/editor\/balance-de-seguridad-fin-de-semana-neiva\/\",\"url\":\"https:\/\/luchonoticias.com\/editor\/balance-de-seguridad-fin-de-semana-neiva\/\",\"name\":\"Balance de seguridad fin de semana Neiva -\",\"isPartOf\":{\"@id\":\"https:\/\/luchonoticias.com\/editor\/#website\"},\"primaryImageOfPage\":{\"@id\":\"https:\/\/luchonoticias.com\/editor\/balance-de-seguridad-fin-de-semana-neiva\/#primaryimage\"},\"image\":{\"@id\":\"https:\/\/luchonoticias.com\/editor\/balance-de-seguridad-fin-de-semana-neiva\/#primaryimage\"},\"thumbnailUrl\":\"https:\/\/luchonoticias.com\/wp-content\/uploads\/2022\/11\/WhatsApp-Image-2022-11-27-at-11.50.53-AM-1024x908.jpeg\",\"datePublished\":\"2022-11-28T12:08:14+00:00\",\"dateModified\":\"2022-11-28T12:08:15+00:00\",\"breadcrumb\":{\"@id\":\"https:\/\/luchonoticias.com\/editor\/balance-de-seguridad-fin-de-semana-neiva\/#breadcrumb\"},\"inLanguage\":\"es\",\"potentialAction\":[{\"@type\":\"ReadAction\",\"target\":[\"https:\/\/luchonoticias.com\/editor\/balance-de-seguridad-fin-de-semana-neiva\/\"]}]},{\"@type\":\"ImageObject\",\"inLanguage\":\"es\",\"@id\":\"https:\/\/luchonoticias.com\/editor\/balance-de-seguridad-fin-de-semana-neiva\/#primaryimage\",\"url\":\"https:\/\/luchonoticias.com\/wp-content\/uploads\/2022\/11\/WhatsApp-Image-2022-11-27-at-11.50.53-AM-1024x908.jpeg\",\"contentUrl\":\"https:\/\/luchonoticias.com\/wp-content\/uploads\/2022\/11\/WhatsApp-Image-2022-11-27-at-11.50.53-AM-1024x908.jpeg\"},{\"@type\":\"BreadcrumbList\",\"@id\":\"https:\/\/luchonoticias.com\/editor\/balance-de-seguridad-fin-de-semana-neiva\/#breadcrumb\",\"itemListElement\":[{\"@type\":\"ListItem\",\"position\":1,\"name\":\"Portada\",\"item\":\"https:\/\/luchonoticias.com\/editor\/\"},{\"@type\":\"ListItem\",\"position\":2,\"name\":\"Balance de seguridad fin de semana Neiva\"}]},{\"@type\":\"WebSite\",\"@id\":\"https:\/\/luchonoticias.com\/editor\/#website\",\"url\":\"https:\/\/luchonoticias.com\/editor\/\",\"name\":\"\",\"description\":\"\",\"publisher\":{\"@id\":\"https:\/\/luchonoticias.com\/editor\/#\/schema\/person\/7a7fd911f58561fd056dbac7b55af9cd\"},\"potentialAction\":[{\"@type\":\"SearchAction\",\"target\":{\"@type\":\"EntryPoint\",\"urlTemplate\":\"https:\/\/luchonoticias.com\/editor\/?s={search_term_string}\"},\"query-input\":{\"@type\":\"PropertyValueSpecification\",\"valueRequired\":true,\"valueName\":\"search_term_string\"}}],\"inLanguage\":\"es\"},{\"@type\":[\"Person\",\"Organization\"],\"@id\":\"https:\/\/luchonoticias.com\/editor\/#\/schema\/person\/7a7fd911f58561fd056dbac7b55af9cd\",\"name\":\"admin\",\"image\":{\"@type\":\"ImageObject\",\"inLanguage\":\"es\",\"@id\":\"https:\/\/luchonoticias.com\/editor\/#\/schema\/person\/image\/\",\"url\":\"https:\/\/luchonoticias.com\/editor\/wp-content\/uploads\/2024\/02\/cropped-cropped-logolu.webp\",\"contentUrl\":\"https:\/\/luchonoticias.com\/editor\/wp-content\/uploads\/2024\/02\/cropped-cropped-logolu.webp\",\"width\":382,\"height\":170,\"caption\":\"admin\"},\"logo\":{\"@id\":\"https:\/\/luchonoticias.com\/editor\/#\/schema\/person\/image\/\"},\"sameAs\":[\"https:\/\/www.facebook.com\/luchonoticiasneiva\"],\"url\":\"https:\/\/luchonoticias.com\/editor\/author\/admin\/\"}]}<\/script>\n<!-- \/ Yoast SEO plugin. -->","yoast_head_json":{"title":"Balance de seguridad fin de semana Neiva -","robots":{"index":"index","follow":"follow","max-snippet":"max-snippet:-1","max-image-preview":"max-image-preview:large","max-video-preview":"max-video-preview:-1"},"canonical":"https:\/\/luchonoticias.com\/editor\/balance-de-seguridad-fin-de-semana-neiva\/","og_locale":"es_ES","og_type":"article","og_title":"Balance de seguridad fin de semana Neiva -","og_url":"https:\/\/luchonoticias.com\/editor\/balance-de-seguridad-fin-de-semana-neiva\/","article_publisher":"https:\/\/www.facebook.com\/luchonoticiasneiva","article_author":"https:\/\/www.facebook.com\/luchonoticiasneiva","article_published_time":"2022-11-28T12:08:14+00:00","article_modified_time":"2022-11-28T12:08:15+00:00","og_image":[{"url":"https:\/\/luchonoticias.com\/wp-content\/uploads\/2022\/11\/WhatsApp-Image-2022-11-27-at-11.50.53-AM-1024x908.jpeg","type":"","width":"","height":""}],"author":"admin","twitter_card":"summary_large_image","twitter_misc":{"Escrito por":"admin","Tiempo de lectura":"2 minutos"},"schema":{"@context":"https:\/\/schema.org","@graph":[{"@type":"Article","@id":"https:\/\/luchonoticias.com\/editor\/balance-de-seguridad-fin-de-semana-neiva\/#article","isPartOf":{"@id":"https:\/\/luchonoticias.com\/editor\/balance-de-seguridad-fin-de-semana-neiva\/"},"author":{"name":"admin","@id":"https:\/\/luchonoticias.com\/editor\/#\/schema\/person\/7a7fd911f58561fd056dbac7b55af9cd"},"headline":"Balance de seguridad fin de semana Neiva","datePublished":"2022-11-28T12:08:14+00:00","dateModified":"2022-11-28T12:08:15+00:00","mainEntityOfPage":{"@id":"https:\/\/luchonoticias.com\/editor\/balance-de-seguridad-fin-de-semana-neiva\/"},"wordCount":428,"commentCount":0,"publisher":{"@id":"https:\/\/luchonoticias.com\/editor\/#\/schema\/person\/7a7fd911f58561fd056dbac7b55af9cd"},"image":{"@id":"https:\/\/luchonoticias.com\/editor\/balance-de-seguridad-fin-de-semana-neiva\/#primaryimage"},"thumbnailUrl":"https:\/\/luchonoticias.com\/wp-content\/uploads\/2022\/11\/WhatsApp-Image-2022-11-27-at-11.50.53-AM-1024x908.jpeg","articleSection":["Destacado","Judicial"],"inLanguage":"es","potentialAction":[{"@type":"CommentAction","name":"Comment","target":["https:\/\/luchonoticias.com\/editor\/balance-de-seguridad-fin-de-semana-neiva\/#respond"]}]},{"@type":"WebPage","@id":"https:\/\/luchonoticias.com\/editor\/balance-de-seguridad-fin-de-semana-neiva\/","url":"https:\/\/luchonoticias.com\/editor\/balance-de-seguridad-fin-de-semana-neiva\/","name":"Balance de seguridad fin de semana Neiva -","isPartOf":{"@id":"https:\/\/luchonoticias.com\/editor\/#website"},"primaryImageOfPage":{"@id":"https:\/\/luchonoticias.com\/editor\/balance-de-seguridad-fin-de-semana-neiva\/#primaryimage"},"image":{"@id":"https:\/\/luchonoticias.com\/editor\/balance-de-seguridad-fin-de-semana-neiva\/#primaryimage"},"thumbnailUrl":"https:\/\/luchonoticias.com\/wp-content\/uploads\/2022\/11\/WhatsApp-Image-2022-11-27-at-11.50.53-AM-1024x908.jpeg","datePublished":"2022-11-28T12:08:14+00:00","dateModified":"2022-11-28T12:08:15+00:00","breadcrumb":{"@id":"https:\/\/luchonoticias.com\/editor\/balance-de-seguridad-fin-de-semana-neiva\/#breadcrumb"},"inLanguage":"es","potentialAction":[{"@type":"ReadAction","target":["https:\/\/luchonoticias.com\/editor\/balance-de-seguridad-fin-de-semana-neiva\/"]}]},{"@type":"ImageObject","inLanguage":"es","@id":"https:\/\/luchonoticias.com\/editor\/balance-de-seguridad-fin-de-semana-neiva\/#primaryimage","url":"https:\/\/luchonoticias.com\/wp-content\/uploads\/2022\/11\/WhatsApp-Image-2022-11-27-at-11.50.53-AM-1024x908.jpeg","contentUrl":"https:\/\/luchonoticias.com\/wp-content\/uploads\/2022\/11\/WhatsApp-Image-2022-11-27-at-11.50.53-AM-1024x908.jpeg"},{"@type":"BreadcrumbList","@id":"https:\/\/luchonoticias.com\/editor\/balance-de-seguridad-fin-de-semana-neiva\/#breadcrumb","itemListElement":[{"@type":"ListItem","position":1,"name":"Portada","item":"https:\/\/luchonoticias.com\/editor\/"},{"@type":"ListItem","position":2,"name":"Balance de seguridad fin de semana Neiva"}]},{"@type":"WebSite","@id":"https:\/\/luchonoticias.com\/editor\/#website","url":"https:\/\/luchonoticias.com\/editor\/","name":"","description":"","publisher":{"@id":"https:\/\/luchonoticias.com\/editor\/#\/schema\/person\/7a7fd911f58561fd056dbac7b55af9cd"},"potentialAction":[{"@type":"SearchAction","target":{"@type":"EntryPoint","urlTemplate":"https:\/\/luchonoticias.com\/editor\/?s={search_term_string}"},"query-input":{"@type":"PropertyValueSpecification","valueRequired":true,"valueName":"search_term_string"}}],"inLanguage":"es"},{"@type":["Person","Organization"],"@id":"https:\/\/luchonoticias.com\/editor\/#\/schema\/person\/7a7fd911f58561fd056dbac7b55af9cd","name":"admin","image":{"@type":"ImageObject","inLanguage":"es","@id":"https:\/\/luchonoticias.com\/editor\/#\/schema\/person\/image\/","url":"https:\/\/luchonoticias.com\/editor\/wp-content\/uploads\/2024\/02\/cropped-cropped-logolu.webp","contentUrl":"https:\/\/luchonoticias.com\/editor\/wp-content\/uploads\/2024\/02\/cropped-cropped-logolu.webp","width":382,"height":170,"caption":"admin"},"logo":{"@id":"https:\/\/luchonoticias.com\/editor\/#\/schema\/person\/image\/"},"sameAs":["https:\/\/www.facebook.com\/luchonoticiasneiva"],"url":"https:\/\/luchonoticias.com\/editor\/author\/admin\/"}]}},"_links":{"self":[{"href":"https:\/\/luchonoticias.com\/editor\/wp-json\/wp\/v2\/posts\/40567","targetHints":{"allow":["GET"]}}],"collection":[{"href":"https:\/\/luchonoticias.com\/editor\/wp-json\/wp\/v2\/posts"}],"about":[{"href":"https:\/\/luchonoticias.com\/editor\/wp-json\/wp\/v2\/types\/post"}],"author":[{"embeddable":true,"href":"https:\/\/luchonoticias.com\/editor\/wp-json\/wp\/v2\/users\/1"}],"replies":[{"embeddable":true,"href":"https:\/\/luchonoticias.com\/editor\/wp-json\/wp\/v2\/comments?post=40567"}],"version-history":[{"count":0,"href":"https:\/\/luchonoticias.com\/editor\/wp-json\/wp\/v2\/posts\/40567\/revisions"}],"wp:attachment":[{"href":"https:\/\/luchonoticias.com\/editor\/wp-json\/wp\/v2\/media?parent=40567"}],"wp:term":[{"taxonomy":"category","embeddable":true,"href":"https:\/\/luchonoticias.com\/editor\/wp-json\/wp\/v2\/categories?post=40567"},{"taxonomy":"post_tag","embeddable":true,"href":"https:\/\/luchonoticias.com\/editor\/wp-json\/wp\/v2\/tags?post=40567"}],"curies":[{"name":"wp","href":"https:\/\/api.w.org\/{rel}","templated":true}]}}