{"id":40575,"date":"2022-11-28T07:12:05","date_gmt":"2022-11-28T12:12:05","guid":{"rendered":"https:\/\/luchonoticias.com\/?p=40575"},"modified":"2022-11-28T07:12:05","modified_gmt":"2022-11-28T12:12:05","slug":"carcel-para-profesor-que-habria-abusado-sexualmente-de-su-hijo-de-cuatro-anos","status":"publish","type":"post","link":"https:\/\/luchonoticias.com\/editor\/carcel-para-profesor-que-habria-abusado-sexualmente-de-su-hijo-de-cuatro-anos\/","title":{"rendered":"C\u00e1rcel para profesor que habr\u00eda abusado sexualmente de su hijo de cuatro a\u00f1os"},"content":{"rendered":"\n<p>Por petici\u00f3n de la Fiscal\u00eda General de la Naci\u00f3n, un juez de control de garant\u00edas impuso medida de aseguramiento privativa de la libertad en centro carcelario a dos hombres que habr\u00edan abusado sexualmente de un ni\u00f1o de cuatro a\u00f1os en Bello (Antioquia).<\/p>\n\n\n\n<p>\u201cLo m\u00e1s aberrante de este caso, es que uno de los procesados es el padre de la v\u00edctima. La investigaci\u00f3n permiti\u00f3 conocer que cuando sal\u00eda de trabajar como profesor universitario recog\u00eda al menor de edad y lo llevaba a la casa de un amigo donde lo somet\u00edan a distintos vej\u00e1menes y agresiones en contra de su integridad y formaci\u00f3n sexual\u201d, explic\u00f3 el Fiscal General de la Naci\u00f3n, Francisco Barbosa Delgado, cuando dio a conocer el caso.<\/p>\n\n\n\n<p>De acuerdo con la investigaci\u00f3n realizada por un fiscal del Centro de Atenci\u00f3n Integral a V\u00edctimas de Abuso Sexual (CAIVAS), los ataques ocurrieron entre junio de 2021 y julio del a\u00f1o en curso. Asimismo, se conoci\u00f3 que, en algunas oportunidades, el ni\u00f1o fue obligado a caminar con prendas y accesorios femeninos antes de ser abusado.<\/p>\n\n\n\n<p>El Instituto de Medicina Legal y Ciencia Forenses dictamin\u00f3 que, producto de las agresiones, el menor de edad contrajo una enfermedad de transmisi\u00f3n sexual.<\/p>\n\n\n\n<p>Por estos hechos, los dos hombres fueron imputados por los delitos de acceso carnal abusivo con menor de 14 a\u00f1os y actos sexuales abusivos con menor de 14 a\u00f1os, ambas condutas agravadas. Los procesados fueron capturados en diligencias realizadas por la Fiscal\u00eda y la Polic\u00eda Nacional.<\/p>\n","protected":false},"excerpt":{"rendered":"<p>Por petici\u00f3n de la Fiscal\u00eda General de la Naci\u00f3n, un juez de control de garant\u00edas impuso medida de aseguramiento privativa de la libertad en centro carcelario a dos hombres que habr\u00edan abusado sexualmente de un ni\u00f1o de cuatro a\u00f1os en Bello (Antioquia). \u201cLo m\u00e1s aberrante de este caso, es que uno de los procesados es [&hellip;]<\/p>\n","protected":false},"author":1,"featured_media":0,"comment_status":"open","ping_status":"open","sticky":false,"template":"","format":"standard","meta":{"footnotes":""},"categories":[36,29],"tags":[],"class_list":["post-40575","post","type-post","status-publish","format-standard","hentry","category-destacado","category-judicial"],"yoast_head":"<!-- This site is optimized with the Yoast SEO plugin v26.6 - https:\/\/yoast.com\/wordpress\/plugins\/seo\/ -->\n<title>C\u00e1rcel para profesor que habr\u00eda abusado sexualmente de su hijo de cuatro a\u00f1os -<\/title>\n<meta name=\"robots\" content=\"index, follow, max-snippet:-1, max-image-preview:large, max-video-preview:-1\" \/>\n<link rel=\"canonical\" href=\"https:\/\/luchonoticias.com\/editor\/carcel-para-profesor-que-habria-abusado-sexualmente-de-su-hijo-de-cuatro-anos\/\" \/>\n<meta property=\"og:locale\" content=\"es_ES\" \/>\n<meta property=\"og:type\" content=\"article\" \/>\n<meta property=\"og:title\" content=\"C\u00e1rcel para profesor que habr\u00eda abusado sexualmente de su hijo de cuatro a\u00f1os -\" \/>\n<meta property=\"og:url\" content=\"https:\/\/luchonoticias.com\/editor\/carcel-para-profesor-que-habria-abusado-sexualmente-de-su-hijo-de-cuatro-anos\/\" \/>\n<meta property=\"article:publisher\" content=\"https:\/\/www.facebook.com\/luchonoticiasneiva\" \/>\n<meta property=\"article:author\" content=\"https:\/\/www.facebook.com\/luchonoticiasneiva\" \/>\n<meta property=\"article:published_time\" content=\"2022-11-28T12:12:05+00:00\" \/>\n<meta name=\"author\" content=\"admin\" \/>\n<meta name=\"twitter:card\" content=\"summary_large_image\" \/>\n<meta name=\"twitter:label1\" content=\"Escrito por\" \/>\n\t<meta name=\"twitter:data1\" content=\"admin\" \/>\n\t<meta name=\"twitter:label2\" content=\"Tiempo de lectura\" \/>\n\t<meta name=\"twitter:data2\" content=\"1 minuto\" \/>\n<script type=\"application\/ld+json\" class=\"yoast-schema-graph\">{\"@context\":\"https:\/\/schema.org\",\"@graph\":[{\"@type\":\"Article\",\"@id\":\"https:\/\/luchonoticias.com\/editor\/carcel-para-profesor-que-habria-abusado-sexualmente-de-su-hijo-de-cuatro-anos\/#article\",\"isPartOf\":{\"@id\":\"https:\/\/luchonoticias.com\/editor\/carcel-para-profesor-que-habria-abusado-sexualmente-de-su-hijo-de-cuatro-anos\/\"},\"author\":{\"name\":\"admin\",\"@id\":\"https:\/\/luchonoticias.com\/editor\/#\/schema\/person\/7a7fd911f58561fd056dbac7b55af9cd\"},\"headline\":\"C\u00e1rcel para profesor que habr\u00eda abusado sexualmente de su hijo de cuatro a\u00f1os\",\"datePublished\":\"2022-11-28T12:12:05+00:00\",\"mainEntityOfPage\":{\"@id\":\"https:\/\/luchonoticias.com\/editor\/carcel-para-profesor-que-habria-abusado-sexualmente-de-su-hijo-de-cuatro-anos\/\"},\"wordCount\":282,\"commentCount\":0,\"publisher\":{\"@id\":\"https:\/\/luchonoticias.com\/editor\/#\/schema\/person\/7a7fd911f58561fd056dbac7b55af9cd\"},\"articleSection\":[\"Destacado\",\"Judicial\"],\"inLanguage\":\"es\",\"potentialAction\":[{\"@type\":\"CommentAction\",\"name\":\"Comment\",\"target\":[\"https:\/\/luchonoticias.com\/editor\/carcel-para-profesor-que-habria-abusado-sexualmente-de-su-hijo-de-cuatro-anos\/#respond\"]}]},{\"@type\":\"WebPage\",\"@id\":\"https:\/\/luchonoticias.com\/editor\/carcel-para-profesor-que-habria-abusado-sexualmente-de-su-hijo-de-cuatro-anos\/\",\"url\":\"https:\/\/luchonoticias.com\/editor\/carcel-para-profesor-que-habria-abusado-sexualmente-de-su-hijo-de-cuatro-anos\/\",\"name\":\"C\u00e1rcel para profesor que habr\u00eda abusado sexualmente de su hijo de cuatro a\u00f1os -\",\"isPartOf\":{\"@id\":\"https:\/\/luchonoticias.com\/editor\/#website\"},\"datePublished\":\"2022-11-28T12:12:05+00:00\",\"breadcrumb\":{\"@id\":\"https:\/\/luchonoticias.com\/editor\/carcel-para-profesor-que-habria-abusado-sexualmente-de-su-hijo-de-cuatro-anos\/#breadcrumb\"},\"inLanguage\":\"es\",\"potentialAction\":[{\"@type\":\"ReadAction\",\"target\":[\"https:\/\/luchonoticias.com\/editor\/carcel-para-profesor-que-habria-abusado-sexualmente-de-su-hijo-de-cuatro-anos\/\"]}]},{\"@type\":\"BreadcrumbList\",\"@id\":\"https:\/\/luchonoticias.com\/editor\/carcel-para-profesor-que-habria-abusado-sexualmente-de-su-hijo-de-cuatro-anos\/#breadcrumb\",\"itemListElement\":[{\"@type\":\"ListItem\",\"position\":1,\"name\":\"Portada\",\"item\":\"https:\/\/luchonoticias.com\/editor\/\"},{\"@type\":\"ListItem\",\"position\":2,\"name\":\"C\u00e1rcel para profesor que habr\u00eda abusado sexualmente de su hijo de cuatro a\u00f1os\"}]},{\"@type\":\"WebSite\",\"@id\":\"https:\/\/luchonoticias.com\/editor\/#website\",\"url\":\"https:\/\/luchonoticias.com\/editor\/\",\"name\":\"\",\"description\":\"\",\"publisher\":{\"@id\":\"https:\/\/luchonoticias.com\/editor\/#\/schema\/person\/7a7fd911f58561fd056dbac7b55af9cd\"},\"potentialAction\":[{\"@type\":\"SearchAction\",\"target\":{\"@type\":\"EntryPoint\",\"urlTemplate\":\"https:\/\/luchonoticias.com\/editor\/?s={search_term_string}\"},\"query-input\":{\"@type\":\"PropertyValueSpecification\",\"valueRequired\":true,\"valueName\":\"search_term_string\"}}],\"inLanguage\":\"es\"},{\"@type\":[\"Person\",\"Organization\"],\"@id\":\"https:\/\/luchonoticias.com\/editor\/#\/schema\/person\/7a7fd911f58561fd056dbac7b55af9cd\",\"name\":\"admin\",\"image\":{\"@type\":\"ImageObject\",\"inLanguage\":\"es\",\"@id\":\"https:\/\/luchonoticias.com\/editor\/#\/schema\/person\/image\/\",\"url\":\"https:\/\/luchonoticias.com\/editor\/wp-content\/uploads\/2024\/02\/cropped-cropped-logolu.webp\",\"contentUrl\":\"https:\/\/luchonoticias.com\/editor\/wp-content\/uploads\/2024\/02\/cropped-cropped-logolu.webp\",\"width\":382,\"height\":170,\"caption\":\"admin\"},\"logo\":{\"@id\":\"https:\/\/luchonoticias.com\/editor\/#\/schema\/person\/image\/\"},\"sameAs\":[\"https:\/\/www.facebook.com\/luchonoticiasneiva\"],\"url\":\"https:\/\/luchonoticias.com\/editor\/author\/admin\/\"}]}<\/script>\n<!-- \/ Yoast SEO plugin. -->","yoast_head_json":{"title":"C\u00e1rcel para profesor que habr\u00eda abusado sexualmente de su hijo de cuatro a\u00f1os -","robots":{"index":"index","follow":"follow","max-snippet":"max-snippet:-1","max-image-preview":"max-image-preview:large","max-video-preview":"max-video-preview:-1"},"canonical":"https:\/\/luchonoticias.com\/editor\/carcel-para-profesor-que-habria-abusado-sexualmente-de-su-hijo-de-cuatro-anos\/","og_locale":"es_ES","og_type":"article","og_title":"C\u00e1rcel para profesor que habr\u00eda abusado sexualmente de su hijo de cuatro a\u00f1os -","og_url":"https:\/\/luchonoticias.com\/editor\/carcel-para-profesor-que-habria-abusado-sexualmente-de-su-hijo-de-cuatro-anos\/","article_publisher":"https:\/\/www.facebook.com\/luchonoticiasneiva","article_author":"https:\/\/www.facebook.com\/luchonoticiasneiva","article_published_time":"2022-11-28T12:12:05+00:00","author":"admin","twitter_card":"summary_large_image","twitter_misc":{"Escrito por":"admin","Tiempo de lectura":"1 minuto"},"schema":{"@context":"https:\/\/schema.org","@graph":[{"@type":"Article","@id":"https:\/\/luchonoticias.com\/editor\/carcel-para-profesor-que-habria-abusado-sexualmente-de-su-hijo-de-cuatro-anos\/#article","isPartOf":{"@id":"https:\/\/luchonoticias.com\/editor\/carcel-para-profesor-que-habria-abusado-sexualmente-de-su-hijo-de-cuatro-anos\/"},"author":{"name":"admin","@id":"https:\/\/luchonoticias.com\/editor\/#\/schema\/person\/7a7fd911f58561fd056dbac7b55af9cd"},"headline":"C\u00e1rcel para profesor que habr\u00eda abusado sexualmente de su hijo de cuatro a\u00f1os","datePublished":"2022-11-28T12:12:05+00:00","mainEntityOfPage":{"@id":"https:\/\/luchonoticias.com\/editor\/carcel-para-profesor-que-habria-abusado-sexualmente-de-su-hijo-de-cuatro-anos\/"},"wordCount":282,"commentCount":0,"publisher":{"@id":"https:\/\/luchonoticias.com\/editor\/#\/schema\/person\/7a7fd911f58561fd056dbac7b55af9cd"},"articleSection":["Destacado","Judicial"],"inLanguage":"es","potentialAction":[{"@type":"CommentAction","name":"Comment","target":["https:\/\/luchonoticias.com\/editor\/carcel-para-profesor-que-habria-abusado-sexualmente-de-su-hijo-de-cuatro-anos\/#respond"]}]},{"@type":"WebPage","@id":"https:\/\/luchonoticias.com\/editor\/carcel-para-profesor-que-habria-abusado-sexualmente-de-su-hijo-de-cuatro-anos\/","url":"https:\/\/luchonoticias.com\/editor\/carcel-para-profesor-que-habria-abusado-sexualmente-de-su-hijo-de-cuatro-anos\/","name":"C\u00e1rcel para profesor que habr\u00eda abusado sexualmente de su hijo de cuatro a\u00f1os -","isPartOf":{"@id":"https:\/\/luchonoticias.com\/editor\/#website"},"datePublished":"2022-11-28T12:12:05+00:00","breadcrumb":{"@id":"https:\/\/luchonoticias.com\/editor\/carcel-para-profesor-que-habria-abusado-sexualmente-de-su-hijo-de-cuatro-anos\/#breadcrumb"},"inLanguage":"es","potentialAction":[{"@type":"ReadAction","target":["https:\/\/luchonoticias.com\/editor\/carcel-para-profesor-que-habria-abusado-sexualmente-de-su-hijo-de-cuatro-anos\/"]}]},{"@type":"BreadcrumbList","@id":"https:\/\/luchonoticias.com\/editor\/carcel-para-profesor-que-habria-abusado-sexualmente-de-su-hijo-de-cuatro-anos\/#breadcrumb","itemListElement":[{"@type":"ListItem","position":1,"name":"Portada","item":"https:\/\/luchonoticias.com\/editor\/"},{"@type":"ListItem","position":2,"name":"C\u00e1rcel para profesor que habr\u00eda abusado sexualmente de su hijo de cuatro a\u00f1os"}]},{"@type":"WebSite","@id":"https:\/\/luchonoticias.com\/editor\/#website","url":"https:\/\/luchonoticias.com\/editor\/","name":"","description":"","publisher":{"@id":"https:\/\/luchonoticias.com\/editor\/#\/schema\/person\/7a7fd911f58561fd056dbac7b55af9cd"},"potentialAction":[{"@type":"SearchAction","target":{"@type":"EntryPoint","urlTemplate":"https:\/\/luchonoticias.com\/editor\/?s={search_term_string}"},"query-input":{"@type":"PropertyValueSpecification","valueRequired":true,"valueName":"search_term_string"}}],"inLanguage":"es"},{"@type":["Person","Organization"],"@id":"https:\/\/luchonoticias.com\/editor\/#\/schema\/person\/7a7fd911f58561fd056dbac7b55af9cd","name":"admin","image":{"@type":"ImageObject","inLanguage":"es","@id":"https:\/\/luchonoticias.com\/editor\/#\/schema\/person\/image\/","url":"https:\/\/luchonoticias.com\/editor\/wp-content\/uploads\/2024\/02\/cropped-cropped-logolu.webp","contentUrl":"https:\/\/luchonoticias.com\/editor\/wp-content\/uploads\/2024\/02\/cropped-cropped-logolu.webp","width":382,"height":170,"caption":"admin"},"logo":{"@id":"https:\/\/luchonoticias.com\/editor\/#\/schema\/person\/image\/"},"sameAs":["https:\/\/www.facebook.com\/luchonoticiasneiva"],"url":"https:\/\/luchonoticias.com\/editor\/author\/admin\/"}]}},"_links":{"self":[{"href":"https:\/\/luchonoticias.com\/editor\/wp-json\/wp\/v2\/posts\/40575","targetHints":{"allow":["GET"]}}],"collection":[{"href":"https:\/\/luchonoticias.com\/editor\/wp-json\/wp\/v2\/posts"}],"about":[{"href":"https:\/\/luchonoticias.com\/editor\/wp-json\/wp\/v2\/types\/post"}],"author":[{"embeddable":true,"href":"https:\/\/luchonoticias.com\/editor\/wp-json\/wp\/v2\/users\/1"}],"replies":[{"embeddable":true,"href":"https:\/\/luchonoticias.com\/editor\/wp-json\/wp\/v2\/comments?post=40575"}],"version-history":[{"count":0,"href":"https:\/\/luchonoticias.com\/editor\/wp-json\/wp\/v2\/posts\/40575\/revisions"}],"wp:attachment":[{"href":"https:\/\/luchonoticias.com\/editor\/wp-json\/wp\/v2\/media?parent=40575"}],"wp:term":[{"taxonomy":"category","embeddable":true,"href":"https:\/\/luchonoticias.com\/editor\/wp-json\/wp\/v2\/categories?post=40575"},{"taxonomy":"post_tag","embeddable":true,"href":"https:\/\/luchonoticias.com\/editor\/wp-json\/wp\/v2\/tags?post=40575"}],"curies":[{"name":"wp","href":"https:\/\/api.w.org\/{rel}","templated":true}]}}