{"id":40583,"date":"2022-11-28T07:31:48","date_gmt":"2022-11-28T12:31:48","guid":{"rendered":"https:\/\/luchonoticias.com\/?p=40583"},"modified":"2022-11-28T07:31:49","modified_gmt":"2022-11-28T12:31:49","slug":"empresas-licenciadas-de-cannabis-se-capacitaran-de-la-mano-de-la-gobernacion-del-huila-y-el-sena","status":"publish","type":"post","link":"https:\/\/luchonoticias.com\/editor\/empresas-licenciadas-de-cannabis-se-capacitaran-de-la-mano-de-la-gobernacion-del-huila-y-el-sena\/","title":{"rendered":"Empresas licenciadas de Cannabis se capacitar\u00e1n de la mano de la Gobernaci\u00f3n del Huila y el SENA"},"content":{"rendered":"\n<p>Cerca de 28 empresarios que actualmente cuentan con licencias expedidas por el Gobierno Nacional para el cultivo&nbsp; de cannabis medicinal en el departamento, podr\u00e1n participar de una jornada de capacitaci\u00f3n liderada por la Gobernaci\u00f3n del Huila y el SENA, con la que se busca replicar las experiencias exitosas logradas en otras regiones del pa\u00eds en cuanto a este cultivo.<\/p>\n\n\n\n<p>Esta importante agenda de charlas y talleres, que estar\u00e1 a cargo de expertos de Antioquia y otras regiones del pa\u00eds, se desarrollar\u00e1 los d\u00edas 29 y 30 de noviembre, y 1 de diciembre, en las instalaciones de la C\u00e1mara de Comercio del Huila, y el Centro de Formaci\u00f3n La Angostura del SENA, en el municipio de Campoalegre.<\/p>\n\n\n\n<figure class=\"wp-block-image size-large\"><img decoding=\"async\" src=\"https:\/\/luchonoticias.com\/wp-content\/uploads\/2022\/11\/WhatsApp-Image-2022-11-27-at-9.16.52-PM-1024x768.jpeg\" alt=\"\" class=\"wp-image-40585\"\/><\/figure>\n\n\n\n<p><strong>Replicar Experiencias exitosas en el cultivo de cannabis medicinal en el Huila<\/strong><\/p>\n\n\n\n<p>De acuerdo al ingeniero ambiental, Rodrigo Rodr\u00edguez Bocanegra, funcionario de la Secretar\u00eda de Agricultura y Miner\u00eda del Huila y delegado para asuntos de cannabis medicinal, esta articulaci\u00f3n permitir\u00e1 a los empresarios del Huila y sus aliados, fortalecer sus conocimientos en el manejo de este cultivo.<\/p>\n\n\n\n<p>\u201cAntioquia ya cuenta con la formaci\u00f3n para cultivos de cannabis medicinal, lo que se busca con este ejercicio es replicar ese conocimiento en nuestro departamento para que los empresarios y sus empleados puedan enriquecer sus conocimientos\u201d, dijo.<\/p>\n\n\n\n<p>El funcionario igualmente indic\u00f3 que el Huila viene avanzando en el proceso de licenciamiento, un requisito ineludible que deben cumplir los empresarios antes de iniciar cualquier actividad en torno a esta prometedora industria, por eso se tiene proyectado el levantamiento de un inventario en la regi\u00f3n para conocer de primera mano estos avances.<\/p>\n\n\n\n<p>\u201cActualmente el Huila cuenta con 28 licenciatarios para cannabis medicinal, por lo que uno de los proyectos a futuro es realizar un inventario para conocer la realidad del\u00a0 sector en cuanto a hect\u00e1reas con las que el departamento cuenta para este cultivo.\u00a0 Como es bien sabido ya tenemos conformado un comit\u00e9 y estamos pr\u00f3ximos a reunirnos nuevamente para seguir trabajando en pro de esta actividad\u201d, a\u00f1adi\u00f3.<\/p>\n\n\n\n<figure class=\"wp-block-video\"><video controls src=\"https:\/\/luchonoticias.com\/wp-content\/uploads\/2022\/11\/WhatsApp-Video-2022-11-27-at-9.mov\"><\/video><\/figure>\n\n\n\n<p><strong>Una prometedora industria<\/strong><\/p>\n\n\n\n<p>Gracias a la nueva normatividad expedida por el Gobierno Nacional que ha flexibilizado en parte las reglas para el desarrollo de esta actividad, se han generado expectativas en visionarios, empresarios, e inversionistas, que ven en el cannabis medicinal una gran oportunidad de participar en un negocio que de acuerdo a las estimaciones de Euromonitor International (proveedor l\u00edder de inteligencia estrat\u00e9gica de industrias, pa\u00edses y consumidores a nivel mundial), para el a\u00f1o 2025 el mercado legal de este producto en el mundo puede llegar a mover 166.000 millones de d\u00f3lares.<\/p>\n\n\n\n<p>Estas acciones emprendidas a nivel internacional vienen rompiendo paulatinamente con la estigmatizaci\u00f3n en torno a la planta de cannabis, de la que hoy se extraen aceites de CBD, alimentos con CBD, cremas que contienen CBD, suplementos nutricionales con CBD, y otros productos farmac\u00e9uticos especializados que son utilizados en cuidados paliativos de pacientes, y manejo de algunos problemas neuronales.<\/p>\n","protected":false},"excerpt":{"rendered":"<p>Cerca de 28 empresarios que actualmente cuentan con licencias expedidas por el Gobierno Nacional para el cultivo&nbsp; de cannabis medicinal en el departamento, podr\u00e1n participar de una jornada de capacitaci\u00f3n liderada por la Gobernaci\u00f3n del Huila y el SENA, con la que se busca replicar las experiencias exitosas logradas en otras regiones del pa\u00eds en [&hellip;]<\/p>\n","protected":false},"author":1,"featured_media":0,"comment_status":"open","ping_status":"open","sticky":false,"template":"","format":"standard","meta":{"footnotes":""},"categories":[36,35],"tags":[],"class_list":["post-40583","post","type-post","status-publish","format-standard","hentry","category-destacado","category-regional"],"yoast_head":"<!-- This site is optimized with the Yoast SEO plugin v26.6 - https:\/\/yoast.com\/wordpress\/plugins\/seo\/ -->\n<title>Empresas licenciadas de Cannabis se capacitar\u00e1n de la mano de la Gobernaci\u00f3n del Huila y el SENA -<\/title>\n<meta name=\"robots\" content=\"index, follow, max-snippet:-1, max-image-preview:large, max-video-preview:-1\" \/>\n<link rel=\"canonical\" href=\"https:\/\/luchonoticias.com\/editor\/empresas-licenciadas-de-cannabis-se-capacitaran-de-la-mano-de-la-gobernacion-del-huila-y-el-sena\/\" \/>\n<meta property=\"og:locale\" content=\"es_ES\" \/>\n<meta property=\"og:type\" content=\"article\" \/>\n<meta property=\"og:title\" content=\"Empresas licenciadas de Cannabis se capacitar\u00e1n de la mano de la Gobernaci\u00f3n del Huila y el SENA -\" \/>\n<meta property=\"og:url\" content=\"https:\/\/luchonoticias.com\/editor\/empresas-licenciadas-de-cannabis-se-capacitaran-de-la-mano-de-la-gobernacion-del-huila-y-el-sena\/\" \/>\n<meta property=\"article:publisher\" content=\"https:\/\/www.facebook.com\/luchonoticiasneiva\" \/>\n<meta property=\"article:author\" content=\"https:\/\/www.facebook.com\/luchonoticiasneiva\" \/>\n<meta property=\"article:published_time\" content=\"2022-11-28T12:31:48+00:00\" \/>\n<meta property=\"article:modified_time\" content=\"2022-11-28T12:31:49+00:00\" \/>\n<meta property=\"og:image\" content=\"https:\/\/luchonoticias.com\/wp-content\/uploads\/2022\/11\/WhatsApp-Image-2022-11-27-at-9.16.52-PM-1024x768.jpeg\" \/>\n<meta name=\"author\" content=\"admin\" \/>\n<meta name=\"twitter:card\" content=\"summary_large_image\" \/>\n<meta name=\"twitter:label1\" content=\"Escrito por\" \/>\n\t<meta name=\"twitter:data1\" content=\"admin\" \/>\n\t<meta name=\"twitter:label2\" content=\"Tiempo de lectura\" \/>\n\t<meta name=\"twitter:data2\" content=\"2 minutos\" \/>\n<script type=\"application\/ld+json\" class=\"yoast-schema-graph\">{\"@context\":\"https:\/\/schema.org\",\"@graph\":[{\"@type\":\"Article\",\"@id\":\"https:\/\/luchonoticias.com\/editor\/empresas-licenciadas-de-cannabis-se-capacitaran-de-la-mano-de-la-gobernacion-del-huila-y-el-sena\/#article\",\"isPartOf\":{\"@id\":\"https:\/\/luchonoticias.com\/editor\/empresas-licenciadas-de-cannabis-se-capacitaran-de-la-mano-de-la-gobernacion-del-huila-y-el-sena\/\"},\"author\":{\"name\":\"admin\",\"@id\":\"https:\/\/luchonoticias.com\/editor\/#\/schema\/person\/7a7fd911f58561fd056dbac7b55af9cd\"},\"headline\":\"Empresas licenciadas de Cannabis se capacitar\u00e1n de la mano de la Gobernaci\u00f3n del Huila y el SENA\",\"datePublished\":\"2022-11-28T12:31:48+00:00\",\"dateModified\":\"2022-11-28T12:31:49+00:00\",\"mainEntityOfPage\":{\"@id\":\"https:\/\/luchonoticias.com\/editor\/empresas-licenciadas-de-cannabis-se-capacitaran-de-la-mano-de-la-gobernacion-del-huila-y-el-sena\/\"},\"wordCount\":516,\"commentCount\":0,\"publisher\":{\"@id\":\"https:\/\/luchonoticias.com\/editor\/#\/schema\/person\/7a7fd911f58561fd056dbac7b55af9cd\"},\"image\":{\"@id\":\"https:\/\/luchonoticias.com\/editor\/empresas-licenciadas-de-cannabis-se-capacitaran-de-la-mano-de-la-gobernacion-del-huila-y-el-sena\/#primaryimage\"},\"thumbnailUrl\":\"https:\/\/luchonoticias.com\/wp-content\/uploads\/2022\/11\/WhatsApp-Image-2022-11-27-at-9.16.52-PM-1024x768.jpeg\",\"articleSection\":[\"Destacado\",\"Regional\"],\"inLanguage\":\"es\",\"potentialAction\":[{\"@type\":\"CommentAction\",\"name\":\"Comment\",\"target\":[\"https:\/\/luchonoticias.com\/editor\/empresas-licenciadas-de-cannabis-se-capacitaran-de-la-mano-de-la-gobernacion-del-huila-y-el-sena\/#respond\"]}]},{\"@type\":\"WebPage\",\"@id\":\"https:\/\/luchonoticias.com\/editor\/empresas-licenciadas-de-cannabis-se-capacitaran-de-la-mano-de-la-gobernacion-del-huila-y-el-sena\/\",\"url\":\"https:\/\/luchonoticias.com\/editor\/empresas-licenciadas-de-cannabis-se-capacitaran-de-la-mano-de-la-gobernacion-del-huila-y-el-sena\/\",\"name\":\"Empresas licenciadas de Cannabis se capacitar\u00e1n de la mano de la Gobernaci\u00f3n del Huila y el SENA -\",\"isPartOf\":{\"@id\":\"https:\/\/luchonoticias.com\/editor\/#website\"},\"primaryImageOfPage\":{\"@id\":\"https:\/\/luchonoticias.com\/editor\/empresas-licenciadas-de-cannabis-se-capacitaran-de-la-mano-de-la-gobernacion-del-huila-y-el-sena\/#primaryimage\"},\"image\":{\"@id\":\"https:\/\/luchonoticias.com\/editor\/empresas-licenciadas-de-cannabis-se-capacitaran-de-la-mano-de-la-gobernacion-del-huila-y-el-sena\/#primaryimage\"},\"thumbnailUrl\":\"https:\/\/luchonoticias.com\/wp-content\/uploads\/2022\/11\/WhatsApp-Image-2022-11-27-at-9.16.52-PM-1024x768.jpeg\",\"datePublished\":\"2022-11-28T12:31:48+00:00\",\"dateModified\":\"2022-11-28T12:31:49+00:00\",\"breadcrumb\":{\"@id\":\"https:\/\/luchonoticias.com\/editor\/empresas-licenciadas-de-cannabis-se-capacitaran-de-la-mano-de-la-gobernacion-del-huila-y-el-sena\/#breadcrumb\"},\"inLanguage\":\"es\",\"potentialAction\":[{\"@type\":\"ReadAction\",\"target\":[\"https:\/\/luchonoticias.com\/editor\/empresas-licenciadas-de-cannabis-se-capacitaran-de-la-mano-de-la-gobernacion-del-huila-y-el-sena\/\"]}]},{\"@type\":\"ImageObject\",\"inLanguage\":\"es\",\"@id\":\"https:\/\/luchonoticias.com\/editor\/empresas-licenciadas-de-cannabis-se-capacitaran-de-la-mano-de-la-gobernacion-del-huila-y-el-sena\/#primaryimage\",\"url\":\"https:\/\/luchonoticias.com\/wp-content\/uploads\/2022\/11\/WhatsApp-Image-2022-11-27-at-9.16.52-PM-1024x768.jpeg\",\"contentUrl\":\"https:\/\/luchonoticias.com\/wp-content\/uploads\/2022\/11\/WhatsApp-Image-2022-11-27-at-9.16.52-PM-1024x768.jpeg\"},{\"@type\":\"BreadcrumbList\",\"@id\":\"https:\/\/luchonoticias.com\/editor\/empresas-licenciadas-de-cannabis-se-capacitaran-de-la-mano-de-la-gobernacion-del-huila-y-el-sena\/#breadcrumb\",\"itemListElement\":[{\"@type\":\"ListItem\",\"position\":1,\"name\":\"Portada\",\"item\":\"https:\/\/luchonoticias.com\/editor\/\"},{\"@type\":\"ListItem\",\"position\":2,\"name\":\"Empresas licenciadas de Cannabis se capacitar\u00e1n de la mano de la Gobernaci\u00f3n del Huila y el SENA\"}]},{\"@type\":\"WebSite\",\"@id\":\"https:\/\/luchonoticias.com\/editor\/#website\",\"url\":\"https:\/\/luchonoticias.com\/editor\/\",\"name\":\"\",\"description\":\"\",\"publisher\":{\"@id\":\"https:\/\/luchonoticias.com\/editor\/#\/schema\/person\/7a7fd911f58561fd056dbac7b55af9cd\"},\"potentialAction\":[{\"@type\":\"SearchAction\",\"target\":{\"@type\":\"EntryPoint\",\"urlTemplate\":\"https:\/\/luchonoticias.com\/editor\/?s={search_term_string}\"},\"query-input\":{\"@type\":\"PropertyValueSpecification\",\"valueRequired\":true,\"valueName\":\"search_term_string\"}}],\"inLanguage\":\"es\"},{\"@type\":[\"Person\",\"Organization\"],\"@id\":\"https:\/\/luchonoticias.com\/editor\/#\/schema\/person\/7a7fd911f58561fd056dbac7b55af9cd\",\"name\":\"admin\",\"image\":{\"@type\":\"ImageObject\",\"inLanguage\":\"es\",\"@id\":\"https:\/\/luchonoticias.com\/editor\/#\/schema\/person\/image\/\",\"url\":\"https:\/\/luchonoticias.com\/editor\/wp-content\/uploads\/2024\/02\/cropped-cropped-logolu.webp\",\"contentUrl\":\"https:\/\/luchonoticias.com\/editor\/wp-content\/uploads\/2024\/02\/cropped-cropped-logolu.webp\",\"width\":382,\"height\":170,\"caption\":\"admin\"},\"logo\":{\"@id\":\"https:\/\/luchonoticias.com\/editor\/#\/schema\/person\/image\/\"},\"sameAs\":[\"https:\/\/www.facebook.com\/luchonoticiasneiva\"],\"url\":\"https:\/\/luchonoticias.com\/editor\/author\/admin\/\"}]}<\/script>\n<!-- \/ Yoast SEO plugin. -->","yoast_head_json":{"title":"Empresas licenciadas de Cannabis se capacitar\u00e1n de la mano de la Gobernaci\u00f3n del Huila y el SENA -","robots":{"index":"index","follow":"follow","max-snippet":"max-snippet:-1","max-image-preview":"max-image-preview:large","max-video-preview":"max-video-preview:-1"},"canonical":"https:\/\/luchonoticias.com\/editor\/empresas-licenciadas-de-cannabis-se-capacitaran-de-la-mano-de-la-gobernacion-del-huila-y-el-sena\/","og_locale":"es_ES","og_type":"article","og_title":"Empresas licenciadas de Cannabis se capacitar\u00e1n de la mano de la Gobernaci\u00f3n del Huila y el SENA -","og_url":"https:\/\/luchonoticias.com\/editor\/empresas-licenciadas-de-cannabis-se-capacitaran-de-la-mano-de-la-gobernacion-del-huila-y-el-sena\/","article_publisher":"https:\/\/www.facebook.com\/luchonoticiasneiva","article_author":"https:\/\/www.facebook.com\/luchonoticiasneiva","article_published_time":"2022-11-28T12:31:48+00:00","article_modified_time":"2022-11-28T12:31:49+00:00","og_image":[{"url":"https:\/\/luchonoticias.com\/wp-content\/uploads\/2022\/11\/WhatsApp-Image-2022-11-27-at-9.16.52-PM-1024x768.jpeg","type":"","width":"","height":""}],"author":"admin","twitter_card":"summary_large_image","twitter_misc":{"Escrito por":"admin","Tiempo de lectura":"2 minutos"},"schema":{"@context":"https:\/\/schema.org","@graph":[{"@type":"Article","@id":"https:\/\/luchonoticias.com\/editor\/empresas-licenciadas-de-cannabis-se-capacitaran-de-la-mano-de-la-gobernacion-del-huila-y-el-sena\/#article","isPartOf":{"@id":"https:\/\/luchonoticias.com\/editor\/empresas-licenciadas-de-cannabis-se-capacitaran-de-la-mano-de-la-gobernacion-del-huila-y-el-sena\/"},"author":{"name":"admin","@id":"https:\/\/luchonoticias.com\/editor\/#\/schema\/person\/7a7fd911f58561fd056dbac7b55af9cd"},"headline":"Empresas licenciadas de Cannabis se capacitar\u00e1n de la mano de la Gobernaci\u00f3n del Huila y el SENA","datePublished":"2022-11-28T12:31:48+00:00","dateModified":"2022-11-28T12:31:49+00:00","mainEntityOfPage":{"@id":"https:\/\/luchonoticias.com\/editor\/empresas-licenciadas-de-cannabis-se-capacitaran-de-la-mano-de-la-gobernacion-del-huila-y-el-sena\/"},"wordCount":516,"commentCount":0,"publisher":{"@id":"https:\/\/luchonoticias.com\/editor\/#\/schema\/person\/7a7fd911f58561fd056dbac7b55af9cd"},"image":{"@id":"https:\/\/luchonoticias.com\/editor\/empresas-licenciadas-de-cannabis-se-capacitaran-de-la-mano-de-la-gobernacion-del-huila-y-el-sena\/#primaryimage"},"thumbnailUrl":"https:\/\/luchonoticias.com\/wp-content\/uploads\/2022\/11\/WhatsApp-Image-2022-11-27-at-9.16.52-PM-1024x768.jpeg","articleSection":["Destacado","Regional"],"inLanguage":"es","potentialAction":[{"@type":"CommentAction","name":"Comment","target":["https:\/\/luchonoticias.com\/editor\/empresas-licenciadas-de-cannabis-se-capacitaran-de-la-mano-de-la-gobernacion-del-huila-y-el-sena\/#respond"]}]},{"@type":"WebPage","@id":"https:\/\/luchonoticias.com\/editor\/empresas-licenciadas-de-cannabis-se-capacitaran-de-la-mano-de-la-gobernacion-del-huila-y-el-sena\/","url":"https:\/\/luchonoticias.com\/editor\/empresas-licenciadas-de-cannabis-se-capacitaran-de-la-mano-de-la-gobernacion-del-huila-y-el-sena\/","name":"Empresas licenciadas de Cannabis se capacitar\u00e1n de la mano de la Gobernaci\u00f3n del Huila y el SENA -","isPartOf":{"@id":"https:\/\/luchonoticias.com\/editor\/#website"},"primaryImageOfPage":{"@id":"https:\/\/luchonoticias.com\/editor\/empresas-licenciadas-de-cannabis-se-capacitaran-de-la-mano-de-la-gobernacion-del-huila-y-el-sena\/#primaryimage"},"image":{"@id":"https:\/\/luchonoticias.com\/editor\/empresas-licenciadas-de-cannabis-se-capacitaran-de-la-mano-de-la-gobernacion-del-huila-y-el-sena\/#primaryimage"},"thumbnailUrl":"https:\/\/luchonoticias.com\/wp-content\/uploads\/2022\/11\/WhatsApp-Image-2022-11-27-at-9.16.52-PM-1024x768.jpeg","datePublished":"2022-11-28T12:31:48+00:00","dateModified":"2022-11-28T12:31:49+00:00","breadcrumb":{"@id":"https:\/\/luchonoticias.com\/editor\/empresas-licenciadas-de-cannabis-se-capacitaran-de-la-mano-de-la-gobernacion-del-huila-y-el-sena\/#breadcrumb"},"inLanguage":"es","potentialAction":[{"@type":"ReadAction","target":["https:\/\/luchonoticias.com\/editor\/empresas-licenciadas-de-cannabis-se-capacitaran-de-la-mano-de-la-gobernacion-del-huila-y-el-sena\/"]}]},{"@type":"ImageObject","inLanguage":"es","@id":"https:\/\/luchonoticias.com\/editor\/empresas-licenciadas-de-cannabis-se-capacitaran-de-la-mano-de-la-gobernacion-del-huila-y-el-sena\/#primaryimage","url":"https:\/\/luchonoticias.com\/wp-content\/uploads\/2022\/11\/WhatsApp-Image-2022-11-27-at-9.16.52-PM-1024x768.jpeg","contentUrl":"https:\/\/luchonoticias.com\/wp-content\/uploads\/2022\/11\/WhatsApp-Image-2022-11-27-at-9.16.52-PM-1024x768.jpeg"},{"@type":"BreadcrumbList","@id":"https:\/\/luchonoticias.com\/editor\/empresas-licenciadas-de-cannabis-se-capacitaran-de-la-mano-de-la-gobernacion-del-huila-y-el-sena\/#breadcrumb","itemListElement":[{"@type":"ListItem","position":1,"name":"Portada","item":"https:\/\/luchonoticias.com\/editor\/"},{"@type":"ListItem","position":2,"name":"Empresas licenciadas de Cannabis se capacitar\u00e1n de la mano de la Gobernaci\u00f3n del Huila y el SENA"}]},{"@type":"WebSite","@id":"https:\/\/luchonoticias.com\/editor\/#website","url":"https:\/\/luchonoticias.com\/editor\/","name":"","description":"","publisher":{"@id":"https:\/\/luchonoticias.com\/editor\/#\/schema\/person\/7a7fd911f58561fd056dbac7b55af9cd"},"potentialAction":[{"@type":"SearchAction","target":{"@type":"EntryPoint","urlTemplate":"https:\/\/luchonoticias.com\/editor\/?s={search_term_string}"},"query-input":{"@type":"PropertyValueSpecification","valueRequired":true,"valueName":"search_term_string"}}],"inLanguage":"es"},{"@type":["Person","Organization"],"@id":"https:\/\/luchonoticias.com\/editor\/#\/schema\/person\/7a7fd911f58561fd056dbac7b55af9cd","name":"admin","image":{"@type":"ImageObject","inLanguage":"es","@id":"https:\/\/luchonoticias.com\/editor\/#\/schema\/person\/image\/","url":"https:\/\/luchonoticias.com\/editor\/wp-content\/uploads\/2024\/02\/cropped-cropped-logolu.webp","contentUrl":"https:\/\/luchonoticias.com\/editor\/wp-content\/uploads\/2024\/02\/cropped-cropped-logolu.webp","width":382,"height":170,"caption":"admin"},"logo":{"@id":"https:\/\/luchonoticias.com\/editor\/#\/schema\/person\/image\/"},"sameAs":["https:\/\/www.facebook.com\/luchonoticiasneiva"],"url":"https:\/\/luchonoticias.com\/editor\/author\/admin\/"}]}},"_links":{"self":[{"href":"https:\/\/luchonoticias.com\/editor\/wp-json\/wp\/v2\/posts\/40583","targetHints":{"allow":["GET"]}}],"collection":[{"href":"https:\/\/luchonoticias.com\/editor\/wp-json\/wp\/v2\/posts"}],"about":[{"href":"https:\/\/luchonoticias.com\/editor\/wp-json\/wp\/v2\/types\/post"}],"author":[{"embeddable":true,"href":"https:\/\/luchonoticias.com\/editor\/wp-json\/wp\/v2\/users\/1"}],"replies":[{"embeddable":true,"href":"https:\/\/luchonoticias.com\/editor\/wp-json\/wp\/v2\/comments?post=40583"}],"version-history":[{"count":0,"href":"https:\/\/luchonoticias.com\/editor\/wp-json\/wp\/v2\/posts\/40583\/revisions"}],"wp:attachment":[{"href":"https:\/\/luchonoticias.com\/editor\/wp-json\/wp\/v2\/media?parent=40583"}],"wp:term":[{"taxonomy":"category","embeddable":true,"href":"https:\/\/luchonoticias.com\/editor\/wp-json\/wp\/v2\/categories?post=40583"},{"taxonomy":"post_tag","embeddable":true,"href":"https:\/\/luchonoticias.com\/editor\/wp-json\/wp\/v2\/tags?post=40583"}],"curies":[{"name":"wp","href":"https:\/\/api.w.org\/{rel}","templated":true}]}}