{"id":40600,"date":"2022-11-28T07:45:27","date_gmt":"2022-11-28T12:45:27","guid":{"rendered":"https:\/\/luchonoticias.com\/?p=40600"},"modified":"2022-11-28T08:20:21","modified_gmt":"2022-11-28T13:20:21","slug":"muere-uniformado-de-la-policia-en-un-accidente-de-transito","status":"publish","type":"post","link":"https:\/\/luchonoticias.com\/editor\/muere-uniformado-de-la-policia-en-un-accidente-de-transito\/","title":{"rendered":"Muere uniformado de la Polic\u00eda en un accidente de transito"},"content":{"rendered":"\n<p>En las ultimas horas, fuentes oficiales confirmaron el fallecimiento el miembro de la Polic\u00eda Nacional Wilder Alexander Quevedo, quien desafortunadamente pereci\u00f3 en un accidente de tr\u00e1nsito el d\u00eda de su cumplea\u00f1os en la v\u00eda Neiva-Rivera.<\/p>\n\n\n\n<p>Seg\u00fan lo establecido por este medio de comunicaci\u00f3n, el uniformado que trabajaba en el aeropuerto de la capital huilense sali\u00f3 de turno a su casa para compartir con su familia, pero en el transcurso de la v\u00eda fue arrollado por un veh\u00edculo que al parecer era conducido por unos j\u00f3venes en estado de embriaguez.<\/p>\n\n\n\n<figure class=\"wp-block-image size-large\"><img decoding=\"async\" src=\"https:\/\/luchonoticias.com\/wp-content\/uploads\/2022\/11\/WhatsApp-Image-2022-11-28-at-8.07.15-AM-1-766x1024.jpeg\" alt=\"\" class=\"wp-image-40604\"\/><\/figure>\n\n\n\n<p>Finalmente se estableci\u00f3 que el cuerpo del uniformado quien era padre de un peque\u00f1o ni\u00f1o, fue levantado por miembros de Criminal\u00edstica de Tr\u00e1nsito y Carreteras de la Polic\u00eda del Huila, quienes ya iniciaron las investigaciones pertinentes.<\/p>\n","protected":false},"excerpt":{"rendered":"<p>En las ultimas horas, fuentes oficiales confirmaron el fallecimiento el miembro de la Polic\u00eda Nacional Wilder Alexander Quevedo, quien desafortunadamente pereci\u00f3 en un accidente de tr\u00e1nsito el d\u00eda de su cumplea\u00f1os en la v\u00eda Neiva-Rivera. Seg\u00fan lo establecido por este medio de comunicaci\u00f3n, el uniformado que trabajaba en el aeropuerto de la capital huilense sali\u00f3 [&hellip;]<\/p>\n","protected":false},"author":1,"featured_media":0,"comment_status":"open","ping_status":"open","sticky":false,"template":"","format":"standard","meta":{"footnotes":""},"categories":[36,29],"tags":[],"class_list":["post-40600","post","type-post","status-publish","format-standard","hentry","category-destacado","category-judicial"],"yoast_head":"<!-- This site is optimized with the Yoast SEO plugin v26.6 - https:\/\/yoast.com\/wordpress\/plugins\/seo\/ -->\n<title>Muere uniformado de la Polic\u00eda en un accidente de transito -<\/title>\n<meta name=\"robots\" content=\"index, follow, max-snippet:-1, max-image-preview:large, max-video-preview:-1\" \/>\n<link rel=\"canonical\" href=\"https:\/\/luchonoticias.com\/editor\/muere-uniformado-de-la-policia-en-un-accidente-de-transito\/\" \/>\n<meta property=\"og:locale\" content=\"es_ES\" \/>\n<meta property=\"og:type\" content=\"article\" \/>\n<meta property=\"og:title\" content=\"Muere uniformado de la Polic\u00eda en un accidente de transito -\" \/>\n<meta property=\"og:url\" content=\"https:\/\/luchonoticias.com\/editor\/muere-uniformado-de-la-policia-en-un-accidente-de-transito\/\" \/>\n<meta property=\"article:publisher\" content=\"https:\/\/www.facebook.com\/luchonoticiasneiva\" \/>\n<meta property=\"article:author\" content=\"https:\/\/www.facebook.com\/luchonoticiasneiva\" \/>\n<meta property=\"article:published_time\" content=\"2022-11-28T12:45:27+00:00\" \/>\n<meta property=\"article:modified_time\" content=\"2022-11-28T13:20:21+00:00\" \/>\n<meta property=\"og:image\" content=\"https:\/\/luchonoticias.com\/wp-content\/uploads\/2022\/11\/WhatsApp-Image-2022-11-28-at-8.07.15-AM-1-766x1024.jpeg\" \/>\n<meta name=\"author\" content=\"admin\" \/>\n<meta name=\"twitter:card\" content=\"summary_large_image\" \/>\n<meta name=\"twitter:label1\" content=\"Escrito por\" \/>\n\t<meta name=\"twitter:data1\" content=\"admin\" \/>\n\t<meta name=\"twitter:label2\" content=\"Tiempo de lectura\" \/>\n\t<meta name=\"twitter:data2\" content=\"1 minuto\" \/>\n<script type=\"application\/ld+json\" class=\"yoast-schema-graph\">{\"@context\":\"https:\/\/schema.org\",\"@graph\":[{\"@type\":\"Article\",\"@id\":\"https:\/\/luchonoticias.com\/editor\/muere-uniformado-de-la-policia-en-un-accidente-de-transito\/#article\",\"isPartOf\":{\"@id\":\"https:\/\/luchonoticias.com\/editor\/muere-uniformado-de-la-policia-en-un-accidente-de-transito\/\"},\"author\":{\"name\":\"admin\",\"@id\":\"https:\/\/luchonoticias.com\/editor\/#\/schema\/person\/7a7fd911f58561fd056dbac7b55af9cd\"},\"headline\":\"Muere uniformado de la Polic\u00eda en un accidente de transito\",\"datePublished\":\"2022-11-28T12:45:27+00:00\",\"dateModified\":\"2022-11-28T13:20:21+00:00\",\"mainEntityOfPage\":{\"@id\":\"https:\/\/luchonoticias.com\/editor\/muere-uniformado-de-la-policia-en-un-accidente-de-transito\/\"},\"wordCount\":151,\"commentCount\":0,\"publisher\":{\"@id\":\"https:\/\/luchonoticias.com\/editor\/#\/schema\/person\/7a7fd911f58561fd056dbac7b55af9cd\"},\"image\":{\"@id\":\"https:\/\/luchonoticias.com\/editor\/muere-uniformado-de-la-policia-en-un-accidente-de-transito\/#primaryimage\"},\"thumbnailUrl\":\"https:\/\/luchonoticias.com\/wp-content\/uploads\/2022\/11\/WhatsApp-Image-2022-11-28-at-8.07.15-AM-1-766x1024.jpeg\",\"articleSection\":[\"Destacado\",\"Judicial\"],\"inLanguage\":\"es\",\"potentialAction\":[{\"@type\":\"CommentAction\",\"name\":\"Comment\",\"target\":[\"https:\/\/luchonoticias.com\/editor\/muere-uniformado-de-la-policia-en-un-accidente-de-transito\/#respond\"]}]},{\"@type\":\"WebPage\",\"@id\":\"https:\/\/luchonoticias.com\/editor\/muere-uniformado-de-la-policia-en-un-accidente-de-transito\/\",\"url\":\"https:\/\/luchonoticias.com\/editor\/muere-uniformado-de-la-policia-en-un-accidente-de-transito\/\",\"name\":\"Muere uniformado de la Polic\u00eda en un accidente de transito -\",\"isPartOf\":{\"@id\":\"https:\/\/luchonoticias.com\/editor\/#website\"},\"primaryImageOfPage\":{\"@id\":\"https:\/\/luchonoticias.com\/editor\/muere-uniformado-de-la-policia-en-un-accidente-de-transito\/#primaryimage\"},\"image\":{\"@id\":\"https:\/\/luchonoticias.com\/editor\/muere-uniformado-de-la-policia-en-un-accidente-de-transito\/#primaryimage\"},\"thumbnailUrl\":\"https:\/\/luchonoticias.com\/wp-content\/uploads\/2022\/11\/WhatsApp-Image-2022-11-28-at-8.07.15-AM-1-766x1024.jpeg\",\"datePublished\":\"2022-11-28T12:45:27+00:00\",\"dateModified\":\"2022-11-28T13:20:21+00:00\",\"breadcrumb\":{\"@id\":\"https:\/\/luchonoticias.com\/editor\/muere-uniformado-de-la-policia-en-un-accidente-de-transito\/#breadcrumb\"},\"inLanguage\":\"es\",\"potentialAction\":[{\"@type\":\"ReadAction\",\"target\":[\"https:\/\/luchonoticias.com\/editor\/muere-uniformado-de-la-policia-en-un-accidente-de-transito\/\"]}]},{\"@type\":\"ImageObject\",\"inLanguage\":\"es\",\"@id\":\"https:\/\/luchonoticias.com\/editor\/muere-uniformado-de-la-policia-en-un-accidente-de-transito\/#primaryimage\",\"url\":\"https:\/\/luchonoticias.com\/wp-content\/uploads\/2022\/11\/WhatsApp-Image-2022-11-28-at-8.07.15-AM-1-766x1024.jpeg\",\"contentUrl\":\"https:\/\/luchonoticias.com\/wp-content\/uploads\/2022\/11\/WhatsApp-Image-2022-11-28-at-8.07.15-AM-1-766x1024.jpeg\"},{\"@type\":\"BreadcrumbList\",\"@id\":\"https:\/\/luchonoticias.com\/editor\/muere-uniformado-de-la-policia-en-un-accidente-de-transito\/#breadcrumb\",\"itemListElement\":[{\"@type\":\"ListItem\",\"position\":1,\"name\":\"Portada\",\"item\":\"https:\/\/luchonoticias.com\/editor\/\"},{\"@type\":\"ListItem\",\"position\":2,\"name\":\"Muere uniformado de la Polic\u00eda en un accidente de transito\"}]},{\"@type\":\"WebSite\",\"@id\":\"https:\/\/luchonoticias.com\/editor\/#website\",\"url\":\"https:\/\/luchonoticias.com\/editor\/\",\"name\":\"\",\"description\":\"\",\"publisher\":{\"@id\":\"https:\/\/luchonoticias.com\/editor\/#\/schema\/person\/7a7fd911f58561fd056dbac7b55af9cd\"},\"potentialAction\":[{\"@type\":\"SearchAction\",\"target\":{\"@type\":\"EntryPoint\",\"urlTemplate\":\"https:\/\/luchonoticias.com\/editor\/?s={search_term_string}\"},\"query-input\":{\"@type\":\"PropertyValueSpecification\",\"valueRequired\":true,\"valueName\":\"search_term_string\"}}],\"inLanguage\":\"es\"},{\"@type\":[\"Person\",\"Organization\"],\"@id\":\"https:\/\/luchonoticias.com\/editor\/#\/schema\/person\/7a7fd911f58561fd056dbac7b55af9cd\",\"name\":\"admin\",\"image\":{\"@type\":\"ImageObject\",\"inLanguage\":\"es\",\"@id\":\"https:\/\/luchonoticias.com\/editor\/#\/schema\/person\/image\/\",\"url\":\"https:\/\/luchonoticias.com\/editor\/wp-content\/uploads\/2024\/02\/cropped-cropped-logolu.webp\",\"contentUrl\":\"https:\/\/luchonoticias.com\/editor\/wp-content\/uploads\/2024\/02\/cropped-cropped-logolu.webp\",\"width\":382,\"height\":170,\"caption\":\"admin\"},\"logo\":{\"@id\":\"https:\/\/luchonoticias.com\/editor\/#\/schema\/person\/image\/\"},\"sameAs\":[\"https:\/\/www.facebook.com\/luchonoticiasneiva\"],\"url\":\"https:\/\/luchonoticias.com\/editor\/author\/admin\/\"}]}<\/script>\n<!-- \/ Yoast SEO plugin. -->","yoast_head_json":{"title":"Muere uniformado de la Polic\u00eda en un accidente de transito -","robots":{"index":"index","follow":"follow","max-snippet":"max-snippet:-1","max-image-preview":"max-image-preview:large","max-video-preview":"max-video-preview:-1"},"canonical":"https:\/\/luchonoticias.com\/editor\/muere-uniformado-de-la-policia-en-un-accidente-de-transito\/","og_locale":"es_ES","og_type":"article","og_title":"Muere uniformado de la Polic\u00eda en un accidente de transito -","og_url":"https:\/\/luchonoticias.com\/editor\/muere-uniformado-de-la-policia-en-un-accidente-de-transito\/","article_publisher":"https:\/\/www.facebook.com\/luchonoticiasneiva","article_author":"https:\/\/www.facebook.com\/luchonoticiasneiva","article_published_time":"2022-11-28T12:45:27+00:00","article_modified_time":"2022-11-28T13:20:21+00:00","og_image":[{"url":"https:\/\/luchonoticias.com\/wp-content\/uploads\/2022\/11\/WhatsApp-Image-2022-11-28-at-8.07.15-AM-1-766x1024.jpeg","type":"","width":"","height":""}],"author":"admin","twitter_card":"summary_large_image","twitter_misc":{"Escrito por":"admin","Tiempo de lectura":"1 minuto"},"schema":{"@context":"https:\/\/schema.org","@graph":[{"@type":"Article","@id":"https:\/\/luchonoticias.com\/editor\/muere-uniformado-de-la-policia-en-un-accidente-de-transito\/#article","isPartOf":{"@id":"https:\/\/luchonoticias.com\/editor\/muere-uniformado-de-la-policia-en-un-accidente-de-transito\/"},"author":{"name":"admin","@id":"https:\/\/luchonoticias.com\/editor\/#\/schema\/person\/7a7fd911f58561fd056dbac7b55af9cd"},"headline":"Muere uniformado de la Polic\u00eda en un accidente de transito","datePublished":"2022-11-28T12:45:27+00:00","dateModified":"2022-11-28T13:20:21+00:00","mainEntityOfPage":{"@id":"https:\/\/luchonoticias.com\/editor\/muere-uniformado-de-la-policia-en-un-accidente-de-transito\/"},"wordCount":151,"commentCount":0,"publisher":{"@id":"https:\/\/luchonoticias.com\/editor\/#\/schema\/person\/7a7fd911f58561fd056dbac7b55af9cd"},"image":{"@id":"https:\/\/luchonoticias.com\/editor\/muere-uniformado-de-la-policia-en-un-accidente-de-transito\/#primaryimage"},"thumbnailUrl":"https:\/\/luchonoticias.com\/wp-content\/uploads\/2022\/11\/WhatsApp-Image-2022-11-28-at-8.07.15-AM-1-766x1024.jpeg","articleSection":["Destacado","Judicial"],"inLanguage":"es","potentialAction":[{"@type":"CommentAction","name":"Comment","target":["https:\/\/luchonoticias.com\/editor\/muere-uniformado-de-la-policia-en-un-accidente-de-transito\/#respond"]}]},{"@type":"WebPage","@id":"https:\/\/luchonoticias.com\/editor\/muere-uniformado-de-la-policia-en-un-accidente-de-transito\/","url":"https:\/\/luchonoticias.com\/editor\/muere-uniformado-de-la-policia-en-un-accidente-de-transito\/","name":"Muere uniformado de la Polic\u00eda en un accidente de transito -","isPartOf":{"@id":"https:\/\/luchonoticias.com\/editor\/#website"},"primaryImageOfPage":{"@id":"https:\/\/luchonoticias.com\/editor\/muere-uniformado-de-la-policia-en-un-accidente-de-transito\/#primaryimage"},"image":{"@id":"https:\/\/luchonoticias.com\/editor\/muere-uniformado-de-la-policia-en-un-accidente-de-transito\/#primaryimage"},"thumbnailUrl":"https:\/\/luchonoticias.com\/wp-content\/uploads\/2022\/11\/WhatsApp-Image-2022-11-28-at-8.07.15-AM-1-766x1024.jpeg","datePublished":"2022-11-28T12:45:27+00:00","dateModified":"2022-11-28T13:20:21+00:00","breadcrumb":{"@id":"https:\/\/luchonoticias.com\/editor\/muere-uniformado-de-la-policia-en-un-accidente-de-transito\/#breadcrumb"},"inLanguage":"es","potentialAction":[{"@type":"ReadAction","target":["https:\/\/luchonoticias.com\/editor\/muere-uniformado-de-la-policia-en-un-accidente-de-transito\/"]}]},{"@type":"ImageObject","inLanguage":"es","@id":"https:\/\/luchonoticias.com\/editor\/muere-uniformado-de-la-policia-en-un-accidente-de-transito\/#primaryimage","url":"https:\/\/luchonoticias.com\/wp-content\/uploads\/2022\/11\/WhatsApp-Image-2022-11-28-at-8.07.15-AM-1-766x1024.jpeg","contentUrl":"https:\/\/luchonoticias.com\/wp-content\/uploads\/2022\/11\/WhatsApp-Image-2022-11-28-at-8.07.15-AM-1-766x1024.jpeg"},{"@type":"BreadcrumbList","@id":"https:\/\/luchonoticias.com\/editor\/muere-uniformado-de-la-policia-en-un-accidente-de-transito\/#breadcrumb","itemListElement":[{"@type":"ListItem","position":1,"name":"Portada","item":"https:\/\/luchonoticias.com\/editor\/"},{"@type":"ListItem","position":2,"name":"Muere uniformado de la Polic\u00eda en un accidente de transito"}]},{"@type":"WebSite","@id":"https:\/\/luchonoticias.com\/editor\/#website","url":"https:\/\/luchonoticias.com\/editor\/","name":"","description":"","publisher":{"@id":"https:\/\/luchonoticias.com\/editor\/#\/schema\/person\/7a7fd911f58561fd056dbac7b55af9cd"},"potentialAction":[{"@type":"SearchAction","target":{"@type":"EntryPoint","urlTemplate":"https:\/\/luchonoticias.com\/editor\/?s={search_term_string}"},"query-input":{"@type":"PropertyValueSpecification","valueRequired":true,"valueName":"search_term_string"}}],"inLanguage":"es"},{"@type":["Person","Organization"],"@id":"https:\/\/luchonoticias.com\/editor\/#\/schema\/person\/7a7fd911f58561fd056dbac7b55af9cd","name":"admin","image":{"@type":"ImageObject","inLanguage":"es","@id":"https:\/\/luchonoticias.com\/editor\/#\/schema\/person\/image\/","url":"https:\/\/luchonoticias.com\/editor\/wp-content\/uploads\/2024\/02\/cropped-cropped-logolu.webp","contentUrl":"https:\/\/luchonoticias.com\/editor\/wp-content\/uploads\/2024\/02\/cropped-cropped-logolu.webp","width":382,"height":170,"caption":"admin"},"logo":{"@id":"https:\/\/luchonoticias.com\/editor\/#\/schema\/person\/image\/"},"sameAs":["https:\/\/www.facebook.com\/luchonoticiasneiva"],"url":"https:\/\/luchonoticias.com\/editor\/author\/admin\/"}]}},"_links":{"self":[{"href":"https:\/\/luchonoticias.com\/editor\/wp-json\/wp\/v2\/posts\/40600","targetHints":{"allow":["GET"]}}],"collection":[{"href":"https:\/\/luchonoticias.com\/editor\/wp-json\/wp\/v2\/posts"}],"about":[{"href":"https:\/\/luchonoticias.com\/editor\/wp-json\/wp\/v2\/types\/post"}],"author":[{"embeddable":true,"href":"https:\/\/luchonoticias.com\/editor\/wp-json\/wp\/v2\/users\/1"}],"replies":[{"embeddable":true,"href":"https:\/\/luchonoticias.com\/editor\/wp-json\/wp\/v2\/comments?post=40600"}],"version-history":[{"count":0,"href":"https:\/\/luchonoticias.com\/editor\/wp-json\/wp\/v2\/posts\/40600\/revisions"}],"wp:attachment":[{"href":"https:\/\/luchonoticias.com\/editor\/wp-json\/wp\/v2\/media?parent=40600"}],"wp:term":[{"taxonomy":"category","embeddable":true,"href":"https:\/\/luchonoticias.com\/editor\/wp-json\/wp\/v2\/categories?post=40600"},{"taxonomy":"post_tag","embeddable":true,"href":"https:\/\/luchonoticias.com\/editor\/wp-json\/wp\/v2\/tags?post=40600"}],"curies":[{"name":"wp","href":"https:\/\/api.w.org\/{rel}","templated":true}]}}