{"id":40610,"date":"2022-11-28T13:00:42","date_gmt":"2022-11-28T18:00:42","guid":{"rendered":"https:\/\/luchonoticias.com\/?p=40610"},"modified":"2022-11-28T13:00:43","modified_gmt":"2022-11-28T18:00:43","slug":"brasil-gana-y-clasifica-en-catar-2022","status":"publish","type":"post","link":"https:\/\/luchonoticias.com\/editor\/brasil-gana-y-clasifica-en-catar-2022\/","title":{"rendered":"Brasil gana y clasifica en Catar 2022"},"content":{"rendered":"\n<p>Brasil se convirti\u00f3 en la segunda escuadra clasificada a los octavos de final del mundial de f\u00fatbol Catar 2022 luego de vencer 1:0 a Suiza en su segunda presentaci\u00f3n.<\/p>\n\n\n\n<p>En lo que fue el primer tiempo&nbsp;<strong>el cuadro brasile\u00f1o tuvo contra las cuerdas<\/strong>&nbsp;a una Suiza quien tuvo a Yann Sommer como su segundo, en especial en una clara acci\u00f3n de Vinicius.<\/p>\n\n\n\n<p>Para la segunda mitad&nbsp;<strong>se repiti\u00f3 el libreto<\/strong>, eso los cambios le permitieron el control del partido a Brasil que alcanz\u00f3 a marcar con Vinicius en un remate que fue invalidado por fuera de lugar; sobre el minuto 83&nbsp;<strong>Casemiro a pase de Rodrygo coloc\u00f3 el 1:0<\/strong>&nbsp;y de paso la clasificaci\u00f3n a los octavos de final.<\/p>\n\n\n\n<p><strong>Los brasile\u00f1os ahora&nbsp;<\/strong>buscar\u00e1n&nbsp;<strong>asegurarse de primeros&nbsp;<\/strong>mientras que Suiza junto a Camer\u00fan y Serbia, luchar\u00e1n en la \u00faltima fecha por el cupo restante.<\/p>\n","protected":false},"excerpt":{"rendered":"<p>Brasil se convirti\u00f3 en la segunda escuadra clasificada a los octavos de final del mundial de f\u00fatbol Catar 2022 luego de vencer 1:0 a Suiza en su segunda presentaci\u00f3n. En lo que fue el primer tiempo&nbsp;el cuadro brasile\u00f1o tuvo contra las cuerdas&nbsp;a una Suiza quien tuvo a Yann Sommer como su segundo, en especial en [&hellip;]<\/p>\n","protected":false},"author":1,"featured_media":0,"comment_status":"open","ping_status":"open","sticky":false,"template":"","format":"standard","meta":{"footnotes":""},"categories":[34],"tags":[],"class_list":["post-40610","post","type-post","status-publish","format-standard","hentry","category-deportes"],"yoast_head":"<!-- This site is optimized with the Yoast SEO plugin v26.6 - https:\/\/yoast.com\/wordpress\/plugins\/seo\/ -->\n<title>Brasil gana y clasifica en Catar 2022 -<\/title>\n<meta name=\"robots\" content=\"index, follow, max-snippet:-1, max-image-preview:large, max-video-preview:-1\" \/>\n<link rel=\"canonical\" href=\"https:\/\/luchonoticias.com\/editor\/brasil-gana-y-clasifica-en-catar-2022\/\" \/>\n<meta property=\"og:locale\" content=\"es_ES\" \/>\n<meta property=\"og:type\" content=\"article\" \/>\n<meta property=\"og:title\" content=\"Brasil gana y clasifica en Catar 2022 -\" \/>\n<meta property=\"og:url\" content=\"https:\/\/luchonoticias.com\/editor\/brasil-gana-y-clasifica-en-catar-2022\/\" \/>\n<meta property=\"article:publisher\" content=\"https:\/\/www.facebook.com\/luchonoticiasneiva\" \/>\n<meta property=\"article:author\" content=\"https:\/\/www.facebook.com\/luchonoticiasneiva\" \/>\n<meta property=\"article:published_time\" content=\"2022-11-28T18:00:42+00:00\" \/>\n<meta property=\"article:modified_time\" content=\"2022-11-28T18:00:43+00:00\" \/>\n<meta name=\"author\" content=\"admin\" \/>\n<meta name=\"twitter:card\" content=\"summary_large_image\" \/>\n<meta name=\"twitter:label1\" content=\"Escrito por\" \/>\n\t<meta name=\"twitter:data1\" content=\"admin\" \/>\n\t<meta name=\"twitter:label2\" content=\"Tiempo de lectura\" \/>\n\t<meta name=\"twitter:data2\" content=\"1 minuto\" \/>\n<script type=\"application\/ld+json\" class=\"yoast-schema-graph\">{\"@context\":\"https:\/\/schema.org\",\"@graph\":[{\"@type\":\"Article\",\"@id\":\"https:\/\/luchonoticias.com\/editor\/brasil-gana-y-clasifica-en-catar-2022\/#article\",\"isPartOf\":{\"@id\":\"https:\/\/luchonoticias.com\/editor\/brasil-gana-y-clasifica-en-catar-2022\/\"},\"author\":{\"name\":\"admin\",\"@id\":\"https:\/\/luchonoticias.com\/editor\/#\/schema\/person\/7a7fd911f58561fd056dbac7b55af9cd\"},\"headline\":\"Brasil gana y clasifica en Catar 2022\",\"datePublished\":\"2022-11-28T18:00:42+00:00\",\"dateModified\":\"2022-11-28T18:00:43+00:00\",\"mainEntityOfPage\":{\"@id\":\"https:\/\/luchonoticias.com\/editor\/brasil-gana-y-clasifica-en-catar-2022\/\"},\"wordCount\":162,\"commentCount\":0,\"publisher\":{\"@id\":\"https:\/\/luchonoticias.com\/editor\/#\/schema\/person\/7a7fd911f58561fd056dbac7b55af9cd\"},\"articleSection\":[\"Deportes\"],\"inLanguage\":\"es\",\"potentialAction\":[{\"@type\":\"CommentAction\",\"name\":\"Comment\",\"target\":[\"https:\/\/luchonoticias.com\/editor\/brasil-gana-y-clasifica-en-catar-2022\/#respond\"]}]},{\"@type\":\"WebPage\",\"@id\":\"https:\/\/luchonoticias.com\/editor\/brasil-gana-y-clasifica-en-catar-2022\/\",\"url\":\"https:\/\/luchonoticias.com\/editor\/brasil-gana-y-clasifica-en-catar-2022\/\",\"name\":\"Brasil gana y clasifica en Catar 2022 -\",\"isPartOf\":{\"@id\":\"https:\/\/luchonoticias.com\/editor\/#website\"},\"datePublished\":\"2022-11-28T18:00:42+00:00\",\"dateModified\":\"2022-11-28T18:00:43+00:00\",\"breadcrumb\":{\"@id\":\"https:\/\/luchonoticias.com\/editor\/brasil-gana-y-clasifica-en-catar-2022\/#breadcrumb\"},\"inLanguage\":\"es\",\"potentialAction\":[{\"@type\":\"ReadAction\",\"target\":[\"https:\/\/luchonoticias.com\/editor\/brasil-gana-y-clasifica-en-catar-2022\/\"]}]},{\"@type\":\"BreadcrumbList\",\"@id\":\"https:\/\/luchonoticias.com\/editor\/brasil-gana-y-clasifica-en-catar-2022\/#breadcrumb\",\"itemListElement\":[{\"@type\":\"ListItem\",\"position\":1,\"name\":\"Portada\",\"item\":\"https:\/\/luchonoticias.com\/editor\/\"},{\"@type\":\"ListItem\",\"position\":2,\"name\":\"Brasil gana y clasifica en Catar 2022\"}]},{\"@type\":\"WebSite\",\"@id\":\"https:\/\/luchonoticias.com\/editor\/#website\",\"url\":\"https:\/\/luchonoticias.com\/editor\/\",\"name\":\"\",\"description\":\"\",\"publisher\":{\"@id\":\"https:\/\/luchonoticias.com\/editor\/#\/schema\/person\/7a7fd911f58561fd056dbac7b55af9cd\"},\"potentialAction\":[{\"@type\":\"SearchAction\",\"target\":{\"@type\":\"EntryPoint\",\"urlTemplate\":\"https:\/\/luchonoticias.com\/editor\/?s={search_term_string}\"},\"query-input\":{\"@type\":\"PropertyValueSpecification\",\"valueRequired\":true,\"valueName\":\"search_term_string\"}}],\"inLanguage\":\"es\"},{\"@type\":[\"Person\",\"Organization\"],\"@id\":\"https:\/\/luchonoticias.com\/editor\/#\/schema\/person\/7a7fd911f58561fd056dbac7b55af9cd\",\"name\":\"admin\",\"image\":{\"@type\":\"ImageObject\",\"inLanguage\":\"es\",\"@id\":\"https:\/\/luchonoticias.com\/editor\/#\/schema\/person\/image\/\",\"url\":\"https:\/\/luchonoticias.com\/editor\/wp-content\/uploads\/2024\/02\/cropped-cropped-logolu.webp\",\"contentUrl\":\"https:\/\/luchonoticias.com\/editor\/wp-content\/uploads\/2024\/02\/cropped-cropped-logolu.webp\",\"width\":382,\"height\":170,\"caption\":\"admin\"},\"logo\":{\"@id\":\"https:\/\/luchonoticias.com\/editor\/#\/schema\/person\/image\/\"},\"sameAs\":[\"https:\/\/www.facebook.com\/luchonoticiasneiva\"],\"url\":\"https:\/\/luchonoticias.com\/editor\/author\/admin\/\"}]}<\/script>\n<!-- \/ Yoast SEO plugin. -->","yoast_head_json":{"title":"Brasil gana y clasifica en Catar 2022 -","robots":{"index":"index","follow":"follow","max-snippet":"max-snippet:-1","max-image-preview":"max-image-preview:large","max-video-preview":"max-video-preview:-1"},"canonical":"https:\/\/luchonoticias.com\/editor\/brasil-gana-y-clasifica-en-catar-2022\/","og_locale":"es_ES","og_type":"article","og_title":"Brasil gana y clasifica en Catar 2022 -","og_url":"https:\/\/luchonoticias.com\/editor\/brasil-gana-y-clasifica-en-catar-2022\/","article_publisher":"https:\/\/www.facebook.com\/luchonoticiasneiva","article_author":"https:\/\/www.facebook.com\/luchonoticiasneiva","article_published_time":"2022-11-28T18:00:42+00:00","article_modified_time":"2022-11-28T18:00:43+00:00","author":"admin","twitter_card":"summary_large_image","twitter_misc":{"Escrito por":"admin","Tiempo de lectura":"1 minuto"},"schema":{"@context":"https:\/\/schema.org","@graph":[{"@type":"Article","@id":"https:\/\/luchonoticias.com\/editor\/brasil-gana-y-clasifica-en-catar-2022\/#article","isPartOf":{"@id":"https:\/\/luchonoticias.com\/editor\/brasil-gana-y-clasifica-en-catar-2022\/"},"author":{"name":"admin","@id":"https:\/\/luchonoticias.com\/editor\/#\/schema\/person\/7a7fd911f58561fd056dbac7b55af9cd"},"headline":"Brasil gana y clasifica en Catar 2022","datePublished":"2022-11-28T18:00:42+00:00","dateModified":"2022-11-28T18:00:43+00:00","mainEntityOfPage":{"@id":"https:\/\/luchonoticias.com\/editor\/brasil-gana-y-clasifica-en-catar-2022\/"},"wordCount":162,"commentCount":0,"publisher":{"@id":"https:\/\/luchonoticias.com\/editor\/#\/schema\/person\/7a7fd911f58561fd056dbac7b55af9cd"},"articleSection":["Deportes"],"inLanguage":"es","potentialAction":[{"@type":"CommentAction","name":"Comment","target":["https:\/\/luchonoticias.com\/editor\/brasil-gana-y-clasifica-en-catar-2022\/#respond"]}]},{"@type":"WebPage","@id":"https:\/\/luchonoticias.com\/editor\/brasil-gana-y-clasifica-en-catar-2022\/","url":"https:\/\/luchonoticias.com\/editor\/brasil-gana-y-clasifica-en-catar-2022\/","name":"Brasil gana y clasifica en Catar 2022 -","isPartOf":{"@id":"https:\/\/luchonoticias.com\/editor\/#website"},"datePublished":"2022-11-28T18:00:42+00:00","dateModified":"2022-11-28T18:00:43+00:00","breadcrumb":{"@id":"https:\/\/luchonoticias.com\/editor\/brasil-gana-y-clasifica-en-catar-2022\/#breadcrumb"},"inLanguage":"es","potentialAction":[{"@type":"ReadAction","target":["https:\/\/luchonoticias.com\/editor\/brasil-gana-y-clasifica-en-catar-2022\/"]}]},{"@type":"BreadcrumbList","@id":"https:\/\/luchonoticias.com\/editor\/brasil-gana-y-clasifica-en-catar-2022\/#breadcrumb","itemListElement":[{"@type":"ListItem","position":1,"name":"Portada","item":"https:\/\/luchonoticias.com\/editor\/"},{"@type":"ListItem","position":2,"name":"Brasil gana y clasifica en Catar 2022"}]},{"@type":"WebSite","@id":"https:\/\/luchonoticias.com\/editor\/#website","url":"https:\/\/luchonoticias.com\/editor\/","name":"","description":"","publisher":{"@id":"https:\/\/luchonoticias.com\/editor\/#\/schema\/person\/7a7fd911f58561fd056dbac7b55af9cd"},"potentialAction":[{"@type":"SearchAction","target":{"@type":"EntryPoint","urlTemplate":"https:\/\/luchonoticias.com\/editor\/?s={search_term_string}"},"query-input":{"@type":"PropertyValueSpecification","valueRequired":true,"valueName":"search_term_string"}}],"inLanguage":"es"},{"@type":["Person","Organization"],"@id":"https:\/\/luchonoticias.com\/editor\/#\/schema\/person\/7a7fd911f58561fd056dbac7b55af9cd","name":"admin","image":{"@type":"ImageObject","inLanguage":"es","@id":"https:\/\/luchonoticias.com\/editor\/#\/schema\/person\/image\/","url":"https:\/\/luchonoticias.com\/editor\/wp-content\/uploads\/2024\/02\/cropped-cropped-logolu.webp","contentUrl":"https:\/\/luchonoticias.com\/editor\/wp-content\/uploads\/2024\/02\/cropped-cropped-logolu.webp","width":382,"height":170,"caption":"admin"},"logo":{"@id":"https:\/\/luchonoticias.com\/editor\/#\/schema\/person\/image\/"},"sameAs":["https:\/\/www.facebook.com\/luchonoticiasneiva"],"url":"https:\/\/luchonoticias.com\/editor\/author\/admin\/"}]}},"_links":{"self":[{"href":"https:\/\/luchonoticias.com\/editor\/wp-json\/wp\/v2\/posts\/40610","targetHints":{"allow":["GET"]}}],"collection":[{"href":"https:\/\/luchonoticias.com\/editor\/wp-json\/wp\/v2\/posts"}],"about":[{"href":"https:\/\/luchonoticias.com\/editor\/wp-json\/wp\/v2\/types\/post"}],"author":[{"embeddable":true,"href":"https:\/\/luchonoticias.com\/editor\/wp-json\/wp\/v2\/users\/1"}],"replies":[{"embeddable":true,"href":"https:\/\/luchonoticias.com\/editor\/wp-json\/wp\/v2\/comments?post=40610"}],"version-history":[{"count":0,"href":"https:\/\/luchonoticias.com\/editor\/wp-json\/wp\/v2\/posts\/40610\/revisions"}],"wp:attachment":[{"href":"https:\/\/luchonoticias.com\/editor\/wp-json\/wp\/v2\/media?parent=40610"}],"wp:term":[{"taxonomy":"category","embeddable":true,"href":"https:\/\/luchonoticias.com\/editor\/wp-json\/wp\/v2\/categories?post=40610"},{"taxonomy":"post_tag","embeddable":true,"href":"https:\/\/luchonoticias.com\/editor\/wp-json\/wp\/v2\/tags?post=40610"}],"curies":[{"name":"wp","href":"https:\/\/api.w.org\/{rel}","templated":true}]}}