{"id":40633,"date":"2022-11-28T14:15:55","date_gmt":"2022-11-28T19:15:55","guid":{"rendered":"https:\/\/luchonoticias.com\/?p=40633"},"modified":"2022-11-28T14:15:59","modified_gmt":"2022-11-28T19:15:59","slug":"capturado-sujeto-en-flagrancia-por-porte-ilegal-de-armas-de-fuego-y-trafico-de-estupefacientes","status":"publish","type":"post","link":"https:\/\/luchonoticias.com\/editor\/capturado-sujeto-en-flagrancia-por-porte-ilegal-de-armas-de-fuego-y-trafico-de-estupefacientes\/","title":{"rendered":"Capturado sujeto en flagrancia por porte ilegal de armas de fuego y tr\u00e1fico de estupefacientes."},"content":{"rendered":"\n<p>La Polic\u00eda Nacional en desarrollo del Plan Choque en las \u00faltimas horas logr\u00f3 la captura en flagrancia de un hombre de 27 a\u00f1os de edad, el cual al ser requerido por los uniformados le hallaron un arma de fuego y una gran cantidad de estupefacientes.<\/p>\n\n\n\n<p>\u201cEs as\u00ed como uniformados mediante planes de registro, control y solicitud de antecedentes en el Barrio Tuquila de la comuna 6, logran la captura en flagrancia de Osman Orlando Alarc\u00f3n Pineda \u00abPiqui\u00f1a\u00bb de 27 a\u00f1os de edad. Esta persona, residente en el barrio Las Palmas de la comuna 10, fue sorprendida cuando llevaba consigo un arma de fuego tipo rev\u00f3lver calibre 38 con 04 cartuchos para la misma, 100 dosis de bazuco y 08 dosis de base de coca\u201d, indicaron las autoridades en un comunicado.<\/p>\n\n\n\n<figure class=\"wp-block-gallery has-nested-images columns-default is-cropped wp-block-gallery-1 is-layout-flex wp-block-gallery-is-layout-flex\">\n<figure class=\"wp-block-image size-large\"><img decoding=\"async\" data-id=\"40636\" src=\"https:\/\/luchonoticias.com\/wp-content\/uploads\/2022\/11\/WhatsApp-Image-2022-11-28-at-12.14.23-PM-1024x574.jpeg\" alt=\"\" class=\"wp-image-40636\"\/><\/figure>\n\n\n\n<figure class=\"wp-block-image size-large\"><img decoding=\"async\" data-id=\"40637\" src=\"https:\/\/luchonoticias.com\/wp-content\/uploads\/2022\/11\/WhatsApp-Image-2022-11-28-at-12.13.35-PM-1024x574.jpeg\" alt=\"\" class=\"wp-image-40637\"\/><\/figure>\n\n\n\n<figure class=\"wp-block-image size-large\"><img decoding=\"async\" data-id=\"40635\" src=\"https:\/\/luchonoticias.com\/wp-content\/uploads\/2022\/11\/WhatsApp-Image-2022-11-28-at-12.14.09-PM-1024x574.jpeg\" alt=\"\" class=\"wp-image-40635\"\/><\/figure>\n<\/figure>\n\n\n\n<p>Finalmente se conoci\u00f3 que el capturado, quien registra sentencia condenatoria por los delitos de Homicidio, Fabricaci\u00f3n, tr\u00e1fico, porte de armas de fuego y hurto calificado y agravado, fue dejado a disposici\u00f3n de autoridad competente por el delito de Porte Ilegal y tr\u00e1fico de estupefacientes, donde un juez de control de garant\u00edas decidi\u00f3 cobijarlo con medida de aseguramiento en establecimiento carcelario.<\/p>\n","protected":false},"excerpt":{"rendered":"<p>La Polic\u00eda Nacional en desarrollo del Plan Choque en las \u00faltimas horas logr\u00f3 la captura en flagrancia de un hombre de 27 a\u00f1os de edad, el cual al ser requerido por los uniformados le hallaron un arma de fuego y una gran cantidad de estupefacientes. \u201cEs as\u00ed como uniformados mediante planes de registro, control y [&hellip;]<\/p>\n","protected":false},"author":1,"featured_media":0,"comment_status":"open","ping_status":"open","sticky":false,"template":"","format":"standard","meta":{"footnotes":""},"categories":[36,29],"tags":[],"class_list":["post-40633","post","type-post","status-publish","format-standard","hentry","category-destacado","category-judicial"],"yoast_head":"<!-- This site is optimized with the Yoast SEO plugin v26.6 - https:\/\/yoast.com\/wordpress\/plugins\/seo\/ -->\n<title>Capturado sujeto en flagrancia por porte ilegal de armas de fuego y tr\u00e1fico de estupefacientes. -<\/title>\n<meta name=\"robots\" content=\"index, follow, max-snippet:-1, max-image-preview:large, max-video-preview:-1\" \/>\n<link rel=\"canonical\" href=\"https:\/\/luchonoticias.com\/editor\/capturado-sujeto-en-flagrancia-por-porte-ilegal-de-armas-de-fuego-y-trafico-de-estupefacientes\/\" \/>\n<meta property=\"og:locale\" content=\"es_ES\" \/>\n<meta property=\"og:type\" content=\"article\" \/>\n<meta property=\"og:title\" content=\"Capturado sujeto en flagrancia por porte ilegal de armas de fuego y tr\u00e1fico de estupefacientes. -\" \/>\n<meta property=\"og:url\" content=\"https:\/\/luchonoticias.com\/editor\/capturado-sujeto-en-flagrancia-por-porte-ilegal-de-armas-de-fuego-y-trafico-de-estupefacientes\/\" \/>\n<meta property=\"article:publisher\" content=\"https:\/\/www.facebook.com\/luchonoticiasneiva\" \/>\n<meta property=\"article:author\" content=\"https:\/\/www.facebook.com\/luchonoticiasneiva\" \/>\n<meta property=\"article:published_time\" content=\"2022-11-28T19:15:55+00:00\" \/>\n<meta property=\"article:modified_time\" content=\"2022-11-28T19:15:59+00:00\" \/>\n<meta property=\"og:image\" content=\"https:\/\/luchonoticias.com\/wp-content\/uploads\/2022\/11\/WhatsApp-Image-2022-11-28-at-12.14.23-PM-1024x574.jpeg\" \/>\n<meta name=\"author\" content=\"admin\" \/>\n<meta name=\"twitter:card\" content=\"summary_large_image\" \/>\n<meta name=\"twitter:label1\" content=\"Escrito por\" \/>\n\t<meta name=\"twitter:data1\" content=\"admin\" \/>\n\t<meta name=\"twitter:label2\" content=\"Tiempo de lectura\" \/>\n\t<meta name=\"twitter:data2\" content=\"1 minuto\" \/>\n<script type=\"application\/ld+json\" class=\"yoast-schema-graph\">{\"@context\":\"https:\/\/schema.org\",\"@graph\":[{\"@type\":\"Article\",\"@id\":\"https:\/\/luchonoticias.com\/editor\/capturado-sujeto-en-flagrancia-por-porte-ilegal-de-armas-de-fuego-y-trafico-de-estupefacientes\/#article\",\"isPartOf\":{\"@id\":\"https:\/\/luchonoticias.com\/editor\/capturado-sujeto-en-flagrancia-por-porte-ilegal-de-armas-de-fuego-y-trafico-de-estupefacientes\/\"},\"author\":{\"name\":\"admin\",\"@id\":\"https:\/\/luchonoticias.com\/editor\/#\/schema\/person\/7a7fd911f58561fd056dbac7b55af9cd\"},\"headline\":\"Capturado sujeto en flagrancia por porte ilegal de armas de fuego y tr\u00e1fico de estupefacientes.\",\"datePublished\":\"2022-11-28T19:15:55+00:00\",\"dateModified\":\"2022-11-28T19:15:59+00:00\",\"mainEntityOfPage\":{\"@id\":\"https:\/\/luchonoticias.com\/editor\/capturado-sujeto-en-flagrancia-por-porte-ilegal-de-armas-de-fuego-y-trafico-de-estupefacientes\/\"},\"wordCount\":209,\"commentCount\":0,\"publisher\":{\"@id\":\"https:\/\/luchonoticias.com\/editor\/#\/schema\/person\/7a7fd911f58561fd056dbac7b55af9cd\"},\"image\":{\"@id\":\"https:\/\/luchonoticias.com\/editor\/capturado-sujeto-en-flagrancia-por-porte-ilegal-de-armas-de-fuego-y-trafico-de-estupefacientes\/#primaryimage\"},\"thumbnailUrl\":\"https:\/\/luchonoticias.com\/wp-content\/uploads\/2022\/11\/WhatsApp-Image-2022-11-28-at-12.14.23-PM-1024x574.jpeg\",\"articleSection\":[\"Destacado\",\"Judicial\"],\"inLanguage\":\"es\",\"potentialAction\":[{\"@type\":\"CommentAction\",\"name\":\"Comment\",\"target\":[\"https:\/\/luchonoticias.com\/editor\/capturado-sujeto-en-flagrancia-por-porte-ilegal-de-armas-de-fuego-y-trafico-de-estupefacientes\/#respond\"]}]},{\"@type\":\"WebPage\",\"@id\":\"https:\/\/luchonoticias.com\/editor\/capturado-sujeto-en-flagrancia-por-porte-ilegal-de-armas-de-fuego-y-trafico-de-estupefacientes\/\",\"url\":\"https:\/\/luchonoticias.com\/editor\/capturado-sujeto-en-flagrancia-por-porte-ilegal-de-armas-de-fuego-y-trafico-de-estupefacientes\/\",\"name\":\"Capturado sujeto en flagrancia por porte ilegal de armas de fuego y tr\u00e1fico de estupefacientes. -\",\"isPartOf\":{\"@id\":\"https:\/\/luchonoticias.com\/editor\/#website\"},\"primaryImageOfPage\":{\"@id\":\"https:\/\/luchonoticias.com\/editor\/capturado-sujeto-en-flagrancia-por-porte-ilegal-de-armas-de-fuego-y-trafico-de-estupefacientes\/#primaryimage\"},\"image\":{\"@id\":\"https:\/\/luchonoticias.com\/editor\/capturado-sujeto-en-flagrancia-por-porte-ilegal-de-armas-de-fuego-y-trafico-de-estupefacientes\/#primaryimage\"},\"thumbnailUrl\":\"https:\/\/luchonoticias.com\/wp-content\/uploads\/2022\/11\/WhatsApp-Image-2022-11-28-at-12.14.23-PM-1024x574.jpeg\",\"datePublished\":\"2022-11-28T19:15:55+00:00\",\"dateModified\":\"2022-11-28T19:15:59+00:00\",\"breadcrumb\":{\"@id\":\"https:\/\/luchonoticias.com\/editor\/capturado-sujeto-en-flagrancia-por-porte-ilegal-de-armas-de-fuego-y-trafico-de-estupefacientes\/#breadcrumb\"},\"inLanguage\":\"es\",\"potentialAction\":[{\"@type\":\"ReadAction\",\"target\":[\"https:\/\/luchonoticias.com\/editor\/capturado-sujeto-en-flagrancia-por-porte-ilegal-de-armas-de-fuego-y-trafico-de-estupefacientes\/\"]}]},{\"@type\":\"ImageObject\",\"inLanguage\":\"es\",\"@id\":\"https:\/\/luchonoticias.com\/editor\/capturado-sujeto-en-flagrancia-por-porte-ilegal-de-armas-de-fuego-y-trafico-de-estupefacientes\/#primaryimage\",\"url\":\"https:\/\/luchonoticias.com\/wp-content\/uploads\/2022\/11\/WhatsApp-Image-2022-11-28-at-12.14.23-PM-1024x574.jpeg\",\"contentUrl\":\"https:\/\/luchonoticias.com\/wp-content\/uploads\/2022\/11\/WhatsApp-Image-2022-11-28-at-12.14.23-PM-1024x574.jpeg\"},{\"@type\":\"BreadcrumbList\",\"@id\":\"https:\/\/luchonoticias.com\/editor\/capturado-sujeto-en-flagrancia-por-porte-ilegal-de-armas-de-fuego-y-trafico-de-estupefacientes\/#breadcrumb\",\"itemListElement\":[{\"@type\":\"ListItem\",\"position\":1,\"name\":\"Portada\",\"item\":\"https:\/\/luchonoticias.com\/editor\/\"},{\"@type\":\"ListItem\",\"position\":2,\"name\":\"Capturado sujeto en flagrancia por porte ilegal de armas de fuego y tr\u00e1fico de estupefacientes.\"}]},{\"@type\":\"WebSite\",\"@id\":\"https:\/\/luchonoticias.com\/editor\/#website\",\"url\":\"https:\/\/luchonoticias.com\/editor\/\",\"name\":\"\",\"description\":\"\",\"publisher\":{\"@id\":\"https:\/\/luchonoticias.com\/editor\/#\/schema\/person\/7a7fd911f58561fd056dbac7b55af9cd\"},\"potentialAction\":[{\"@type\":\"SearchAction\",\"target\":{\"@type\":\"EntryPoint\",\"urlTemplate\":\"https:\/\/luchonoticias.com\/editor\/?s={search_term_string}\"},\"query-input\":{\"@type\":\"PropertyValueSpecification\",\"valueRequired\":true,\"valueName\":\"search_term_string\"}}],\"inLanguage\":\"es\"},{\"@type\":[\"Person\",\"Organization\"],\"@id\":\"https:\/\/luchonoticias.com\/editor\/#\/schema\/person\/7a7fd911f58561fd056dbac7b55af9cd\",\"name\":\"admin\",\"image\":{\"@type\":\"ImageObject\",\"inLanguage\":\"es\",\"@id\":\"https:\/\/luchonoticias.com\/editor\/#\/schema\/person\/image\/\",\"url\":\"https:\/\/luchonoticias.com\/editor\/wp-content\/uploads\/2024\/02\/cropped-cropped-logolu.webp\",\"contentUrl\":\"https:\/\/luchonoticias.com\/editor\/wp-content\/uploads\/2024\/02\/cropped-cropped-logolu.webp\",\"width\":382,\"height\":170,\"caption\":\"admin\"},\"logo\":{\"@id\":\"https:\/\/luchonoticias.com\/editor\/#\/schema\/person\/image\/\"},\"sameAs\":[\"https:\/\/www.facebook.com\/luchonoticiasneiva\"],\"url\":\"https:\/\/luchonoticias.com\/editor\/author\/admin\/\"}]}<\/script>\n<!-- \/ Yoast SEO plugin. -->","yoast_head_json":{"title":"Capturado sujeto en flagrancia por porte ilegal de armas de fuego y tr\u00e1fico de estupefacientes. -","robots":{"index":"index","follow":"follow","max-snippet":"max-snippet:-1","max-image-preview":"max-image-preview:large","max-video-preview":"max-video-preview:-1"},"canonical":"https:\/\/luchonoticias.com\/editor\/capturado-sujeto-en-flagrancia-por-porte-ilegal-de-armas-de-fuego-y-trafico-de-estupefacientes\/","og_locale":"es_ES","og_type":"article","og_title":"Capturado sujeto en flagrancia por porte ilegal de armas de fuego y tr\u00e1fico de estupefacientes. -","og_url":"https:\/\/luchonoticias.com\/editor\/capturado-sujeto-en-flagrancia-por-porte-ilegal-de-armas-de-fuego-y-trafico-de-estupefacientes\/","article_publisher":"https:\/\/www.facebook.com\/luchonoticiasneiva","article_author":"https:\/\/www.facebook.com\/luchonoticiasneiva","article_published_time":"2022-11-28T19:15:55+00:00","article_modified_time":"2022-11-28T19:15:59+00:00","og_image":[{"url":"https:\/\/luchonoticias.com\/wp-content\/uploads\/2022\/11\/WhatsApp-Image-2022-11-28-at-12.14.23-PM-1024x574.jpeg","type":"","width":"","height":""}],"author":"admin","twitter_card":"summary_large_image","twitter_misc":{"Escrito por":"admin","Tiempo de lectura":"1 minuto"},"schema":{"@context":"https:\/\/schema.org","@graph":[{"@type":"Article","@id":"https:\/\/luchonoticias.com\/editor\/capturado-sujeto-en-flagrancia-por-porte-ilegal-de-armas-de-fuego-y-trafico-de-estupefacientes\/#article","isPartOf":{"@id":"https:\/\/luchonoticias.com\/editor\/capturado-sujeto-en-flagrancia-por-porte-ilegal-de-armas-de-fuego-y-trafico-de-estupefacientes\/"},"author":{"name":"admin","@id":"https:\/\/luchonoticias.com\/editor\/#\/schema\/person\/7a7fd911f58561fd056dbac7b55af9cd"},"headline":"Capturado sujeto en flagrancia por porte ilegal de armas de fuego y tr\u00e1fico de estupefacientes.","datePublished":"2022-11-28T19:15:55+00:00","dateModified":"2022-11-28T19:15:59+00:00","mainEntityOfPage":{"@id":"https:\/\/luchonoticias.com\/editor\/capturado-sujeto-en-flagrancia-por-porte-ilegal-de-armas-de-fuego-y-trafico-de-estupefacientes\/"},"wordCount":209,"commentCount":0,"publisher":{"@id":"https:\/\/luchonoticias.com\/editor\/#\/schema\/person\/7a7fd911f58561fd056dbac7b55af9cd"},"image":{"@id":"https:\/\/luchonoticias.com\/editor\/capturado-sujeto-en-flagrancia-por-porte-ilegal-de-armas-de-fuego-y-trafico-de-estupefacientes\/#primaryimage"},"thumbnailUrl":"https:\/\/luchonoticias.com\/wp-content\/uploads\/2022\/11\/WhatsApp-Image-2022-11-28-at-12.14.23-PM-1024x574.jpeg","articleSection":["Destacado","Judicial"],"inLanguage":"es","potentialAction":[{"@type":"CommentAction","name":"Comment","target":["https:\/\/luchonoticias.com\/editor\/capturado-sujeto-en-flagrancia-por-porte-ilegal-de-armas-de-fuego-y-trafico-de-estupefacientes\/#respond"]}]},{"@type":"WebPage","@id":"https:\/\/luchonoticias.com\/editor\/capturado-sujeto-en-flagrancia-por-porte-ilegal-de-armas-de-fuego-y-trafico-de-estupefacientes\/","url":"https:\/\/luchonoticias.com\/editor\/capturado-sujeto-en-flagrancia-por-porte-ilegal-de-armas-de-fuego-y-trafico-de-estupefacientes\/","name":"Capturado sujeto en flagrancia por porte ilegal de armas de fuego y tr\u00e1fico de estupefacientes. -","isPartOf":{"@id":"https:\/\/luchonoticias.com\/editor\/#website"},"primaryImageOfPage":{"@id":"https:\/\/luchonoticias.com\/editor\/capturado-sujeto-en-flagrancia-por-porte-ilegal-de-armas-de-fuego-y-trafico-de-estupefacientes\/#primaryimage"},"image":{"@id":"https:\/\/luchonoticias.com\/editor\/capturado-sujeto-en-flagrancia-por-porte-ilegal-de-armas-de-fuego-y-trafico-de-estupefacientes\/#primaryimage"},"thumbnailUrl":"https:\/\/luchonoticias.com\/wp-content\/uploads\/2022\/11\/WhatsApp-Image-2022-11-28-at-12.14.23-PM-1024x574.jpeg","datePublished":"2022-11-28T19:15:55+00:00","dateModified":"2022-11-28T19:15:59+00:00","breadcrumb":{"@id":"https:\/\/luchonoticias.com\/editor\/capturado-sujeto-en-flagrancia-por-porte-ilegal-de-armas-de-fuego-y-trafico-de-estupefacientes\/#breadcrumb"},"inLanguage":"es","potentialAction":[{"@type":"ReadAction","target":["https:\/\/luchonoticias.com\/editor\/capturado-sujeto-en-flagrancia-por-porte-ilegal-de-armas-de-fuego-y-trafico-de-estupefacientes\/"]}]},{"@type":"ImageObject","inLanguage":"es","@id":"https:\/\/luchonoticias.com\/editor\/capturado-sujeto-en-flagrancia-por-porte-ilegal-de-armas-de-fuego-y-trafico-de-estupefacientes\/#primaryimage","url":"https:\/\/luchonoticias.com\/wp-content\/uploads\/2022\/11\/WhatsApp-Image-2022-11-28-at-12.14.23-PM-1024x574.jpeg","contentUrl":"https:\/\/luchonoticias.com\/wp-content\/uploads\/2022\/11\/WhatsApp-Image-2022-11-28-at-12.14.23-PM-1024x574.jpeg"},{"@type":"BreadcrumbList","@id":"https:\/\/luchonoticias.com\/editor\/capturado-sujeto-en-flagrancia-por-porte-ilegal-de-armas-de-fuego-y-trafico-de-estupefacientes\/#breadcrumb","itemListElement":[{"@type":"ListItem","position":1,"name":"Portada","item":"https:\/\/luchonoticias.com\/editor\/"},{"@type":"ListItem","position":2,"name":"Capturado sujeto en flagrancia por porte ilegal de armas de fuego y tr\u00e1fico de estupefacientes."}]},{"@type":"WebSite","@id":"https:\/\/luchonoticias.com\/editor\/#website","url":"https:\/\/luchonoticias.com\/editor\/","name":"","description":"","publisher":{"@id":"https:\/\/luchonoticias.com\/editor\/#\/schema\/person\/7a7fd911f58561fd056dbac7b55af9cd"},"potentialAction":[{"@type":"SearchAction","target":{"@type":"EntryPoint","urlTemplate":"https:\/\/luchonoticias.com\/editor\/?s={search_term_string}"},"query-input":{"@type":"PropertyValueSpecification","valueRequired":true,"valueName":"search_term_string"}}],"inLanguage":"es"},{"@type":["Person","Organization"],"@id":"https:\/\/luchonoticias.com\/editor\/#\/schema\/person\/7a7fd911f58561fd056dbac7b55af9cd","name":"admin","image":{"@type":"ImageObject","inLanguage":"es","@id":"https:\/\/luchonoticias.com\/editor\/#\/schema\/person\/image\/","url":"https:\/\/luchonoticias.com\/editor\/wp-content\/uploads\/2024\/02\/cropped-cropped-logolu.webp","contentUrl":"https:\/\/luchonoticias.com\/editor\/wp-content\/uploads\/2024\/02\/cropped-cropped-logolu.webp","width":382,"height":170,"caption":"admin"},"logo":{"@id":"https:\/\/luchonoticias.com\/editor\/#\/schema\/person\/image\/"},"sameAs":["https:\/\/www.facebook.com\/luchonoticiasneiva"],"url":"https:\/\/luchonoticias.com\/editor\/author\/admin\/"}]}},"_links":{"self":[{"href":"https:\/\/luchonoticias.com\/editor\/wp-json\/wp\/v2\/posts\/40633","targetHints":{"allow":["GET"]}}],"collection":[{"href":"https:\/\/luchonoticias.com\/editor\/wp-json\/wp\/v2\/posts"}],"about":[{"href":"https:\/\/luchonoticias.com\/editor\/wp-json\/wp\/v2\/types\/post"}],"author":[{"embeddable":true,"href":"https:\/\/luchonoticias.com\/editor\/wp-json\/wp\/v2\/users\/1"}],"replies":[{"embeddable":true,"href":"https:\/\/luchonoticias.com\/editor\/wp-json\/wp\/v2\/comments?post=40633"}],"version-history":[{"count":0,"href":"https:\/\/luchonoticias.com\/editor\/wp-json\/wp\/v2\/posts\/40633\/revisions"}],"wp:attachment":[{"href":"https:\/\/luchonoticias.com\/editor\/wp-json\/wp\/v2\/media?parent=40633"}],"wp:term":[{"taxonomy":"category","embeddable":true,"href":"https:\/\/luchonoticias.com\/editor\/wp-json\/wp\/v2\/categories?post=40633"},{"taxonomy":"post_tag","embeddable":true,"href":"https:\/\/luchonoticias.com\/editor\/wp-json\/wp\/v2\/tags?post=40633"}],"curies":[{"name":"wp","href":"https:\/\/api.w.org\/{rel}","templated":true}]}}