{"id":40726,"date":"2022-11-29T07:34:55","date_gmt":"2022-11-29T12:34:55","guid":{"rendered":"https:\/\/luchonoticias.com\/?p=40726"},"modified":"2022-11-29T07:34:56","modified_gmt":"2022-11-29T12:34:56","slug":"ocho-personas-capturadas-por-narcotrafico-en-el-caqueta-huila-y-putumayo","status":"publish","type":"post","link":"https:\/\/luchonoticias.com\/editor\/ocho-personas-capturadas-por-narcotrafico-en-el-caqueta-huila-y-putumayo\/","title":{"rendered":"Ocho personas capturadas por narcotr\u00e1fico en el Caquet\u00e1, Huila y Putumayo"},"content":{"rendered":"\n<p>Investigaciones para contrarrestar el delito en el sur del pa\u00eds, donde las autoridades capturaron a ocho personas que integraban un grupo delincuencial que elaboraba y comercializaba alucin\u00f3genos y, presuntamente, ten\u00edan nexos con el grupo organizado residual estructura \u2018Carolina Ram\u00edrez\u2019 para facilitar el tr\u00e1fico de esta sustancia en la regi\u00f3n.<\/p>\n\n\n\n<p>Florencia, Caquet\u00e1. En la ofensiva contra el narcotr\u00e1fico y tras un a\u00f1o de investigaci\u00f3n y seguimiento a varias personas quienes eran dinamizadoras de las rentas criminales producto de este flagelo. La Polic\u00eda Nacional en coordinaci\u00f3n con la Fiscal\u00eda y el Ej\u00e9rcito Nacional realizaron tres diligencias de allanamiento y registro en Florencia, Huila y Putumayo que dejaron como resultado: la incautaci\u00f3n de 4 veh\u00edculos y la captura de 8 personas sindicadas por los delitos de concierto para delinquir, hurto y fabricaci\u00f3n, tr\u00e1fico y porte de estupefacientes.<\/p>\n\n\n\n<figure class=\"wp-block-image size-large\"><img decoding=\"async\" src=\"https:\/\/luchonoticias.com\/wp-content\/uploads\/2022\/11\/WhatsApp-Image-2022-11-29-at-6.48.13-AM-2-1024x434.jpeg\" alt=\"\" class=\"wp-image-40728\"\/><\/figure>\n\n\n\n<p>Los funcionarios de la Direcci\u00f3n de Antinarc\u00f3ticos en coordinaci\u00f3n con el Ej\u00e9rcito Nacional y el Cuerpo T\u00e9cnico de Investigaci\u00f3n (C.T.I) de la Fiscal\u00eda recolectaron elementos materiales probatorios y evidencia f\u00edsica contra 8 personas que comercializaban estupefacientes utilizando las rutas: Albania \u2013 Florencia, Suaza \u2013 Garz\u00f3n y Florencia \u2013 Neiva \u2013 Bogot\u00e1; las cuales contribuyeron a obtener las ordenes de captura las cuales materializaron en los departamentos de Caquet\u00e1, Huila y putumayo.<\/p>\n\n\n\n<p>Seg\u00fan las investigaciones, estas personas utilizaban veh\u00edculos particulares para el transporte de la sustancia estupefaciente en grandes cantidades mediante las modalidades de ocultamiento al interior de las llantas de los veh\u00edculos y la destinaci\u00f3n de bienes inmuebles rurales para el almacenamiento de la sustancia, la cual era producida en laboratorios ubicados en zonas selv\u00e1ticas de estos departamentos para evadir la acci\u00f3n de las autoridades. Algunos capturados tienen otros procesos penales por homicidio, secuestro, tr\u00e1fico de armas y municiones, tr\u00e1fico, fabricaci\u00f3n y porte de estupefacientes y receptaci\u00f3n.<\/p>\n\n\n\n<p>Con el desarrollo de este operativo, las autoridades evitaron la distribuci\u00f3n, comercializaci\u00f3n y consumo a nivel nacional de m\u00e1s de un mill\u00f3n de dosis de estupefacientes. Adem\u00e1s, contienen la financiaci\u00f3n de grupos delincuenciales que atentan contra los derechos de las personas.<\/p>\n\n\n\n<p>Los capturados fueron dejados a disposici\u00f3n de la autoridad que los requer\u00eda por los delitos de concierto para delinquir, hurto y fabricaci\u00f3n, tr\u00e1fico y porte de estupefacientes.<\/p>\n","protected":false},"excerpt":{"rendered":"<p>Investigaciones para contrarrestar el delito en el sur del pa\u00eds, donde las autoridades capturaron a ocho personas que integraban un grupo delincuencial que elaboraba y comercializaba alucin\u00f3genos y, presuntamente, ten\u00edan nexos con el grupo organizado residual estructura \u2018Carolina Ram\u00edrez\u2019 para facilitar el tr\u00e1fico de esta sustancia en la regi\u00f3n. Florencia, Caquet\u00e1. En la ofensiva contra [&hellip;]<\/p>\n","protected":false},"author":1,"featured_media":0,"comment_status":"open","ping_status":"open","sticky":false,"template":"","format":"standard","meta":{"footnotes":""},"categories":[36,29],"tags":[],"class_list":["post-40726","post","type-post","status-publish","format-standard","hentry","category-destacado","category-judicial"],"yoast_head":"<!-- This site is optimized with the Yoast SEO plugin v26.6 - https:\/\/yoast.com\/wordpress\/plugins\/seo\/ -->\n<title>Ocho personas capturadas por narcotr\u00e1fico en el Caquet\u00e1, Huila y Putumayo -<\/title>\n<meta name=\"robots\" content=\"index, follow, max-snippet:-1, max-image-preview:large, max-video-preview:-1\" \/>\n<link rel=\"canonical\" href=\"https:\/\/luchonoticias.com\/editor\/ocho-personas-capturadas-por-narcotrafico-en-el-caqueta-huila-y-putumayo\/\" \/>\n<meta property=\"og:locale\" content=\"es_ES\" \/>\n<meta property=\"og:type\" content=\"article\" \/>\n<meta property=\"og:title\" content=\"Ocho personas capturadas por narcotr\u00e1fico en el Caquet\u00e1, Huila y Putumayo -\" \/>\n<meta property=\"og:url\" content=\"https:\/\/luchonoticias.com\/editor\/ocho-personas-capturadas-por-narcotrafico-en-el-caqueta-huila-y-putumayo\/\" \/>\n<meta property=\"article:publisher\" content=\"https:\/\/www.facebook.com\/luchonoticiasneiva\" \/>\n<meta property=\"article:author\" content=\"https:\/\/www.facebook.com\/luchonoticiasneiva\" \/>\n<meta property=\"article:published_time\" content=\"2022-11-29T12:34:55+00:00\" \/>\n<meta property=\"article:modified_time\" content=\"2022-11-29T12:34:56+00:00\" \/>\n<meta property=\"og:image\" content=\"https:\/\/luchonoticias.com\/wp-content\/uploads\/2022\/11\/WhatsApp-Image-2022-11-29-at-6.48.13-AM-2-1024x434.jpeg\" \/>\n<meta name=\"author\" content=\"admin\" \/>\n<meta name=\"twitter:card\" content=\"summary_large_image\" \/>\n<meta name=\"twitter:label1\" content=\"Escrito por\" \/>\n\t<meta name=\"twitter:data1\" content=\"admin\" \/>\n\t<meta name=\"twitter:label2\" content=\"Tiempo de lectura\" \/>\n\t<meta name=\"twitter:data2\" content=\"2 minutos\" \/>\n<script type=\"application\/ld+json\" class=\"yoast-schema-graph\">{\"@context\":\"https:\/\/schema.org\",\"@graph\":[{\"@type\":\"Article\",\"@id\":\"https:\/\/luchonoticias.com\/editor\/ocho-personas-capturadas-por-narcotrafico-en-el-caqueta-huila-y-putumayo\/#article\",\"isPartOf\":{\"@id\":\"https:\/\/luchonoticias.com\/editor\/ocho-personas-capturadas-por-narcotrafico-en-el-caqueta-huila-y-putumayo\/\"},\"author\":{\"name\":\"admin\",\"@id\":\"https:\/\/luchonoticias.com\/editor\/#\/schema\/person\/7a7fd911f58561fd056dbac7b55af9cd\"},\"headline\":\"Ocho personas capturadas por narcotr\u00e1fico en el Caquet\u00e1, Huila y Putumayo\",\"datePublished\":\"2022-11-29T12:34:55+00:00\",\"dateModified\":\"2022-11-29T12:34:56+00:00\",\"mainEntityOfPage\":{\"@id\":\"https:\/\/luchonoticias.com\/editor\/ocho-personas-capturadas-por-narcotrafico-en-el-caqueta-huila-y-putumayo\/\"},\"wordCount\":412,\"commentCount\":0,\"publisher\":{\"@id\":\"https:\/\/luchonoticias.com\/editor\/#\/schema\/person\/7a7fd911f58561fd056dbac7b55af9cd\"},\"image\":{\"@id\":\"https:\/\/luchonoticias.com\/editor\/ocho-personas-capturadas-por-narcotrafico-en-el-caqueta-huila-y-putumayo\/#primaryimage\"},\"thumbnailUrl\":\"https:\/\/luchonoticias.com\/wp-content\/uploads\/2022\/11\/WhatsApp-Image-2022-11-29-at-6.48.13-AM-2-1024x434.jpeg\",\"articleSection\":[\"Destacado\",\"Judicial\"],\"inLanguage\":\"es\",\"potentialAction\":[{\"@type\":\"CommentAction\",\"name\":\"Comment\",\"target\":[\"https:\/\/luchonoticias.com\/editor\/ocho-personas-capturadas-por-narcotrafico-en-el-caqueta-huila-y-putumayo\/#respond\"]}]},{\"@type\":\"WebPage\",\"@id\":\"https:\/\/luchonoticias.com\/editor\/ocho-personas-capturadas-por-narcotrafico-en-el-caqueta-huila-y-putumayo\/\",\"url\":\"https:\/\/luchonoticias.com\/editor\/ocho-personas-capturadas-por-narcotrafico-en-el-caqueta-huila-y-putumayo\/\",\"name\":\"Ocho personas capturadas por narcotr\u00e1fico en el Caquet\u00e1, Huila y Putumayo -\",\"isPartOf\":{\"@id\":\"https:\/\/luchonoticias.com\/editor\/#website\"},\"primaryImageOfPage\":{\"@id\":\"https:\/\/luchonoticias.com\/editor\/ocho-personas-capturadas-por-narcotrafico-en-el-caqueta-huila-y-putumayo\/#primaryimage\"},\"image\":{\"@id\":\"https:\/\/luchonoticias.com\/editor\/ocho-personas-capturadas-por-narcotrafico-en-el-caqueta-huila-y-putumayo\/#primaryimage\"},\"thumbnailUrl\":\"https:\/\/luchonoticias.com\/wp-content\/uploads\/2022\/11\/WhatsApp-Image-2022-11-29-at-6.48.13-AM-2-1024x434.jpeg\",\"datePublished\":\"2022-11-29T12:34:55+00:00\",\"dateModified\":\"2022-11-29T12:34:56+00:00\",\"breadcrumb\":{\"@id\":\"https:\/\/luchonoticias.com\/editor\/ocho-personas-capturadas-por-narcotrafico-en-el-caqueta-huila-y-putumayo\/#breadcrumb\"},\"inLanguage\":\"es\",\"potentialAction\":[{\"@type\":\"ReadAction\",\"target\":[\"https:\/\/luchonoticias.com\/editor\/ocho-personas-capturadas-por-narcotrafico-en-el-caqueta-huila-y-putumayo\/\"]}]},{\"@type\":\"ImageObject\",\"inLanguage\":\"es\",\"@id\":\"https:\/\/luchonoticias.com\/editor\/ocho-personas-capturadas-por-narcotrafico-en-el-caqueta-huila-y-putumayo\/#primaryimage\",\"url\":\"https:\/\/luchonoticias.com\/wp-content\/uploads\/2022\/11\/WhatsApp-Image-2022-11-29-at-6.48.13-AM-2-1024x434.jpeg\",\"contentUrl\":\"https:\/\/luchonoticias.com\/wp-content\/uploads\/2022\/11\/WhatsApp-Image-2022-11-29-at-6.48.13-AM-2-1024x434.jpeg\"},{\"@type\":\"BreadcrumbList\",\"@id\":\"https:\/\/luchonoticias.com\/editor\/ocho-personas-capturadas-por-narcotrafico-en-el-caqueta-huila-y-putumayo\/#breadcrumb\",\"itemListElement\":[{\"@type\":\"ListItem\",\"position\":1,\"name\":\"Portada\",\"item\":\"https:\/\/luchonoticias.com\/editor\/\"},{\"@type\":\"ListItem\",\"position\":2,\"name\":\"Ocho personas capturadas por narcotr\u00e1fico en el Caquet\u00e1, Huila y Putumayo\"}]},{\"@type\":\"WebSite\",\"@id\":\"https:\/\/luchonoticias.com\/editor\/#website\",\"url\":\"https:\/\/luchonoticias.com\/editor\/\",\"name\":\"\",\"description\":\"\",\"publisher\":{\"@id\":\"https:\/\/luchonoticias.com\/editor\/#\/schema\/person\/7a7fd911f58561fd056dbac7b55af9cd\"},\"potentialAction\":[{\"@type\":\"SearchAction\",\"target\":{\"@type\":\"EntryPoint\",\"urlTemplate\":\"https:\/\/luchonoticias.com\/editor\/?s={search_term_string}\"},\"query-input\":{\"@type\":\"PropertyValueSpecification\",\"valueRequired\":true,\"valueName\":\"search_term_string\"}}],\"inLanguage\":\"es\"},{\"@type\":[\"Person\",\"Organization\"],\"@id\":\"https:\/\/luchonoticias.com\/editor\/#\/schema\/person\/7a7fd911f58561fd056dbac7b55af9cd\",\"name\":\"admin\",\"image\":{\"@type\":\"ImageObject\",\"inLanguage\":\"es\",\"@id\":\"https:\/\/luchonoticias.com\/editor\/#\/schema\/person\/image\/\",\"url\":\"https:\/\/luchonoticias.com\/editor\/wp-content\/uploads\/2024\/02\/cropped-cropped-logolu.webp\",\"contentUrl\":\"https:\/\/luchonoticias.com\/editor\/wp-content\/uploads\/2024\/02\/cropped-cropped-logolu.webp\",\"width\":382,\"height\":170,\"caption\":\"admin\"},\"logo\":{\"@id\":\"https:\/\/luchonoticias.com\/editor\/#\/schema\/person\/image\/\"},\"sameAs\":[\"https:\/\/www.facebook.com\/luchonoticiasneiva\"],\"url\":\"https:\/\/luchonoticias.com\/editor\/author\/admin\/\"}]}<\/script>\n<!-- \/ Yoast SEO plugin. -->","yoast_head_json":{"title":"Ocho personas capturadas por narcotr\u00e1fico en el Caquet\u00e1, Huila y Putumayo -","robots":{"index":"index","follow":"follow","max-snippet":"max-snippet:-1","max-image-preview":"max-image-preview:large","max-video-preview":"max-video-preview:-1"},"canonical":"https:\/\/luchonoticias.com\/editor\/ocho-personas-capturadas-por-narcotrafico-en-el-caqueta-huila-y-putumayo\/","og_locale":"es_ES","og_type":"article","og_title":"Ocho personas capturadas por narcotr\u00e1fico en el Caquet\u00e1, Huila y Putumayo -","og_url":"https:\/\/luchonoticias.com\/editor\/ocho-personas-capturadas-por-narcotrafico-en-el-caqueta-huila-y-putumayo\/","article_publisher":"https:\/\/www.facebook.com\/luchonoticiasneiva","article_author":"https:\/\/www.facebook.com\/luchonoticiasneiva","article_published_time":"2022-11-29T12:34:55+00:00","article_modified_time":"2022-11-29T12:34:56+00:00","og_image":[{"url":"https:\/\/luchonoticias.com\/wp-content\/uploads\/2022\/11\/WhatsApp-Image-2022-11-29-at-6.48.13-AM-2-1024x434.jpeg","type":"","width":"","height":""}],"author":"admin","twitter_card":"summary_large_image","twitter_misc":{"Escrito por":"admin","Tiempo de lectura":"2 minutos"},"schema":{"@context":"https:\/\/schema.org","@graph":[{"@type":"Article","@id":"https:\/\/luchonoticias.com\/editor\/ocho-personas-capturadas-por-narcotrafico-en-el-caqueta-huila-y-putumayo\/#article","isPartOf":{"@id":"https:\/\/luchonoticias.com\/editor\/ocho-personas-capturadas-por-narcotrafico-en-el-caqueta-huila-y-putumayo\/"},"author":{"name":"admin","@id":"https:\/\/luchonoticias.com\/editor\/#\/schema\/person\/7a7fd911f58561fd056dbac7b55af9cd"},"headline":"Ocho personas capturadas por narcotr\u00e1fico en el Caquet\u00e1, Huila y Putumayo","datePublished":"2022-11-29T12:34:55+00:00","dateModified":"2022-11-29T12:34:56+00:00","mainEntityOfPage":{"@id":"https:\/\/luchonoticias.com\/editor\/ocho-personas-capturadas-por-narcotrafico-en-el-caqueta-huila-y-putumayo\/"},"wordCount":412,"commentCount":0,"publisher":{"@id":"https:\/\/luchonoticias.com\/editor\/#\/schema\/person\/7a7fd911f58561fd056dbac7b55af9cd"},"image":{"@id":"https:\/\/luchonoticias.com\/editor\/ocho-personas-capturadas-por-narcotrafico-en-el-caqueta-huila-y-putumayo\/#primaryimage"},"thumbnailUrl":"https:\/\/luchonoticias.com\/wp-content\/uploads\/2022\/11\/WhatsApp-Image-2022-11-29-at-6.48.13-AM-2-1024x434.jpeg","articleSection":["Destacado","Judicial"],"inLanguage":"es","potentialAction":[{"@type":"CommentAction","name":"Comment","target":["https:\/\/luchonoticias.com\/editor\/ocho-personas-capturadas-por-narcotrafico-en-el-caqueta-huila-y-putumayo\/#respond"]}]},{"@type":"WebPage","@id":"https:\/\/luchonoticias.com\/editor\/ocho-personas-capturadas-por-narcotrafico-en-el-caqueta-huila-y-putumayo\/","url":"https:\/\/luchonoticias.com\/editor\/ocho-personas-capturadas-por-narcotrafico-en-el-caqueta-huila-y-putumayo\/","name":"Ocho personas capturadas por narcotr\u00e1fico en el Caquet\u00e1, Huila y Putumayo -","isPartOf":{"@id":"https:\/\/luchonoticias.com\/editor\/#website"},"primaryImageOfPage":{"@id":"https:\/\/luchonoticias.com\/editor\/ocho-personas-capturadas-por-narcotrafico-en-el-caqueta-huila-y-putumayo\/#primaryimage"},"image":{"@id":"https:\/\/luchonoticias.com\/editor\/ocho-personas-capturadas-por-narcotrafico-en-el-caqueta-huila-y-putumayo\/#primaryimage"},"thumbnailUrl":"https:\/\/luchonoticias.com\/wp-content\/uploads\/2022\/11\/WhatsApp-Image-2022-11-29-at-6.48.13-AM-2-1024x434.jpeg","datePublished":"2022-11-29T12:34:55+00:00","dateModified":"2022-11-29T12:34:56+00:00","breadcrumb":{"@id":"https:\/\/luchonoticias.com\/editor\/ocho-personas-capturadas-por-narcotrafico-en-el-caqueta-huila-y-putumayo\/#breadcrumb"},"inLanguage":"es","potentialAction":[{"@type":"ReadAction","target":["https:\/\/luchonoticias.com\/editor\/ocho-personas-capturadas-por-narcotrafico-en-el-caqueta-huila-y-putumayo\/"]}]},{"@type":"ImageObject","inLanguage":"es","@id":"https:\/\/luchonoticias.com\/editor\/ocho-personas-capturadas-por-narcotrafico-en-el-caqueta-huila-y-putumayo\/#primaryimage","url":"https:\/\/luchonoticias.com\/wp-content\/uploads\/2022\/11\/WhatsApp-Image-2022-11-29-at-6.48.13-AM-2-1024x434.jpeg","contentUrl":"https:\/\/luchonoticias.com\/wp-content\/uploads\/2022\/11\/WhatsApp-Image-2022-11-29-at-6.48.13-AM-2-1024x434.jpeg"},{"@type":"BreadcrumbList","@id":"https:\/\/luchonoticias.com\/editor\/ocho-personas-capturadas-por-narcotrafico-en-el-caqueta-huila-y-putumayo\/#breadcrumb","itemListElement":[{"@type":"ListItem","position":1,"name":"Portada","item":"https:\/\/luchonoticias.com\/editor\/"},{"@type":"ListItem","position":2,"name":"Ocho personas capturadas por narcotr\u00e1fico en el Caquet\u00e1, Huila y Putumayo"}]},{"@type":"WebSite","@id":"https:\/\/luchonoticias.com\/editor\/#website","url":"https:\/\/luchonoticias.com\/editor\/","name":"","description":"","publisher":{"@id":"https:\/\/luchonoticias.com\/editor\/#\/schema\/person\/7a7fd911f58561fd056dbac7b55af9cd"},"potentialAction":[{"@type":"SearchAction","target":{"@type":"EntryPoint","urlTemplate":"https:\/\/luchonoticias.com\/editor\/?s={search_term_string}"},"query-input":{"@type":"PropertyValueSpecification","valueRequired":true,"valueName":"search_term_string"}}],"inLanguage":"es"},{"@type":["Person","Organization"],"@id":"https:\/\/luchonoticias.com\/editor\/#\/schema\/person\/7a7fd911f58561fd056dbac7b55af9cd","name":"admin","image":{"@type":"ImageObject","inLanguage":"es","@id":"https:\/\/luchonoticias.com\/editor\/#\/schema\/person\/image\/","url":"https:\/\/luchonoticias.com\/editor\/wp-content\/uploads\/2024\/02\/cropped-cropped-logolu.webp","contentUrl":"https:\/\/luchonoticias.com\/editor\/wp-content\/uploads\/2024\/02\/cropped-cropped-logolu.webp","width":382,"height":170,"caption":"admin"},"logo":{"@id":"https:\/\/luchonoticias.com\/editor\/#\/schema\/person\/image\/"},"sameAs":["https:\/\/www.facebook.com\/luchonoticiasneiva"],"url":"https:\/\/luchonoticias.com\/editor\/author\/admin\/"}]}},"_links":{"self":[{"href":"https:\/\/luchonoticias.com\/editor\/wp-json\/wp\/v2\/posts\/40726","targetHints":{"allow":["GET"]}}],"collection":[{"href":"https:\/\/luchonoticias.com\/editor\/wp-json\/wp\/v2\/posts"}],"about":[{"href":"https:\/\/luchonoticias.com\/editor\/wp-json\/wp\/v2\/types\/post"}],"author":[{"embeddable":true,"href":"https:\/\/luchonoticias.com\/editor\/wp-json\/wp\/v2\/users\/1"}],"replies":[{"embeddable":true,"href":"https:\/\/luchonoticias.com\/editor\/wp-json\/wp\/v2\/comments?post=40726"}],"version-history":[{"count":0,"href":"https:\/\/luchonoticias.com\/editor\/wp-json\/wp\/v2\/posts\/40726\/revisions"}],"wp:attachment":[{"href":"https:\/\/luchonoticias.com\/editor\/wp-json\/wp\/v2\/media?parent=40726"}],"wp:term":[{"taxonomy":"category","embeddable":true,"href":"https:\/\/luchonoticias.com\/editor\/wp-json\/wp\/v2\/categories?post=40726"},{"taxonomy":"post_tag","embeddable":true,"href":"https:\/\/luchonoticias.com\/editor\/wp-json\/wp\/v2\/tags?post=40726"}],"curies":[{"name":"wp","href":"https:\/\/api.w.org\/{rel}","templated":true}]}}