{"id":40730,"date":"2022-11-29T07:38:30","date_gmt":"2022-11-29T12:38:30","guid":{"rendered":"https:\/\/luchonoticias.com\/?p=40730"},"modified":"2022-11-29T07:38:31","modified_gmt":"2022-11-29T12:38:31","slug":"congreso-aprueba-la-creacion-del-ministerio-de-la-igualdad-en-primer-debate","status":"publish","type":"post","link":"https:\/\/luchonoticias.com\/editor\/congreso-aprueba-la-creacion-del-ministerio-de-la-igualdad-en-primer-debate\/","title":{"rendered":"Congreso aprueba la creaci\u00f3n del Ministerio de la Igualdad en primer debate"},"content":{"rendered":"\n<p>Se llev\u00f3 a cabo el primer debate sobre la creaci\u00f3n del Ministerio de la Igualdad y la Equidad, una de las principales banderas de la campa\u00f1a de Gustavo Petro y Francia M\u00e1rquez a la presidencia y vicepresidencia de Colombia.<\/p>\n\n\n\n<p>Justamente, fue aprobada esta iniciativa en el primer debate por las comisiones primeras conjuntas de Senado y C\u00e1mara, y una de las primeras voces en manifestarse sobre este espaldarazo fue Francia M\u00e1rquez, que liderar\u00e1 esta cartera.<\/p>\n\n\n\n<p>Por su parte, el ministro del Interior Alfonso Prada, que se encontraba en la sesi\u00f3n conjunta, manifest\u00f3 que la aprobaci\u00f3n de este proyecto de ley \u201ces un llamado de atenci\u00f3n para la reflexi\u00f3n en la ponencia e interna al gobierno. Este fue el \u00fanico proyecto de norma jur\u00eddica, en este caso reforma legal, que fue presentado directamente por el presidente Gustavo Petro y por la vicepresidenta Francia M\u00e1rquez con un mensaje de la importancia que le damos al tema no es menor no es crear una burocracia por la burocracia\u201d<\/p>\n","protected":false},"excerpt":{"rendered":"<p>Se llev\u00f3 a cabo el primer debate sobre la creaci\u00f3n del Ministerio de la Igualdad y la Equidad, una de las principales banderas de la campa\u00f1a de Gustavo Petro y Francia M\u00e1rquez a la presidencia y vicepresidencia de Colombia. Justamente, fue aprobada esta iniciativa en el primer debate por las comisiones primeras conjuntas de Senado [&hellip;]<\/p>\n","protected":false},"author":1,"featured_media":0,"comment_status":"open","ping_status":"open","sticky":false,"template":"","format":"standard","meta":{"footnotes":""},"categories":[36,617],"tags":[],"class_list":["post-40730","post","type-post","status-publish","format-standard","hentry","category-destacado","category-politica"],"yoast_head":"<!-- This site is optimized with the Yoast SEO plugin v26.6 - https:\/\/yoast.com\/wordpress\/plugins\/seo\/ -->\n<title>Congreso aprueba la creaci\u00f3n del Ministerio de la Igualdad en primer debate -<\/title>\n<meta name=\"robots\" content=\"index, follow, max-snippet:-1, max-image-preview:large, max-video-preview:-1\" \/>\n<link rel=\"canonical\" href=\"https:\/\/luchonoticias.com\/editor\/congreso-aprueba-la-creacion-del-ministerio-de-la-igualdad-en-primer-debate\/\" \/>\n<meta property=\"og:locale\" content=\"es_ES\" \/>\n<meta property=\"og:type\" content=\"article\" \/>\n<meta property=\"og:title\" content=\"Congreso aprueba la creaci\u00f3n del Ministerio de la Igualdad en primer debate -\" \/>\n<meta property=\"og:url\" content=\"https:\/\/luchonoticias.com\/editor\/congreso-aprueba-la-creacion-del-ministerio-de-la-igualdad-en-primer-debate\/\" \/>\n<meta property=\"article:publisher\" content=\"https:\/\/www.facebook.com\/luchonoticiasneiva\" \/>\n<meta property=\"article:author\" content=\"https:\/\/www.facebook.com\/luchonoticiasneiva\" \/>\n<meta property=\"article:published_time\" content=\"2022-11-29T12:38:30+00:00\" \/>\n<meta property=\"article:modified_time\" content=\"2022-11-29T12:38:31+00:00\" \/>\n<meta name=\"author\" content=\"admin\" \/>\n<meta name=\"twitter:card\" content=\"summary_large_image\" \/>\n<meta name=\"twitter:label1\" content=\"Escrito por\" \/>\n\t<meta name=\"twitter:data1\" content=\"admin\" \/>\n\t<meta name=\"twitter:label2\" content=\"Tiempo de lectura\" \/>\n\t<meta name=\"twitter:data2\" content=\"1 minuto\" \/>\n<script type=\"application\/ld+json\" class=\"yoast-schema-graph\">{\"@context\":\"https:\/\/schema.org\",\"@graph\":[{\"@type\":\"Article\",\"@id\":\"https:\/\/luchonoticias.com\/editor\/congreso-aprueba-la-creacion-del-ministerio-de-la-igualdad-en-primer-debate\/#article\",\"isPartOf\":{\"@id\":\"https:\/\/luchonoticias.com\/editor\/congreso-aprueba-la-creacion-del-ministerio-de-la-igualdad-en-primer-debate\/\"},\"author\":{\"name\":\"admin\",\"@id\":\"https:\/\/luchonoticias.com\/editor\/#\/schema\/person\/7a7fd911f58561fd056dbac7b55af9cd\"},\"headline\":\"Congreso aprueba la creaci\u00f3n del Ministerio de la Igualdad en primer debate\",\"datePublished\":\"2022-11-29T12:38:30+00:00\",\"dateModified\":\"2022-11-29T12:38:31+00:00\",\"mainEntityOfPage\":{\"@id\":\"https:\/\/luchonoticias.com\/editor\/congreso-aprueba-la-creacion-del-ministerio-de-la-igualdad-en-primer-debate\/\"},\"wordCount\":189,\"commentCount\":0,\"publisher\":{\"@id\":\"https:\/\/luchonoticias.com\/editor\/#\/schema\/person\/7a7fd911f58561fd056dbac7b55af9cd\"},\"articleSection\":[\"Destacado\",\"Pol\u00edtica\"],\"inLanguage\":\"es\",\"potentialAction\":[{\"@type\":\"CommentAction\",\"name\":\"Comment\",\"target\":[\"https:\/\/luchonoticias.com\/editor\/congreso-aprueba-la-creacion-del-ministerio-de-la-igualdad-en-primer-debate\/#respond\"]}]},{\"@type\":\"WebPage\",\"@id\":\"https:\/\/luchonoticias.com\/editor\/congreso-aprueba-la-creacion-del-ministerio-de-la-igualdad-en-primer-debate\/\",\"url\":\"https:\/\/luchonoticias.com\/editor\/congreso-aprueba-la-creacion-del-ministerio-de-la-igualdad-en-primer-debate\/\",\"name\":\"Congreso aprueba la creaci\u00f3n del Ministerio de la Igualdad en primer debate -\",\"isPartOf\":{\"@id\":\"https:\/\/luchonoticias.com\/editor\/#website\"},\"datePublished\":\"2022-11-29T12:38:30+00:00\",\"dateModified\":\"2022-11-29T12:38:31+00:00\",\"breadcrumb\":{\"@id\":\"https:\/\/luchonoticias.com\/editor\/congreso-aprueba-la-creacion-del-ministerio-de-la-igualdad-en-primer-debate\/#breadcrumb\"},\"inLanguage\":\"es\",\"potentialAction\":[{\"@type\":\"ReadAction\",\"target\":[\"https:\/\/luchonoticias.com\/editor\/congreso-aprueba-la-creacion-del-ministerio-de-la-igualdad-en-primer-debate\/\"]}]},{\"@type\":\"BreadcrumbList\",\"@id\":\"https:\/\/luchonoticias.com\/editor\/congreso-aprueba-la-creacion-del-ministerio-de-la-igualdad-en-primer-debate\/#breadcrumb\",\"itemListElement\":[{\"@type\":\"ListItem\",\"position\":1,\"name\":\"Portada\",\"item\":\"https:\/\/luchonoticias.com\/editor\/\"},{\"@type\":\"ListItem\",\"position\":2,\"name\":\"Congreso aprueba la creaci\u00f3n del Ministerio de la Igualdad en primer debate\"}]},{\"@type\":\"WebSite\",\"@id\":\"https:\/\/luchonoticias.com\/editor\/#website\",\"url\":\"https:\/\/luchonoticias.com\/editor\/\",\"name\":\"\",\"description\":\"\",\"publisher\":{\"@id\":\"https:\/\/luchonoticias.com\/editor\/#\/schema\/person\/7a7fd911f58561fd056dbac7b55af9cd\"},\"potentialAction\":[{\"@type\":\"SearchAction\",\"target\":{\"@type\":\"EntryPoint\",\"urlTemplate\":\"https:\/\/luchonoticias.com\/editor\/?s={search_term_string}\"},\"query-input\":{\"@type\":\"PropertyValueSpecification\",\"valueRequired\":true,\"valueName\":\"search_term_string\"}}],\"inLanguage\":\"es\"},{\"@type\":[\"Person\",\"Organization\"],\"@id\":\"https:\/\/luchonoticias.com\/editor\/#\/schema\/person\/7a7fd911f58561fd056dbac7b55af9cd\",\"name\":\"admin\",\"image\":{\"@type\":\"ImageObject\",\"inLanguage\":\"es\",\"@id\":\"https:\/\/luchonoticias.com\/editor\/#\/schema\/person\/image\/\",\"url\":\"https:\/\/luchonoticias.com\/editor\/wp-content\/uploads\/2024\/02\/cropped-cropped-logolu.webp\",\"contentUrl\":\"https:\/\/luchonoticias.com\/editor\/wp-content\/uploads\/2024\/02\/cropped-cropped-logolu.webp\",\"width\":382,\"height\":170,\"caption\":\"admin\"},\"logo\":{\"@id\":\"https:\/\/luchonoticias.com\/editor\/#\/schema\/person\/image\/\"},\"sameAs\":[\"https:\/\/www.facebook.com\/luchonoticiasneiva\"],\"url\":\"https:\/\/luchonoticias.com\/editor\/author\/admin\/\"}]}<\/script>\n<!-- \/ Yoast SEO plugin. -->","yoast_head_json":{"title":"Congreso aprueba la creaci\u00f3n del Ministerio de la Igualdad en primer debate -","robots":{"index":"index","follow":"follow","max-snippet":"max-snippet:-1","max-image-preview":"max-image-preview:large","max-video-preview":"max-video-preview:-1"},"canonical":"https:\/\/luchonoticias.com\/editor\/congreso-aprueba-la-creacion-del-ministerio-de-la-igualdad-en-primer-debate\/","og_locale":"es_ES","og_type":"article","og_title":"Congreso aprueba la creaci\u00f3n del Ministerio de la Igualdad en primer debate -","og_url":"https:\/\/luchonoticias.com\/editor\/congreso-aprueba-la-creacion-del-ministerio-de-la-igualdad-en-primer-debate\/","article_publisher":"https:\/\/www.facebook.com\/luchonoticiasneiva","article_author":"https:\/\/www.facebook.com\/luchonoticiasneiva","article_published_time":"2022-11-29T12:38:30+00:00","article_modified_time":"2022-11-29T12:38:31+00:00","author":"admin","twitter_card":"summary_large_image","twitter_misc":{"Escrito por":"admin","Tiempo de lectura":"1 minuto"},"schema":{"@context":"https:\/\/schema.org","@graph":[{"@type":"Article","@id":"https:\/\/luchonoticias.com\/editor\/congreso-aprueba-la-creacion-del-ministerio-de-la-igualdad-en-primer-debate\/#article","isPartOf":{"@id":"https:\/\/luchonoticias.com\/editor\/congreso-aprueba-la-creacion-del-ministerio-de-la-igualdad-en-primer-debate\/"},"author":{"name":"admin","@id":"https:\/\/luchonoticias.com\/editor\/#\/schema\/person\/7a7fd911f58561fd056dbac7b55af9cd"},"headline":"Congreso aprueba la creaci\u00f3n del Ministerio de la Igualdad en primer debate","datePublished":"2022-11-29T12:38:30+00:00","dateModified":"2022-11-29T12:38:31+00:00","mainEntityOfPage":{"@id":"https:\/\/luchonoticias.com\/editor\/congreso-aprueba-la-creacion-del-ministerio-de-la-igualdad-en-primer-debate\/"},"wordCount":189,"commentCount":0,"publisher":{"@id":"https:\/\/luchonoticias.com\/editor\/#\/schema\/person\/7a7fd911f58561fd056dbac7b55af9cd"},"articleSection":["Destacado","Pol\u00edtica"],"inLanguage":"es","potentialAction":[{"@type":"CommentAction","name":"Comment","target":["https:\/\/luchonoticias.com\/editor\/congreso-aprueba-la-creacion-del-ministerio-de-la-igualdad-en-primer-debate\/#respond"]}]},{"@type":"WebPage","@id":"https:\/\/luchonoticias.com\/editor\/congreso-aprueba-la-creacion-del-ministerio-de-la-igualdad-en-primer-debate\/","url":"https:\/\/luchonoticias.com\/editor\/congreso-aprueba-la-creacion-del-ministerio-de-la-igualdad-en-primer-debate\/","name":"Congreso aprueba la creaci\u00f3n del Ministerio de la Igualdad en primer debate -","isPartOf":{"@id":"https:\/\/luchonoticias.com\/editor\/#website"},"datePublished":"2022-11-29T12:38:30+00:00","dateModified":"2022-11-29T12:38:31+00:00","breadcrumb":{"@id":"https:\/\/luchonoticias.com\/editor\/congreso-aprueba-la-creacion-del-ministerio-de-la-igualdad-en-primer-debate\/#breadcrumb"},"inLanguage":"es","potentialAction":[{"@type":"ReadAction","target":["https:\/\/luchonoticias.com\/editor\/congreso-aprueba-la-creacion-del-ministerio-de-la-igualdad-en-primer-debate\/"]}]},{"@type":"BreadcrumbList","@id":"https:\/\/luchonoticias.com\/editor\/congreso-aprueba-la-creacion-del-ministerio-de-la-igualdad-en-primer-debate\/#breadcrumb","itemListElement":[{"@type":"ListItem","position":1,"name":"Portada","item":"https:\/\/luchonoticias.com\/editor\/"},{"@type":"ListItem","position":2,"name":"Congreso aprueba la creaci\u00f3n del Ministerio de la Igualdad en primer debate"}]},{"@type":"WebSite","@id":"https:\/\/luchonoticias.com\/editor\/#website","url":"https:\/\/luchonoticias.com\/editor\/","name":"","description":"","publisher":{"@id":"https:\/\/luchonoticias.com\/editor\/#\/schema\/person\/7a7fd911f58561fd056dbac7b55af9cd"},"potentialAction":[{"@type":"SearchAction","target":{"@type":"EntryPoint","urlTemplate":"https:\/\/luchonoticias.com\/editor\/?s={search_term_string}"},"query-input":{"@type":"PropertyValueSpecification","valueRequired":true,"valueName":"search_term_string"}}],"inLanguage":"es"},{"@type":["Person","Organization"],"@id":"https:\/\/luchonoticias.com\/editor\/#\/schema\/person\/7a7fd911f58561fd056dbac7b55af9cd","name":"admin","image":{"@type":"ImageObject","inLanguage":"es","@id":"https:\/\/luchonoticias.com\/editor\/#\/schema\/person\/image\/","url":"https:\/\/luchonoticias.com\/editor\/wp-content\/uploads\/2024\/02\/cropped-cropped-logolu.webp","contentUrl":"https:\/\/luchonoticias.com\/editor\/wp-content\/uploads\/2024\/02\/cropped-cropped-logolu.webp","width":382,"height":170,"caption":"admin"},"logo":{"@id":"https:\/\/luchonoticias.com\/editor\/#\/schema\/person\/image\/"},"sameAs":["https:\/\/www.facebook.com\/luchonoticiasneiva"],"url":"https:\/\/luchonoticias.com\/editor\/author\/admin\/"}]}},"_links":{"self":[{"href":"https:\/\/luchonoticias.com\/editor\/wp-json\/wp\/v2\/posts\/40730","targetHints":{"allow":["GET"]}}],"collection":[{"href":"https:\/\/luchonoticias.com\/editor\/wp-json\/wp\/v2\/posts"}],"about":[{"href":"https:\/\/luchonoticias.com\/editor\/wp-json\/wp\/v2\/types\/post"}],"author":[{"embeddable":true,"href":"https:\/\/luchonoticias.com\/editor\/wp-json\/wp\/v2\/users\/1"}],"replies":[{"embeddable":true,"href":"https:\/\/luchonoticias.com\/editor\/wp-json\/wp\/v2\/comments?post=40730"}],"version-history":[{"count":0,"href":"https:\/\/luchonoticias.com\/editor\/wp-json\/wp\/v2\/posts\/40730\/revisions"}],"wp:attachment":[{"href":"https:\/\/luchonoticias.com\/editor\/wp-json\/wp\/v2\/media?parent=40730"}],"wp:term":[{"taxonomy":"category","embeddable":true,"href":"https:\/\/luchonoticias.com\/editor\/wp-json\/wp\/v2\/categories?post=40730"},{"taxonomy":"post_tag","embeddable":true,"href":"https:\/\/luchonoticias.com\/editor\/wp-json\/wp\/v2\/tags?post=40730"}],"curies":[{"name":"wp","href":"https:\/\/api.w.org\/{rel}","templated":true}]}}