{"id":40735,"date":"2022-11-29T09:04:10","date_gmt":"2022-11-29T14:04:10","guid":{"rendered":"https:\/\/luchonoticias.com\/?p=40735"},"modified":"2022-11-29T09:04:11","modified_gmt":"2022-11-29T14:04:11","slug":"huila-dentro-de-los-5-departamentos-con-pae-que-contratara-con-padres-de-familia","status":"publish","type":"post","link":"https:\/\/luchonoticias.com\/editor\/huila-dentro-de-los-5-departamentos-con-pae-que-contratara-con-padres-de-familia\/","title":{"rendered":"Huila dentro de los 5 departamentos con PAE que contratar\u00e1 con padres de familia"},"content":{"rendered":"\n<p>Luego del debate desarrollado en la Asamblea del Huila donde hubo un control pol\u00edtico del PAE, la secretaria de Educaci\u00f3n Departamental, Milena Oliveros Crespo, socializ\u00f3 de manera oportuna el pilotaje del que va a hacer parte el Departamento junto a 4 gobernaciones m\u00e1s del pa\u00eds, para prestar el servicio de alimentaci\u00f3n escolar en los rincones m\u00e1s lejanos de la geograf\u00eda huilense.<\/p>\n\n\n\n<p>\u201cEste pilotaje es especialmente para poder llegar a las zonas m\u00e1s dispersas de nuestro territorio y que las asociaciones de padres de familia que est\u00e9n legalmente y leg\u00edtimamente constituidas, puedan ellos velar por la entrega, cocci\u00f3n y buen t\u00e9rmino del proceso de alimentaci\u00f3n escolar PAE\u201d, afirm\u00f3 la secretaria.<\/p>\n\n\n\n<p>Record\u00f3 que en 2022 fue noticia la experiencia que ya se est\u00e1 aplicando en zonas rurales lejanas como la vereda Santa Rita de Aipe, donde los padres de familia en la Instituci\u00f3n Educativa que lleva el mismo nombre, son los mismos campesinos que proveen los v\u00edveres de la minuta y que se llevan a la cocina del restaurante escolar donde manipuladoras de alimentos que tambi\u00e9n son mam\u00e1s de ni\u00f1os y ni\u00f1as que estudian en esa Instituci\u00f3n, son las que preparan la comida que se sirve en la mesa.<\/p>\n\n\n\n<p>\u201cSon 20 municipios que se priorizaron para este pilotaje donde se contratar\u00e1 la adquisici\u00f3n y preparaci\u00f3n de los alimentos con los propios padres de familia y donde vamos a tener all\u00ed grupos poblacionales de 20 ni\u00f1os y ni\u00f1as atendidos con el programa de alimentaci\u00f3n escolar en veredas y corregimientos de dif\u00edcil acceso\u201d, puntualiz\u00f3 la funcionaria.<\/p>\n","protected":false},"excerpt":{"rendered":"<p>Luego del debate desarrollado en la Asamblea del Huila donde hubo un control pol\u00edtico del PAE, la secretaria de Educaci\u00f3n Departamental, Milena Oliveros Crespo, socializ\u00f3 de manera oportuna el pilotaje del que va a hacer parte el Departamento junto a 4 gobernaciones m\u00e1s del pa\u00eds, para prestar el servicio de alimentaci\u00f3n escolar en los rincones [&hellip;]<\/p>\n","protected":false},"author":1,"featured_media":0,"comment_status":"open","ping_status":"open","sticky":false,"template":"","format":"standard","meta":{"footnotes":""},"categories":[36,33],"tags":[],"class_list":["post-40735","post","type-post","status-publish","format-standard","hentry","category-destacado","category-huila"],"yoast_head":"<!-- This site is optimized with the Yoast SEO plugin v26.6 - https:\/\/yoast.com\/wordpress\/plugins\/seo\/ -->\n<title>Huila dentro de los 5 departamentos con PAE que contratar\u00e1 con padres de familia -<\/title>\n<meta name=\"robots\" content=\"index, follow, max-snippet:-1, max-image-preview:large, max-video-preview:-1\" \/>\n<link rel=\"canonical\" href=\"https:\/\/luchonoticias.com\/editor\/huila-dentro-de-los-5-departamentos-con-pae-que-contratara-con-padres-de-familia\/\" \/>\n<meta property=\"og:locale\" content=\"es_ES\" \/>\n<meta property=\"og:type\" content=\"article\" \/>\n<meta property=\"og:title\" content=\"Huila dentro de los 5 departamentos con PAE que contratar\u00e1 con padres de familia -\" \/>\n<meta property=\"og:url\" content=\"https:\/\/luchonoticias.com\/editor\/huila-dentro-de-los-5-departamentos-con-pae-que-contratara-con-padres-de-familia\/\" \/>\n<meta property=\"article:publisher\" content=\"https:\/\/www.facebook.com\/luchonoticiasneiva\" \/>\n<meta property=\"article:author\" content=\"https:\/\/www.facebook.com\/luchonoticiasneiva\" \/>\n<meta property=\"article:published_time\" content=\"2022-11-29T14:04:10+00:00\" \/>\n<meta property=\"article:modified_time\" content=\"2022-11-29T14:04:11+00:00\" \/>\n<meta name=\"author\" content=\"admin\" \/>\n<meta name=\"twitter:card\" content=\"summary_large_image\" \/>\n<meta name=\"twitter:label1\" content=\"Escrito por\" \/>\n\t<meta name=\"twitter:data1\" content=\"admin\" \/>\n\t<meta name=\"twitter:label2\" content=\"Tiempo de lectura\" \/>\n\t<meta name=\"twitter:data2\" content=\"1 minuto\" \/>\n<script type=\"application\/ld+json\" class=\"yoast-schema-graph\">{\"@context\":\"https:\/\/schema.org\",\"@graph\":[{\"@type\":\"Article\",\"@id\":\"https:\/\/luchonoticias.com\/editor\/huila-dentro-de-los-5-departamentos-con-pae-que-contratara-con-padres-de-familia\/#article\",\"isPartOf\":{\"@id\":\"https:\/\/luchonoticias.com\/editor\/huila-dentro-de-los-5-departamentos-con-pae-que-contratara-con-padres-de-familia\/\"},\"author\":{\"name\":\"admin\",\"@id\":\"https:\/\/luchonoticias.com\/editor\/#\/schema\/person\/7a7fd911f58561fd056dbac7b55af9cd\"},\"headline\":\"Huila dentro de los 5 departamentos con PAE que contratar\u00e1 con padres de familia\",\"datePublished\":\"2022-11-29T14:04:10+00:00\",\"dateModified\":\"2022-11-29T14:04:11+00:00\",\"mainEntityOfPage\":{\"@id\":\"https:\/\/luchonoticias.com\/editor\/huila-dentro-de-los-5-departamentos-con-pae-que-contratara-con-padres-de-familia\/\"},\"wordCount\":287,\"commentCount\":0,\"publisher\":{\"@id\":\"https:\/\/luchonoticias.com\/editor\/#\/schema\/person\/7a7fd911f58561fd056dbac7b55af9cd\"},\"articleSection\":[\"Destacado\",\"Huila\"],\"inLanguage\":\"es\",\"potentialAction\":[{\"@type\":\"CommentAction\",\"name\":\"Comment\",\"target\":[\"https:\/\/luchonoticias.com\/editor\/huila-dentro-de-los-5-departamentos-con-pae-que-contratara-con-padres-de-familia\/#respond\"]}]},{\"@type\":\"WebPage\",\"@id\":\"https:\/\/luchonoticias.com\/editor\/huila-dentro-de-los-5-departamentos-con-pae-que-contratara-con-padres-de-familia\/\",\"url\":\"https:\/\/luchonoticias.com\/editor\/huila-dentro-de-los-5-departamentos-con-pae-que-contratara-con-padres-de-familia\/\",\"name\":\"Huila dentro de los 5 departamentos con PAE que contratar\u00e1 con padres de familia -\",\"isPartOf\":{\"@id\":\"https:\/\/luchonoticias.com\/editor\/#website\"},\"datePublished\":\"2022-11-29T14:04:10+00:00\",\"dateModified\":\"2022-11-29T14:04:11+00:00\",\"breadcrumb\":{\"@id\":\"https:\/\/luchonoticias.com\/editor\/huila-dentro-de-los-5-departamentos-con-pae-que-contratara-con-padres-de-familia\/#breadcrumb\"},\"inLanguage\":\"es\",\"potentialAction\":[{\"@type\":\"ReadAction\",\"target\":[\"https:\/\/luchonoticias.com\/editor\/huila-dentro-de-los-5-departamentos-con-pae-que-contratara-con-padres-de-familia\/\"]}]},{\"@type\":\"BreadcrumbList\",\"@id\":\"https:\/\/luchonoticias.com\/editor\/huila-dentro-de-los-5-departamentos-con-pae-que-contratara-con-padres-de-familia\/#breadcrumb\",\"itemListElement\":[{\"@type\":\"ListItem\",\"position\":1,\"name\":\"Portada\",\"item\":\"https:\/\/luchonoticias.com\/editor\/\"},{\"@type\":\"ListItem\",\"position\":2,\"name\":\"Huila dentro de los 5 departamentos con PAE que contratar\u00e1 con padres de familia\"}]},{\"@type\":\"WebSite\",\"@id\":\"https:\/\/luchonoticias.com\/editor\/#website\",\"url\":\"https:\/\/luchonoticias.com\/editor\/\",\"name\":\"\",\"description\":\"\",\"publisher\":{\"@id\":\"https:\/\/luchonoticias.com\/editor\/#\/schema\/person\/7a7fd911f58561fd056dbac7b55af9cd\"},\"potentialAction\":[{\"@type\":\"SearchAction\",\"target\":{\"@type\":\"EntryPoint\",\"urlTemplate\":\"https:\/\/luchonoticias.com\/editor\/?s={search_term_string}\"},\"query-input\":{\"@type\":\"PropertyValueSpecification\",\"valueRequired\":true,\"valueName\":\"search_term_string\"}}],\"inLanguage\":\"es\"},{\"@type\":[\"Person\",\"Organization\"],\"@id\":\"https:\/\/luchonoticias.com\/editor\/#\/schema\/person\/7a7fd911f58561fd056dbac7b55af9cd\",\"name\":\"admin\",\"image\":{\"@type\":\"ImageObject\",\"inLanguage\":\"es\",\"@id\":\"https:\/\/luchonoticias.com\/editor\/#\/schema\/person\/image\/\",\"url\":\"https:\/\/luchonoticias.com\/editor\/wp-content\/uploads\/2024\/02\/cropped-cropped-logolu.webp\",\"contentUrl\":\"https:\/\/luchonoticias.com\/editor\/wp-content\/uploads\/2024\/02\/cropped-cropped-logolu.webp\",\"width\":382,\"height\":170,\"caption\":\"admin\"},\"logo\":{\"@id\":\"https:\/\/luchonoticias.com\/editor\/#\/schema\/person\/image\/\"},\"sameAs\":[\"https:\/\/www.facebook.com\/luchonoticiasneiva\"],\"url\":\"https:\/\/luchonoticias.com\/editor\/author\/admin\/\"}]}<\/script>\n<!-- \/ Yoast SEO plugin. -->","yoast_head_json":{"title":"Huila dentro de los 5 departamentos con PAE que contratar\u00e1 con padres de familia -","robots":{"index":"index","follow":"follow","max-snippet":"max-snippet:-1","max-image-preview":"max-image-preview:large","max-video-preview":"max-video-preview:-1"},"canonical":"https:\/\/luchonoticias.com\/editor\/huila-dentro-de-los-5-departamentos-con-pae-que-contratara-con-padres-de-familia\/","og_locale":"es_ES","og_type":"article","og_title":"Huila dentro de los 5 departamentos con PAE que contratar\u00e1 con padres de familia -","og_url":"https:\/\/luchonoticias.com\/editor\/huila-dentro-de-los-5-departamentos-con-pae-que-contratara-con-padres-de-familia\/","article_publisher":"https:\/\/www.facebook.com\/luchonoticiasneiva","article_author":"https:\/\/www.facebook.com\/luchonoticiasneiva","article_published_time":"2022-11-29T14:04:10+00:00","article_modified_time":"2022-11-29T14:04:11+00:00","author":"admin","twitter_card":"summary_large_image","twitter_misc":{"Escrito por":"admin","Tiempo de lectura":"1 minuto"},"schema":{"@context":"https:\/\/schema.org","@graph":[{"@type":"Article","@id":"https:\/\/luchonoticias.com\/editor\/huila-dentro-de-los-5-departamentos-con-pae-que-contratara-con-padres-de-familia\/#article","isPartOf":{"@id":"https:\/\/luchonoticias.com\/editor\/huila-dentro-de-los-5-departamentos-con-pae-que-contratara-con-padres-de-familia\/"},"author":{"name":"admin","@id":"https:\/\/luchonoticias.com\/editor\/#\/schema\/person\/7a7fd911f58561fd056dbac7b55af9cd"},"headline":"Huila dentro de los 5 departamentos con PAE que contratar\u00e1 con padres de familia","datePublished":"2022-11-29T14:04:10+00:00","dateModified":"2022-11-29T14:04:11+00:00","mainEntityOfPage":{"@id":"https:\/\/luchonoticias.com\/editor\/huila-dentro-de-los-5-departamentos-con-pae-que-contratara-con-padres-de-familia\/"},"wordCount":287,"commentCount":0,"publisher":{"@id":"https:\/\/luchonoticias.com\/editor\/#\/schema\/person\/7a7fd911f58561fd056dbac7b55af9cd"},"articleSection":["Destacado","Huila"],"inLanguage":"es","potentialAction":[{"@type":"CommentAction","name":"Comment","target":["https:\/\/luchonoticias.com\/editor\/huila-dentro-de-los-5-departamentos-con-pae-que-contratara-con-padres-de-familia\/#respond"]}]},{"@type":"WebPage","@id":"https:\/\/luchonoticias.com\/editor\/huila-dentro-de-los-5-departamentos-con-pae-que-contratara-con-padres-de-familia\/","url":"https:\/\/luchonoticias.com\/editor\/huila-dentro-de-los-5-departamentos-con-pae-que-contratara-con-padres-de-familia\/","name":"Huila dentro de los 5 departamentos con PAE que contratar\u00e1 con padres de familia -","isPartOf":{"@id":"https:\/\/luchonoticias.com\/editor\/#website"},"datePublished":"2022-11-29T14:04:10+00:00","dateModified":"2022-11-29T14:04:11+00:00","breadcrumb":{"@id":"https:\/\/luchonoticias.com\/editor\/huila-dentro-de-los-5-departamentos-con-pae-que-contratara-con-padres-de-familia\/#breadcrumb"},"inLanguage":"es","potentialAction":[{"@type":"ReadAction","target":["https:\/\/luchonoticias.com\/editor\/huila-dentro-de-los-5-departamentos-con-pae-que-contratara-con-padres-de-familia\/"]}]},{"@type":"BreadcrumbList","@id":"https:\/\/luchonoticias.com\/editor\/huila-dentro-de-los-5-departamentos-con-pae-que-contratara-con-padres-de-familia\/#breadcrumb","itemListElement":[{"@type":"ListItem","position":1,"name":"Portada","item":"https:\/\/luchonoticias.com\/editor\/"},{"@type":"ListItem","position":2,"name":"Huila dentro de los 5 departamentos con PAE que contratar\u00e1 con padres de familia"}]},{"@type":"WebSite","@id":"https:\/\/luchonoticias.com\/editor\/#website","url":"https:\/\/luchonoticias.com\/editor\/","name":"","description":"","publisher":{"@id":"https:\/\/luchonoticias.com\/editor\/#\/schema\/person\/7a7fd911f58561fd056dbac7b55af9cd"},"potentialAction":[{"@type":"SearchAction","target":{"@type":"EntryPoint","urlTemplate":"https:\/\/luchonoticias.com\/editor\/?s={search_term_string}"},"query-input":{"@type":"PropertyValueSpecification","valueRequired":true,"valueName":"search_term_string"}}],"inLanguage":"es"},{"@type":["Person","Organization"],"@id":"https:\/\/luchonoticias.com\/editor\/#\/schema\/person\/7a7fd911f58561fd056dbac7b55af9cd","name":"admin","image":{"@type":"ImageObject","inLanguage":"es","@id":"https:\/\/luchonoticias.com\/editor\/#\/schema\/person\/image\/","url":"https:\/\/luchonoticias.com\/editor\/wp-content\/uploads\/2024\/02\/cropped-cropped-logolu.webp","contentUrl":"https:\/\/luchonoticias.com\/editor\/wp-content\/uploads\/2024\/02\/cropped-cropped-logolu.webp","width":382,"height":170,"caption":"admin"},"logo":{"@id":"https:\/\/luchonoticias.com\/editor\/#\/schema\/person\/image\/"},"sameAs":["https:\/\/www.facebook.com\/luchonoticiasneiva"],"url":"https:\/\/luchonoticias.com\/editor\/author\/admin\/"}]}},"_links":{"self":[{"href":"https:\/\/luchonoticias.com\/editor\/wp-json\/wp\/v2\/posts\/40735","targetHints":{"allow":["GET"]}}],"collection":[{"href":"https:\/\/luchonoticias.com\/editor\/wp-json\/wp\/v2\/posts"}],"about":[{"href":"https:\/\/luchonoticias.com\/editor\/wp-json\/wp\/v2\/types\/post"}],"author":[{"embeddable":true,"href":"https:\/\/luchonoticias.com\/editor\/wp-json\/wp\/v2\/users\/1"}],"replies":[{"embeddable":true,"href":"https:\/\/luchonoticias.com\/editor\/wp-json\/wp\/v2\/comments?post=40735"}],"version-history":[{"count":0,"href":"https:\/\/luchonoticias.com\/editor\/wp-json\/wp\/v2\/posts\/40735\/revisions"}],"wp:attachment":[{"href":"https:\/\/luchonoticias.com\/editor\/wp-json\/wp\/v2\/media?parent=40735"}],"wp:term":[{"taxonomy":"category","embeddable":true,"href":"https:\/\/luchonoticias.com\/editor\/wp-json\/wp\/v2\/categories?post=40735"},{"taxonomy":"post_tag","embeddable":true,"href":"https:\/\/luchonoticias.com\/editor\/wp-json\/wp\/v2\/tags?post=40735"}],"curies":[{"name":"wp","href":"https:\/\/api.w.org\/{rel}","templated":true}]}}