{"id":40738,"date":"2022-11-29T09:17:22","date_gmt":"2022-11-29T14:17:22","guid":{"rendered":"https:\/\/luchonoticias.com\/?p=40738"},"modified":"2022-11-29T09:17:23","modified_gmt":"2022-11-29T14:17:23","slug":"avanza-el-esclarecimiento-de-9-homicidios-atribuidos-a-las-disidencias-de-las-farc-en-el-meta","status":"publish","type":"post","link":"https:\/\/luchonoticias.com\/editor\/avanza-el-esclarecimiento-de-9-homicidios-atribuidos-a-las-disidencias-de-las-farc-en-el-meta\/","title":{"rendered":"Avanza el esclarecimiento de 9 homicidios atribuidos a las disidencias de Las Farc en el Meta"},"content":{"rendered":"\n<p>La Fiscal\u00eda General de la Naci\u00f3n judicializ\u00f3 a dos de los se\u00f1alados articuladores de las actividades criminales de las disidencias de las Farc en el oriente del pa\u00eds, y avanz\u00f3 en el esclarecimiento de, por lo menos, nueve homicidios ocurridos durante el \u00faltimo a\u00f1o.<\/p>\n\n\n\n<p><strong>Aceptaci\u00f3n de cargo por terrorismo y homicidios<\/strong><\/p>\n\n\n\n<p>Inicialmente, fue presentado ante un juez de control de garant\u00edas Diego Ferney Molina Ram\u00edrez, alias Duver D\u00edaz. Este hombre fue capturado en marzo del a\u00f1o en curso y recibi\u00f3 media de aseguramiento en centro carcelario por ser uno de los presuntos cabecillas de la comisi\u00f3n Marco Aurelio Buend\u00eda del autodenominado frente Jorge Brice\u00f1o Su\u00e1rez.<\/p>\n\n\n\n<blockquote class=\"wp-block-quote is-layout-flow wp-block-quote-is-layout-flow\">\n<p>Esta vez, la Fiscal\u00eda lo vincul\u00f3 por nuevos hechos il\u00edcitos ocurridos entre finales de 2021 y 2022, estos son:<\/p>\n\n\n\n<p>\u2022 Atentado al Batall\u00f3n Pantano de Vargas del Ej\u00e9rcito Nacional, en Granada (Meta), que dej\u00f3 un civil y un soldado muertos, y nueve personas heridas, el 9 de febrero del a\u00f1o en curso. El material de prueba da cuenta de que alias Duver D\u00edaz, al parecer, adquiri\u00f3 46 barras de indugel y 10 detonadores, y se los entreg\u00f3 a las personas que armaron el artefacto, lo ocultaron en un saco con verduras y coordinaron el transporte en un mototaxi a la sede militar.<\/p>\n\n\n\n<p>\u2022 Homicidio de un hombre y su hijastro de 16 a\u00f1os, en la vereda El Triunfo, en Vista Hermosa (Meta), el 5 de febrero. Las v\u00edctimas habr\u00edan sido asesinadas en medio de se\u00f1alamientos de ser informantes de la fuerza p\u00fablica.<\/p>\n\n\n\n<p>\u2022 Crimen de los patrulleros Hermes Alberto Mora Guevara y Jos\u00e9 Edison Rivera garrido, en Lejan\u00edas (Meta), el 11 de enero. <\/p>\n\n\n\n<p>\u2022 Asesinato de un civil en la vereda Loma Linda, en Vista Hermosa (Meta), el 8 de diciembre<\/p>\n\n\n\n<p>de 2021.<\/p>\n\n\n\n<p>\u2022 Homicidios de los patrulleros V\u00edctor Alfonso Rojas Vargas y Kevin Esteban Guevara Barrios, en San Vicente del Cagu\u00e1n, el 16 de septiembre de 2021.<\/p>\n<\/blockquote>\n\n\n\n<figure class=\"wp-block-gallery has-nested-images columns-default is-cropped wp-block-gallery-1 is-layout-flex wp-block-gallery-is-layout-flex\">\n<figure class=\"wp-block-image size-large\"><img decoding=\"async\" data-id=\"40742\" src=\"https:\/\/luchonoticias.com\/wp-content\/uploads\/2022\/11\/WhatsApp-Image-2022-11-29-at-9.02.13-AM.jpeg\" alt=\"\" class=\"wp-image-40742\"\/><\/figure>\n\n\n\n<figure class=\"wp-block-image size-large\"><img decoding=\"async\" data-id=\"40743\" src=\"https:\/\/luchonoticias.com\/wp-content\/uploads\/2022\/11\/WhatsApp-Image-2022-11-29-at-9.02.12-AM.jpeg\" alt=\"\" class=\"wp-image-40743\"\/><\/figure>\n<\/figure>\n\n\n\n<p>Un fiscal de la Direcci\u00f3n Especializada contra las Organizaciones Criminales imput\u00f3 a alias Duver D\u00edaz los delitos de: homicidio agravado, concierto para delinquir agravado, terrorismo; fabricaci\u00f3n, tr\u00e1fico porte de armas, municiones de uso restringido, de uso privativo de las Fuerzas Armadas o explosivos; y fabricaci\u00f3n, tr\u00e1fico porte de armas, accesorios, partes o municiones.<\/p>\n\n\n\n<p>Ante la contundencia de la evidencia obtenida el procesado, de manera libre y voluntaria, acept\u00f3 los cargos y seguir\u00e1 privado de la libertad.<\/p>\n\n\n\n<p>De otra parte, en una acci\u00f3n conjunta de la Fiscal\u00eda, el Ej\u00e9rcito Nacional y la Polic\u00eda Nacional fue capturado Jhon Jairo Bejarano Gallego, alias Torres o El Gordo, quien ser\u00eda una de las personas cercanas a \u2018Duver D\u00edaz\u2019.<\/p>\n\n\n\n<p><strong>Cae \u2018Torres\u2019 o \u2018El Gordo\u2019<\/strong><\/p>\n\n\n\n<p>El material de prueba indica que tambi\u00e9n habr\u00eda participado en el homicidio de un hombre y su hijastro, en zona rural de Vista Hermosa (Meta). Alias Torres, al parecer, dispar\u00f3 indiscriminadamente contra las v\u00edctimas y les puso un cartel en el que indicaba que fueron asesinadas por ser supuestos informantes de la fuerza p\u00fablica y no acatar las \u00f3rdenes impartidas por las disidencias en la regi\u00f3n.<\/p>\n\n\n\n<figure class=\"wp-block-gallery has-nested-images columns-default is-cropped wp-block-gallery-2 is-layout-flex wp-block-gallery-is-layout-flex\">\n<figure class=\"wp-block-image size-large\"><img decoding=\"async\" data-id=\"40740\" src=\"https:\/\/luchonoticias.com\/wp-content\/uploads\/2022\/11\/WhatsApp-Image-2022-11-29-at-9.02.12-AM-1.jpeg\" alt=\"\" class=\"wp-image-40740\"\/><\/figure>\n\n\n\n<figure class=\"wp-block-image size-large\"><img decoding=\"async\" data-id=\"40741\" src=\"https:\/\/luchonoticias.com\/wp-content\/uploads\/2022\/11\/WhatsApp-Image-2022-11-29-at-9.02.11-AM-1024x574.jpeg\" alt=\"\" class=\"wp-image-40741\"\/><\/figure>\n<\/figure>\n\n\n\n<p>Adicionalmente, estar\u00eda involucrado en el cobro de extorsiones a comerciantes, ganaderos y empresarios, en medio de amenazas de muerte.<\/p>\n\n\n\n<p>Por estos hechos, la Fiscal\u00eda le imput\u00f3 los delitos de: homicidio agravado; concierto para delinquir agravado; fabricaci\u00f3n, trafico porte de armas, municiones de uso restringido, uso privativo de las Fuerzas Armadas o explosivos agravado; y fabricaci\u00f3n, tr\u00e1fico, porte o tenencia de armas de fuego, accesorios, partes o municiones. Alias Torres o El Gordo recibi\u00f3 medida de aseguramiento privativa de la libertad en centro carcelario.<\/p>\n","protected":false},"excerpt":{"rendered":"<p>La Fiscal\u00eda General de la Naci\u00f3n judicializ\u00f3 a dos de los se\u00f1alados articuladores de las actividades criminales de las disidencias de las Farc en el oriente del pa\u00eds, y avanz\u00f3 en el esclarecimiento de, por lo menos, nueve homicidios ocurridos durante el \u00faltimo a\u00f1o. Aceptaci\u00f3n de cargo por terrorismo y homicidios Inicialmente, fue presentado ante [&hellip;]<\/p>\n","protected":false},"author":1,"featured_media":0,"comment_status":"open","ping_status":"open","sticky":false,"template":"","format":"standard","meta":{"footnotes":""},"categories":[36,29],"tags":[],"class_list":["post-40738","post","type-post","status-publish","format-standard","hentry","category-destacado","category-judicial"],"yoast_head":"<!-- This site is optimized with the Yoast SEO plugin v26.6 - https:\/\/yoast.com\/wordpress\/plugins\/seo\/ -->\n<title>Avanza el esclarecimiento de 9 homicidios atribuidos a las disidencias de Las Farc en el Meta -<\/title>\n<meta name=\"robots\" content=\"index, follow, max-snippet:-1, max-image-preview:large, max-video-preview:-1\" \/>\n<link rel=\"canonical\" href=\"https:\/\/luchonoticias.com\/editor\/avanza-el-esclarecimiento-de-9-homicidios-atribuidos-a-las-disidencias-de-las-farc-en-el-meta\/\" \/>\n<meta property=\"og:locale\" content=\"es_ES\" \/>\n<meta property=\"og:type\" content=\"article\" \/>\n<meta property=\"og:title\" content=\"Avanza el esclarecimiento de 9 homicidios atribuidos a las disidencias de Las Farc en el Meta -\" \/>\n<meta property=\"og:url\" content=\"https:\/\/luchonoticias.com\/editor\/avanza-el-esclarecimiento-de-9-homicidios-atribuidos-a-las-disidencias-de-las-farc-en-el-meta\/\" \/>\n<meta property=\"article:publisher\" content=\"https:\/\/www.facebook.com\/luchonoticiasneiva\" \/>\n<meta property=\"article:author\" content=\"https:\/\/www.facebook.com\/luchonoticiasneiva\" \/>\n<meta property=\"article:published_time\" content=\"2022-11-29T14:17:22+00:00\" \/>\n<meta property=\"article:modified_time\" content=\"2022-11-29T14:17:23+00:00\" \/>\n<meta property=\"og:image\" content=\"https:\/\/luchonoticias.com\/wp-content\/uploads\/2022\/11\/WhatsApp-Image-2022-11-29-at-9.02.13-AM.jpeg\" \/>\n<meta name=\"author\" content=\"admin\" \/>\n<meta name=\"twitter:card\" content=\"summary_large_image\" \/>\n<meta name=\"twitter:label1\" content=\"Escrito por\" \/>\n\t<meta name=\"twitter:data1\" content=\"admin\" \/>\n\t<meta name=\"twitter:label2\" content=\"Tiempo de lectura\" \/>\n\t<meta name=\"twitter:data2\" content=\"3 minutos\" \/>\n<script type=\"application\/ld+json\" class=\"yoast-schema-graph\">{\"@context\":\"https:\/\/schema.org\",\"@graph\":[{\"@type\":\"Article\",\"@id\":\"https:\/\/luchonoticias.com\/editor\/avanza-el-esclarecimiento-de-9-homicidios-atribuidos-a-las-disidencias-de-las-farc-en-el-meta\/#article\",\"isPartOf\":{\"@id\":\"https:\/\/luchonoticias.com\/editor\/avanza-el-esclarecimiento-de-9-homicidios-atribuidos-a-las-disidencias-de-las-farc-en-el-meta\/\"},\"author\":{\"name\":\"admin\",\"@id\":\"https:\/\/luchonoticias.com\/editor\/#\/schema\/person\/7a7fd911f58561fd056dbac7b55af9cd\"},\"headline\":\"Avanza el esclarecimiento de 9 homicidios atribuidos a las disidencias de Las Farc en el Meta\",\"datePublished\":\"2022-11-29T14:17:22+00:00\",\"dateModified\":\"2022-11-29T14:17:23+00:00\",\"mainEntityOfPage\":{\"@id\":\"https:\/\/luchonoticias.com\/editor\/avanza-el-esclarecimiento-de-9-homicidios-atribuidos-a-las-disidencias-de-las-farc-en-el-meta\/\"},\"wordCount\":629,\"commentCount\":0,\"publisher\":{\"@id\":\"https:\/\/luchonoticias.com\/editor\/#\/schema\/person\/7a7fd911f58561fd056dbac7b55af9cd\"},\"image\":{\"@id\":\"https:\/\/luchonoticias.com\/editor\/avanza-el-esclarecimiento-de-9-homicidios-atribuidos-a-las-disidencias-de-las-farc-en-el-meta\/#primaryimage\"},\"thumbnailUrl\":\"https:\/\/luchonoticias.com\/wp-content\/uploads\/2022\/11\/WhatsApp-Image-2022-11-29-at-9.02.13-AM.jpeg\",\"articleSection\":[\"Destacado\",\"Judicial\"],\"inLanguage\":\"es\",\"potentialAction\":[{\"@type\":\"CommentAction\",\"name\":\"Comment\",\"target\":[\"https:\/\/luchonoticias.com\/editor\/avanza-el-esclarecimiento-de-9-homicidios-atribuidos-a-las-disidencias-de-las-farc-en-el-meta\/#respond\"]}]},{\"@type\":\"WebPage\",\"@id\":\"https:\/\/luchonoticias.com\/editor\/avanza-el-esclarecimiento-de-9-homicidios-atribuidos-a-las-disidencias-de-las-farc-en-el-meta\/\",\"url\":\"https:\/\/luchonoticias.com\/editor\/avanza-el-esclarecimiento-de-9-homicidios-atribuidos-a-las-disidencias-de-las-farc-en-el-meta\/\",\"name\":\"Avanza el esclarecimiento de 9 homicidios atribuidos a las disidencias de Las Farc en el Meta -\",\"isPartOf\":{\"@id\":\"https:\/\/luchonoticias.com\/editor\/#website\"},\"primaryImageOfPage\":{\"@id\":\"https:\/\/luchonoticias.com\/editor\/avanza-el-esclarecimiento-de-9-homicidios-atribuidos-a-las-disidencias-de-las-farc-en-el-meta\/#primaryimage\"},\"image\":{\"@id\":\"https:\/\/luchonoticias.com\/editor\/avanza-el-esclarecimiento-de-9-homicidios-atribuidos-a-las-disidencias-de-las-farc-en-el-meta\/#primaryimage\"},\"thumbnailUrl\":\"https:\/\/luchonoticias.com\/wp-content\/uploads\/2022\/11\/WhatsApp-Image-2022-11-29-at-9.02.13-AM.jpeg\",\"datePublished\":\"2022-11-29T14:17:22+00:00\",\"dateModified\":\"2022-11-29T14:17:23+00:00\",\"breadcrumb\":{\"@id\":\"https:\/\/luchonoticias.com\/editor\/avanza-el-esclarecimiento-de-9-homicidios-atribuidos-a-las-disidencias-de-las-farc-en-el-meta\/#breadcrumb\"},\"inLanguage\":\"es\",\"potentialAction\":[{\"@type\":\"ReadAction\",\"target\":[\"https:\/\/luchonoticias.com\/editor\/avanza-el-esclarecimiento-de-9-homicidios-atribuidos-a-las-disidencias-de-las-farc-en-el-meta\/\"]}]},{\"@type\":\"ImageObject\",\"inLanguage\":\"es\",\"@id\":\"https:\/\/luchonoticias.com\/editor\/avanza-el-esclarecimiento-de-9-homicidios-atribuidos-a-las-disidencias-de-las-farc-en-el-meta\/#primaryimage\",\"url\":\"https:\/\/luchonoticias.com\/wp-content\/uploads\/2022\/11\/WhatsApp-Image-2022-11-29-at-9.02.13-AM.jpeg\",\"contentUrl\":\"https:\/\/luchonoticias.com\/wp-content\/uploads\/2022\/11\/WhatsApp-Image-2022-11-29-at-9.02.13-AM.jpeg\"},{\"@type\":\"BreadcrumbList\",\"@id\":\"https:\/\/luchonoticias.com\/editor\/avanza-el-esclarecimiento-de-9-homicidios-atribuidos-a-las-disidencias-de-las-farc-en-el-meta\/#breadcrumb\",\"itemListElement\":[{\"@type\":\"ListItem\",\"position\":1,\"name\":\"Portada\",\"item\":\"https:\/\/luchonoticias.com\/editor\/\"},{\"@type\":\"ListItem\",\"position\":2,\"name\":\"Avanza el esclarecimiento de 9 homicidios atribuidos a las disidencias de Las Farc en el Meta\"}]},{\"@type\":\"WebSite\",\"@id\":\"https:\/\/luchonoticias.com\/editor\/#website\",\"url\":\"https:\/\/luchonoticias.com\/editor\/\",\"name\":\"\",\"description\":\"\",\"publisher\":{\"@id\":\"https:\/\/luchonoticias.com\/editor\/#\/schema\/person\/7a7fd911f58561fd056dbac7b55af9cd\"},\"potentialAction\":[{\"@type\":\"SearchAction\",\"target\":{\"@type\":\"EntryPoint\",\"urlTemplate\":\"https:\/\/luchonoticias.com\/editor\/?s={search_term_string}\"},\"query-input\":{\"@type\":\"PropertyValueSpecification\",\"valueRequired\":true,\"valueName\":\"search_term_string\"}}],\"inLanguage\":\"es\"},{\"@type\":[\"Person\",\"Organization\"],\"@id\":\"https:\/\/luchonoticias.com\/editor\/#\/schema\/person\/7a7fd911f58561fd056dbac7b55af9cd\",\"name\":\"admin\",\"image\":{\"@type\":\"ImageObject\",\"inLanguage\":\"es\",\"@id\":\"https:\/\/luchonoticias.com\/editor\/#\/schema\/person\/image\/\",\"url\":\"https:\/\/luchonoticias.com\/editor\/wp-content\/uploads\/2024\/02\/cropped-cropped-logolu.webp\",\"contentUrl\":\"https:\/\/luchonoticias.com\/editor\/wp-content\/uploads\/2024\/02\/cropped-cropped-logolu.webp\",\"width\":382,\"height\":170,\"caption\":\"admin\"},\"logo\":{\"@id\":\"https:\/\/luchonoticias.com\/editor\/#\/schema\/person\/image\/\"},\"sameAs\":[\"https:\/\/www.facebook.com\/luchonoticiasneiva\"],\"url\":\"https:\/\/luchonoticias.com\/editor\/author\/admin\/\"}]}<\/script>\n<!-- \/ Yoast SEO plugin. -->","yoast_head_json":{"title":"Avanza el esclarecimiento de 9 homicidios atribuidos a las disidencias de Las Farc en el Meta -","robots":{"index":"index","follow":"follow","max-snippet":"max-snippet:-1","max-image-preview":"max-image-preview:large","max-video-preview":"max-video-preview:-1"},"canonical":"https:\/\/luchonoticias.com\/editor\/avanza-el-esclarecimiento-de-9-homicidios-atribuidos-a-las-disidencias-de-las-farc-en-el-meta\/","og_locale":"es_ES","og_type":"article","og_title":"Avanza el esclarecimiento de 9 homicidios atribuidos a las disidencias de Las Farc en el Meta -","og_url":"https:\/\/luchonoticias.com\/editor\/avanza-el-esclarecimiento-de-9-homicidios-atribuidos-a-las-disidencias-de-las-farc-en-el-meta\/","article_publisher":"https:\/\/www.facebook.com\/luchonoticiasneiva","article_author":"https:\/\/www.facebook.com\/luchonoticiasneiva","article_published_time":"2022-11-29T14:17:22+00:00","article_modified_time":"2022-11-29T14:17:23+00:00","og_image":[{"url":"https:\/\/luchonoticias.com\/wp-content\/uploads\/2022\/11\/WhatsApp-Image-2022-11-29-at-9.02.13-AM.jpeg","type":"","width":"","height":""}],"author":"admin","twitter_card":"summary_large_image","twitter_misc":{"Escrito por":"admin","Tiempo de lectura":"3 minutos"},"schema":{"@context":"https:\/\/schema.org","@graph":[{"@type":"Article","@id":"https:\/\/luchonoticias.com\/editor\/avanza-el-esclarecimiento-de-9-homicidios-atribuidos-a-las-disidencias-de-las-farc-en-el-meta\/#article","isPartOf":{"@id":"https:\/\/luchonoticias.com\/editor\/avanza-el-esclarecimiento-de-9-homicidios-atribuidos-a-las-disidencias-de-las-farc-en-el-meta\/"},"author":{"name":"admin","@id":"https:\/\/luchonoticias.com\/editor\/#\/schema\/person\/7a7fd911f58561fd056dbac7b55af9cd"},"headline":"Avanza el esclarecimiento de 9 homicidios atribuidos a las disidencias de Las Farc en el Meta","datePublished":"2022-11-29T14:17:22+00:00","dateModified":"2022-11-29T14:17:23+00:00","mainEntityOfPage":{"@id":"https:\/\/luchonoticias.com\/editor\/avanza-el-esclarecimiento-de-9-homicidios-atribuidos-a-las-disidencias-de-las-farc-en-el-meta\/"},"wordCount":629,"commentCount":0,"publisher":{"@id":"https:\/\/luchonoticias.com\/editor\/#\/schema\/person\/7a7fd911f58561fd056dbac7b55af9cd"},"image":{"@id":"https:\/\/luchonoticias.com\/editor\/avanza-el-esclarecimiento-de-9-homicidios-atribuidos-a-las-disidencias-de-las-farc-en-el-meta\/#primaryimage"},"thumbnailUrl":"https:\/\/luchonoticias.com\/wp-content\/uploads\/2022\/11\/WhatsApp-Image-2022-11-29-at-9.02.13-AM.jpeg","articleSection":["Destacado","Judicial"],"inLanguage":"es","potentialAction":[{"@type":"CommentAction","name":"Comment","target":["https:\/\/luchonoticias.com\/editor\/avanza-el-esclarecimiento-de-9-homicidios-atribuidos-a-las-disidencias-de-las-farc-en-el-meta\/#respond"]}]},{"@type":"WebPage","@id":"https:\/\/luchonoticias.com\/editor\/avanza-el-esclarecimiento-de-9-homicidios-atribuidos-a-las-disidencias-de-las-farc-en-el-meta\/","url":"https:\/\/luchonoticias.com\/editor\/avanza-el-esclarecimiento-de-9-homicidios-atribuidos-a-las-disidencias-de-las-farc-en-el-meta\/","name":"Avanza el esclarecimiento de 9 homicidios atribuidos a las disidencias de Las Farc en el Meta -","isPartOf":{"@id":"https:\/\/luchonoticias.com\/editor\/#website"},"primaryImageOfPage":{"@id":"https:\/\/luchonoticias.com\/editor\/avanza-el-esclarecimiento-de-9-homicidios-atribuidos-a-las-disidencias-de-las-farc-en-el-meta\/#primaryimage"},"image":{"@id":"https:\/\/luchonoticias.com\/editor\/avanza-el-esclarecimiento-de-9-homicidios-atribuidos-a-las-disidencias-de-las-farc-en-el-meta\/#primaryimage"},"thumbnailUrl":"https:\/\/luchonoticias.com\/wp-content\/uploads\/2022\/11\/WhatsApp-Image-2022-11-29-at-9.02.13-AM.jpeg","datePublished":"2022-11-29T14:17:22+00:00","dateModified":"2022-11-29T14:17:23+00:00","breadcrumb":{"@id":"https:\/\/luchonoticias.com\/editor\/avanza-el-esclarecimiento-de-9-homicidios-atribuidos-a-las-disidencias-de-las-farc-en-el-meta\/#breadcrumb"},"inLanguage":"es","potentialAction":[{"@type":"ReadAction","target":["https:\/\/luchonoticias.com\/editor\/avanza-el-esclarecimiento-de-9-homicidios-atribuidos-a-las-disidencias-de-las-farc-en-el-meta\/"]}]},{"@type":"ImageObject","inLanguage":"es","@id":"https:\/\/luchonoticias.com\/editor\/avanza-el-esclarecimiento-de-9-homicidios-atribuidos-a-las-disidencias-de-las-farc-en-el-meta\/#primaryimage","url":"https:\/\/luchonoticias.com\/wp-content\/uploads\/2022\/11\/WhatsApp-Image-2022-11-29-at-9.02.13-AM.jpeg","contentUrl":"https:\/\/luchonoticias.com\/wp-content\/uploads\/2022\/11\/WhatsApp-Image-2022-11-29-at-9.02.13-AM.jpeg"},{"@type":"BreadcrumbList","@id":"https:\/\/luchonoticias.com\/editor\/avanza-el-esclarecimiento-de-9-homicidios-atribuidos-a-las-disidencias-de-las-farc-en-el-meta\/#breadcrumb","itemListElement":[{"@type":"ListItem","position":1,"name":"Portada","item":"https:\/\/luchonoticias.com\/editor\/"},{"@type":"ListItem","position":2,"name":"Avanza el esclarecimiento de 9 homicidios atribuidos a las disidencias de Las Farc en el Meta"}]},{"@type":"WebSite","@id":"https:\/\/luchonoticias.com\/editor\/#website","url":"https:\/\/luchonoticias.com\/editor\/","name":"","description":"","publisher":{"@id":"https:\/\/luchonoticias.com\/editor\/#\/schema\/person\/7a7fd911f58561fd056dbac7b55af9cd"},"potentialAction":[{"@type":"SearchAction","target":{"@type":"EntryPoint","urlTemplate":"https:\/\/luchonoticias.com\/editor\/?s={search_term_string}"},"query-input":{"@type":"PropertyValueSpecification","valueRequired":true,"valueName":"search_term_string"}}],"inLanguage":"es"},{"@type":["Person","Organization"],"@id":"https:\/\/luchonoticias.com\/editor\/#\/schema\/person\/7a7fd911f58561fd056dbac7b55af9cd","name":"admin","image":{"@type":"ImageObject","inLanguage":"es","@id":"https:\/\/luchonoticias.com\/editor\/#\/schema\/person\/image\/","url":"https:\/\/luchonoticias.com\/editor\/wp-content\/uploads\/2024\/02\/cropped-cropped-logolu.webp","contentUrl":"https:\/\/luchonoticias.com\/editor\/wp-content\/uploads\/2024\/02\/cropped-cropped-logolu.webp","width":382,"height":170,"caption":"admin"},"logo":{"@id":"https:\/\/luchonoticias.com\/editor\/#\/schema\/person\/image\/"},"sameAs":["https:\/\/www.facebook.com\/luchonoticiasneiva"],"url":"https:\/\/luchonoticias.com\/editor\/author\/admin\/"}]}},"_links":{"self":[{"href":"https:\/\/luchonoticias.com\/editor\/wp-json\/wp\/v2\/posts\/40738","targetHints":{"allow":["GET"]}}],"collection":[{"href":"https:\/\/luchonoticias.com\/editor\/wp-json\/wp\/v2\/posts"}],"about":[{"href":"https:\/\/luchonoticias.com\/editor\/wp-json\/wp\/v2\/types\/post"}],"author":[{"embeddable":true,"href":"https:\/\/luchonoticias.com\/editor\/wp-json\/wp\/v2\/users\/1"}],"replies":[{"embeddable":true,"href":"https:\/\/luchonoticias.com\/editor\/wp-json\/wp\/v2\/comments?post=40738"}],"version-history":[{"count":0,"href":"https:\/\/luchonoticias.com\/editor\/wp-json\/wp\/v2\/posts\/40738\/revisions"}],"wp:attachment":[{"href":"https:\/\/luchonoticias.com\/editor\/wp-json\/wp\/v2\/media?parent=40738"}],"wp:term":[{"taxonomy":"category","embeddable":true,"href":"https:\/\/luchonoticias.com\/editor\/wp-json\/wp\/v2\/categories?post=40738"},{"taxonomy":"post_tag","embeddable":true,"href":"https:\/\/luchonoticias.com\/editor\/wp-json\/wp\/v2\/tags?post=40738"}],"curies":[{"name":"wp","href":"https:\/\/api.w.org\/{rel}","templated":true}]}}