{"id":40752,"date":"2022-11-29T15:13:35","date_gmt":"2022-11-29T20:13:35","guid":{"rendered":"https:\/\/luchonoticias.com\/?p=40752"},"modified":"2022-11-29T15:13:36","modified_gmt":"2022-11-29T20:13:36","slug":"redada-contra-abusadores-sexuales-deja-6-capturados","status":"publish","type":"post","link":"https:\/\/luchonoticias.com\/editor\/redada-contra-abusadores-sexuales-deja-6-capturados\/","title":{"rendered":"Redada contra abusadores sexuales deja 6 capturados"},"content":{"rendered":"\n<p>&nbsp;La Polic\u00eda Metropolitana de Neiva, en desarrollo de actividades encaminadas a la Protecci\u00f3n y eliminaci\u00f3n de la violencia contra la mujer, logr\u00f3 la captura de 6 hombres, presuntamente vinculados con delitos contra la integridad sexual de cuatro ni\u00f1as menores de 14 a\u00f1os y dos mujeres de 21 y 39 a\u00f1os.&nbsp;<\/p>\n\n\n\n<p>\u201cEn un trabajo articulado de nuestros investigadores de la unidad B\u00e1sica de Investigaci\u00f3n Criminal de la Seccional de Protecci\u00f3n y Servicios Especiales, en coordinaci\u00f3n con la Seccional de Inteligencia y la Fiscal\u00eda General de la Naci\u00f3n con su Cuerpo T\u00e9cnico de Investigaci\u00f3n, se logra la captura de 6 personas, presuntamente responsables de delitos contra la integridad sexual de mujeres y ni\u00f1as en el \u00e1rea metropolitana\u201d, indicaron las autoridades en un comunicado.<\/p>\n\n\n\n<figure class=\"wp-block-image size-full\"><img decoding=\"async\" src=\"https:\/\/luchonoticias.com\/wp-content\/uploads\/2022\/11\/WhatsApp-Image-2022-11-29-at-2.31.56-PM.jpeg\" alt=\"\" class=\"wp-image-40761\"\/><\/figure>\n\n\n\n<p><strong>Capturados<\/strong><\/p>\n\n\n\n<p>1.Dualter Ram\u00edrez D\u00edaz, de 30 a\u00f1os de edad, residente en el barrio las Cristalinas de la comuna 8, el cual fue capturado por los delitos de Acceso Carnal Abusivo con menor de 14 a\u00f1os, Actos Sexuales abusivos con menor de 14 a\u00f1os, Demanda de explotaci\u00f3n sexual con menor de 18 a\u00f1os y Lesiones personales dolosas agravadas.<\/p>\n\n\n\n<p>De acuerdo al acervo probatorio recolectado por parte de nuestros investigadores, este individuo el pasado 21 de septiembre del a\u00f1o en curso, con enga\u00f1os, mentiras y aprovech\u00e1ndose de su cercan\u00eda a la familia de la menor, hace que una ni\u00f1a de 10 a\u00f1os se desplace con \u00e9l, hasta zona rural del municipio de Palermo, donde la somete a diferentes vej\u00e1menes sexuales, amenaz\u00e1ndola, golpe\u00e1ndola, accedi\u00e9ndola carnalmente y realizando actos sexuales violentos.\u00a0 Adem\u00e1s de las circunstancias antes narradas, este sujeto le ofrece una suma de dinero indeterminada, con el prop\u00f3sito de que guarde silencio con relaci\u00f3n a estos hechos.\u00a0<\/p>\n\n\n\n<figure class=\"wp-block-gallery has-nested-images columns-default is-cropped wp-block-gallery-1 is-layout-flex wp-block-gallery-is-layout-flex\">\n<figure class=\"wp-block-image size-large\"><img decoding=\"async\" data-id=\"40756\" src=\"https:\/\/luchonoticias.com\/wp-content\/uploads\/2022\/11\/WhatsApp-Image-2022-11-29-at-2.25.57-PM-1024x615.jpeg\" alt=\"\" class=\"wp-image-40756\"\/><\/figure>\n\n\n\n<figure class=\"wp-block-image size-large\"><img decoding=\"async\" data-id=\"40755\" src=\"https:\/\/luchonoticias.com\/wp-content\/uploads\/2022\/11\/WhatsApp-Image-2022-11-29-at-2.24.22-PM-1024x646.jpeg\" alt=\"\" class=\"wp-image-40755\"\/><\/figure>\n\n\n\n<figure class=\"wp-block-image size-large\"><img decoding=\"async\" data-id=\"40757\" src=\"https:\/\/luchonoticias.com\/wp-content\/uploads\/2022\/11\/WhatsApp-Image-2022-11-29-at-2.21.32-PM-1024x647.jpeg\" alt=\"\" class=\"wp-image-40757\"\/><\/figure>\n<\/figure>\n\n\n\n<p>2.Jose Jair Moreno Trujillo, de 37 a\u00f1os de edad residente en el municipio de Colombia, capturado mediante orden judicial por el delito de Acceso Carnal abusivo con menor de 14 a\u00f1os agravado.<\/p>\n\n\n\n<p>Este individuo, aprovech\u00e1ndose de la cercan\u00eda a la familia de una menor de 4 a\u00f1os de edad, en el mes de diciembre del a\u00f1o 2021, en una finca ubicada en sector rural del municipio de Colombia \u2013 Huila y en el mes de abril del a\u00f1o en curso, en zona urbana del municipio de Palermo; presuntamente abus\u00f3 sexualmente de la menor, a quien a trav\u00e9s de tocamientos con sus manos y miembro viril en su \u00e1rea genital, vulnera su integridad f\u00edsica, psicol\u00f3gica y sexual, en momentos en que se encontraba sola e indefensa en su lugar de residencia.<\/p>\n\n\n\n<p>3.Cesar Eduardo Cuellar de 43 a\u00f1os de edad, residente en el barrio Villa Constanza, requerido mediante orden judicial por los delitos de Acceso Carnal Abusivo con menor de 14 a\u00f1os agravado y Demanda de explotaci\u00f3n sexual con menor de 18 a\u00f1os.<\/p>\n\n\n\n<p>En desarrollo de la investigaci\u00f3n, se logra determinar c\u00f3mo este sujeto, quien presenta una sentencia condenatoria por el delito de lesiones culposas y actualmente, es indiciado en otra investigaci\u00f3n, por el delito de actos sexuales con menor de 14 a\u00f1os; el d\u00eda 18 de octubre de este a\u00f1o, siendo aproximadamente las 06:30 de la ma\u00f1ana, en momentos en que se movilizaba en un veh\u00edculo marca Renault Twingo, y aprovech\u00e1ndose de su cercan\u00eda a la familia, recoge a una menor de 12 a\u00f1os de edad en la comuna 3 de Neiva, donde metros m\u00e1s adelante, a trav\u00e9s de amenazas, la accede carnalmente, haci\u00e9ndole entrega posteriormente de un dinero para que guarde silencio con relaci\u00f3n a los hechos acontecidos previamente.\u00a0\u00a0<\/p>\n\n\n\n<figure class=\"wp-block-gallery has-nested-images columns-default is-cropped wp-block-gallery-2 is-layout-flex wp-block-gallery-is-layout-flex\">\n<figure class=\"wp-block-image size-large\"><img decoding=\"async\" data-id=\"40758\" src=\"https:\/\/luchonoticias.com\/wp-content\/uploads\/2022\/11\/WhatsApp-Image-2022-11-29-at-2.29.53-PM.jpeg\" alt=\"\" class=\"wp-image-40758\"\/><\/figure>\n\n\n\n<figure class=\"wp-block-image size-large\"><img decoding=\"async\" data-id=\"40759\" src=\"https:\/\/luchonoticias.com\/wp-content\/uploads\/2022\/11\/WhatsApp-Image-2022-11-29-at-2.28.38-PM.jpeg\" alt=\"\" class=\"wp-image-40759\"\/><\/figure>\n\n\n\n<figure class=\"wp-block-image size-large\"><img decoding=\"async\" data-id=\"40760\" src=\"https:\/\/luchonoticias.com\/wp-content\/uploads\/2022\/11\/WhatsApp-Image-2022-11-29-at-2.27.31-PM-1024x674.jpeg\" alt=\"\" class=\"wp-image-40760\"\/><\/figure>\n<\/figure>\n\n\n\n<p>4.Vitalino Ospina Linares, de 33 a\u00f1os de edad, residente en Rivera, capturado por los delitos de Violencia Intrafamiliar, Acceso Carnal Violento y Acto sexual violento; quien presenta dos registros como indiciado por los delitos de Violencia intrafamiliar y Porte ilegal de armas de fuego.<\/p>\n\n\n\n<p>Este individuo de manera sucesiva y sistem\u00e1tica ven\u00eda realizando actos de violencia sexual, f\u00edsica y psicol\u00f3gica contra su expareja sentimental desde el mes de junio del a\u00f1o 2020 a la fecha, produciendo maltrato a trav\u00e9s de golpes, palabras soeces y asfixia.&nbsp;&nbsp;<\/p>\n\n\n\n<p>Se indica adem\u00e1s que este sujeto, por sus constantes actos de agresi\u00f3n y violencia psicol\u00f3gica ejercida sobre la v\u00edctima, produjo el aborto de su bebe, en agosto del a\u00f1o 2020.<\/p>\n\n\n\n<p>El \u00faltimo hecho en el que se vio afectada la v\u00edctima, fue el d\u00eda 16 de octubre del a\u00f1o en curso, d\u00eda en el cual, es subida a un veh\u00edculo tipo cami\u00f3n por parte de este hombre, quien la intimida con un arma de fuego, efectuando tocamientos de manera violenta.<\/p>\n\n\n\n<p>5.Javier Quimbaya de 49 a\u00f1os de edad, residente en las Palmas, imputado por los delitos de Acceso Carnal Violento Agravado,&nbsp;&nbsp; Acto sexual violento Agravado y Violencia Intrafamiliar agravada<\/p>\n\n\n\n<p>El capturado, a trav\u00e9s de violencia sexual, f\u00edsica, psicol\u00f3gica y econ\u00f3mica, somet\u00eda a su expareja sentimental a diferentes vej\u00e1menes, logrando determinar en el proceso investigativo, c\u00f3mo en 13 eventos, haciendo uso de elementos corto punzantes, contundentes, pu\u00f1os y patadas, vulnero la integridad f\u00edsica y mental de esta mujer de 39 a\u00f1os de edad.<\/p>\n\n\n\n<p>Con su captura y de acuerdo a las circunstancias en que se estaban generando las diferentes agresiones por parte de este sujeto, evitamos que, posiblemente, se presentara un feminicidio en la ciudad.<\/p>\n\n\n\n<p>6.Hern\u00e1n Dar\u00edo Fern\u00e1ndez Vargas, de 28 a\u00f1os de edad, residente en el municipio de Rivera, capturado por el delito de Acceso Carnal Abusivo con menor de 14 a\u00f1os.&nbsp;<\/p>\n\n\n\n<p>La persona capturada, de acuerdo a los diferentes elementos materiales probatorios recolectados, presuntamente, aprovechando su cercan\u00eda con la familia, abus\u00f3 sexualmente de una menor de 10 a\u00f1os de edad, realizando acceso carnal violento en momentos en que la menor se encontraba sola en su residencia.<\/p>\n\n\n\n<p>Estos importantes resultados son fruto de un riguroso y juicioso trabajo investigativo adelantado por nuestros investigadores de la Seccional de Protecci\u00f3n y Servicios Especiales, en coordinaci\u00f3n con la Fiscal\u00eda General de la Naci\u00f3n, donde en un promedio de 2 meses, se realizaron: Inspecci\u00f3n al lugar de los hechos, Inspecci\u00f3n a lugar diferente al hecho, Fijaciones fotogr\u00e1ficas, An\u00e1lisis de video y fotogramas, Entrevistas forenses, B\u00fasqueda selectiva en bases de datos, Valoraci\u00f3n m\u00e9dico-legal, An\u00e1lisis bal\u00edstico, An\u00e1lisis de ADN, Cotejos decadactilares, Administraci\u00f3n de fuentes humanas y Reconocimiento en \u00e1lbum fotogr\u00e1fico; que permiti\u00f3 poner a buen recaudo de las autoridades a estos presuntos depredadores sexuales.&nbsp;<\/p>\n\n\n\n<p><strong>Medida de aseguramiento<\/strong><\/p>\n\n\n\n<p>Es preciso indicar que, una vez dejados a disposici\u00f3n, y ante el contundente acervo probatorio recolectado, a los 6 detenidos, un juez con funci\u00f3n de control de garant\u00edas determin\u00f3 cobijarlos con medida de aseguramiento en establecimiento carcelario.<\/p>\n\n\n\n<p><strong>Recomendaciones<\/strong><\/p>\n\n\n\n<p>La Polic\u00eda Metropolitana de Neiva invita a los padres de familia a estar atentos a los cambios comportamentales de los ni\u00f1os, con el fin de detectar de manera temprana cualquier signo de abuso.<\/p>\n\n\n\n<p>\u2022No deje los ni\u00f1os solos, ni al cuidado de personas extra\u00f1as.&nbsp;<\/p>\n\n\n\n<p>\u2022 Dialogue constantemente con ellos, y ante cualquier situaci\u00f3n de alerta, tome contacto con las autoridades.&nbsp;<\/p>\n\n\n\n<p>\u2022Ens\u00e9\u00f1ele a su hijo o hija, que existen partes del cuerpo \u00edntimas y fortalezca su autoestima.&nbsp;<\/p>\n\n\n\n<p>\u2022Ens\u00e9\u00f1ele a sus hijos a no aceptar \u2018regalos\u2019 a cambio de favores.<\/p>\n\n\n\n<p>\u2022Conozca y comun\u00edquese con las l\u00edneas de atenci\u00f3n 141 del Instituto Colombiano de Bienestar Familiar para la protecci\u00f3n de los derechos de los ni\u00f1os y ni\u00f1as, y la l\u00ednea 155 de orientaci\u00f3n en las rutas de atenci\u00f3n en violencia contra la mujer.&nbsp;&nbsp;<\/p>\n","protected":false},"excerpt":{"rendered":"<p>&nbsp;La Polic\u00eda Metropolitana de Neiva, en desarrollo de actividades encaminadas a la Protecci\u00f3n y eliminaci\u00f3n de la violencia contra la mujer, logr\u00f3 la captura de 6 hombres, presuntamente vinculados con delitos contra la integridad sexual de cuatro ni\u00f1as menores de 14 a\u00f1os y dos mujeres de 21 y 39 a\u00f1os.&nbsp; \u201cEn un trabajo articulado de [&hellip;]<\/p>\n","protected":false},"author":1,"featured_media":0,"comment_status":"open","ping_status":"open","sticky":false,"template":"","format":"standard","meta":{"footnotes":""},"categories":[36,29],"tags":[],"class_list":["post-40752","post","type-post","status-publish","format-standard","hentry","category-destacado","category-judicial"],"yoast_head":"<!-- This site is optimized with the Yoast SEO plugin v26.6 - https:\/\/yoast.com\/wordpress\/plugins\/seo\/ -->\n<title>Redada contra abusadores sexuales deja 6 capturados -<\/title>\n<meta name=\"robots\" content=\"index, follow, max-snippet:-1, max-image-preview:large, max-video-preview:-1\" \/>\n<link rel=\"canonical\" href=\"https:\/\/luchonoticias.com\/editor\/redada-contra-abusadores-sexuales-deja-6-capturados\/\" \/>\n<meta property=\"og:locale\" content=\"es_ES\" \/>\n<meta property=\"og:type\" content=\"article\" \/>\n<meta property=\"og:title\" content=\"Redada contra abusadores sexuales deja 6 capturados -\" \/>\n<meta property=\"og:url\" content=\"https:\/\/luchonoticias.com\/editor\/redada-contra-abusadores-sexuales-deja-6-capturados\/\" \/>\n<meta property=\"article:publisher\" content=\"https:\/\/www.facebook.com\/luchonoticiasneiva\" \/>\n<meta property=\"article:author\" content=\"https:\/\/www.facebook.com\/luchonoticiasneiva\" \/>\n<meta property=\"article:published_time\" content=\"2022-11-29T20:13:35+00:00\" \/>\n<meta property=\"article:modified_time\" content=\"2022-11-29T20:13:36+00:00\" \/>\n<meta property=\"og:image\" content=\"https:\/\/luchonoticias.com\/wp-content\/uploads\/2022\/11\/WhatsApp-Image-2022-11-29-at-2.31.56-PM.jpeg\" \/>\n<meta name=\"author\" content=\"admin\" \/>\n<meta name=\"twitter:card\" content=\"summary_large_image\" \/>\n<meta name=\"twitter:label1\" content=\"Escrito por\" \/>\n\t<meta name=\"twitter:data1\" content=\"admin\" \/>\n\t<meta name=\"twitter:label2\" content=\"Tiempo de lectura\" \/>\n\t<meta name=\"twitter:data2\" content=\"6 minutos\" \/>\n<script type=\"application\/ld+json\" class=\"yoast-schema-graph\">{\"@context\":\"https:\/\/schema.org\",\"@graph\":[{\"@type\":\"Article\",\"@id\":\"https:\/\/luchonoticias.com\/editor\/redada-contra-abusadores-sexuales-deja-6-capturados\/#article\",\"isPartOf\":{\"@id\":\"https:\/\/luchonoticias.com\/editor\/redada-contra-abusadores-sexuales-deja-6-capturados\/\"},\"author\":{\"name\":\"admin\",\"@id\":\"https:\/\/luchonoticias.com\/editor\/#\/schema\/person\/7a7fd911f58561fd056dbac7b55af9cd\"},\"headline\":\"Redada contra abusadores sexuales deja 6 capturados\",\"datePublished\":\"2022-11-29T20:13:35+00:00\",\"dateModified\":\"2022-11-29T20:13:36+00:00\",\"mainEntityOfPage\":{\"@id\":\"https:\/\/luchonoticias.com\/editor\/redada-contra-abusadores-sexuales-deja-6-capturados\/\"},\"wordCount\":1301,\"commentCount\":0,\"publisher\":{\"@id\":\"https:\/\/luchonoticias.com\/editor\/#\/schema\/person\/7a7fd911f58561fd056dbac7b55af9cd\"},\"image\":{\"@id\":\"https:\/\/luchonoticias.com\/editor\/redada-contra-abusadores-sexuales-deja-6-capturados\/#primaryimage\"},\"thumbnailUrl\":\"https:\/\/luchonoticias.com\/wp-content\/uploads\/2022\/11\/WhatsApp-Image-2022-11-29-at-2.31.56-PM.jpeg\",\"articleSection\":[\"Destacado\",\"Judicial\"],\"inLanguage\":\"es\",\"potentialAction\":[{\"@type\":\"CommentAction\",\"name\":\"Comment\",\"target\":[\"https:\/\/luchonoticias.com\/editor\/redada-contra-abusadores-sexuales-deja-6-capturados\/#respond\"]}]},{\"@type\":\"WebPage\",\"@id\":\"https:\/\/luchonoticias.com\/editor\/redada-contra-abusadores-sexuales-deja-6-capturados\/\",\"url\":\"https:\/\/luchonoticias.com\/editor\/redada-contra-abusadores-sexuales-deja-6-capturados\/\",\"name\":\"Redada contra abusadores sexuales deja 6 capturados -\",\"isPartOf\":{\"@id\":\"https:\/\/luchonoticias.com\/editor\/#website\"},\"primaryImageOfPage\":{\"@id\":\"https:\/\/luchonoticias.com\/editor\/redada-contra-abusadores-sexuales-deja-6-capturados\/#primaryimage\"},\"image\":{\"@id\":\"https:\/\/luchonoticias.com\/editor\/redada-contra-abusadores-sexuales-deja-6-capturados\/#primaryimage\"},\"thumbnailUrl\":\"https:\/\/luchonoticias.com\/wp-content\/uploads\/2022\/11\/WhatsApp-Image-2022-11-29-at-2.31.56-PM.jpeg\",\"datePublished\":\"2022-11-29T20:13:35+00:00\",\"dateModified\":\"2022-11-29T20:13:36+00:00\",\"breadcrumb\":{\"@id\":\"https:\/\/luchonoticias.com\/editor\/redada-contra-abusadores-sexuales-deja-6-capturados\/#breadcrumb\"},\"inLanguage\":\"es\",\"potentialAction\":[{\"@type\":\"ReadAction\",\"target\":[\"https:\/\/luchonoticias.com\/editor\/redada-contra-abusadores-sexuales-deja-6-capturados\/\"]}]},{\"@type\":\"ImageObject\",\"inLanguage\":\"es\",\"@id\":\"https:\/\/luchonoticias.com\/editor\/redada-contra-abusadores-sexuales-deja-6-capturados\/#primaryimage\",\"url\":\"https:\/\/luchonoticias.com\/wp-content\/uploads\/2022\/11\/WhatsApp-Image-2022-11-29-at-2.31.56-PM.jpeg\",\"contentUrl\":\"https:\/\/luchonoticias.com\/wp-content\/uploads\/2022\/11\/WhatsApp-Image-2022-11-29-at-2.31.56-PM.jpeg\"},{\"@type\":\"BreadcrumbList\",\"@id\":\"https:\/\/luchonoticias.com\/editor\/redada-contra-abusadores-sexuales-deja-6-capturados\/#breadcrumb\",\"itemListElement\":[{\"@type\":\"ListItem\",\"position\":1,\"name\":\"Portada\",\"item\":\"https:\/\/luchonoticias.com\/editor\/\"},{\"@type\":\"ListItem\",\"position\":2,\"name\":\"Redada contra abusadores sexuales deja 6 capturados\"}]},{\"@type\":\"WebSite\",\"@id\":\"https:\/\/luchonoticias.com\/editor\/#website\",\"url\":\"https:\/\/luchonoticias.com\/editor\/\",\"name\":\"\",\"description\":\"\",\"publisher\":{\"@id\":\"https:\/\/luchonoticias.com\/editor\/#\/schema\/person\/7a7fd911f58561fd056dbac7b55af9cd\"},\"potentialAction\":[{\"@type\":\"SearchAction\",\"target\":{\"@type\":\"EntryPoint\",\"urlTemplate\":\"https:\/\/luchonoticias.com\/editor\/?s={search_term_string}\"},\"query-input\":{\"@type\":\"PropertyValueSpecification\",\"valueRequired\":true,\"valueName\":\"search_term_string\"}}],\"inLanguage\":\"es\"},{\"@type\":[\"Person\",\"Organization\"],\"@id\":\"https:\/\/luchonoticias.com\/editor\/#\/schema\/person\/7a7fd911f58561fd056dbac7b55af9cd\",\"name\":\"admin\",\"image\":{\"@type\":\"ImageObject\",\"inLanguage\":\"es\",\"@id\":\"https:\/\/luchonoticias.com\/editor\/#\/schema\/person\/image\/\",\"url\":\"https:\/\/luchonoticias.com\/editor\/wp-content\/uploads\/2024\/02\/cropped-cropped-logolu.webp\",\"contentUrl\":\"https:\/\/luchonoticias.com\/editor\/wp-content\/uploads\/2024\/02\/cropped-cropped-logolu.webp\",\"width\":382,\"height\":170,\"caption\":\"admin\"},\"logo\":{\"@id\":\"https:\/\/luchonoticias.com\/editor\/#\/schema\/person\/image\/\"},\"sameAs\":[\"https:\/\/www.facebook.com\/luchonoticiasneiva\"],\"url\":\"https:\/\/luchonoticias.com\/editor\/author\/admin\/\"}]}<\/script>\n<!-- \/ Yoast SEO plugin. -->","yoast_head_json":{"title":"Redada contra abusadores sexuales deja 6 capturados -","robots":{"index":"index","follow":"follow","max-snippet":"max-snippet:-1","max-image-preview":"max-image-preview:large","max-video-preview":"max-video-preview:-1"},"canonical":"https:\/\/luchonoticias.com\/editor\/redada-contra-abusadores-sexuales-deja-6-capturados\/","og_locale":"es_ES","og_type":"article","og_title":"Redada contra abusadores sexuales deja 6 capturados -","og_url":"https:\/\/luchonoticias.com\/editor\/redada-contra-abusadores-sexuales-deja-6-capturados\/","article_publisher":"https:\/\/www.facebook.com\/luchonoticiasneiva","article_author":"https:\/\/www.facebook.com\/luchonoticiasneiva","article_published_time":"2022-11-29T20:13:35+00:00","article_modified_time":"2022-11-29T20:13:36+00:00","og_image":[{"url":"https:\/\/luchonoticias.com\/wp-content\/uploads\/2022\/11\/WhatsApp-Image-2022-11-29-at-2.31.56-PM.jpeg","type":"","width":"","height":""}],"author":"admin","twitter_card":"summary_large_image","twitter_misc":{"Escrito por":"admin","Tiempo de lectura":"6 minutos"},"schema":{"@context":"https:\/\/schema.org","@graph":[{"@type":"Article","@id":"https:\/\/luchonoticias.com\/editor\/redada-contra-abusadores-sexuales-deja-6-capturados\/#article","isPartOf":{"@id":"https:\/\/luchonoticias.com\/editor\/redada-contra-abusadores-sexuales-deja-6-capturados\/"},"author":{"name":"admin","@id":"https:\/\/luchonoticias.com\/editor\/#\/schema\/person\/7a7fd911f58561fd056dbac7b55af9cd"},"headline":"Redada contra abusadores sexuales deja 6 capturados","datePublished":"2022-11-29T20:13:35+00:00","dateModified":"2022-11-29T20:13:36+00:00","mainEntityOfPage":{"@id":"https:\/\/luchonoticias.com\/editor\/redada-contra-abusadores-sexuales-deja-6-capturados\/"},"wordCount":1301,"commentCount":0,"publisher":{"@id":"https:\/\/luchonoticias.com\/editor\/#\/schema\/person\/7a7fd911f58561fd056dbac7b55af9cd"},"image":{"@id":"https:\/\/luchonoticias.com\/editor\/redada-contra-abusadores-sexuales-deja-6-capturados\/#primaryimage"},"thumbnailUrl":"https:\/\/luchonoticias.com\/wp-content\/uploads\/2022\/11\/WhatsApp-Image-2022-11-29-at-2.31.56-PM.jpeg","articleSection":["Destacado","Judicial"],"inLanguage":"es","potentialAction":[{"@type":"CommentAction","name":"Comment","target":["https:\/\/luchonoticias.com\/editor\/redada-contra-abusadores-sexuales-deja-6-capturados\/#respond"]}]},{"@type":"WebPage","@id":"https:\/\/luchonoticias.com\/editor\/redada-contra-abusadores-sexuales-deja-6-capturados\/","url":"https:\/\/luchonoticias.com\/editor\/redada-contra-abusadores-sexuales-deja-6-capturados\/","name":"Redada contra abusadores sexuales deja 6 capturados -","isPartOf":{"@id":"https:\/\/luchonoticias.com\/editor\/#website"},"primaryImageOfPage":{"@id":"https:\/\/luchonoticias.com\/editor\/redada-contra-abusadores-sexuales-deja-6-capturados\/#primaryimage"},"image":{"@id":"https:\/\/luchonoticias.com\/editor\/redada-contra-abusadores-sexuales-deja-6-capturados\/#primaryimage"},"thumbnailUrl":"https:\/\/luchonoticias.com\/wp-content\/uploads\/2022\/11\/WhatsApp-Image-2022-11-29-at-2.31.56-PM.jpeg","datePublished":"2022-11-29T20:13:35+00:00","dateModified":"2022-11-29T20:13:36+00:00","breadcrumb":{"@id":"https:\/\/luchonoticias.com\/editor\/redada-contra-abusadores-sexuales-deja-6-capturados\/#breadcrumb"},"inLanguage":"es","potentialAction":[{"@type":"ReadAction","target":["https:\/\/luchonoticias.com\/editor\/redada-contra-abusadores-sexuales-deja-6-capturados\/"]}]},{"@type":"ImageObject","inLanguage":"es","@id":"https:\/\/luchonoticias.com\/editor\/redada-contra-abusadores-sexuales-deja-6-capturados\/#primaryimage","url":"https:\/\/luchonoticias.com\/wp-content\/uploads\/2022\/11\/WhatsApp-Image-2022-11-29-at-2.31.56-PM.jpeg","contentUrl":"https:\/\/luchonoticias.com\/wp-content\/uploads\/2022\/11\/WhatsApp-Image-2022-11-29-at-2.31.56-PM.jpeg"},{"@type":"BreadcrumbList","@id":"https:\/\/luchonoticias.com\/editor\/redada-contra-abusadores-sexuales-deja-6-capturados\/#breadcrumb","itemListElement":[{"@type":"ListItem","position":1,"name":"Portada","item":"https:\/\/luchonoticias.com\/editor\/"},{"@type":"ListItem","position":2,"name":"Redada contra abusadores sexuales deja 6 capturados"}]},{"@type":"WebSite","@id":"https:\/\/luchonoticias.com\/editor\/#website","url":"https:\/\/luchonoticias.com\/editor\/","name":"","description":"","publisher":{"@id":"https:\/\/luchonoticias.com\/editor\/#\/schema\/person\/7a7fd911f58561fd056dbac7b55af9cd"},"potentialAction":[{"@type":"SearchAction","target":{"@type":"EntryPoint","urlTemplate":"https:\/\/luchonoticias.com\/editor\/?s={search_term_string}"},"query-input":{"@type":"PropertyValueSpecification","valueRequired":true,"valueName":"search_term_string"}}],"inLanguage":"es"},{"@type":["Person","Organization"],"@id":"https:\/\/luchonoticias.com\/editor\/#\/schema\/person\/7a7fd911f58561fd056dbac7b55af9cd","name":"admin","image":{"@type":"ImageObject","inLanguage":"es","@id":"https:\/\/luchonoticias.com\/editor\/#\/schema\/person\/image\/","url":"https:\/\/luchonoticias.com\/editor\/wp-content\/uploads\/2024\/02\/cropped-cropped-logolu.webp","contentUrl":"https:\/\/luchonoticias.com\/editor\/wp-content\/uploads\/2024\/02\/cropped-cropped-logolu.webp","width":382,"height":170,"caption":"admin"},"logo":{"@id":"https:\/\/luchonoticias.com\/editor\/#\/schema\/person\/image\/"},"sameAs":["https:\/\/www.facebook.com\/luchonoticiasneiva"],"url":"https:\/\/luchonoticias.com\/editor\/author\/admin\/"}]}},"_links":{"self":[{"href":"https:\/\/luchonoticias.com\/editor\/wp-json\/wp\/v2\/posts\/40752","targetHints":{"allow":["GET"]}}],"collection":[{"href":"https:\/\/luchonoticias.com\/editor\/wp-json\/wp\/v2\/posts"}],"about":[{"href":"https:\/\/luchonoticias.com\/editor\/wp-json\/wp\/v2\/types\/post"}],"author":[{"embeddable":true,"href":"https:\/\/luchonoticias.com\/editor\/wp-json\/wp\/v2\/users\/1"}],"replies":[{"embeddable":true,"href":"https:\/\/luchonoticias.com\/editor\/wp-json\/wp\/v2\/comments?post=40752"}],"version-history":[{"count":0,"href":"https:\/\/luchonoticias.com\/editor\/wp-json\/wp\/v2\/posts\/40752\/revisions"}],"wp:attachment":[{"href":"https:\/\/luchonoticias.com\/editor\/wp-json\/wp\/v2\/media?parent=40752"}],"wp:term":[{"taxonomy":"category","embeddable":true,"href":"https:\/\/luchonoticias.com\/editor\/wp-json\/wp\/v2\/categories?post=40752"},{"taxonomy":"post_tag","embeddable":true,"href":"https:\/\/luchonoticias.com\/editor\/wp-json\/wp\/v2\/tags?post=40752"}],"curies":[{"name":"wp","href":"https:\/\/api.w.org\/{rel}","templated":true}]}}