{"id":40763,"date":"2022-11-29T15:18:51","date_gmt":"2022-11-29T20:18:51","guid":{"rendered":"https:\/\/luchonoticias.com\/?p=40763"},"modified":"2022-11-29T15:18:52","modified_gmt":"2022-11-29T20:18:52","slug":"unesco-reconocio-como-patrimonio-cultural-inmaterial-de-la-humanidad-a-los-pueblos-indigenas-de-la-sierra-nevada-de-santa-marta","status":"publish","type":"post","link":"https:\/\/luchonoticias.com\/editor\/unesco-reconocio-como-patrimonio-cultural-inmaterial-de-la-humanidad-a-los-pueblos-indigenas-de-la-sierra-nevada-de-santa-marta\/","title":{"rendered":"Unesco reconoci\u00f3 como patrimonio cultural inmaterial de la humanidad a los pueblos ind\u00edgenas de la Sierra Nevada de Santa Marta"},"content":{"rendered":"\n<p>La Organizaci\u00f3n de las Naciones Unidas para la Educaci\u00f3n, la Ciencia y la Cultura (Unesco) reconoci\u00f3 este martes como patrimonio cultural inmaterial de la humanidad al Sistema de Conocimiento Ancestral de los cuatro pueblos ind\u00edgenas de la Sierra Nevada de Santa Marta: Kogui, Wiwa, Arhuaco y Kankuamo.<\/p>\n\n\n\n<p>\u201cCelebramos el reconocimiento como patrimonio cultural inmaterial de la humanidad del Sistema de Conocimiento Ancestral de los cuatro pueblos ind\u00edgenas de la Sierra Nevada. El legado invaluable de estos saberes, que ha sido transmitido de generaci\u00f3n en generaci\u00f3n, permite el di\u00e1logo entre el ser humano y la naturaleza, la coexistencia sostenible en el ecosistema de la Sierra Nevada de Santa Marta y aporta a la protecci\u00f3n y salvaguardia del medio ambiente del pa\u00eds y del mundo\u201d, resalt\u00f3 la Ministra de Cultura, Patricia Ariza.<\/p>\n\n\n\n<p>El anuncio de la Unesco fue hecho en el marco de la sesi\u00f3n n\u00famero 17 del Comit\u00e9 Intergubernamental de Patrimonio Cultural Inmaterial de la Unesco, que se realiza en la capital de Marruecos hasta el pr\u00f3ximo 2 de diciembre.<\/p>\n\n\n\n<p>El Sistema de Conocimiento Ancestral, que abarca los mandatos sagrados que sustentan la existencia de estos cuatro pueblos en armon\u00eda con el universo tanto f\u00edsico como espiritual, se basa en la Ley de Origen, la cual contiene diversos c\u00f3digos de ense\u00f1anza, aprendizaje y comportamiento.<\/p>\n\n\n\n<p>La Ley de Origen se materializa en la Sierra Nevada con el calendario ecol\u00f3gico, los sitios sagrados, los rituales de bautizo, el matrimonio y las retribuciones a los poderes espirituales que se expresan en las plantas y animales.<\/p>\n\n\n\n<p>Asimismo, los bailes y danzas tradicionales son otras formas de comunicaci\u00f3n espiritual con cada uno de los elementos de la naturaleza como lo establece la Ley de Origen. Esta sabidur\u00eda ancestral juega un papel fundamental en garantizar la protecci\u00f3n del ecosistema de la Sierra Nevada para evitar la p\u00e9rdida de la identidad cultural de los cuatro pueblos.<\/p>\n\n\n\n<figure class=\"wp-block-image size-large\"><img decoding=\"async\" src=\"https:\/\/luchonoticias.com\/wp-content\/uploads\/2022\/11\/221129-Unesco-Sierra-Nevada-1-1280-1024x576.png\" alt=\"\" class=\"wp-image-40765\"\/><\/figure>\n\n\n\n<p><strong>Hermanos de la naturaleza<\/strong><\/p>\n\n\n\n<p>Al respecto, la Embajadora Representante Permanente de Colombia ante la Organizaci\u00f3n de las Naciones Unidas (ONU), Leonor Zalabata, explic\u00f3 que \u201cla Ley de Origen es un sistema de conocimientos que nos hacen sentir de lo tangible de ser personas a lo intangible del esp\u00edritu que nos une con otros seres vivos como las plantas, los animales que tambi\u00e9n tienen su propio esp\u00edritu\u201d.<\/p>\n\n\n\n<p>A rengl\u00f3n seguido, la Embajadora agreg\u00f3: \u201cTenemos capacidad realmente de reconocernos como hermanos de la naturaleza y no solamente un ser superior al resto de vidas que tiene la tierra y que tiene el universo\u201d.<\/p>\n\n\n\n<p>El expediente, que se present\u00f3 a la Unesco para solicitar la inscripci\u00f3n en la Lista Representativa de Patrimonio Cultural Inmaterial de la Humanidad, fue desarrollado con el liderazgo de los cuatros pueblos ind\u00edgenas de la Sierra Nevada y el acompa\u00f1amiento t\u00e9cnico del Ministerio de Cultura, el Ministerio de Relaciones Exteriores y la Gobernaci\u00f3n del Magdalena.<\/p>\n\n\n\n<p>Cabe recordar que Colombia cuenta actualmente con la Lista Representativa de Patrimonio Cultural Inmaterial del \u00e1mbito nacional, conformada por 28 manifestaciones, 11 de ellas incluidas en las Listas de Patrimonio Cultural Inmaterial y registro de buenas pr\u00e1cticas de la Unesco.<\/p>\n\n\n\n<p>En tal sentido, hacen parte de estas manifestaciones el Espacio Cultural de San Basilio de Palenque, el Carnaval de Negros y Blancos, el Barniz de Pasto o Mopa \u2013 Mopa y a partir de hoy, el Sistema de Conocimiento Ancestral de los cuatro pueblos ind\u00edgenas de la Sierra Nevada de Santa Marta.<\/p>\n","protected":false},"excerpt":{"rendered":"<p>La Organizaci\u00f3n de las Naciones Unidas para la Educaci\u00f3n, la Ciencia y la Cultura (Unesco) reconoci\u00f3 este martes como patrimonio cultural inmaterial de la humanidad al Sistema de Conocimiento Ancestral de los cuatro pueblos ind\u00edgenas de la Sierra Nevada de Santa Marta: Kogui, Wiwa, Arhuaco y Kankuamo. \u201cCelebramos el reconocimiento como patrimonio cultural inmaterial de [&hellip;]<\/p>\n","protected":false},"author":1,"featured_media":0,"comment_status":"open","ping_status":"open","sticky":false,"template":"","format":"standard","meta":{"footnotes":""},"categories":[28,36],"tags":[],"class_list":["post-40763","post","type-post","status-publish","format-standard","hentry","category-actualidad","category-destacado"],"yoast_head":"<!-- This site is optimized with the Yoast SEO plugin v26.6 - https:\/\/yoast.com\/wordpress\/plugins\/seo\/ -->\n<title>Unesco reconoci\u00f3 como patrimonio cultural inmaterial de la humanidad a los pueblos ind\u00edgenas de la Sierra Nevada de Santa Marta -<\/title>\n<meta name=\"robots\" content=\"index, follow, max-snippet:-1, max-image-preview:large, max-video-preview:-1\" \/>\n<link rel=\"canonical\" href=\"https:\/\/luchonoticias.com\/editor\/unesco-reconocio-como-patrimonio-cultural-inmaterial-de-la-humanidad-a-los-pueblos-indigenas-de-la-sierra-nevada-de-santa-marta\/\" \/>\n<meta property=\"og:locale\" content=\"es_ES\" \/>\n<meta property=\"og:type\" content=\"article\" \/>\n<meta property=\"og:title\" content=\"Unesco reconoci\u00f3 como patrimonio cultural inmaterial de la humanidad a los pueblos ind\u00edgenas de la Sierra Nevada de Santa Marta -\" \/>\n<meta property=\"og:url\" content=\"https:\/\/luchonoticias.com\/editor\/unesco-reconocio-como-patrimonio-cultural-inmaterial-de-la-humanidad-a-los-pueblos-indigenas-de-la-sierra-nevada-de-santa-marta\/\" \/>\n<meta property=\"article:publisher\" content=\"https:\/\/www.facebook.com\/luchonoticiasneiva\" \/>\n<meta property=\"article:author\" content=\"https:\/\/www.facebook.com\/luchonoticiasneiva\" \/>\n<meta property=\"article:published_time\" content=\"2022-11-29T20:18:51+00:00\" \/>\n<meta property=\"article:modified_time\" content=\"2022-11-29T20:18:52+00:00\" \/>\n<meta property=\"og:image\" content=\"https:\/\/luchonoticias.com\/wp-content\/uploads\/2022\/11\/221129-Unesco-Sierra-Nevada-1-1280-1024x576.png\" \/>\n<meta name=\"author\" content=\"admin\" \/>\n<meta name=\"twitter:card\" content=\"summary_large_image\" \/>\n<meta name=\"twitter:label1\" content=\"Escrito por\" \/>\n\t<meta name=\"twitter:data1\" content=\"admin\" \/>\n\t<meta name=\"twitter:label2\" content=\"Tiempo de lectura\" \/>\n\t<meta name=\"twitter:data2\" content=\"3 minutos\" \/>\n<script type=\"application\/ld+json\" class=\"yoast-schema-graph\">{\"@context\":\"https:\/\/schema.org\",\"@graph\":[{\"@type\":\"Article\",\"@id\":\"https:\/\/luchonoticias.com\/editor\/unesco-reconocio-como-patrimonio-cultural-inmaterial-de-la-humanidad-a-los-pueblos-indigenas-de-la-sierra-nevada-de-santa-marta\/#article\",\"isPartOf\":{\"@id\":\"https:\/\/luchonoticias.com\/editor\/unesco-reconocio-como-patrimonio-cultural-inmaterial-de-la-humanidad-a-los-pueblos-indigenas-de-la-sierra-nevada-de-santa-marta\/\"},\"author\":{\"name\":\"admin\",\"@id\":\"https:\/\/luchonoticias.com\/editor\/#\/schema\/person\/7a7fd911f58561fd056dbac7b55af9cd\"},\"headline\":\"Unesco reconoci\u00f3 como patrimonio cultural inmaterial de la humanidad a los pueblos ind\u00edgenas de la Sierra Nevada de Santa Marta\",\"datePublished\":\"2022-11-29T20:18:51+00:00\",\"dateModified\":\"2022-11-29T20:18:52+00:00\",\"mainEntityOfPage\":{\"@id\":\"https:\/\/luchonoticias.com\/editor\/unesco-reconocio-como-patrimonio-cultural-inmaterial-de-la-humanidad-a-los-pueblos-indigenas-de-la-sierra-nevada-de-santa-marta\/\"},\"wordCount\":605,\"commentCount\":0,\"publisher\":{\"@id\":\"https:\/\/luchonoticias.com\/editor\/#\/schema\/person\/7a7fd911f58561fd056dbac7b55af9cd\"},\"image\":{\"@id\":\"https:\/\/luchonoticias.com\/editor\/unesco-reconocio-como-patrimonio-cultural-inmaterial-de-la-humanidad-a-los-pueblos-indigenas-de-la-sierra-nevada-de-santa-marta\/#primaryimage\"},\"thumbnailUrl\":\"https:\/\/luchonoticias.com\/wp-content\/uploads\/2022\/11\/221129-Unesco-Sierra-Nevada-1-1280-1024x576.png\",\"articleSection\":[\"Actualidad\",\"Destacado\"],\"inLanguage\":\"es\",\"potentialAction\":[{\"@type\":\"CommentAction\",\"name\":\"Comment\",\"target\":[\"https:\/\/luchonoticias.com\/editor\/unesco-reconocio-como-patrimonio-cultural-inmaterial-de-la-humanidad-a-los-pueblos-indigenas-de-la-sierra-nevada-de-santa-marta\/#respond\"]}]},{\"@type\":\"WebPage\",\"@id\":\"https:\/\/luchonoticias.com\/editor\/unesco-reconocio-como-patrimonio-cultural-inmaterial-de-la-humanidad-a-los-pueblos-indigenas-de-la-sierra-nevada-de-santa-marta\/\",\"url\":\"https:\/\/luchonoticias.com\/editor\/unesco-reconocio-como-patrimonio-cultural-inmaterial-de-la-humanidad-a-los-pueblos-indigenas-de-la-sierra-nevada-de-santa-marta\/\",\"name\":\"Unesco reconoci\u00f3 como patrimonio cultural inmaterial de la humanidad a los pueblos ind\u00edgenas de la Sierra Nevada de Santa Marta -\",\"isPartOf\":{\"@id\":\"https:\/\/luchonoticias.com\/editor\/#website\"},\"primaryImageOfPage\":{\"@id\":\"https:\/\/luchonoticias.com\/editor\/unesco-reconocio-como-patrimonio-cultural-inmaterial-de-la-humanidad-a-los-pueblos-indigenas-de-la-sierra-nevada-de-santa-marta\/#primaryimage\"},\"image\":{\"@id\":\"https:\/\/luchonoticias.com\/editor\/unesco-reconocio-como-patrimonio-cultural-inmaterial-de-la-humanidad-a-los-pueblos-indigenas-de-la-sierra-nevada-de-santa-marta\/#primaryimage\"},\"thumbnailUrl\":\"https:\/\/luchonoticias.com\/wp-content\/uploads\/2022\/11\/221129-Unesco-Sierra-Nevada-1-1280-1024x576.png\",\"datePublished\":\"2022-11-29T20:18:51+00:00\",\"dateModified\":\"2022-11-29T20:18:52+00:00\",\"breadcrumb\":{\"@id\":\"https:\/\/luchonoticias.com\/editor\/unesco-reconocio-como-patrimonio-cultural-inmaterial-de-la-humanidad-a-los-pueblos-indigenas-de-la-sierra-nevada-de-santa-marta\/#breadcrumb\"},\"inLanguage\":\"es\",\"potentialAction\":[{\"@type\":\"ReadAction\",\"target\":[\"https:\/\/luchonoticias.com\/editor\/unesco-reconocio-como-patrimonio-cultural-inmaterial-de-la-humanidad-a-los-pueblos-indigenas-de-la-sierra-nevada-de-santa-marta\/\"]}]},{\"@type\":\"ImageObject\",\"inLanguage\":\"es\",\"@id\":\"https:\/\/luchonoticias.com\/editor\/unesco-reconocio-como-patrimonio-cultural-inmaterial-de-la-humanidad-a-los-pueblos-indigenas-de-la-sierra-nevada-de-santa-marta\/#primaryimage\",\"url\":\"https:\/\/luchonoticias.com\/wp-content\/uploads\/2022\/11\/221129-Unesco-Sierra-Nevada-1-1280-1024x576.png\",\"contentUrl\":\"https:\/\/luchonoticias.com\/wp-content\/uploads\/2022\/11\/221129-Unesco-Sierra-Nevada-1-1280-1024x576.png\"},{\"@type\":\"BreadcrumbList\",\"@id\":\"https:\/\/luchonoticias.com\/editor\/unesco-reconocio-como-patrimonio-cultural-inmaterial-de-la-humanidad-a-los-pueblos-indigenas-de-la-sierra-nevada-de-santa-marta\/#breadcrumb\",\"itemListElement\":[{\"@type\":\"ListItem\",\"position\":1,\"name\":\"Portada\",\"item\":\"https:\/\/luchonoticias.com\/editor\/\"},{\"@type\":\"ListItem\",\"position\":2,\"name\":\"Unesco reconoci\u00f3 como patrimonio cultural inmaterial de la humanidad a los pueblos ind\u00edgenas de la Sierra Nevada de Santa Marta\"}]},{\"@type\":\"WebSite\",\"@id\":\"https:\/\/luchonoticias.com\/editor\/#website\",\"url\":\"https:\/\/luchonoticias.com\/editor\/\",\"name\":\"\",\"description\":\"\",\"publisher\":{\"@id\":\"https:\/\/luchonoticias.com\/editor\/#\/schema\/person\/7a7fd911f58561fd056dbac7b55af9cd\"},\"potentialAction\":[{\"@type\":\"SearchAction\",\"target\":{\"@type\":\"EntryPoint\",\"urlTemplate\":\"https:\/\/luchonoticias.com\/editor\/?s={search_term_string}\"},\"query-input\":{\"@type\":\"PropertyValueSpecification\",\"valueRequired\":true,\"valueName\":\"search_term_string\"}}],\"inLanguage\":\"es\"},{\"@type\":[\"Person\",\"Organization\"],\"@id\":\"https:\/\/luchonoticias.com\/editor\/#\/schema\/person\/7a7fd911f58561fd056dbac7b55af9cd\",\"name\":\"admin\",\"image\":{\"@type\":\"ImageObject\",\"inLanguage\":\"es\",\"@id\":\"https:\/\/luchonoticias.com\/editor\/#\/schema\/person\/image\/\",\"url\":\"https:\/\/luchonoticias.com\/editor\/wp-content\/uploads\/2024\/02\/cropped-cropped-logolu.webp\",\"contentUrl\":\"https:\/\/luchonoticias.com\/editor\/wp-content\/uploads\/2024\/02\/cropped-cropped-logolu.webp\",\"width\":382,\"height\":170,\"caption\":\"admin\"},\"logo\":{\"@id\":\"https:\/\/luchonoticias.com\/editor\/#\/schema\/person\/image\/\"},\"sameAs\":[\"https:\/\/www.facebook.com\/luchonoticiasneiva\"],\"url\":\"https:\/\/luchonoticias.com\/editor\/author\/admin\/\"}]}<\/script>\n<!-- \/ Yoast SEO plugin. -->","yoast_head_json":{"title":"Unesco reconoci\u00f3 como patrimonio cultural inmaterial de la humanidad a los pueblos ind\u00edgenas de la Sierra Nevada de Santa Marta -","robots":{"index":"index","follow":"follow","max-snippet":"max-snippet:-1","max-image-preview":"max-image-preview:large","max-video-preview":"max-video-preview:-1"},"canonical":"https:\/\/luchonoticias.com\/editor\/unesco-reconocio-como-patrimonio-cultural-inmaterial-de-la-humanidad-a-los-pueblos-indigenas-de-la-sierra-nevada-de-santa-marta\/","og_locale":"es_ES","og_type":"article","og_title":"Unesco reconoci\u00f3 como patrimonio cultural inmaterial de la humanidad a los pueblos ind\u00edgenas de la Sierra Nevada de Santa Marta -","og_url":"https:\/\/luchonoticias.com\/editor\/unesco-reconocio-como-patrimonio-cultural-inmaterial-de-la-humanidad-a-los-pueblos-indigenas-de-la-sierra-nevada-de-santa-marta\/","article_publisher":"https:\/\/www.facebook.com\/luchonoticiasneiva","article_author":"https:\/\/www.facebook.com\/luchonoticiasneiva","article_published_time":"2022-11-29T20:18:51+00:00","article_modified_time":"2022-11-29T20:18:52+00:00","og_image":[{"url":"https:\/\/luchonoticias.com\/wp-content\/uploads\/2022\/11\/221129-Unesco-Sierra-Nevada-1-1280-1024x576.png","type":"","width":"","height":""}],"author":"admin","twitter_card":"summary_large_image","twitter_misc":{"Escrito por":"admin","Tiempo de lectura":"3 minutos"},"schema":{"@context":"https:\/\/schema.org","@graph":[{"@type":"Article","@id":"https:\/\/luchonoticias.com\/editor\/unesco-reconocio-como-patrimonio-cultural-inmaterial-de-la-humanidad-a-los-pueblos-indigenas-de-la-sierra-nevada-de-santa-marta\/#article","isPartOf":{"@id":"https:\/\/luchonoticias.com\/editor\/unesco-reconocio-como-patrimonio-cultural-inmaterial-de-la-humanidad-a-los-pueblos-indigenas-de-la-sierra-nevada-de-santa-marta\/"},"author":{"name":"admin","@id":"https:\/\/luchonoticias.com\/editor\/#\/schema\/person\/7a7fd911f58561fd056dbac7b55af9cd"},"headline":"Unesco reconoci\u00f3 como patrimonio cultural inmaterial de la humanidad a los pueblos ind\u00edgenas de la Sierra Nevada de Santa Marta","datePublished":"2022-11-29T20:18:51+00:00","dateModified":"2022-11-29T20:18:52+00:00","mainEntityOfPage":{"@id":"https:\/\/luchonoticias.com\/editor\/unesco-reconocio-como-patrimonio-cultural-inmaterial-de-la-humanidad-a-los-pueblos-indigenas-de-la-sierra-nevada-de-santa-marta\/"},"wordCount":605,"commentCount":0,"publisher":{"@id":"https:\/\/luchonoticias.com\/editor\/#\/schema\/person\/7a7fd911f58561fd056dbac7b55af9cd"},"image":{"@id":"https:\/\/luchonoticias.com\/editor\/unesco-reconocio-como-patrimonio-cultural-inmaterial-de-la-humanidad-a-los-pueblos-indigenas-de-la-sierra-nevada-de-santa-marta\/#primaryimage"},"thumbnailUrl":"https:\/\/luchonoticias.com\/wp-content\/uploads\/2022\/11\/221129-Unesco-Sierra-Nevada-1-1280-1024x576.png","articleSection":["Actualidad","Destacado"],"inLanguage":"es","potentialAction":[{"@type":"CommentAction","name":"Comment","target":["https:\/\/luchonoticias.com\/editor\/unesco-reconocio-como-patrimonio-cultural-inmaterial-de-la-humanidad-a-los-pueblos-indigenas-de-la-sierra-nevada-de-santa-marta\/#respond"]}]},{"@type":"WebPage","@id":"https:\/\/luchonoticias.com\/editor\/unesco-reconocio-como-patrimonio-cultural-inmaterial-de-la-humanidad-a-los-pueblos-indigenas-de-la-sierra-nevada-de-santa-marta\/","url":"https:\/\/luchonoticias.com\/editor\/unesco-reconocio-como-patrimonio-cultural-inmaterial-de-la-humanidad-a-los-pueblos-indigenas-de-la-sierra-nevada-de-santa-marta\/","name":"Unesco reconoci\u00f3 como patrimonio cultural inmaterial de la humanidad a los pueblos ind\u00edgenas de la Sierra Nevada de Santa Marta -","isPartOf":{"@id":"https:\/\/luchonoticias.com\/editor\/#website"},"primaryImageOfPage":{"@id":"https:\/\/luchonoticias.com\/editor\/unesco-reconocio-como-patrimonio-cultural-inmaterial-de-la-humanidad-a-los-pueblos-indigenas-de-la-sierra-nevada-de-santa-marta\/#primaryimage"},"image":{"@id":"https:\/\/luchonoticias.com\/editor\/unesco-reconocio-como-patrimonio-cultural-inmaterial-de-la-humanidad-a-los-pueblos-indigenas-de-la-sierra-nevada-de-santa-marta\/#primaryimage"},"thumbnailUrl":"https:\/\/luchonoticias.com\/wp-content\/uploads\/2022\/11\/221129-Unesco-Sierra-Nevada-1-1280-1024x576.png","datePublished":"2022-11-29T20:18:51+00:00","dateModified":"2022-11-29T20:18:52+00:00","breadcrumb":{"@id":"https:\/\/luchonoticias.com\/editor\/unesco-reconocio-como-patrimonio-cultural-inmaterial-de-la-humanidad-a-los-pueblos-indigenas-de-la-sierra-nevada-de-santa-marta\/#breadcrumb"},"inLanguage":"es","potentialAction":[{"@type":"ReadAction","target":["https:\/\/luchonoticias.com\/editor\/unesco-reconocio-como-patrimonio-cultural-inmaterial-de-la-humanidad-a-los-pueblos-indigenas-de-la-sierra-nevada-de-santa-marta\/"]}]},{"@type":"ImageObject","inLanguage":"es","@id":"https:\/\/luchonoticias.com\/editor\/unesco-reconocio-como-patrimonio-cultural-inmaterial-de-la-humanidad-a-los-pueblos-indigenas-de-la-sierra-nevada-de-santa-marta\/#primaryimage","url":"https:\/\/luchonoticias.com\/wp-content\/uploads\/2022\/11\/221129-Unesco-Sierra-Nevada-1-1280-1024x576.png","contentUrl":"https:\/\/luchonoticias.com\/wp-content\/uploads\/2022\/11\/221129-Unesco-Sierra-Nevada-1-1280-1024x576.png"},{"@type":"BreadcrumbList","@id":"https:\/\/luchonoticias.com\/editor\/unesco-reconocio-como-patrimonio-cultural-inmaterial-de-la-humanidad-a-los-pueblos-indigenas-de-la-sierra-nevada-de-santa-marta\/#breadcrumb","itemListElement":[{"@type":"ListItem","position":1,"name":"Portada","item":"https:\/\/luchonoticias.com\/editor\/"},{"@type":"ListItem","position":2,"name":"Unesco reconoci\u00f3 como patrimonio cultural inmaterial de la humanidad a los pueblos ind\u00edgenas de la Sierra Nevada de Santa Marta"}]},{"@type":"WebSite","@id":"https:\/\/luchonoticias.com\/editor\/#website","url":"https:\/\/luchonoticias.com\/editor\/","name":"","description":"","publisher":{"@id":"https:\/\/luchonoticias.com\/editor\/#\/schema\/person\/7a7fd911f58561fd056dbac7b55af9cd"},"potentialAction":[{"@type":"SearchAction","target":{"@type":"EntryPoint","urlTemplate":"https:\/\/luchonoticias.com\/editor\/?s={search_term_string}"},"query-input":{"@type":"PropertyValueSpecification","valueRequired":true,"valueName":"search_term_string"}}],"inLanguage":"es"},{"@type":["Person","Organization"],"@id":"https:\/\/luchonoticias.com\/editor\/#\/schema\/person\/7a7fd911f58561fd056dbac7b55af9cd","name":"admin","image":{"@type":"ImageObject","inLanguage":"es","@id":"https:\/\/luchonoticias.com\/editor\/#\/schema\/person\/image\/","url":"https:\/\/luchonoticias.com\/editor\/wp-content\/uploads\/2024\/02\/cropped-cropped-logolu.webp","contentUrl":"https:\/\/luchonoticias.com\/editor\/wp-content\/uploads\/2024\/02\/cropped-cropped-logolu.webp","width":382,"height":170,"caption":"admin"},"logo":{"@id":"https:\/\/luchonoticias.com\/editor\/#\/schema\/person\/image\/"},"sameAs":["https:\/\/www.facebook.com\/luchonoticiasneiva"],"url":"https:\/\/luchonoticias.com\/editor\/author\/admin\/"}]}},"_links":{"self":[{"href":"https:\/\/luchonoticias.com\/editor\/wp-json\/wp\/v2\/posts\/40763","targetHints":{"allow":["GET"]}}],"collection":[{"href":"https:\/\/luchonoticias.com\/editor\/wp-json\/wp\/v2\/posts"}],"about":[{"href":"https:\/\/luchonoticias.com\/editor\/wp-json\/wp\/v2\/types\/post"}],"author":[{"embeddable":true,"href":"https:\/\/luchonoticias.com\/editor\/wp-json\/wp\/v2\/users\/1"}],"replies":[{"embeddable":true,"href":"https:\/\/luchonoticias.com\/editor\/wp-json\/wp\/v2\/comments?post=40763"}],"version-history":[{"count":0,"href":"https:\/\/luchonoticias.com\/editor\/wp-json\/wp\/v2\/posts\/40763\/revisions"}],"wp:attachment":[{"href":"https:\/\/luchonoticias.com\/editor\/wp-json\/wp\/v2\/media?parent=40763"}],"wp:term":[{"taxonomy":"category","embeddable":true,"href":"https:\/\/luchonoticias.com\/editor\/wp-json\/wp\/v2\/categories?post=40763"},{"taxonomy":"post_tag","embeddable":true,"href":"https:\/\/luchonoticias.com\/editor\/wp-json\/wp\/v2\/tags?post=40763"}],"curies":[{"name":"wp","href":"https:\/\/api.w.org\/{rel}","templated":true}]}}