{"id":40774,"date":"2022-11-29T18:06:14","date_gmt":"2022-11-29T23:06:14","guid":{"rendered":"https:\/\/luchonoticias.com\/?p=40774"},"modified":"2022-11-29T18:06:15","modified_gmt":"2022-11-29T23:06:15","slug":"muere-en-argentina-el-futbolista-andres-balanta","status":"publish","type":"post","link":"https:\/\/luchonoticias.com\/editor\/muere-en-argentina-el-futbolista-andres-balanta\/","title":{"rendered":"Muere en Argentina el futbolista Andr\u00e9s Balanta"},"content":{"rendered":"\n<p>A la edad de 22 a\u00f1os&nbsp;<strong>falleci\u00f3 el futbolista colombiano Andr\u00e9s Balanta<\/strong>, del registro del Atl\u00e9tico Tucum\u00e1n de Argentina.<\/p>\n\n\n\n<p>Seg\u00fan las primeras versiones, el volante al parecer&nbsp;<strong>se descompens\u00f3 en medio de la pr\u00e1ctica con su equipo<\/strong>&nbsp;(al parecer un infarto) y aunque trataron de estabilizarlo, lleg\u00f3 al hospital sin signos vitales.<\/p>\n\n\n\n<p>Sobre el tema el canal argentino TyC Sports anunci\u00f3 que Balanta \u201cSe desvaneci\u00f3 en plena pr\u00e1ctica (seg\u00fan trascendi\u00f3, ocurri\u00f3 en el inicio, a los cinco minutos).&nbsp;<strong>Tras los trabajos con desfibrilador, fue trasladado al nosocomio: los m\u00e9dicos realizaron tareas de reanimaci\u00f3n por m\u00e1s de 40 minutos<\/strong>, pero no pudieron evitar su fallecimiento\u201d.<\/p>\n\n\n\n<p>El joven fue ex jugador del Deportivo Cali y pieza del equipo que logr\u00f3 el t\u00edtulo del f\u00fatbol colombiano con Rafael Dudamel el a\u00f1o pasado.<\/p>\n","protected":false},"excerpt":{"rendered":"<p>A la edad de 22 a\u00f1os&nbsp;falleci\u00f3 el futbolista colombiano Andr\u00e9s Balanta, del registro del Atl\u00e9tico Tucum\u00e1n de Argentina. Seg\u00fan las primeras versiones, el volante al parecer&nbsp;se descompens\u00f3 en medio de la pr\u00e1ctica con su equipo&nbsp;(al parecer un infarto) y aunque trataron de estabilizarlo, lleg\u00f3 al hospital sin signos vitales. Sobre el tema el canal argentino [&hellip;]<\/p>\n","protected":false},"author":1,"featured_media":0,"comment_status":"open","ping_status":"open","sticky":false,"template":"","format":"standard","meta":{"footnotes":""},"categories":[34],"tags":[],"class_list":["post-40774","post","type-post","status-publish","format-standard","hentry","category-deportes"],"yoast_head":"<!-- This site is optimized with the Yoast SEO plugin v26.6 - https:\/\/yoast.com\/wordpress\/plugins\/seo\/ -->\n<title>Muere en Argentina el futbolista Andr\u00e9s Balanta -<\/title>\n<meta name=\"robots\" content=\"index, follow, max-snippet:-1, max-image-preview:large, max-video-preview:-1\" \/>\n<link rel=\"canonical\" href=\"https:\/\/luchonoticias.com\/editor\/muere-en-argentina-el-futbolista-andres-balanta\/\" \/>\n<meta property=\"og:locale\" content=\"es_ES\" \/>\n<meta property=\"og:type\" content=\"article\" \/>\n<meta property=\"og:title\" content=\"Muere en Argentina el futbolista Andr\u00e9s Balanta -\" \/>\n<meta property=\"og:url\" content=\"https:\/\/luchonoticias.com\/editor\/muere-en-argentina-el-futbolista-andres-balanta\/\" \/>\n<meta property=\"article:publisher\" content=\"https:\/\/www.facebook.com\/luchonoticiasneiva\" \/>\n<meta property=\"article:author\" content=\"https:\/\/www.facebook.com\/luchonoticiasneiva\" \/>\n<meta property=\"article:published_time\" content=\"2022-11-29T23:06:14+00:00\" \/>\n<meta property=\"article:modified_time\" content=\"2022-11-29T23:06:15+00:00\" \/>\n<meta name=\"author\" content=\"admin\" \/>\n<meta name=\"twitter:card\" content=\"summary_large_image\" \/>\n<meta name=\"twitter:label1\" content=\"Escrito por\" \/>\n\t<meta name=\"twitter:data1\" content=\"admin\" \/>\n\t<meta name=\"twitter:label2\" content=\"Tiempo de lectura\" \/>\n\t<meta name=\"twitter:data2\" content=\"1 minuto\" \/>\n<script type=\"application\/ld+json\" class=\"yoast-schema-graph\">{\"@context\":\"https:\/\/schema.org\",\"@graph\":[{\"@type\":\"Article\",\"@id\":\"https:\/\/luchonoticias.com\/editor\/muere-en-argentina-el-futbolista-andres-balanta\/#article\",\"isPartOf\":{\"@id\":\"https:\/\/luchonoticias.com\/editor\/muere-en-argentina-el-futbolista-andres-balanta\/\"},\"author\":{\"name\":\"admin\",\"@id\":\"https:\/\/luchonoticias.com\/editor\/#\/schema\/person\/7a7fd911f58561fd056dbac7b55af9cd\"},\"headline\":\"Muere en Argentina el futbolista Andr\u00e9s Balanta\",\"datePublished\":\"2022-11-29T23:06:14+00:00\",\"dateModified\":\"2022-11-29T23:06:15+00:00\",\"mainEntityOfPage\":{\"@id\":\"https:\/\/luchonoticias.com\/editor\/muere-en-argentina-el-futbolista-andres-balanta\/\"},\"wordCount\":153,\"commentCount\":0,\"publisher\":{\"@id\":\"https:\/\/luchonoticias.com\/editor\/#\/schema\/person\/7a7fd911f58561fd056dbac7b55af9cd\"},\"articleSection\":[\"Deportes\"],\"inLanguage\":\"es\",\"potentialAction\":[{\"@type\":\"CommentAction\",\"name\":\"Comment\",\"target\":[\"https:\/\/luchonoticias.com\/editor\/muere-en-argentina-el-futbolista-andres-balanta\/#respond\"]}]},{\"@type\":\"WebPage\",\"@id\":\"https:\/\/luchonoticias.com\/editor\/muere-en-argentina-el-futbolista-andres-balanta\/\",\"url\":\"https:\/\/luchonoticias.com\/editor\/muere-en-argentina-el-futbolista-andres-balanta\/\",\"name\":\"Muere en Argentina el futbolista Andr\u00e9s Balanta -\",\"isPartOf\":{\"@id\":\"https:\/\/luchonoticias.com\/editor\/#website\"},\"datePublished\":\"2022-11-29T23:06:14+00:00\",\"dateModified\":\"2022-11-29T23:06:15+00:00\",\"breadcrumb\":{\"@id\":\"https:\/\/luchonoticias.com\/editor\/muere-en-argentina-el-futbolista-andres-balanta\/#breadcrumb\"},\"inLanguage\":\"es\",\"potentialAction\":[{\"@type\":\"ReadAction\",\"target\":[\"https:\/\/luchonoticias.com\/editor\/muere-en-argentina-el-futbolista-andres-balanta\/\"]}]},{\"@type\":\"BreadcrumbList\",\"@id\":\"https:\/\/luchonoticias.com\/editor\/muere-en-argentina-el-futbolista-andres-balanta\/#breadcrumb\",\"itemListElement\":[{\"@type\":\"ListItem\",\"position\":1,\"name\":\"Portada\",\"item\":\"https:\/\/luchonoticias.com\/editor\/\"},{\"@type\":\"ListItem\",\"position\":2,\"name\":\"Muere en Argentina el futbolista Andr\u00e9s Balanta\"}]},{\"@type\":\"WebSite\",\"@id\":\"https:\/\/luchonoticias.com\/editor\/#website\",\"url\":\"https:\/\/luchonoticias.com\/editor\/\",\"name\":\"\",\"description\":\"\",\"publisher\":{\"@id\":\"https:\/\/luchonoticias.com\/editor\/#\/schema\/person\/7a7fd911f58561fd056dbac7b55af9cd\"},\"potentialAction\":[{\"@type\":\"SearchAction\",\"target\":{\"@type\":\"EntryPoint\",\"urlTemplate\":\"https:\/\/luchonoticias.com\/editor\/?s={search_term_string}\"},\"query-input\":{\"@type\":\"PropertyValueSpecification\",\"valueRequired\":true,\"valueName\":\"search_term_string\"}}],\"inLanguage\":\"es\"},{\"@type\":[\"Person\",\"Organization\"],\"@id\":\"https:\/\/luchonoticias.com\/editor\/#\/schema\/person\/7a7fd911f58561fd056dbac7b55af9cd\",\"name\":\"admin\",\"image\":{\"@type\":\"ImageObject\",\"inLanguage\":\"es\",\"@id\":\"https:\/\/luchonoticias.com\/editor\/#\/schema\/person\/image\/\",\"url\":\"https:\/\/luchonoticias.com\/editor\/wp-content\/uploads\/2024\/02\/cropped-cropped-logolu.webp\",\"contentUrl\":\"https:\/\/luchonoticias.com\/editor\/wp-content\/uploads\/2024\/02\/cropped-cropped-logolu.webp\",\"width\":382,\"height\":170,\"caption\":\"admin\"},\"logo\":{\"@id\":\"https:\/\/luchonoticias.com\/editor\/#\/schema\/person\/image\/\"},\"sameAs\":[\"https:\/\/www.facebook.com\/luchonoticiasneiva\"],\"url\":\"https:\/\/luchonoticias.com\/editor\/author\/admin\/\"}]}<\/script>\n<!-- \/ Yoast SEO plugin. -->","yoast_head_json":{"title":"Muere en Argentina el futbolista Andr\u00e9s Balanta -","robots":{"index":"index","follow":"follow","max-snippet":"max-snippet:-1","max-image-preview":"max-image-preview:large","max-video-preview":"max-video-preview:-1"},"canonical":"https:\/\/luchonoticias.com\/editor\/muere-en-argentina-el-futbolista-andres-balanta\/","og_locale":"es_ES","og_type":"article","og_title":"Muere en Argentina el futbolista Andr\u00e9s Balanta -","og_url":"https:\/\/luchonoticias.com\/editor\/muere-en-argentina-el-futbolista-andres-balanta\/","article_publisher":"https:\/\/www.facebook.com\/luchonoticiasneiva","article_author":"https:\/\/www.facebook.com\/luchonoticiasneiva","article_published_time":"2022-11-29T23:06:14+00:00","article_modified_time":"2022-11-29T23:06:15+00:00","author":"admin","twitter_card":"summary_large_image","twitter_misc":{"Escrito por":"admin","Tiempo de lectura":"1 minuto"},"schema":{"@context":"https:\/\/schema.org","@graph":[{"@type":"Article","@id":"https:\/\/luchonoticias.com\/editor\/muere-en-argentina-el-futbolista-andres-balanta\/#article","isPartOf":{"@id":"https:\/\/luchonoticias.com\/editor\/muere-en-argentina-el-futbolista-andres-balanta\/"},"author":{"name":"admin","@id":"https:\/\/luchonoticias.com\/editor\/#\/schema\/person\/7a7fd911f58561fd056dbac7b55af9cd"},"headline":"Muere en Argentina el futbolista Andr\u00e9s Balanta","datePublished":"2022-11-29T23:06:14+00:00","dateModified":"2022-11-29T23:06:15+00:00","mainEntityOfPage":{"@id":"https:\/\/luchonoticias.com\/editor\/muere-en-argentina-el-futbolista-andres-balanta\/"},"wordCount":153,"commentCount":0,"publisher":{"@id":"https:\/\/luchonoticias.com\/editor\/#\/schema\/person\/7a7fd911f58561fd056dbac7b55af9cd"},"articleSection":["Deportes"],"inLanguage":"es","potentialAction":[{"@type":"CommentAction","name":"Comment","target":["https:\/\/luchonoticias.com\/editor\/muere-en-argentina-el-futbolista-andres-balanta\/#respond"]}]},{"@type":"WebPage","@id":"https:\/\/luchonoticias.com\/editor\/muere-en-argentina-el-futbolista-andres-balanta\/","url":"https:\/\/luchonoticias.com\/editor\/muere-en-argentina-el-futbolista-andres-balanta\/","name":"Muere en Argentina el futbolista Andr\u00e9s Balanta -","isPartOf":{"@id":"https:\/\/luchonoticias.com\/editor\/#website"},"datePublished":"2022-11-29T23:06:14+00:00","dateModified":"2022-11-29T23:06:15+00:00","breadcrumb":{"@id":"https:\/\/luchonoticias.com\/editor\/muere-en-argentina-el-futbolista-andres-balanta\/#breadcrumb"},"inLanguage":"es","potentialAction":[{"@type":"ReadAction","target":["https:\/\/luchonoticias.com\/editor\/muere-en-argentina-el-futbolista-andres-balanta\/"]}]},{"@type":"BreadcrumbList","@id":"https:\/\/luchonoticias.com\/editor\/muere-en-argentina-el-futbolista-andres-balanta\/#breadcrumb","itemListElement":[{"@type":"ListItem","position":1,"name":"Portada","item":"https:\/\/luchonoticias.com\/editor\/"},{"@type":"ListItem","position":2,"name":"Muere en Argentina el futbolista Andr\u00e9s Balanta"}]},{"@type":"WebSite","@id":"https:\/\/luchonoticias.com\/editor\/#website","url":"https:\/\/luchonoticias.com\/editor\/","name":"","description":"","publisher":{"@id":"https:\/\/luchonoticias.com\/editor\/#\/schema\/person\/7a7fd911f58561fd056dbac7b55af9cd"},"potentialAction":[{"@type":"SearchAction","target":{"@type":"EntryPoint","urlTemplate":"https:\/\/luchonoticias.com\/editor\/?s={search_term_string}"},"query-input":{"@type":"PropertyValueSpecification","valueRequired":true,"valueName":"search_term_string"}}],"inLanguage":"es"},{"@type":["Person","Organization"],"@id":"https:\/\/luchonoticias.com\/editor\/#\/schema\/person\/7a7fd911f58561fd056dbac7b55af9cd","name":"admin","image":{"@type":"ImageObject","inLanguage":"es","@id":"https:\/\/luchonoticias.com\/editor\/#\/schema\/person\/image\/","url":"https:\/\/luchonoticias.com\/editor\/wp-content\/uploads\/2024\/02\/cropped-cropped-logolu.webp","contentUrl":"https:\/\/luchonoticias.com\/editor\/wp-content\/uploads\/2024\/02\/cropped-cropped-logolu.webp","width":382,"height":170,"caption":"admin"},"logo":{"@id":"https:\/\/luchonoticias.com\/editor\/#\/schema\/person\/image\/"},"sameAs":["https:\/\/www.facebook.com\/luchonoticiasneiva"],"url":"https:\/\/luchonoticias.com\/editor\/author\/admin\/"}]}},"_links":{"self":[{"href":"https:\/\/luchonoticias.com\/editor\/wp-json\/wp\/v2\/posts\/40774","targetHints":{"allow":["GET"]}}],"collection":[{"href":"https:\/\/luchonoticias.com\/editor\/wp-json\/wp\/v2\/posts"}],"about":[{"href":"https:\/\/luchonoticias.com\/editor\/wp-json\/wp\/v2\/types\/post"}],"author":[{"embeddable":true,"href":"https:\/\/luchonoticias.com\/editor\/wp-json\/wp\/v2\/users\/1"}],"replies":[{"embeddable":true,"href":"https:\/\/luchonoticias.com\/editor\/wp-json\/wp\/v2\/comments?post=40774"}],"version-history":[{"count":0,"href":"https:\/\/luchonoticias.com\/editor\/wp-json\/wp\/v2\/posts\/40774\/revisions"}],"wp:attachment":[{"href":"https:\/\/luchonoticias.com\/editor\/wp-json\/wp\/v2\/media?parent=40774"}],"wp:term":[{"taxonomy":"category","embeddable":true,"href":"https:\/\/luchonoticias.com\/editor\/wp-json\/wp\/v2\/categories?post=40774"},{"taxonomy":"post_tag","embeddable":true,"href":"https:\/\/luchonoticias.com\/editor\/wp-json\/wp\/v2\/tags?post=40774"}],"curies":[{"name":"wp","href":"https:\/\/api.w.org\/{rel}","templated":true}]}}