{"id":40780,"date":"2022-11-30T04:33:51","date_gmt":"2022-11-30T09:33:51","guid":{"rendered":"https:\/\/luchonoticias.com\/?p=40780"},"modified":"2022-11-30T04:33:52","modified_gmt":"2022-11-30T09:33:52","slug":"rehabilitacion-parcial-de-la-via-iquira-y-yaguara","status":"publish","type":"post","link":"https:\/\/luchonoticias.com\/editor\/rehabilitacion-parcial-de-la-via-iquira-y-yaguara\/","title":{"rendered":"Rehabilitaci\u00f3n parcial de la v\u00eda \u00cdquira y Yaguar\u00e1"},"content":{"rendered":"\n<p>Los&nbsp;<strong>kits de maquinaria contin\u00faan llegando a los diferentes municipios del Huila&nbsp;<\/strong>para rehabilitar las v\u00edas afectadas por el invierno y por falta de mantenimiento. La&nbsp;<strong>v\u00eda que conecta a los municipios de Yaguar\u00e1 e \u00cdquira fue rehabilitada<\/strong>&nbsp;en un tramo de 14 kil\u00f3metros, la uni\u00f3n de fuerzas entre comunidad, municipio y Gobierno Departamental denominada \u201cMinga\u201d, fue la estrategia para la pronta recuperaci\u00f3n vial.<\/p>\n\n\n\n<p>Volquetas, vibro compactadores, motoniveladoras, entre otras herramientas, formaron parte del kit de maquinaria que lleg\u00f3 hasta la v\u00eda para hacer la rehabilitaci\u00f3n respectiva.<\/p>\n\n\n\n<p>De acuerdo con la Ingeniera, Astrid Torres, coordinadora de los kits de maquinaria del Huila, fueron 14 los kil\u00f3metros rehabilitados, \u201cnos encontramos en la v\u00eda que de Iquira conduce al municipio de Yaguar\u00e1 donde nos encontramos realizando un&nbsp;<strong>mantenimiento preventivo preliminar<\/strong>, por parte del equipo de maquinaria de la Gobernaci\u00f3n del Huila, contamos con un vibro compactador, con una motoniveladora con cuatro volquetas sencillas, una volqueta doble troque y 12 operarios que est\u00e1n tanto en la maquinaria como regulando el tr\u00e1nsito, hemos tenido la colaboraci\u00f3n y apoyo de la Administraci\u00f3n Municipal de \u00cdquira suministr\u00e1ndonos el material de recebo para llevar a cabo las actividades y una retroexcavadora en el punto de la cantera para hacer el cargue, la longitud de v\u00eda que se va a rehabilitar es de aproximadamente 14 kil\u00f3metros\u201d, expres\u00f3 la profesional de la ingenier\u00eda.<\/p>\n\n\n\n<p>Entre tanto,&nbsp;<strong>los kits de maquinaria del Gobierno Departamental contin\u00faan desplaz\u00e1ndose a todos los rincones del Huila<\/strong>&nbsp;para apoyar a los organismos de emergencia en la remoci\u00f3n de derrumbes y rehabilitaci\u00f3n de cauces de los r\u00edos afectados por las intensas lluvias; es por esto que se realiz\u00f3 la remoci\u00f3n de derrumbes en los<strong>&nbsp;sectores de San Joaqu\u00edn y Santa Librada del municipio de Santa Mar\u00eda, la remoci\u00f3n de derrumbes en la v\u00eda Saladoblanco \u2013 Oporapa.<\/strong><\/p>\n\n\n\n<p>El mantenimiento vial&nbsp;<strong>tambi\u00e9n ha llegado a la vereda Puerto Rico del municipio de La Plata<\/strong>; al municipio de Garz\u00f3n a la v\u00eda que conecta al municipio de la Plata se atendieron puntos cr\u00edticos, en donde se realiz\u00f3 el mantenimiento vial.<\/p>\n\n\n\n<p>En el municipio de Guadalupe se realiz\u00f3 el mantenimiento vial de la v\u00eda San Jos\u00e9 \u2013 cruce El Morti\u00f1al, en la quebrada El Avispero del municipio de La Plata se realiz\u00f3 la correcci\u00f3n del cauce del Rio.<\/p>\n","protected":false},"excerpt":{"rendered":"<p>Los&nbsp;kits de maquinaria contin\u00faan llegando a los diferentes municipios del Huila&nbsp;para rehabilitar las v\u00edas afectadas por el invierno y por falta de mantenimiento. La&nbsp;v\u00eda que conecta a los municipios de Yaguar\u00e1 e \u00cdquira fue rehabilitada&nbsp;en un tramo de 14 kil\u00f3metros, la uni\u00f3n de fuerzas entre comunidad, municipio y Gobierno Departamental denominada \u201cMinga\u201d, fue la estrategia [&hellip;]<\/p>\n","protected":false},"author":1,"featured_media":0,"comment_status":"open","ping_status":"open","sticky":false,"template":"","format":"standard","meta":{"footnotes":""},"categories":[33],"tags":[],"class_list":["post-40780","post","type-post","status-publish","format-standard","hentry","category-huila"],"yoast_head":"<!-- This site is optimized with the Yoast SEO plugin v26.6 - https:\/\/yoast.com\/wordpress\/plugins\/seo\/ -->\n<title>Rehabilitaci\u00f3n parcial de la v\u00eda \u00cdquira y Yaguar\u00e1 -<\/title>\n<meta name=\"robots\" content=\"index, follow, max-snippet:-1, max-image-preview:large, max-video-preview:-1\" \/>\n<link rel=\"canonical\" href=\"https:\/\/luchonoticias.com\/editor\/rehabilitacion-parcial-de-la-via-iquira-y-yaguara\/\" \/>\n<meta property=\"og:locale\" content=\"es_ES\" \/>\n<meta property=\"og:type\" content=\"article\" \/>\n<meta property=\"og:title\" content=\"Rehabilitaci\u00f3n parcial de la v\u00eda \u00cdquira y Yaguar\u00e1 -\" \/>\n<meta property=\"og:url\" content=\"https:\/\/luchonoticias.com\/editor\/rehabilitacion-parcial-de-la-via-iquira-y-yaguara\/\" \/>\n<meta property=\"article:publisher\" content=\"https:\/\/www.facebook.com\/luchonoticiasneiva\" \/>\n<meta property=\"article:author\" content=\"https:\/\/www.facebook.com\/luchonoticiasneiva\" \/>\n<meta property=\"article:published_time\" content=\"2022-11-30T09:33:51+00:00\" \/>\n<meta property=\"article:modified_time\" content=\"2022-11-30T09:33:52+00:00\" \/>\n<meta name=\"author\" content=\"admin\" \/>\n<meta name=\"twitter:card\" content=\"summary_large_image\" \/>\n<meta name=\"twitter:label1\" content=\"Escrito por\" \/>\n\t<meta name=\"twitter:data1\" content=\"admin\" \/>\n\t<meta name=\"twitter:label2\" content=\"Tiempo de lectura\" \/>\n\t<meta name=\"twitter:data2\" content=\"2 minutos\" \/>\n<script type=\"application\/ld+json\" class=\"yoast-schema-graph\">{\"@context\":\"https:\/\/schema.org\",\"@graph\":[{\"@type\":\"Article\",\"@id\":\"https:\/\/luchonoticias.com\/editor\/rehabilitacion-parcial-de-la-via-iquira-y-yaguara\/#article\",\"isPartOf\":{\"@id\":\"https:\/\/luchonoticias.com\/editor\/rehabilitacion-parcial-de-la-via-iquira-y-yaguara\/\"},\"author\":{\"name\":\"admin\",\"@id\":\"https:\/\/luchonoticias.com\/editor\/#\/schema\/person\/7a7fd911f58561fd056dbac7b55af9cd\"},\"headline\":\"Rehabilitaci\u00f3n parcial de la v\u00eda \u00cdquira y Yaguar\u00e1\",\"datePublished\":\"2022-11-30T09:33:51+00:00\",\"dateModified\":\"2022-11-30T09:33:52+00:00\",\"mainEntityOfPage\":{\"@id\":\"https:\/\/luchonoticias.com\/editor\/rehabilitacion-parcial-de-la-via-iquira-y-yaguara\/\"},\"wordCount\":426,\"commentCount\":0,\"publisher\":{\"@id\":\"https:\/\/luchonoticias.com\/editor\/#\/schema\/person\/7a7fd911f58561fd056dbac7b55af9cd\"},\"articleSection\":[\"Huila\"],\"inLanguage\":\"es\",\"potentialAction\":[{\"@type\":\"CommentAction\",\"name\":\"Comment\",\"target\":[\"https:\/\/luchonoticias.com\/editor\/rehabilitacion-parcial-de-la-via-iquira-y-yaguara\/#respond\"]}]},{\"@type\":\"WebPage\",\"@id\":\"https:\/\/luchonoticias.com\/editor\/rehabilitacion-parcial-de-la-via-iquira-y-yaguara\/\",\"url\":\"https:\/\/luchonoticias.com\/editor\/rehabilitacion-parcial-de-la-via-iquira-y-yaguara\/\",\"name\":\"Rehabilitaci\u00f3n parcial de la v\u00eda \u00cdquira y Yaguar\u00e1 -\",\"isPartOf\":{\"@id\":\"https:\/\/luchonoticias.com\/editor\/#website\"},\"datePublished\":\"2022-11-30T09:33:51+00:00\",\"dateModified\":\"2022-11-30T09:33:52+00:00\",\"breadcrumb\":{\"@id\":\"https:\/\/luchonoticias.com\/editor\/rehabilitacion-parcial-de-la-via-iquira-y-yaguara\/#breadcrumb\"},\"inLanguage\":\"es\",\"potentialAction\":[{\"@type\":\"ReadAction\",\"target\":[\"https:\/\/luchonoticias.com\/editor\/rehabilitacion-parcial-de-la-via-iquira-y-yaguara\/\"]}]},{\"@type\":\"BreadcrumbList\",\"@id\":\"https:\/\/luchonoticias.com\/editor\/rehabilitacion-parcial-de-la-via-iquira-y-yaguara\/#breadcrumb\",\"itemListElement\":[{\"@type\":\"ListItem\",\"position\":1,\"name\":\"Portada\",\"item\":\"https:\/\/luchonoticias.com\/editor\/\"},{\"@type\":\"ListItem\",\"position\":2,\"name\":\"Rehabilitaci\u00f3n parcial de la v\u00eda \u00cdquira y Yaguar\u00e1\"}]},{\"@type\":\"WebSite\",\"@id\":\"https:\/\/luchonoticias.com\/editor\/#website\",\"url\":\"https:\/\/luchonoticias.com\/editor\/\",\"name\":\"\",\"description\":\"\",\"publisher\":{\"@id\":\"https:\/\/luchonoticias.com\/editor\/#\/schema\/person\/7a7fd911f58561fd056dbac7b55af9cd\"},\"potentialAction\":[{\"@type\":\"SearchAction\",\"target\":{\"@type\":\"EntryPoint\",\"urlTemplate\":\"https:\/\/luchonoticias.com\/editor\/?s={search_term_string}\"},\"query-input\":{\"@type\":\"PropertyValueSpecification\",\"valueRequired\":true,\"valueName\":\"search_term_string\"}}],\"inLanguage\":\"es\"},{\"@type\":[\"Person\",\"Organization\"],\"@id\":\"https:\/\/luchonoticias.com\/editor\/#\/schema\/person\/7a7fd911f58561fd056dbac7b55af9cd\",\"name\":\"admin\",\"image\":{\"@type\":\"ImageObject\",\"inLanguage\":\"es\",\"@id\":\"https:\/\/luchonoticias.com\/editor\/#\/schema\/person\/image\/\",\"url\":\"https:\/\/luchonoticias.com\/editor\/wp-content\/uploads\/2024\/02\/cropped-cropped-logolu.webp\",\"contentUrl\":\"https:\/\/luchonoticias.com\/editor\/wp-content\/uploads\/2024\/02\/cropped-cropped-logolu.webp\",\"width\":382,\"height\":170,\"caption\":\"admin\"},\"logo\":{\"@id\":\"https:\/\/luchonoticias.com\/editor\/#\/schema\/person\/image\/\"},\"sameAs\":[\"https:\/\/www.facebook.com\/luchonoticiasneiva\"],\"url\":\"https:\/\/luchonoticias.com\/editor\/author\/admin\/\"}]}<\/script>\n<!-- \/ Yoast SEO plugin. -->","yoast_head_json":{"title":"Rehabilitaci\u00f3n parcial de la v\u00eda \u00cdquira y Yaguar\u00e1 -","robots":{"index":"index","follow":"follow","max-snippet":"max-snippet:-1","max-image-preview":"max-image-preview:large","max-video-preview":"max-video-preview:-1"},"canonical":"https:\/\/luchonoticias.com\/editor\/rehabilitacion-parcial-de-la-via-iquira-y-yaguara\/","og_locale":"es_ES","og_type":"article","og_title":"Rehabilitaci\u00f3n parcial de la v\u00eda \u00cdquira y Yaguar\u00e1 -","og_url":"https:\/\/luchonoticias.com\/editor\/rehabilitacion-parcial-de-la-via-iquira-y-yaguara\/","article_publisher":"https:\/\/www.facebook.com\/luchonoticiasneiva","article_author":"https:\/\/www.facebook.com\/luchonoticiasneiva","article_published_time":"2022-11-30T09:33:51+00:00","article_modified_time":"2022-11-30T09:33:52+00:00","author":"admin","twitter_card":"summary_large_image","twitter_misc":{"Escrito por":"admin","Tiempo de lectura":"2 minutos"},"schema":{"@context":"https:\/\/schema.org","@graph":[{"@type":"Article","@id":"https:\/\/luchonoticias.com\/editor\/rehabilitacion-parcial-de-la-via-iquira-y-yaguara\/#article","isPartOf":{"@id":"https:\/\/luchonoticias.com\/editor\/rehabilitacion-parcial-de-la-via-iquira-y-yaguara\/"},"author":{"name":"admin","@id":"https:\/\/luchonoticias.com\/editor\/#\/schema\/person\/7a7fd911f58561fd056dbac7b55af9cd"},"headline":"Rehabilitaci\u00f3n parcial de la v\u00eda \u00cdquira y Yaguar\u00e1","datePublished":"2022-11-30T09:33:51+00:00","dateModified":"2022-11-30T09:33:52+00:00","mainEntityOfPage":{"@id":"https:\/\/luchonoticias.com\/editor\/rehabilitacion-parcial-de-la-via-iquira-y-yaguara\/"},"wordCount":426,"commentCount":0,"publisher":{"@id":"https:\/\/luchonoticias.com\/editor\/#\/schema\/person\/7a7fd911f58561fd056dbac7b55af9cd"},"articleSection":["Huila"],"inLanguage":"es","potentialAction":[{"@type":"CommentAction","name":"Comment","target":["https:\/\/luchonoticias.com\/editor\/rehabilitacion-parcial-de-la-via-iquira-y-yaguara\/#respond"]}]},{"@type":"WebPage","@id":"https:\/\/luchonoticias.com\/editor\/rehabilitacion-parcial-de-la-via-iquira-y-yaguara\/","url":"https:\/\/luchonoticias.com\/editor\/rehabilitacion-parcial-de-la-via-iquira-y-yaguara\/","name":"Rehabilitaci\u00f3n parcial de la v\u00eda \u00cdquira y Yaguar\u00e1 -","isPartOf":{"@id":"https:\/\/luchonoticias.com\/editor\/#website"},"datePublished":"2022-11-30T09:33:51+00:00","dateModified":"2022-11-30T09:33:52+00:00","breadcrumb":{"@id":"https:\/\/luchonoticias.com\/editor\/rehabilitacion-parcial-de-la-via-iquira-y-yaguara\/#breadcrumb"},"inLanguage":"es","potentialAction":[{"@type":"ReadAction","target":["https:\/\/luchonoticias.com\/editor\/rehabilitacion-parcial-de-la-via-iquira-y-yaguara\/"]}]},{"@type":"BreadcrumbList","@id":"https:\/\/luchonoticias.com\/editor\/rehabilitacion-parcial-de-la-via-iquira-y-yaguara\/#breadcrumb","itemListElement":[{"@type":"ListItem","position":1,"name":"Portada","item":"https:\/\/luchonoticias.com\/editor\/"},{"@type":"ListItem","position":2,"name":"Rehabilitaci\u00f3n parcial de la v\u00eda \u00cdquira y Yaguar\u00e1"}]},{"@type":"WebSite","@id":"https:\/\/luchonoticias.com\/editor\/#website","url":"https:\/\/luchonoticias.com\/editor\/","name":"","description":"","publisher":{"@id":"https:\/\/luchonoticias.com\/editor\/#\/schema\/person\/7a7fd911f58561fd056dbac7b55af9cd"},"potentialAction":[{"@type":"SearchAction","target":{"@type":"EntryPoint","urlTemplate":"https:\/\/luchonoticias.com\/editor\/?s={search_term_string}"},"query-input":{"@type":"PropertyValueSpecification","valueRequired":true,"valueName":"search_term_string"}}],"inLanguage":"es"},{"@type":["Person","Organization"],"@id":"https:\/\/luchonoticias.com\/editor\/#\/schema\/person\/7a7fd911f58561fd056dbac7b55af9cd","name":"admin","image":{"@type":"ImageObject","inLanguage":"es","@id":"https:\/\/luchonoticias.com\/editor\/#\/schema\/person\/image\/","url":"https:\/\/luchonoticias.com\/editor\/wp-content\/uploads\/2024\/02\/cropped-cropped-logolu.webp","contentUrl":"https:\/\/luchonoticias.com\/editor\/wp-content\/uploads\/2024\/02\/cropped-cropped-logolu.webp","width":382,"height":170,"caption":"admin"},"logo":{"@id":"https:\/\/luchonoticias.com\/editor\/#\/schema\/person\/image\/"},"sameAs":["https:\/\/www.facebook.com\/luchonoticiasneiva"],"url":"https:\/\/luchonoticias.com\/editor\/author\/admin\/"}]}},"_links":{"self":[{"href":"https:\/\/luchonoticias.com\/editor\/wp-json\/wp\/v2\/posts\/40780","targetHints":{"allow":["GET"]}}],"collection":[{"href":"https:\/\/luchonoticias.com\/editor\/wp-json\/wp\/v2\/posts"}],"about":[{"href":"https:\/\/luchonoticias.com\/editor\/wp-json\/wp\/v2\/types\/post"}],"author":[{"embeddable":true,"href":"https:\/\/luchonoticias.com\/editor\/wp-json\/wp\/v2\/users\/1"}],"replies":[{"embeddable":true,"href":"https:\/\/luchonoticias.com\/editor\/wp-json\/wp\/v2\/comments?post=40780"}],"version-history":[{"count":0,"href":"https:\/\/luchonoticias.com\/editor\/wp-json\/wp\/v2\/posts\/40780\/revisions"}],"wp:attachment":[{"href":"https:\/\/luchonoticias.com\/editor\/wp-json\/wp\/v2\/media?parent=40780"}],"wp:term":[{"taxonomy":"category","embeddable":true,"href":"https:\/\/luchonoticias.com\/editor\/wp-json\/wp\/v2\/categories?post=40780"},{"taxonomy":"post_tag","embeddable":true,"href":"https:\/\/luchonoticias.com\/editor\/wp-json\/wp\/v2\/tags?post=40780"}],"curies":[{"name":"wp","href":"https:\/\/api.w.org\/{rel}","templated":true}]}}