{"id":40792,"date":"2022-11-30T06:30:50","date_gmt":"2022-11-30T11:30:50","guid":{"rendered":"https:\/\/luchonoticias.com\/?p=40792"},"modified":"2022-11-30T06:30:50","modified_gmt":"2022-11-30T11:30:50","slug":"30-mototrabajadores-realizaron-curso-de-construccion-basica-gracias-a-la-alcaldia-y-el-sena","status":"publish","type":"post","link":"https:\/\/luchonoticias.com\/editor\/30-mototrabajadores-realizaron-curso-de-construccion-basica-gracias-a-la-alcaldia-y-el-sena\/","title":{"rendered":"30 mototrabajadores realizaron curso de construcci\u00f3n b\u00e1sica gracias a la Alcald\u00eda y el SENA"},"content":{"rendered":"\n<p>El prop\u00f3sito de la administraci\u00f3n municipal en cabeza del alcalde de Neiva, Gorky Mu\u00f1oz Calder\u00f3n, siempre ha sido ayudar a todos los neivanos a reubicarse laboralmente, por eso busc\u00f3 que las personas que se dedican al mototaxismo se organicen y adquieran competencias laborales.<\/p>\n\n\n\n<p>Desde el Centro de Emprendimiento y Generaci\u00f3n de Oportunidades, CEGO, lograron una articulaci\u00f3n con el SENA para que se capacitaran en un curso de construcci\u00f3n b\u00e1sica, donde m\u00e1s de 30 personas entre hombres y mujeres realizan actualmente esta actividad acad\u00e9mica.<\/p>\n\n\n\n<figure class=\"wp-block-gallery has-nested-images columns-default is-cropped wp-block-gallery-1 is-layout-flex wp-block-gallery-is-layout-flex\">\n<figure class=\"wp-block-image size-large\"><img decoding=\"async\" data-id=\"40794\" src=\"https:\/\/luchonoticias.com\/wp-content\/uploads\/2022\/11\/Imagen-de-WhatsApp-2022-11-29-a-las-18.57.16-1024x768.jpg\" alt=\"\" class=\"wp-image-40794\"\/><\/figure>\n\n\n\n<figure class=\"wp-block-image size-large\"><img decoding=\"async\" data-id=\"40795\" src=\"https:\/\/luchonoticias.com\/wp-content\/uploads\/2022\/11\/Imagen-de-WhatsApp-2022-11-29-a-las-18.57.16eee-1024x768.jpg\" alt=\"\" class=\"wp-image-40795\"\/><\/figure>\n<\/figure>\n\n\n\n<p>\u201cSeguimos cumpliendo con todos los compromisos adquiridos con cada uno de los grupos poblacionales, en esta oportunidad con el grupo de mototrabajadores del municipio logramos articular para realizar el curso de construcci\u00f3n b\u00e1sica con el SENA, un curso que les va a permitir tener nociones b\u00e1sicas en temas de construcci\u00f3n\u201d, expres\u00f3 Natalia Alejandra Ortiz Valderrama, l\u00edder del CEGO.<\/p>\n\n\n\n<p>Federico P\u00e9rez Charry, instructor del SENA y encargado de dictarles el curso a estas 30 personas, dio a conocer un poco los conocimientos que ha adquirido este grupo poblacional.<\/p>\n\n\n\n<p>\u201cEste curso consiste en entregarle a la comunidad asistente unas bases y fundamentos que son esenciales, sobre todo para el tema constructivo, bien sea en una vivienda donde ellos puedan desarrollar cada una de las etapas y reconocer, para cuando de pronto tengan la posibilidad de construir su propia vivienda o empleados en alguno de los campos de la construcci\u00f3n, tener la capacidad de desarrollar cada una de las etapas\u201d, dijo el Instructor.<\/p>\n\n\n\n<p>Ya llevan dos semanas recibiendo el curso, donde los mototrabajadores manifiestan el agradecimiento por permitirles capacitarse en algo que quiz\u00e1s les ir\u00e1 a servir m\u00e1s adelante para alg\u00fan empleo.<\/p>\n\n\n\n<p>\u201cCualquier aprendizaje que tenga uno como persona en alg\u00fan momento tiene que aplicar, en estos momentos el curso ha sido en abrirnos la mente bajo conceptos que jam\u00e1s hab\u00edamos tenido, el tema de autoconstrucci\u00f3n es organizarse hacia un futuro para poder tener algo propio. Agradezco a la Alcald\u00eda y al SENA por darnos la oportunidad de realizar este curso\u201d, sostuvo Francy Roc\u00edo Garc\u00eda, participante del curso.<\/p>\n\n\n\n<figure class=\"wp-block-gallery has-nested-images columns-default is-cropped wp-block-gallery-2 is-layout-flex wp-block-gallery-is-layout-flex\">\n<figure class=\"wp-block-image size-large\"><img decoding=\"async\" data-id=\"40796\" src=\"https:\/\/luchonoticias.com\/wp-content\/uploads\/2022\/11\/12s-1024x768.jpg\" alt=\"\" class=\"wp-image-40796\"\/><\/figure>\n\n\n\n<figure class=\"wp-block-image size-large\"><img decoding=\"async\" data-id=\"40798\" src=\"https:\/\/luchonoticias.com\/wp-content\/uploads\/2022\/11\/23454-1024x768.jpg\" alt=\"\" class=\"wp-image-40798\"\/><\/figure>\n\n\n\n<figure class=\"wp-block-image size-large\"><img decoding=\"async\" data-id=\"40797\" src=\"https:\/\/luchonoticias.com\/wp-content\/uploads\/2022\/11\/wwww-1024x768.jpg\" alt=\"\" class=\"wp-image-40797\"\/><\/figure>\n<\/figure>\n\n\n\n<p>A su vez Julio C\u00e1rdenas expres\u00f3: \u201cAgradeci\u00e9ndole a las instituciones que tienen que ver con este curso, el SENA, la Alcald\u00eda y dem\u00e1s que hicieron posible que este curso se realizara, yo ten\u00eda muy claro que uno debe de saber de materiales, de construcci\u00f3n, de leer planos y me parece sorprendente que en semana y media tenemos casi claro todos los conceptos de la construcci\u00f3n b\u00e1sica como para nosotros poder emprender a hacer unos arreglos en nuestras casas\u201d.<\/p>\n\n\n\n<p>Finalmente, la l\u00edder del CEGO invit\u00f3 a todas las personas interesadas en adquirir diferentes capacitaciones a que se inscriban a la hoja de ruta que ofrece el Centro de Emprendimiento y Generaci\u00f3n de Oportunidades de la Alcald\u00eda de Neiva.<\/p>\n\n\n\n<p>\u201cInvitamos a todas las personas que quieran seguir ampliando sus conocimientos que se vinculen al Centro de Emprendimiento, estamos ubicados en el Parque de la M\u00fasica\u201d, concluy\u00f3&nbsp;la&nbsp;funcionaria.<\/p>\n","protected":false},"excerpt":{"rendered":"<p>El prop\u00f3sito de la administraci\u00f3n municipal en cabeza del alcalde de Neiva, Gorky Mu\u00f1oz Calder\u00f3n, siempre ha sido ayudar a todos los neivanos a reubicarse laboralmente, por eso busc\u00f3 que las personas que se dedican al mototaxismo se organicen y adquieran competencias laborales. Desde el Centro de Emprendimiento y Generaci\u00f3n de Oportunidades, CEGO, lograron una [&hellip;]<\/p>\n","protected":false},"author":1,"featured_media":0,"comment_status":"open","ping_status":"open","sticky":false,"template":"","format":"standard","meta":{"footnotes":""},"categories":[36,53],"tags":[],"class_list":["post-40792","post","type-post","status-publish","format-standard","hentry","category-destacado","category-neiva"],"yoast_head":"<!-- This site is optimized with the Yoast SEO plugin v26.6 - https:\/\/yoast.com\/wordpress\/plugins\/seo\/ -->\n<title>30 mototrabajadores realizaron curso de construcci\u00f3n b\u00e1sica gracias a la Alcald\u00eda y el SENA -<\/title>\n<meta name=\"robots\" content=\"index, follow, max-snippet:-1, max-image-preview:large, max-video-preview:-1\" \/>\n<link rel=\"canonical\" href=\"https:\/\/luchonoticias.com\/editor\/30-mototrabajadores-realizaron-curso-de-construccion-basica-gracias-a-la-alcaldia-y-el-sena\/\" \/>\n<meta property=\"og:locale\" content=\"es_ES\" \/>\n<meta property=\"og:type\" content=\"article\" \/>\n<meta property=\"og:title\" content=\"30 mototrabajadores realizaron curso de construcci\u00f3n b\u00e1sica gracias a la Alcald\u00eda y el SENA -\" \/>\n<meta property=\"og:url\" content=\"https:\/\/luchonoticias.com\/editor\/30-mototrabajadores-realizaron-curso-de-construccion-basica-gracias-a-la-alcaldia-y-el-sena\/\" \/>\n<meta property=\"article:publisher\" content=\"https:\/\/www.facebook.com\/luchonoticiasneiva\" \/>\n<meta property=\"article:author\" content=\"https:\/\/www.facebook.com\/luchonoticiasneiva\" \/>\n<meta property=\"article:published_time\" content=\"2022-11-30T11:30:50+00:00\" \/>\n<meta property=\"og:image\" content=\"https:\/\/luchonoticias.com\/wp-content\/uploads\/2022\/11\/Imagen-de-WhatsApp-2022-11-29-a-las-18.57.16-1024x768.jpg\" \/>\n<meta name=\"author\" content=\"admin\" \/>\n<meta name=\"twitter:card\" content=\"summary_large_image\" \/>\n<meta name=\"twitter:label1\" content=\"Escrito por\" \/>\n\t<meta name=\"twitter:data1\" content=\"admin\" \/>\n\t<meta name=\"twitter:label2\" content=\"Tiempo de lectura\" \/>\n\t<meta name=\"twitter:data2\" content=\"3 minutos\" \/>\n<script type=\"application\/ld+json\" class=\"yoast-schema-graph\">{\"@context\":\"https:\/\/schema.org\",\"@graph\":[{\"@type\":\"Article\",\"@id\":\"https:\/\/luchonoticias.com\/editor\/30-mototrabajadores-realizaron-curso-de-construccion-basica-gracias-a-la-alcaldia-y-el-sena\/#article\",\"isPartOf\":{\"@id\":\"https:\/\/luchonoticias.com\/editor\/30-mototrabajadores-realizaron-curso-de-construccion-basica-gracias-a-la-alcaldia-y-el-sena\/\"},\"author\":{\"name\":\"admin\",\"@id\":\"https:\/\/luchonoticias.com\/editor\/#\/schema\/person\/7a7fd911f58561fd056dbac7b55af9cd\"},\"headline\":\"30 mototrabajadores realizaron curso de construcci\u00f3n b\u00e1sica gracias a la Alcald\u00eda y el SENA\",\"datePublished\":\"2022-11-30T11:30:50+00:00\",\"mainEntityOfPage\":{\"@id\":\"https:\/\/luchonoticias.com\/editor\/30-mototrabajadores-realizaron-curso-de-construccion-basica-gracias-a-la-alcaldia-y-el-sena\/\"},\"wordCount\":539,\"commentCount\":0,\"publisher\":{\"@id\":\"https:\/\/luchonoticias.com\/editor\/#\/schema\/person\/7a7fd911f58561fd056dbac7b55af9cd\"},\"image\":{\"@id\":\"https:\/\/luchonoticias.com\/editor\/30-mototrabajadores-realizaron-curso-de-construccion-basica-gracias-a-la-alcaldia-y-el-sena\/#primaryimage\"},\"thumbnailUrl\":\"https:\/\/luchonoticias.com\/wp-content\/uploads\/2022\/11\/Imagen-de-WhatsApp-2022-11-29-a-las-18.57.16-1024x768.jpg\",\"articleSection\":[\"Destacado\",\"Neiva\"],\"inLanguage\":\"es\",\"potentialAction\":[{\"@type\":\"CommentAction\",\"name\":\"Comment\",\"target\":[\"https:\/\/luchonoticias.com\/editor\/30-mototrabajadores-realizaron-curso-de-construccion-basica-gracias-a-la-alcaldia-y-el-sena\/#respond\"]}]},{\"@type\":\"WebPage\",\"@id\":\"https:\/\/luchonoticias.com\/editor\/30-mototrabajadores-realizaron-curso-de-construccion-basica-gracias-a-la-alcaldia-y-el-sena\/\",\"url\":\"https:\/\/luchonoticias.com\/editor\/30-mototrabajadores-realizaron-curso-de-construccion-basica-gracias-a-la-alcaldia-y-el-sena\/\",\"name\":\"30 mototrabajadores realizaron curso de construcci\u00f3n b\u00e1sica gracias a la Alcald\u00eda y el SENA -\",\"isPartOf\":{\"@id\":\"https:\/\/luchonoticias.com\/editor\/#website\"},\"primaryImageOfPage\":{\"@id\":\"https:\/\/luchonoticias.com\/editor\/30-mototrabajadores-realizaron-curso-de-construccion-basica-gracias-a-la-alcaldia-y-el-sena\/#primaryimage\"},\"image\":{\"@id\":\"https:\/\/luchonoticias.com\/editor\/30-mototrabajadores-realizaron-curso-de-construccion-basica-gracias-a-la-alcaldia-y-el-sena\/#primaryimage\"},\"thumbnailUrl\":\"https:\/\/luchonoticias.com\/wp-content\/uploads\/2022\/11\/Imagen-de-WhatsApp-2022-11-29-a-las-18.57.16-1024x768.jpg\",\"datePublished\":\"2022-11-30T11:30:50+00:00\",\"breadcrumb\":{\"@id\":\"https:\/\/luchonoticias.com\/editor\/30-mototrabajadores-realizaron-curso-de-construccion-basica-gracias-a-la-alcaldia-y-el-sena\/#breadcrumb\"},\"inLanguage\":\"es\",\"potentialAction\":[{\"@type\":\"ReadAction\",\"target\":[\"https:\/\/luchonoticias.com\/editor\/30-mototrabajadores-realizaron-curso-de-construccion-basica-gracias-a-la-alcaldia-y-el-sena\/\"]}]},{\"@type\":\"ImageObject\",\"inLanguage\":\"es\",\"@id\":\"https:\/\/luchonoticias.com\/editor\/30-mototrabajadores-realizaron-curso-de-construccion-basica-gracias-a-la-alcaldia-y-el-sena\/#primaryimage\",\"url\":\"https:\/\/luchonoticias.com\/wp-content\/uploads\/2022\/11\/Imagen-de-WhatsApp-2022-11-29-a-las-18.57.16-1024x768.jpg\",\"contentUrl\":\"https:\/\/luchonoticias.com\/wp-content\/uploads\/2022\/11\/Imagen-de-WhatsApp-2022-11-29-a-las-18.57.16-1024x768.jpg\"},{\"@type\":\"BreadcrumbList\",\"@id\":\"https:\/\/luchonoticias.com\/editor\/30-mototrabajadores-realizaron-curso-de-construccion-basica-gracias-a-la-alcaldia-y-el-sena\/#breadcrumb\",\"itemListElement\":[{\"@type\":\"ListItem\",\"position\":1,\"name\":\"Portada\",\"item\":\"https:\/\/luchonoticias.com\/editor\/\"},{\"@type\":\"ListItem\",\"position\":2,\"name\":\"30 mototrabajadores realizaron curso de construcci\u00f3n b\u00e1sica gracias a la Alcald\u00eda y el SENA\"}]},{\"@type\":\"WebSite\",\"@id\":\"https:\/\/luchonoticias.com\/editor\/#website\",\"url\":\"https:\/\/luchonoticias.com\/editor\/\",\"name\":\"\",\"description\":\"\",\"publisher\":{\"@id\":\"https:\/\/luchonoticias.com\/editor\/#\/schema\/person\/7a7fd911f58561fd056dbac7b55af9cd\"},\"potentialAction\":[{\"@type\":\"SearchAction\",\"target\":{\"@type\":\"EntryPoint\",\"urlTemplate\":\"https:\/\/luchonoticias.com\/editor\/?s={search_term_string}\"},\"query-input\":{\"@type\":\"PropertyValueSpecification\",\"valueRequired\":true,\"valueName\":\"search_term_string\"}}],\"inLanguage\":\"es\"},{\"@type\":[\"Person\",\"Organization\"],\"@id\":\"https:\/\/luchonoticias.com\/editor\/#\/schema\/person\/7a7fd911f58561fd056dbac7b55af9cd\",\"name\":\"admin\",\"image\":{\"@type\":\"ImageObject\",\"inLanguage\":\"es\",\"@id\":\"https:\/\/luchonoticias.com\/editor\/#\/schema\/person\/image\/\",\"url\":\"https:\/\/luchonoticias.com\/editor\/wp-content\/uploads\/2024\/02\/cropped-cropped-logolu.webp\",\"contentUrl\":\"https:\/\/luchonoticias.com\/editor\/wp-content\/uploads\/2024\/02\/cropped-cropped-logolu.webp\",\"width\":382,\"height\":170,\"caption\":\"admin\"},\"logo\":{\"@id\":\"https:\/\/luchonoticias.com\/editor\/#\/schema\/person\/image\/\"},\"sameAs\":[\"https:\/\/www.facebook.com\/luchonoticiasneiva\"],\"url\":\"https:\/\/luchonoticias.com\/editor\/author\/admin\/\"}]}<\/script>\n<!-- \/ Yoast SEO plugin. -->","yoast_head_json":{"title":"30 mototrabajadores realizaron curso de construcci\u00f3n b\u00e1sica gracias a la Alcald\u00eda y el SENA -","robots":{"index":"index","follow":"follow","max-snippet":"max-snippet:-1","max-image-preview":"max-image-preview:large","max-video-preview":"max-video-preview:-1"},"canonical":"https:\/\/luchonoticias.com\/editor\/30-mototrabajadores-realizaron-curso-de-construccion-basica-gracias-a-la-alcaldia-y-el-sena\/","og_locale":"es_ES","og_type":"article","og_title":"30 mototrabajadores realizaron curso de construcci\u00f3n b\u00e1sica gracias a la Alcald\u00eda y el SENA -","og_url":"https:\/\/luchonoticias.com\/editor\/30-mototrabajadores-realizaron-curso-de-construccion-basica-gracias-a-la-alcaldia-y-el-sena\/","article_publisher":"https:\/\/www.facebook.com\/luchonoticiasneiva","article_author":"https:\/\/www.facebook.com\/luchonoticiasneiva","article_published_time":"2022-11-30T11:30:50+00:00","og_image":[{"url":"https:\/\/luchonoticias.com\/wp-content\/uploads\/2022\/11\/Imagen-de-WhatsApp-2022-11-29-a-las-18.57.16-1024x768.jpg","type":"","width":"","height":""}],"author":"admin","twitter_card":"summary_large_image","twitter_misc":{"Escrito por":"admin","Tiempo de lectura":"3 minutos"},"schema":{"@context":"https:\/\/schema.org","@graph":[{"@type":"Article","@id":"https:\/\/luchonoticias.com\/editor\/30-mototrabajadores-realizaron-curso-de-construccion-basica-gracias-a-la-alcaldia-y-el-sena\/#article","isPartOf":{"@id":"https:\/\/luchonoticias.com\/editor\/30-mototrabajadores-realizaron-curso-de-construccion-basica-gracias-a-la-alcaldia-y-el-sena\/"},"author":{"name":"admin","@id":"https:\/\/luchonoticias.com\/editor\/#\/schema\/person\/7a7fd911f58561fd056dbac7b55af9cd"},"headline":"30 mototrabajadores realizaron curso de construcci\u00f3n b\u00e1sica gracias a la Alcald\u00eda y el SENA","datePublished":"2022-11-30T11:30:50+00:00","mainEntityOfPage":{"@id":"https:\/\/luchonoticias.com\/editor\/30-mototrabajadores-realizaron-curso-de-construccion-basica-gracias-a-la-alcaldia-y-el-sena\/"},"wordCount":539,"commentCount":0,"publisher":{"@id":"https:\/\/luchonoticias.com\/editor\/#\/schema\/person\/7a7fd911f58561fd056dbac7b55af9cd"},"image":{"@id":"https:\/\/luchonoticias.com\/editor\/30-mototrabajadores-realizaron-curso-de-construccion-basica-gracias-a-la-alcaldia-y-el-sena\/#primaryimage"},"thumbnailUrl":"https:\/\/luchonoticias.com\/wp-content\/uploads\/2022\/11\/Imagen-de-WhatsApp-2022-11-29-a-las-18.57.16-1024x768.jpg","articleSection":["Destacado","Neiva"],"inLanguage":"es","potentialAction":[{"@type":"CommentAction","name":"Comment","target":["https:\/\/luchonoticias.com\/editor\/30-mototrabajadores-realizaron-curso-de-construccion-basica-gracias-a-la-alcaldia-y-el-sena\/#respond"]}]},{"@type":"WebPage","@id":"https:\/\/luchonoticias.com\/editor\/30-mototrabajadores-realizaron-curso-de-construccion-basica-gracias-a-la-alcaldia-y-el-sena\/","url":"https:\/\/luchonoticias.com\/editor\/30-mototrabajadores-realizaron-curso-de-construccion-basica-gracias-a-la-alcaldia-y-el-sena\/","name":"30 mototrabajadores realizaron curso de construcci\u00f3n b\u00e1sica gracias a la Alcald\u00eda y el SENA -","isPartOf":{"@id":"https:\/\/luchonoticias.com\/editor\/#website"},"primaryImageOfPage":{"@id":"https:\/\/luchonoticias.com\/editor\/30-mototrabajadores-realizaron-curso-de-construccion-basica-gracias-a-la-alcaldia-y-el-sena\/#primaryimage"},"image":{"@id":"https:\/\/luchonoticias.com\/editor\/30-mototrabajadores-realizaron-curso-de-construccion-basica-gracias-a-la-alcaldia-y-el-sena\/#primaryimage"},"thumbnailUrl":"https:\/\/luchonoticias.com\/wp-content\/uploads\/2022\/11\/Imagen-de-WhatsApp-2022-11-29-a-las-18.57.16-1024x768.jpg","datePublished":"2022-11-30T11:30:50+00:00","breadcrumb":{"@id":"https:\/\/luchonoticias.com\/editor\/30-mototrabajadores-realizaron-curso-de-construccion-basica-gracias-a-la-alcaldia-y-el-sena\/#breadcrumb"},"inLanguage":"es","potentialAction":[{"@type":"ReadAction","target":["https:\/\/luchonoticias.com\/editor\/30-mototrabajadores-realizaron-curso-de-construccion-basica-gracias-a-la-alcaldia-y-el-sena\/"]}]},{"@type":"ImageObject","inLanguage":"es","@id":"https:\/\/luchonoticias.com\/editor\/30-mototrabajadores-realizaron-curso-de-construccion-basica-gracias-a-la-alcaldia-y-el-sena\/#primaryimage","url":"https:\/\/luchonoticias.com\/wp-content\/uploads\/2022\/11\/Imagen-de-WhatsApp-2022-11-29-a-las-18.57.16-1024x768.jpg","contentUrl":"https:\/\/luchonoticias.com\/wp-content\/uploads\/2022\/11\/Imagen-de-WhatsApp-2022-11-29-a-las-18.57.16-1024x768.jpg"},{"@type":"BreadcrumbList","@id":"https:\/\/luchonoticias.com\/editor\/30-mototrabajadores-realizaron-curso-de-construccion-basica-gracias-a-la-alcaldia-y-el-sena\/#breadcrumb","itemListElement":[{"@type":"ListItem","position":1,"name":"Portada","item":"https:\/\/luchonoticias.com\/editor\/"},{"@type":"ListItem","position":2,"name":"30 mototrabajadores realizaron curso de construcci\u00f3n b\u00e1sica gracias a la Alcald\u00eda y el SENA"}]},{"@type":"WebSite","@id":"https:\/\/luchonoticias.com\/editor\/#website","url":"https:\/\/luchonoticias.com\/editor\/","name":"","description":"","publisher":{"@id":"https:\/\/luchonoticias.com\/editor\/#\/schema\/person\/7a7fd911f58561fd056dbac7b55af9cd"},"potentialAction":[{"@type":"SearchAction","target":{"@type":"EntryPoint","urlTemplate":"https:\/\/luchonoticias.com\/editor\/?s={search_term_string}"},"query-input":{"@type":"PropertyValueSpecification","valueRequired":true,"valueName":"search_term_string"}}],"inLanguage":"es"},{"@type":["Person","Organization"],"@id":"https:\/\/luchonoticias.com\/editor\/#\/schema\/person\/7a7fd911f58561fd056dbac7b55af9cd","name":"admin","image":{"@type":"ImageObject","inLanguage":"es","@id":"https:\/\/luchonoticias.com\/editor\/#\/schema\/person\/image\/","url":"https:\/\/luchonoticias.com\/editor\/wp-content\/uploads\/2024\/02\/cropped-cropped-logolu.webp","contentUrl":"https:\/\/luchonoticias.com\/editor\/wp-content\/uploads\/2024\/02\/cropped-cropped-logolu.webp","width":382,"height":170,"caption":"admin"},"logo":{"@id":"https:\/\/luchonoticias.com\/editor\/#\/schema\/person\/image\/"},"sameAs":["https:\/\/www.facebook.com\/luchonoticiasneiva"],"url":"https:\/\/luchonoticias.com\/editor\/author\/admin\/"}]}},"_links":{"self":[{"href":"https:\/\/luchonoticias.com\/editor\/wp-json\/wp\/v2\/posts\/40792","targetHints":{"allow":["GET"]}}],"collection":[{"href":"https:\/\/luchonoticias.com\/editor\/wp-json\/wp\/v2\/posts"}],"about":[{"href":"https:\/\/luchonoticias.com\/editor\/wp-json\/wp\/v2\/types\/post"}],"author":[{"embeddable":true,"href":"https:\/\/luchonoticias.com\/editor\/wp-json\/wp\/v2\/users\/1"}],"replies":[{"embeddable":true,"href":"https:\/\/luchonoticias.com\/editor\/wp-json\/wp\/v2\/comments?post=40792"}],"version-history":[{"count":0,"href":"https:\/\/luchonoticias.com\/editor\/wp-json\/wp\/v2\/posts\/40792\/revisions"}],"wp:attachment":[{"href":"https:\/\/luchonoticias.com\/editor\/wp-json\/wp\/v2\/media?parent=40792"}],"wp:term":[{"taxonomy":"category","embeddable":true,"href":"https:\/\/luchonoticias.com\/editor\/wp-json\/wp\/v2\/categories?post=40792"},{"taxonomy":"post_tag","embeddable":true,"href":"https:\/\/luchonoticias.com\/editor\/wp-json\/wp\/v2\/tags?post=40792"}],"curies":[{"name":"wp","href":"https:\/\/api.w.org\/{rel}","templated":true}]}}