{"id":40800,"date":"2022-11-30T06:36:12","date_gmt":"2022-11-30T11:36:12","guid":{"rendered":"https:\/\/luchonoticias.com\/?p=40800"},"modified":"2022-11-30T06:36:13","modified_gmt":"2022-11-30T11:36:13","slug":"entregan-ayudas-alimentarias-a-poblacion-en-condicion-de-discapacidad-en-neiva","status":"publish","type":"post","link":"https:\/\/luchonoticias.com\/editor\/entregan-ayudas-alimentarias-a-poblacion-en-condicion-de-discapacidad-en-neiva\/","title":{"rendered":"Entregan ayudas alimentarias a poblaci\u00f3n en condici\u00f3n de discapacidad en Neiva"},"content":{"rendered":"\n<p>\u00ab\u00a1Una bendici\u00f3n!\u00bb As\u00ed expres\u00f3 una beneficiaria de los kits alimentarios que fueron entregados por la Administraci\u00f3n Municipal a trav\u00e9s de la Secretar\u00eda de Desarrollo Social e Inclusi\u00f3n en cumplimiento a los compromisos del alcalde de Neiva, Gorky Mu\u00f1oz Calder\u00f3n, con la poblaci\u00f3n en condici\u00f3n de discapacidad.<\/p>\n\n\n\n<p>\u201cEstoy muy contenta, nos llamaron del Programa de Discapacidad y nos dieron un hermoso detalle: un mercadito. Le doy gracias al alcalde Gorky Mu\u00f1oz, porque ha estado pendiente y por medio de \u00e9l recibimos este mercado\u201d, cont\u00f3 la beneficiaria, Patricia Palomar, madre de dos ni\u00f1as en condici\u00f3n de discapacidad, quien recibe esta ayuda como un milagro de Dios.<\/p>\n\n\n\n<figure class=\"wp-block-gallery has-nested-images columns-default is-cropped wp-block-gallery-1 is-layout-flex wp-block-gallery-is-layout-flex\">\n<figure class=\"wp-block-image size-large\"><img decoding=\"async\" data-id=\"40802\" src=\"https:\/\/luchonoticias.com\/wp-content\/uploads\/2022\/11\/Imagen-de-WhatsApp-2022-11-29-a-las-19.08.18222-1024x682.jpg\" alt=\"\" class=\"wp-image-40802\"\/><\/figure>\n\n\n\n<figure class=\"wp-block-image size-large\"><img decoding=\"async\" data-id=\"40803\" src=\"https:\/\/luchonoticias.com\/wp-content\/uploads\/2022\/11\/ggg-1024x682.jpg\" alt=\"\" class=\"wp-image-40803\"\/><\/figure>\n\n\n\n<figure class=\"wp-block-image size-large\"><img decoding=\"async\" data-id=\"40804\" src=\"https:\/\/luchonoticias.com\/wp-content\/uploads\/2022\/11\/2123r-1024x682.jpg\" alt=\"\" class=\"wp-image-40804\"\/><\/figure>\n<\/figure>\n\n\n\n<p>De acuerdo con el secretario de Desarrollo Social e Inclusi\u00f3n, Ren\u00e9 Giobanny Jim\u00e9nez Cobos, se beneficiaron de los kits alimentarios 255 familias vulnerables del municipio de Neiva.<\/p>\n\n\n\n<p>\u201cDurante el transcurso de la semana hemos entregado kits alimentarios a la poblaci\u00f3n en condici\u00f3n de discapacidad. En el primer semestre se hicieron visitas a trav\u00e9s de las psic\u00f3logas y luego se realiz\u00f3 un comit\u00e9 donde se determin\u00f3 a la poblaci\u00f3n m\u00e1s vulnerable, como resultado, 255 personas salieron beneficiadas\u201d, sostuvo el Secretario de esta cartera.<\/p>\n\n\n\n<p><strong>Dignificando a la poblaci\u00f3n<\/strong><\/p>\n\n\n\n<p>Al igual que Patricia, Ana Elvira Mart\u00ednez Montenegro tambi\u00e9n fue una de las beneficiarias de esta ayuda alimentaria que fue dada por la Alcald\u00eda de Neiva. Ella dijo que, \u201cmuy buena esta ayuda tanto para m\u00ed como para mi hijo, una ni\u00f1a peque\u00f1a que tengo y mi esposo. Muchas gracias por este mercado que he recibido hoy\u201d.<\/p>\n\n\n\n<figure class=\"wp-block-gallery has-nested-images columns-default is-cropped wp-block-gallery-2 is-layout-flex wp-block-gallery-is-layout-flex\">\n<figure class=\"wp-block-image size-large\"><img decoding=\"async\" data-id=\"40807\" src=\"https:\/\/luchonoticias.com\/wp-content\/uploads\/2022\/11\/qwetyih-1024x682.jpg\" alt=\"\" class=\"wp-image-40807\"\/><\/figure>\n\n\n\n<figure class=\"wp-block-image size-large\"><img decoding=\"async\" data-id=\"40805\" src=\"https:\/\/luchonoticias.com\/wp-content\/uploads\/2022\/11\/trrsdss-1024x682.jpg\" alt=\"\" class=\"wp-image-40805\"\/><\/figure>\n\n\n\n<figure class=\"wp-block-image size-large\"><img decoding=\"async\" data-id=\"40806\" src=\"https:\/\/luchonoticias.com\/wp-content\/uploads\/2022\/11\/Imagen-de-WhatsApp-2022-11-29-a-las-19.08.18-1024x682.jpg\" alt=\"\" class=\"wp-image-40806\"\/><\/figure>\n<\/figure>\n\n\n\n<p>Tambi\u00e9n, Jes\u00fas Quintana agradeci\u00f3 a Dios, a la Virgen y a la Alcald\u00eda por la ayuda, dado que hace unos meses estaba esperando esta ayuda, pero que se hizo realidad para muchas familias neivanas en esta \u00e9poca de Navidad.<\/p>\n\n\n\n<p>As\u00ed la Administraci\u00f3n Municipal \u2018Primero Neiva\u2019 dignifica a la poblaci\u00f3n en condici\u00f3n de discapacidad a trav\u00e9s de la atenci\u00f3n integral en beneficio de la calidad de vida de ni\u00f1as, ni\u00f1os, adolescentes&nbsp;y&nbsp;adultos.<\/p>\n","protected":false},"excerpt":{"rendered":"<p>\u00ab\u00a1Una bendici\u00f3n!\u00bb As\u00ed expres\u00f3 una beneficiaria de los kits alimentarios que fueron entregados por la Administraci\u00f3n Municipal a trav\u00e9s de la Secretar\u00eda de Desarrollo Social e Inclusi\u00f3n en cumplimiento a los compromisos del alcalde de Neiva, Gorky Mu\u00f1oz Calder\u00f3n, con la poblaci\u00f3n en condici\u00f3n de discapacidad. \u201cEstoy muy contenta, nos llamaron del Programa de Discapacidad [&hellip;]<\/p>\n","protected":false},"author":1,"featured_media":0,"comment_status":"open","ping_status":"open","sticky":false,"template":"","format":"standard","meta":{"footnotes":""},"categories":[3961,36],"tags":[],"class_list":["post-40800","post","type-post","status-publish","format-standard","hentry","category-comunidad","category-destacado"],"yoast_head":"<!-- This site is optimized with the Yoast SEO plugin v26.6 - https:\/\/yoast.com\/wordpress\/plugins\/seo\/ -->\n<title>Entregan ayudas alimentarias a poblaci\u00f3n en condici\u00f3n de discapacidad en Neiva -<\/title>\n<meta name=\"robots\" content=\"index, follow, max-snippet:-1, max-image-preview:large, max-video-preview:-1\" \/>\n<link rel=\"canonical\" href=\"https:\/\/luchonoticias.com\/editor\/entregan-ayudas-alimentarias-a-poblacion-en-condicion-de-discapacidad-en-neiva\/\" \/>\n<meta property=\"og:locale\" content=\"es_ES\" \/>\n<meta property=\"og:type\" content=\"article\" \/>\n<meta property=\"og:title\" content=\"Entregan ayudas alimentarias a poblaci\u00f3n en condici\u00f3n de discapacidad en Neiva -\" \/>\n<meta property=\"og:url\" content=\"https:\/\/luchonoticias.com\/editor\/entregan-ayudas-alimentarias-a-poblacion-en-condicion-de-discapacidad-en-neiva\/\" \/>\n<meta property=\"article:publisher\" content=\"https:\/\/www.facebook.com\/luchonoticiasneiva\" \/>\n<meta property=\"article:author\" content=\"https:\/\/www.facebook.com\/luchonoticiasneiva\" \/>\n<meta property=\"article:published_time\" content=\"2022-11-30T11:36:12+00:00\" \/>\n<meta property=\"article:modified_time\" content=\"2022-11-30T11:36:13+00:00\" \/>\n<meta property=\"og:image\" content=\"https:\/\/luchonoticias.com\/wp-content\/uploads\/2022\/11\/Imagen-de-WhatsApp-2022-11-29-a-las-19.08.18222-1024x682.jpg\" \/>\n<meta name=\"author\" content=\"admin\" \/>\n<meta name=\"twitter:card\" content=\"summary_large_image\" \/>\n<meta name=\"twitter:label1\" content=\"Escrito por\" \/>\n\t<meta name=\"twitter:data1\" content=\"admin\" \/>\n\t<meta name=\"twitter:label2\" content=\"Tiempo de lectura\" \/>\n\t<meta name=\"twitter:data2\" content=\"2 minutos\" \/>\n<script type=\"application\/ld+json\" class=\"yoast-schema-graph\">{\"@context\":\"https:\/\/schema.org\",\"@graph\":[{\"@type\":\"Article\",\"@id\":\"https:\/\/luchonoticias.com\/editor\/entregan-ayudas-alimentarias-a-poblacion-en-condicion-de-discapacidad-en-neiva\/#article\",\"isPartOf\":{\"@id\":\"https:\/\/luchonoticias.com\/editor\/entregan-ayudas-alimentarias-a-poblacion-en-condicion-de-discapacidad-en-neiva\/\"},\"author\":{\"name\":\"admin\",\"@id\":\"https:\/\/luchonoticias.com\/editor\/#\/schema\/person\/7a7fd911f58561fd056dbac7b55af9cd\"},\"headline\":\"Entregan ayudas alimentarias a poblaci\u00f3n en condici\u00f3n de discapacidad en Neiva\",\"datePublished\":\"2022-11-30T11:36:12+00:00\",\"dateModified\":\"2022-11-30T11:36:13+00:00\",\"mainEntityOfPage\":{\"@id\":\"https:\/\/luchonoticias.com\/editor\/entregan-ayudas-alimentarias-a-poblacion-en-condicion-de-discapacidad-en-neiva\/\"},\"wordCount\":368,\"commentCount\":0,\"publisher\":{\"@id\":\"https:\/\/luchonoticias.com\/editor\/#\/schema\/person\/7a7fd911f58561fd056dbac7b55af9cd\"},\"image\":{\"@id\":\"https:\/\/luchonoticias.com\/editor\/entregan-ayudas-alimentarias-a-poblacion-en-condicion-de-discapacidad-en-neiva\/#primaryimage\"},\"thumbnailUrl\":\"https:\/\/luchonoticias.com\/wp-content\/uploads\/2022\/11\/Imagen-de-WhatsApp-2022-11-29-a-las-19.08.18222-1024x682.jpg\",\"articleSection\":[\"Comunidad\",\"Destacado\"],\"inLanguage\":\"es\",\"potentialAction\":[{\"@type\":\"CommentAction\",\"name\":\"Comment\",\"target\":[\"https:\/\/luchonoticias.com\/editor\/entregan-ayudas-alimentarias-a-poblacion-en-condicion-de-discapacidad-en-neiva\/#respond\"]}]},{\"@type\":\"WebPage\",\"@id\":\"https:\/\/luchonoticias.com\/editor\/entregan-ayudas-alimentarias-a-poblacion-en-condicion-de-discapacidad-en-neiva\/\",\"url\":\"https:\/\/luchonoticias.com\/editor\/entregan-ayudas-alimentarias-a-poblacion-en-condicion-de-discapacidad-en-neiva\/\",\"name\":\"Entregan ayudas alimentarias a poblaci\u00f3n en condici\u00f3n de discapacidad en Neiva -\",\"isPartOf\":{\"@id\":\"https:\/\/luchonoticias.com\/editor\/#website\"},\"primaryImageOfPage\":{\"@id\":\"https:\/\/luchonoticias.com\/editor\/entregan-ayudas-alimentarias-a-poblacion-en-condicion-de-discapacidad-en-neiva\/#primaryimage\"},\"image\":{\"@id\":\"https:\/\/luchonoticias.com\/editor\/entregan-ayudas-alimentarias-a-poblacion-en-condicion-de-discapacidad-en-neiva\/#primaryimage\"},\"thumbnailUrl\":\"https:\/\/luchonoticias.com\/wp-content\/uploads\/2022\/11\/Imagen-de-WhatsApp-2022-11-29-a-las-19.08.18222-1024x682.jpg\",\"datePublished\":\"2022-11-30T11:36:12+00:00\",\"dateModified\":\"2022-11-30T11:36:13+00:00\",\"breadcrumb\":{\"@id\":\"https:\/\/luchonoticias.com\/editor\/entregan-ayudas-alimentarias-a-poblacion-en-condicion-de-discapacidad-en-neiva\/#breadcrumb\"},\"inLanguage\":\"es\",\"potentialAction\":[{\"@type\":\"ReadAction\",\"target\":[\"https:\/\/luchonoticias.com\/editor\/entregan-ayudas-alimentarias-a-poblacion-en-condicion-de-discapacidad-en-neiva\/\"]}]},{\"@type\":\"ImageObject\",\"inLanguage\":\"es\",\"@id\":\"https:\/\/luchonoticias.com\/editor\/entregan-ayudas-alimentarias-a-poblacion-en-condicion-de-discapacidad-en-neiva\/#primaryimage\",\"url\":\"https:\/\/luchonoticias.com\/wp-content\/uploads\/2022\/11\/Imagen-de-WhatsApp-2022-11-29-a-las-19.08.18222-1024x682.jpg\",\"contentUrl\":\"https:\/\/luchonoticias.com\/wp-content\/uploads\/2022\/11\/Imagen-de-WhatsApp-2022-11-29-a-las-19.08.18222-1024x682.jpg\"},{\"@type\":\"BreadcrumbList\",\"@id\":\"https:\/\/luchonoticias.com\/editor\/entregan-ayudas-alimentarias-a-poblacion-en-condicion-de-discapacidad-en-neiva\/#breadcrumb\",\"itemListElement\":[{\"@type\":\"ListItem\",\"position\":1,\"name\":\"Portada\",\"item\":\"https:\/\/luchonoticias.com\/editor\/\"},{\"@type\":\"ListItem\",\"position\":2,\"name\":\"Entregan ayudas alimentarias a poblaci\u00f3n en condici\u00f3n de discapacidad en Neiva\"}]},{\"@type\":\"WebSite\",\"@id\":\"https:\/\/luchonoticias.com\/editor\/#website\",\"url\":\"https:\/\/luchonoticias.com\/editor\/\",\"name\":\"\",\"description\":\"\",\"publisher\":{\"@id\":\"https:\/\/luchonoticias.com\/editor\/#\/schema\/person\/7a7fd911f58561fd056dbac7b55af9cd\"},\"potentialAction\":[{\"@type\":\"SearchAction\",\"target\":{\"@type\":\"EntryPoint\",\"urlTemplate\":\"https:\/\/luchonoticias.com\/editor\/?s={search_term_string}\"},\"query-input\":{\"@type\":\"PropertyValueSpecification\",\"valueRequired\":true,\"valueName\":\"search_term_string\"}}],\"inLanguage\":\"es\"},{\"@type\":[\"Person\",\"Organization\"],\"@id\":\"https:\/\/luchonoticias.com\/editor\/#\/schema\/person\/7a7fd911f58561fd056dbac7b55af9cd\",\"name\":\"admin\",\"image\":{\"@type\":\"ImageObject\",\"inLanguage\":\"es\",\"@id\":\"https:\/\/luchonoticias.com\/editor\/#\/schema\/person\/image\/\",\"url\":\"https:\/\/luchonoticias.com\/editor\/wp-content\/uploads\/2024\/02\/cropped-cropped-logolu.webp\",\"contentUrl\":\"https:\/\/luchonoticias.com\/editor\/wp-content\/uploads\/2024\/02\/cropped-cropped-logolu.webp\",\"width\":382,\"height\":170,\"caption\":\"admin\"},\"logo\":{\"@id\":\"https:\/\/luchonoticias.com\/editor\/#\/schema\/person\/image\/\"},\"sameAs\":[\"https:\/\/www.facebook.com\/luchonoticiasneiva\"],\"url\":\"https:\/\/luchonoticias.com\/editor\/author\/admin\/\"}]}<\/script>\n<!-- \/ Yoast SEO plugin. -->","yoast_head_json":{"title":"Entregan ayudas alimentarias a poblaci\u00f3n en condici\u00f3n de discapacidad en Neiva -","robots":{"index":"index","follow":"follow","max-snippet":"max-snippet:-1","max-image-preview":"max-image-preview:large","max-video-preview":"max-video-preview:-1"},"canonical":"https:\/\/luchonoticias.com\/editor\/entregan-ayudas-alimentarias-a-poblacion-en-condicion-de-discapacidad-en-neiva\/","og_locale":"es_ES","og_type":"article","og_title":"Entregan ayudas alimentarias a poblaci\u00f3n en condici\u00f3n de discapacidad en Neiva -","og_url":"https:\/\/luchonoticias.com\/editor\/entregan-ayudas-alimentarias-a-poblacion-en-condicion-de-discapacidad-en-neiva\/","article_publisher":"https:\/\/www.facebook.com\/luchonoticiasneiva","article_author":"https:\/\/www.facebook.com\/luchonoticiasneiva","article_published_time":"2022-11-30T11:36:12+00:00","article_modified_time":"2022-11-30T11:36:13+00:00","og_image":[{"url":"https:\/\/luchonoticias.com\/wp-content\/uploads\/2022\/11\/Imagen-de-WhatsApp-2022-11-29-a-las-19.08.18222-1024x682.jpg","type":"","width":"","height":""}],"author":"admin","twitter_card":"summary_large_image","twitter_misc":{"Escrito por":"admin","Tiempo de lectura":"2 minutos"},"schema":{"@context":"https:\/\/schema.org","@graph":[{"@type":"Article","@id":"https:\/\/luchonoticias.com\/editor\/entregan-ayudas-alimentarias-a-poblacion-en-condicion-de-discapacidad-en-neiva\/#article","isPartOf":{"@id":"https:\/\/luchonoticias.com\/editor\/entregan-ayudas-alimentarias-a-poblacion-en-condicion-de-discapacidad-en-neiva\/"},"author":{"name":"admin","@id":"https:\/\/luchonoticias.com\/editor\/#\/schema\/person\/7a7fd911f58561fd056dbac7b55af9cd"},"headline":"Entregan ayudas alimentarias a poblaci\u00f3n en condici\u00f3n de discapacidad en Neiva","datePublished":"2022-11-30T11:36:12+00:00","dateModified":"2022-11-30T11:36:13+00:00","mainEntityOfPage":{"@id":"https:\/\/luchonoticias.com\/editor\/entregan-ayudas-alimentarias-a-poblacion-en-condicion-de-discapacidad-en-neiva\/"},"wordCount":368,"commentCount":0,"publisher":{"@id":"https:\/\/luchonoticias.com\/editor\/#\/schema\/person\/7a7fd911f58561fd056dbac7b55af9cd"},"image":{"@id":"https:\/\/luchonoticias.com\/editor\/entregan-ayudas-alimentarias-a-poblacion-en-condicion-de-discapacidad-en-neiva\/#primaryimage"},"thumbnailUrl":"https:\/\/luchonoticias.com\/wp-content\/uploads\/2022\/11\/Imagen-de-WhatsApp-2022-11-29-a-las-19.08.18222-1024x682.jpg","articleSection":["Comunidad","Destacado"],"inLanguage":"es","potentialAction":[{"@type":"CommentAction","name":"Comment","target":["https:\/\/luchonoticias.com\/editor\/entregan-ayudas-alimentarias-a-poblacion-en-condicion-de-discapacidad-en-neiva\/#respond"]}]},{"@type":"WebPage","@id":"https:\/\/luchonoticias.com\/editor\/entregan-ayudas-alimentarias-a-poblacion-en-condicion-de-discapacidad-en-neiva\/","url":"https:\/\/luchonoticias.com\/editor\/entregan-ayudas-alimentarias-a-poblacion-en-condicion-de-discapacidad-en-neiva\/","name":"Entregan ayudas alimentarias a poblaci\u00f3n en condici\u00f3n de discapacidad en Neiva -","isPartOf":{"@id":"https:\/\/luchonoticias.com\/editor\/#website"},"primaryImageOfPage":{"@id":"https:\/\/luchonoticias.com\/editor\/entregan-ayudas-alimentarias-a-poblacion-en-condicion-de-discapacidad-en-neiva\/#primaryimage"},"image":{"@id":"https:\/\/luchonoticias.com\/editor\/entregan-ayudas-alimentarias-a-poblacion-en-condicion-de-discapacidad-en-neiva\/#primaryimage"},"thumbnailUrl":"https:\/\/luchonoticias.com\/wp-content\/uploads\/2022\/11\/Imagen-de-WhatsApp-2022-11-29-a-las-19.08.18222-1024x682.jpg","datePublished":"2022-11-30T11:36:12+00:00","dateModified":"2022-11-30T11:36:13+00:00","breadcrumb":{"@id":"https:\/\/luchonoticias.com\/editor\/entregan-ayudas-alimentarias-a-poblacion-en-condicion-de-discapacidad-en-neiva\/#breadcrumb"},"inLanguage":"es","potentialAction":[{"@type":"ReadAction","target":["https:\/\/luchonoticias.com\/editor\/entregan-ayudas-alimentarias-a-poblacion-en-condicion-de-discapacidad-en-neiva\/"]}]},{"@type":"ImageObject","inLanguage":"es","@id":"https:\/\/luchonoticias.com\/editor\/entregan-ayudas-alimentarias-a-poblacion-en-condicion-de-discapacidad-en-neiva\/#primaryimage","url":"https:\/\/luchonoticias.com\/wp-content\/uploads\/2022\/11\/Imagen-de-WhatsApp-2022-11-29-a-las-19.08.18222-1024x682.jpg","contentUrl":"https:\/\/luchonoticias.com\/wp-content\/uploads\/2022\/11\/Imagen-de-WhatsApp-2022-11-29-a-las-19.08.18222-1024x682.jpg"},{"@type":"BreadcrumbList","@id":"https:\/\/luchonoticias.com\/editor\/entregan-ayudas-alimentarias-a-poblacion-en-condicion-de-discapacidad-en-neiva\/#breadcrumb","itemListElement":[{"@type":"ListItem","position":1,"name":"Portada","item":"https:\/\/luchonoticias.com\/editor\/"},{"@type":"ListItem","position":2,"name":"Entregan ayudas alimentarias a poblaci\u00f3n en condici\u00f3n de discapacidad en Neiva"}]},{"@type":"WebSite","@id":"https:\/\/luchonoticias.com\/editor\/#website","url":"https:\/\/luchonoticias.com\/editor\/","name":"","description":"","publisher":{"@id":"https:\/\/luchonoticias.com\/editor\/#\/schema\/person\/7a7fd911f58561fd056dbac7b55af9cd"},"potentialAction":[{"@type":"SearchAction","target":{"@type":"EntryPoint","urlTemplate":"https:\/\/luchonoticias.com\/editor\/?s={search_term_string}"},"query-input":{"@type":"PropertyValueSpecification","valueRequired":true,"valueName":"search_term_string"}}],"inLanguage":"es"},{"@type":["Person","Organization"],"@id":"https:\/\/luchonoticias.com\/editor\/#\/schema\/person\/7a7fd911f58561fd056dbac7b55af9cd","name":"admin","image":{"@type":"ImageObject","inLanguage":"es","@id":"https:\/\/luchonoticias.com\/editor\/#\/schema\/person\/image\/","url":"https:\/\/luchonoticias.com\/editor\/wp-content\/uploads\/2024\/02\/cropped-cropped-logolu.webp","contentUrl":"https:\/\/luchonoticias.com\/editor\/wp-content\/uploads\/2024\/02\/cropped-cropped-logolu.webp","width":382,"height":170,"caption":"admin"},"logo":{"@id":"https:\/\/luchonoticias.com\/editor\/#\/schema\/person\/image\/"},"sameAs":["https:\/\/www.facebook.com\/luchonoticiasneiva"],"url":"https:\/\/luchonoticias.com\/editor\/author\/admin\/"}]}},"_links":{"self":[{"href":"https:\/\/luchonoticias.com\/editor\/wp-json\/wp\/v2\/posts\/40800","targetHints":{"allow":["GET"]}}],"collection":[{"href":"https:\/\/luchonoticias.com\/editor\/wp-json\/wp\/v2\/posts"}],"about":[{"href":"https:\/\/luchonoticias.com\/editor\/wp-json\/wp\/v2\/types\/post"}],"author":[{"embeddable":true,"href":"https:\/\/luchonoticias.com\/editor\/wp-json\/wp\/v2\/users\/1"}],"replies":[{"embeddable":true,"href":"https:\/\/luchonoticias.com\/editor\/wp-json\/wp\/v2\/comments?post=40800"}],"version-history":[{"count":0,"href":"https:\/\/luchonoticias.com\/editor\/wp-json\/wp\/v2\/posts\/40800\/revisions"}],"wp:attachment":[{"href":"https:\/\/luchonoticias.com\/editor\/wp-json\/wp\/v2\/media?parent=40800"}],"wp:term":[{"taxonomy":"category","embeddable":true,"href":"https:\/\/luchonoticias.com\/editor\/wp-json\/wp\/v2\/categories?post=40800"},{"taxonomy":"post_tag","embeddable":true,"href":"https:\/\/luchonoticias.com\/editor\/wp-json\/wp\/v2\/tags?post=40800"}],"curies":[{"name":"wp","href":"https:\/\/api.w.org\/{rel}","templated":true}]}}