{"id":40809,"date":"2022-11-30T06:40:42","date_gmt":"2022-11-30T11:40:42","guid":{"rendered":"https:\/\/luchonoticias.com\/?p=40809"},"modified":"2022-11-30T06:40:43","modified_gmt":"2022-11-30T11:40:43","slug":"que-ha-hecho-la-alcaldia-en-la-comuna-10-de-neiva-mandatario-entrego-informe","status":"publish","type":"post","link":"https:\/\/luchonoticias.com\/editor\/que-ha-hecho-la-alcaldia-en-la-comuna-10-de-neiva-mandatario-entrego-informe\/","title":{"rendered":"\u00bfQu\u00e9 ha hecho la Alcald\u00eda en la comuna 10 de Neiva? mandatario entreg\u00f3 informe"},"content":{"rendered":"\n<p>Ante Asojuntas de la Comuna 10, el alcalde de Neiva, Gorky Mu\u00f1oz Calder\u00f3n y su equipo de gobierno rindi\u00f3 el primer avance de las acciones adelantadas en ese sector del oriente de la ciudad, que est\u00e1n enmarcadas en el Plan de Desarrollo \u2018Mandato Ciudadano, Territorio de Vida y Paz\u2019.<\/p>\n\n\n\n<p>Para el mandatario de los neivanos, fue importante compartir y rendir un informe ante Asojuntas, detallando las acciones que se vienen adelantando desde el inicio de la Administraci\u00f3n Municipal \u2018Primero Neiva\u2019.<\/p>\n\n\n\n<p>\u201cNosotros hemos venido trabajando con Asojuntas. Hoy le correspondi\u00f3 a la comuna 10. De los 42 presidentes de junta que est\u00e1n legalizados, vinieron casi 30; y aqu\u00ed escuchamos 18 intervenciones de cada uno de ellos, entreg\u00e1ndoles un informe detallado de qu\u00e9 es lo que hemos hecho desde el primer a\u00f1o de gobierno a la fecha, lo que vamos a hacer y lo que nos falta por hacer\u201d, sostuvo Mu\u00f1oz Calder\u00f3n.<\/p>\n\n\n\n<figure class=\"wp-block-gallery has-nested-images columns-default is-cropped wp-block-gallery-1 is-layout-flex wp-block-gallery-is-layout-flex\">\n<figure class=\"wp-block-image size-large\"><img decoding=\"async\" data-id=\"40811\" src=\"https:\/\/luchonoticias.com\/wp-content\/uploads\/2022\/11\/dsdfscdf--1024x683.jpg\" alt=\"\" class=\"wp-image-40811\"\/><\/figure>\n\n\n\n<figure class=\"wp-block-image size-large\"><img decoding=\"async\" data-id=\"40813\" src=\"https:\/\/luchonoticias.com\/wp-content\/uploads\/2022\/11\/ewsdf-1024x683.jpg\" alt=\"\" class=\"wp-image-40813\"\/><\/figure>\n\n\n\n<figure class=\"wp-block-image size-large\"><img decoding=\"async\" data-id=\"40812\" src=\"https:\/\/luchonoticias.com\/wp-content\/uploads\/2022\/11\/sa-fadf-1024x683.jpg\" alt=\"\" class=\"wp-image-40812\"\/><\/figure>\n<\/figure>\n\n\n\n<p>Durante el desarrollo de esta importante congregaci\u00f3n de l\u00edderes comunales, se expusieron las acciones de cada una de las dependencias y entidades descentralizadas, destac\u00e1ndose obras educativas cuya inversi\u00f3n superan los $900.000.000, la legalizaci\u00f3n de tres asentamientos: La Victoria, \u2018\u00c1lvaro Uribe V\u00e9lez\u2019 y Los Machines, beneficiando a 1.444 personas y las mejoras en las viviendas de 141 familias.<\/p>\n\n\n\n<p>\u201cEntre las acciones se destacan alumbrado p\u00fablico, pavimentaci\u00f3n de v\u00edas, seguridad, legalizaci\u00f3n, titulaci\u00f3n y reconocimiento a varios asentamientos del sector de la comuna 10, entre otras acciones\u201d, precis\u00f3 el mandatario.<\/p>\n\n\n\n<p><strong>Reacciones<\/strong><\/p>\n\n\n\n<p>Mercedes Lozano, presidenta del barrio La Amistad<\/p>\n\n\n\n<p>\u201cHoy estoy muy contenta, ya nos entregaron un listado aqu\u00ed de las v\u00edas que van a ser pavimentadas por el mandato de Gorky y aqu\u00ed aparece la carrera 52. Ojal\u00e1 y el Se\u00f1or nos ayude, para que esto se haga una realidad\u201d.<\/p>\n\n\n\n<p>Rogert Toro Mu\u00f1oz, presidente de Asojuntas<\/p>\n\n\n\n<p>\u201cAgradecimiento, primero, por escuchar principalmente a la comunidad, m\u00e1s que el informe de rendici\u00f3n de cuentas, es la oportunidad para que las comunidades puedan expresar sus necesidades y a la vez, encontrar las soluciones a la problem\u00e1tica que tiene la comuna. Eso es un punto positivo y la respuesta fue positiva, as\u00ed lo miramos nosotros como comunales y miramos con buenos ojos porque hubo unos resultados muy buenos que generan una gran expectativa\u201d.<\/p>\n\n\n\n<figure class=\"wp-block-gallery has-nested-images columns-default is-cropped wp-block-gallery-2 is-layout-flex wp-block-gallery-is-layout-flex\">\n<figure class=\"wp-block-image size-large\"><img decoding=\"async\" data-id=\"40815\" src=\"https:\/\/luchonoticias.com\/wp-content\/uploads\/2022\/11\/saads-1024x683.jpg\" alt=\"\" class=\"wp-image-40815\"\/><\/figure>\n\n\n\n<figure class=\"wp-block-image size-large\"><img decoding=\"async\" data-id=\"40816\" src=\"https:\/\/luchonoticias.com\/wp-content\/uploads\/2022\/11\/dfdfd--1024x683.jpg\" alt=\"\" class=\"wp-image-40816\"\/><\/figure>\n\n\n\n<figure class=\"wp-block-image size-large\"><img decoding=\"async\" data-id=\"40814\" src=\"https:\/\/luchonoticias.com\/wp-content\/uploads\/2022\/11\/dsesdfd--1024x683.jpg\" alt=\"\" class=\"wp-image-40814\"\/><\/figure>\n<\/figure>\n\n\n\n<p>Mar\u00eda Esther Rivera de Cabrera, presidente de los ediles de la Comuna 10<\/p>\n\n\n\n<p>\u201cEstoy muy contenta y feliz porque desde hace muchos a\u00f1os, antes de ser alcalde, el se\u00f1or Gorky Mu\u00f1oz ya me ayudaba, apoy\u00e1ndonos en la construcci\u00f3n de nuestra iglesia y hoy le doy gracias a Dios que \u00e9l est\u00e1 bien, ha podido salir bien con la administraci\u00f3n\u201d.<\/p>\n\n\n\n<p>Yaneth Quintero Cepeda, delegada de Asojuntas de la Comuna 10<\/p>\n\n\n\n<p>\u201cHoy nos sentimos satisfechos como l\u00edderes comunales, directivos de Asojuntas, porque hemos hecho dos alcaldes en la Comuna 10, y hoy vemos reflejado las peticiones que cada presidente hab\u00eda solicitado al alcalde. Hoy, los secretarios vinieron y rindieron cuentas sobre en qu\u00e9 se han invertido los recursos del municipio de Neiva, esperanzados a que se siga transformando nuestra&nbsp;ciudad\u201d.<\/p>\n","protected":false},"excerpt":{"rendered":"<p>Ante Asojuntas de la Comuna 10, el alcalde de Neiva, Gorky Mu\u00f1oz Calder\u00f3n y su equipo de gobierno rindi\u00f3 el primer avance de las acciones adelantadas en ese sector del oriente de la ciudad, que est\u00e1n enmarcadas en el Plan de Desarrollo \u2018Mandato Ciudadano, Territorio de Vida y Paz\u2019. Para el mandatario de los neivanos, [&hellip;]<\/p>\n","protected":false},"author":1,"featured_media":0,"comment_status":"open","ping_status":"open","sticky":false,"template":"","format":"standard","meta":{"footnotes":""},"categories":[36,31],"tags":[],"class_list":["post-40809","post","type-post","status-publish","format-standard","hentry","category-destacado","category-local"],"yoast_head":"<!-- This site is optimized with the Yoast SEO plugin v26.6 - https:\/\/yoast.com\/wordpress\/plugins\/seo\/ -->\n<title>\u00bfQu\u00e9 ha hecho la Alcald\u00eda en la comuna 10 de Neiva? mandatario entreg\u00f3 informe -<\/title>\n<meta name=\"robots\" content=\"index, follow, max-snippet:-1, max-image-preview:large, max-video-preview:-1\" \/>\n<link rel=\"canonical\" href=\"https:\/\/luchonoticias.com\/editor\/que-ha-hecho-la-alcaldia-en-la-comuna-10-de-neiva-mandatario-entrego-informe\/\" \/>\n<meta property=\"og:locale\" content=\"es_ES\" \/>\n<meta property=\"og:type\" content=\"article\" \/>\n<meta property=\"og:title\" content=\"\u00bfQu\u00e9 ha hecho la Alcald\u00eda en la comuna 10 de Neiva? mandatario entreg\u00f3 informe -\" \/>\n<meta property=\"og:url\" content=\"https:\/\/luchonoticias.com\/editor\/que-ha-hecho-la-alcaldia-en-la-comuna-10-de-neiva-mandatario-entrego-informe\/\" \/>\n<meta property=\"article:publisher\" content=\"https:\/\/www.facebook.com\/luchonoticiasneiva\" \/>\n<meta property=\"article:author\" content=\"https:\/\/www.facebook.com\/luchonoticiasneiva\" \/>\n<meta property=\"article:published_time\" content=\"2022-11-30T11:40:42+00:00\" \/>\n<meta property=\"article:modified_time\" content=\"2022-11-30T11:40:43+00:00\" \/>\n<meta property=\"og:image\" content=\"https:\/\/luchonoticias.com\/wp-content\/uploads\/2022\/11\/dsdfscdf--1024x683.jpg\" \/>\n<meta name=\"author\" content=\"admin\" \/>\n<meta name=\"twitter:card\" content=\"summary_large_image\" \/>\n<meta name=\"twitter:label1\" content=\"Escrito por\" \/>\n\t<meta name=\"twitter:data1\" content=\"admin\" \/>\n\t<meta name=\"twitter:label2\" content=\"Tiempo de lectura\" \/>\n\t<meta name=\"twitter:data2\" content=\"3 minutos\" \/>\n<script type=\"application\/ld+json\" class=\"yoast-schema-graph\">{\"@context\":\"https:\/\/schema.org\",\"@graph\":[{\"@type\":\"Article\",\"@id\":\"https:\/\/luchonoticias.com\/editor\/que-ha-hecho-la-alcaldia-en-la-comuna-10-de-neiva-mandatario-entrego-informe\/#article\",\"isPartOf\":{\"@id\":\"https:\/\/luchonoticias.com\/editor\/que-ha-hecho-la-alcaldia-en-la-comuna-10-de-neiva-mandatario-entrego-informe\/\"},\"author\":{\"name\":\"admin\",\"@id\":\"https:\/\/luchonoticias.com\/editor\/#\/schema\/person\/7a7fd911f58561fd056dbac7b55af9cd\"},\"headline\":\"\u00bfQu\u00e9 ha hecho la Alcald\u00eda en la comuna 10 de Neiva? mandatario entreg\u00f3 informe\",\"datePublished\":\"2022-11-30T11:40:42+00:00\",\"dateModified\":\"2022-11-30T11:40:43+00:00\",\"mainEntityOfPage\":{\"@id\":\"https:\/\/luchonoticias.com\/editor\/que-ha-hecho-la-alcaldia-en-la-comuna-10-de-neiva-mandatario-entrego-informe\/\"},\"wordCount\":531,\"commentCount\":0,\"publisher\":{\"@id\":\"https:\/\/luchonoticias.com\/editor\/#\/schema\/person\/7a7fd911f58561fd056dbac7b55af9cd\"},\"image\":{\"@id\":\"https:\/\/luchonoticias.com\/editor\/que-ha-hecho-la-alcaldia-en-la-comuna-10-de-neiva-mandatario-entrego-informe\/#primaryimage\"},\"thumbnailUrl\":\"https:\/\/luchonoticias.com\/wp-content\/uploads\/2022\/11\/dsdfscdf--1024x683.jpg\",\"articleSection\":[\"Destacado\",\"Local\"],\"inLanguage\":\"es\",\"potentialAction\":[{\"@type\":\"CommentAction\",\"name\":\"Comment\",\"target\":[\"https:\/\/luchonoticias.com\/editor\/que-ha-hecho-la-alcaldia-en-la-comuna-10-de-neiva-mandatario-entrego-informe\/#respond\"]}]},{\"@type\":\"WebPage\",\"@id\":\"https:\/\/luchonoticias.com\/editor\/que-ha-hecho-la-alcaldia-en-la-comuna-10-de-neiva-mandatario-entrego-informe\/\",\"url\":\"https:\/\/luchonoticias.com\/editor\/que-ha-hecho-la-alcaldia-en-la-comuna-10-de-neiva-mandatario-entrego-informe\/\",\"name\":\"\u00bfQu\u00e9 ha hecho la Alcald\u00eda en la comuna 10 de Neiva? mandatario entreg\u00f3 informe -\",\"isPartOf\":{\"@id\":\"https:\/\/luchonoticias.com\/editor\/#website\"},\"primaryImageOfPage\":{\"@id\":\"https:\/\/luchonoticias.com\/editor\/que-ha-hecho-la-alcaldia-en-la-comuna-10-de-neiva-mandatario-entrego-informe\/#primaryimage\"},\"image\":{\"@id\":\"https:\/\/luchonoticias.com\/editor\/que-ha-hecho-la-alcaldia-en-la-comuna-10-de-neiva-mandatario-entrego-informe\/#primaryimage\"},\"thumbnailUrl\":\"https:\/\/luchonoticias.com\/wp-content\/uploads\/2022\/11\/dsdfscdf--1024x683.jpg\",\"datePublished\":\"2022-11-30T11:40:42+00:00\",\"dateModified\":\"2022-11-30T11:40:43+00:00\",\"breadcrumb\":{\"@id\":\"https:\/\/luchonoticias.com\/editor\/que-ha-hecho-la-alcaldia-en-la-comuna-10-de-neiva-mandatario-entrego-informe\/#breadcrumb\"},\"inLanguage\":\"es\",\"potentialAction\":[{\"@type\":\"ReadAction\",\"target\":[\"https:\/\/luchonoticias.com\/editor\/que-ha-hecho-la-alcaldia-en-la-comuna-10-de-neiva-mandatario-entrego-informe\/\"]}]},{\"@type\":\"ImageObject\",\"inLanguage\":\"es\",\"@id\":\"https:\/\/luchonoticias.com\/editor\/que-ha-hecho-la-alcaldia-en-la-comuna-10-de-neiva-mandatario-entrego-informe\/#primaryimage\",\"url\":\"https:\/\/luchonoticias.com\/wp-content\/uploads\/2022\/11\/dsdfscdf--1024x683.jpg\",\"contentUrl\":\"https:\/\/luchonoticias.com\/wp-content\/uploads\/2022\/11\/dsdfscdf--1024x683.jpg\"},{\"@type\":\"BreadcrumbList\",\"@id\":\"https:\/\/luchonoticias.com\/editor\/que-ha-hecho-la-alcaldia-en-la-comuna-10-de-neiva-mandatario-entrego-informe\/#breadcrumb\",\"itemListElement\":[{\"@type\":\"ListItem\",\"position\":1,\"name\":\"Portada\",\"item\":\"https:\/\/luchonoticias.com\/editor\/\"},{\"@type\":\"ListItem\",\"position\":2,\"name\":\"\u00bfQu\u00e9 ha hecho la Alcald\u00eda en la comuna 10 de Neiva? mandatario entreg\u00f3 informe\"}]},{\"@type\":\"WebSite\",\"@id\":\"https:\/\/luchonoticias.com\/editor\/#website\",\"url\":\"https:\/\/luchonoticias.com\/editor\/\",\"name\":\"\",\"description\":\"\",\"publisher\":{\"@id\":\"https:\/\/luchonoticias.com\/editor\/#\/schema\/person\/7a7fd911f58561fd056dbac7b55af9cd\"},\"potentialAction\":[{\"@type\":\"SearchAction\",\"target\":{\"@type\":\"EntryPoint\",\"urlTemplate\":\"https:\/\/luchonoticias.com\/editor\/?s={search_term_string}\"},\"query-input\":{\"@type\":\"PropertyValueSpecification\",\"valueRequired\":true,\"valueName\":\"search_term_string\"}}],\"inLanguage\":\"es\"},{\"@type\":[\"Person\",\"Organization\"],\"@id\":\"https:\/\/luchonoticias.com\/editor\/#\/schema\/person\/7a7fd911f58561fd056dbac7b55af9cd\",\"name\":\"admin\",\"image\":{\"@type\":\"ImageObject\",\"inLanguage\":\"es\",\"@id\":\"https:\/\/luchonoticias.com\/editor\/#\/schema\/person\/image\/\",\"url\":\"https:\/\/luchonoticias.com\/editor\/wp-content\/uploads\/2024\/02\/cropped-cropped-logolu.webp\",\"contentUrl\":\"https:\/\/luchonoticias.com\/editor\/wp-content\/uploads\/2024\/02\/cropped-cropped-logolu.webp\",\"width\":382,\"height\":170,\"caption\":\"admin\"},\"logo\":{\"@id\":\"https:\/\/luchonoticias.com\/editor\/#\/schema\/person\/image\/\"},\"sameAs\":[\"https:\/\/www.facebook.com\/luchonoticiasneiva\"],\"url\":\"https:\/\/luchonoticias.com\/editor\/author\/admin\/\"}]}<\/script>\n<!-- \/ Yoast SEO plugin. -->","yoast_head_json":{"title":"\u00bfQu\u00e9 ha hecho la Alcald\u00eda en la comuna 10 de Neiva? mandatario entreg\u00f3 informe -","robots":{"index":"index","follow":"follow","max-snippet":"max-snippet:-1","max-image-preview":"max-image-preview:large","max-video-preview":"max-video-preview:-1"},"canonical":"https:\/\/luchonoticias.com\/editor\/que-ha-hecho-la-alcaldia-en-la-comuna-10-de-neiva-mandatario-entrego-informe\/","og_locale":"es_ES","og_type":"article","og_title":"\u00bfQu\u00e9 ha hecho la Alcald\u00eda en la comuna 10 de Neiva? mandatario entreg\u00f3 informe -","og_url":"https:\/\/luchonoticias.com\/editor\/que-ha-hecho-la-alcaldia-en-la-comuna-10-de-neiva-mandatario-entrego-informe\/","article_publisher":"https:\/\/www.facebook.com\/luchonoticiasneiva","article_author":"https:\/\/www.facebook.com\/luchonoticiasneiva","article_published_time":"2022-11-30T11:40:42+00:00","article_modified_time":"2022-11-30T11:40:43+00:00","og_image":[{"url":"https:\/\/luchonoticias.com\/wp-content\/uploads\/2022\/11\/dsdfscdf--1024x683.jpg","type":"","width":"","height":""}],"author":"admin","twitter_card":"summary_large_image","twitter_misc":{"Escrito por":"admin","Tiempo de lectura":"3 minutos"},"schema":{"@context":"https:\/\/schema.org","@graph":[{"@type":"Article","@id":"https:\/\/luchonoticias.com\/editor\/que-ha-hecho-la-alcaldia-en-la-comuna-10-de-neiva-mandatario-entrego-informe\/#article","isPartOf":{"@id":"https:\/\/luchonoticias.com\/editor\/que-ha-hecho-la-alcaldia-en-la-comuna-10-de-neiva-mandatario-entrego-informe\/"},"author":{"name":"admin","@id":"https:\/\/luchonoticias.com\/editor\/#\/schema\/person\/7a7fd911f58561fd056dbac7b55af9cd"},"headline":"\u00bfQu\u00e9 ha hecho la Alcald\u00eda en la comuna 10 de Neiva? mandatario entreg\u00f3 informe","datePublished":"2022-11-30T11:40:42+00:00","dateModified":"2022-11-30T11:40:43+00:00","mainEntityOfPage":{"@id":"https:\/\/luchonoticias.com\/editor\/que-ha-hecho-la-alcaldia-en-la-comuna-10-de-neiva-mandatario-entrego-informe\/"},"wordCount":531,"commentCount":0,"publisher":{"@id":"https:\/\/luchonoticias.com\/editor\/#\/schema\/person\/7a7fd911f58561fd056dbac7b55af9cd"},"image":{"@id":"https:\/\/luchonoticias.com\/editor\/que-ha-hecho-la-alcaldia-en-la-comuna-10-de-neiva-mandatario-entrego-informe\/#primaryimage"},"thumbnailUrl":"https:\/\/luchonoticias.com\/wp-content\/uploads\/2022\/11\/dsdfscdf--1024x683.jpg","articleSection":["Destacado","Local"],"inLanguage":"es","potentialAction":[{"@type":"CommentAction","name":"Comment","target":["https:\/\/luchonoticias.com\/editor\/que-ha-hecho-la-alcaldia-en-la-comuna-10-de-neiva-mandatario-entrego-informe\/#respond"]}]},{"@type":"WebPage","@id":"https:\/\/luchonoticias.com\/editor\/que-ha-hecho-la-alcaldia-en-la-comuna-10-de-neiva-mandatario-entrego-informe\/","url":"https:\/\/luchonoticias.com\/editor\/que-ha-hecho-la-alcaldia-en-la-comuna-10-de-neiva-mandatario-entrego-informe\/","name":"\u00bfQu\u00e9 ha hecho la Alcald\u00eda en la comuna 10 de Neiva? mandatario entreg\u00f3 informe -","isPartOf":{"@id":"https:\/\/luchonoticias.com\/editor\/#website"},"primaryImageOfPage":{"@id":"https:\/\/luchonoticias.com\/editor\/que-ha-hecho-la-alcaldia-en-la-comuna-10-de-neiva-mandatario-entrego-informe\/#primaryimage"},"image":{"@id":"https:\/\/luchonoticias.com\/editor\/que-ha-hecho-la-alcaldia-en-la-comuna-10-de-neiva-mandatario-entrego-informe\/#primaryimage"},"thumbnailUrl":"https:\/\/luchonoticias.com\/wp-content\/uploads\/2022\/11\/dsdfscdf--1024x683.jpg","datePublished":"2022-11-30T11:40:42+00:00","dateModified":"2022-11-30T11:40:43+00:00","breadcrumb":{"@id":"https:\/\/luchonoticias.com\/editor\/que-ha-hecho-la-alcaldia-en-la-comuna-10-de-neiva-mandatario-entrego-informe\/#breadcrumb"},"inLanguage":"es","potentialAction":[{"@type":"ReadAction","target":["https:\/\/luchonoticias.com\/editor\/que-ha-hecho-la-alcaldia-en-la-comuna-10-de-neiva-mandatario-entrego-informe\/"]}]},{"@type":"ImageObject","inLanguage":"es","@id":"https:\/\/luchonoticias.com\/editor\/que-ha-hecho-la-alcaldia-en-la-comuna-10-de-neiva-mandatario-entrego-informe\/#primaryimage","url":"https:\/\/luchonoticias.com\/wp-content\/uploads\/2022\/11\/dsdfscdf--1024x683.jpg","contentUrl":"https:\/\/luchonoticias.com\/wp-content\/uploads\/2022\/11\/dsdfscdf--1024x683.jpg"},{"@type":"BreadcrumbList","@id":"https:\/\/luchonoticias.com\/editor\/que-ha-hecho-la-alcaldia-en-la-comuna-10-de-neiva-mandatario-entrego-informe\/#breadcrumb","itemListElement":[{"@type":"ListItem","position":1,"name":"Portada","item":"https:\/\/luchonoticias.com\/editor\/"},{"@type":"ListItem","position":2,"name":"\u00bfQu\u00e9 ha hecho la Alcald\u00eda en la comuna 10 de Neiva? mandatario entreg\u00f3 informe"}]},{"@type":"WebSite","@id":"https:\/\/luchonoticias.com\/editor\/#website","url":"https:\/\/luchonoticias.com\/editor\/","name":"","description":"","publisher":{"@id":"https:\/\/luchonoticias.com\/editor\/#\/schema\/person\/7a7fd911f58561fd056dbac7b55af9cd"},"potentialAction":[{"@type":"SearchAction","target":{"@type":"EntryPoint","urlTemplate":"https:\/\/luchonoticias.com\/editor\/?s={search_term_string}"},"query-input":{"@type":"PropertyValueSpecification","valueRequired":true,"valueName":"search_term_string"}}],"inLanguage":"es"},{"@type":["Person","Organization"],"@id":"https:\/\/luchonoticias.com\/editor\/#\/schema\/person\/7a7fd911f58561fd056dbac7b55af9cd","name":"admin","image":{"@type":"ImageObject","inLanguage":"es","@id":"https:\/\/luchonoticias.com\/editor\/#\/schema\/person\/image\/","url":"https:\/\/luchonoticias.com\/editor\/wp-content\/uploads\/2024\/02\/cropped-cropped-logolu.webp","contentUrl":"https:\/\/luchonoticias.com\/editor\/wp-content\/uploads\/2024\/02\/cropped-cropped-logolu.webp","width":382,"height":170,"caption":"admin"},"logo":{"@id":"https:\/\/luchonoticias.com\/editor\/#\/schema\/person\/image\/"},"sameAs":["https:\/\/www.facebook.com\/luchonoticiasneiva"],"url":"https:\/\/luchonoticias.com\/editor\/author\/admin\/"}]}},"_links":{"self":[{"href":"https:\/\/luchonoticias.com\/editor\/wp-json\/wp\/v2\/posts\/40809","targetHints":{"allow":["GET"]}}],"collection":[{"href":"https:\/\/luchonoticias.com\/editor\/wp-json\/wp\/v2\/posts"}],"about":[{"href":"https:\/\/luchonoticias.com\/editor\/wp-json\/wp\/v2\/types\/post"}],"author":[{"embeddable":true,"href":"https:\/\/luchonoticias.com\/editor\/wp-json\/wp\/v2\/users\/1"}],"replies":[{"embeddable":true,"href":"https:\/\/luchonoticias.com\/editor\/wp-json\/wp\/v2\/comments?post=40809"}],"version-history":[{"count":0,"href":"https:\/\/luchonoticias.com\/editor\/wp-json\/wp\/v2\/posts\/40809\/revisions"}],"wp:attachment":[{"href":"https:\/\/luchonoticias.com\/editor\/wp-json\/wp\/v2\/media?parent=40809"}],"wp:term":[{"taxonomy":"category","embeddable":true,"href":"https:\/\/luchonoticias.com\/editor\/wp-json\/wp\/v2\/categories?post=40809"},{"taxonomy":"post_tag","embeddable":true,"href":"https:\/\/luchonoticias.com\/editor\/wp-json\/wp\/v2\/tags?post=40809"}],"curies":[{"name":"wp","href":"https:\/\/api.w.org\/{rel}","templated":true}]}}