{"id":40818,"date":"2022-11-30T06:42:55","date_gmt":"2022-11-30T11:42:55","guid":{"rendered":"https:\/\/luchonoticias.com\/?p=40818"},"modified":"2022-11-30T06:42:56","modified_gmt":"2022-11-30T11:42:56","slug":"treinta-mujeres-se-certificaron-en-el-curso-mujer-emprendedora-empoderada","status":"publish","type":"post","link":"https:\/\/luchonoticias.com\/editor\/treinta-mujeres-se-certificaron-en-el-curso-mujer-emprendedora-empoderada\/","title":{"rendered":"Treinta mujeres se certificaron en el curso \u2018Mujer Emprendedora Empoderada\u2019"},"content":{"rendered":"\n<p>Con el \u00e1nimo de seguir apoyando a las mujeres emprendedoras, la Alcald\u00eda de Neiva a trav\u00e9s del Centro de Emprendimiento y Generaci\u00f3n de Oportunidades, CEGO, se articul\u00f3 con la Fundaci\u00f3n Universitaria Navarra donde les brindaron un curso a mujeres que est\u00e1n iniciando con un emprendimiento.<\/p>\n\n\n\n<p>\u201cSeguimos trabajando para que los emprendedores del municipio de Neiva sigan mejorando sus habilidades en temas de emprendimiento, es por eso que entregamos el diploma del curso \u2018Mujer Emprendedora Empoderada\u2019 a 30 emprendedoras del municipio de Neiva que mejoraron sus habilidades y le dimos herramientas para que siguieran mejorando sus unidades productivas\u201d, expres\u00f3 Natalia Alejandra Ortiz Valderrama, l\u00edder del CEGO.<\/p>\n\n\n\n<figure class=\"wp-block-gallery has-nested-images columns-default is-cropped wp-block-gallery-1 is-layout-flex wp-block-gallery-is-layout-flex\">\n<figure class=\"wp-block-image size-large\"><img decoding=\"async\" data-id=\"40820\" src=\"https:\/\/luchonoticias.com\/wp-content\/uploads\/2022\/11\/q-1024x768.jpg\" alt=\"\" class=\"wp-image-40820\"\/><\/figure>\n\n\n\n<figure class=\"wp-block-image size-large\"><img decoding=\"async\" data-id=\"40821\" src=\"https:\/\/luchonoticias.com\/wp-content\/uploads\/2022\/11\/a-1024x768.jpg\" alt=\"\" class=\"wp-image-40821\"\/><\/figure>\n<\/figure>\n\n\n\n<p>De acuerdo con Dairo Enrique Fuentes, coordinador de Pr\u00e1cticas Empresariales de la Uninavarra, el curso de \u2018Mujer Emprendedora Empoderada\u2019, est\u00e1 dise\u00f1ado para fortalecer las capacidades emprendedoras de un grupo de mujeres especiales.<\/p>\n\n\n\n<p>\u201cLo que queremos con este curso es entregar herramientas metodol\u00f3gicas para que las emprendedoras puedan enfrentar el diario vivir de un emprendedor, la realidad de las ventas, la realidad de las finanzas, la realidad de la creaci\u00f3n de productos y servicios, en este espacio hemos podido identificar herramientas y transferirlo a los j\u00f3venes\u201d, sostuvo Fuentes.<\/p>\n\n\n\n<figure class=\"wp-block-gallery has-nested-images columns-default is-cropped wp-block-gallery-2 is-layout-flex wp-block-gallery-is-layout-flex\">\n<figure class=\"wp-block-image size-large\"><img decoding=\"async\" data-id=\"40822\" src=\"https:\/\/luchonoticias.com\/wp-content\/uploads\/2022\/11\/zzzzzzzzzzzzzzzz-1024x768.jpg\" alt=\"\" class=\"wp-image-40822\"\/><\/figure>\n\n\n\n<figure class=\"wp-block-image size-large\"><img decoding=\"async\" data-id=\"40823\" src=\"https:\/\/luchonoticias.com\/wp-content\/uploads\/2022\/11\/ggggggggggggggg-1024x768.jpg\" alt=\"\" class=\"wp-image-40823\"\/><\/figure>\n\n\n\n<figure class=\"wp-block-image size-large\"><img decoding=\"async\" data-id=\"40824\" src=\"https:\/\/luchonoticias.com\/wp-content\/uploads\/2022\/11\/s-1024x768.jpg\" alt=\"\" class=\"wp-image-40824\"\/><\/figure>\n<\/figure>\n\n\n\n<p>Finalmente, este trabajo articulado se seguir\u00e1 realizando con el prop\u00f3sito de ayudar a todos los neivanos a capacitarse en diferentes \u00e1reas, para que crezcan con sus emprendimientos.<\/p>\n","protected":false},"excerpt":{"rendered":"<p>Con el \u00e1nimo de seguir apoyando a las mujeres emprendedoras, la Alcald\u00eda de Neiva a trav\u00e9s del Centro de Emprendimiento y Generaci\u00f3n de Oportunidades, CEGO, se articul\u00f3 con la Fundaci\u00f3n Universitaria Navarra donde les brindaron un curso a mujeres que est\u00e1n iniciando con un emprendimiento. \u201cSeguimos trabajando para que los emprendedores del municipio de Neiva [&hellip;]<\/p>\n","protected":false},"author":1,"featured_media":0,"comment_status":"open","ping_status":"open","sticky":false,"template":"","format":"standard","meta":{"footnotes":""},"categories":[3961,36],"tags":[],"class_list":["post-40818","post","type-post","status-publish","format-standard","hentry","category-comunidad","category-destacado"],"yoast_head":"<!-- This site is optimized with the Yoast SEO plugin v26.6 - https:\/\/yoast.com\/wordpress\/plugins\/seo\/ -->\n<title>Treinta mujeres se certificaron en el curso \u2018Mujer Emprendedora Empoderada\u2019 -<\/title>\n<meta name=\"robots\" content=\"index, follow, max-snippet:-1, max-image-preview:large, max-video-preview:-1\" \/>\n<link rel=\"canonical\" href=\"https:\/\/luchonoticias.com\/editor\/treinta-mujeres-se-certificaron-en-el-curso-mujer-emprendedora-empoderada\/\" \/>\n<meta property=\"og:locale\" content=\"es_ES\" \/>\n<meta property=\"og:type\" content=\"article\" \/>\n<meta property=\"og:title\" content=\"Treinta mujeres se certificaron en el curso \u2018Mujer Emprendedora Empoderada\u2019 -\" \/>\n<meta property=\"og:url\" content=\"https:\/\/luchonoticias.com\/editor\/treinta-mujeres-se-certificaron-en-el-curso-mujer-emprendedora-empoderada\/\" \/>\n<meta property=\"article:publisher\" content=\"https:\/\/www.facebook.com\/luchonoticiasneiva\" \/>\n<meta property=\"article:author\" content=\"https:\/\/www.facebook.com\/luchonoticiasneiva\" \/>\n<meta property=\"article:published_time\" content=\"2022-11-30T11:42:55+00:00\" \/>\n<meta property=\"article:modified_time\" content=\"2022-11-30T11:42:56+00:00\" \/>\n<meta property=\"og:image\" content=\"https:\/\/luchonoticias.com\/wp-content\/uploads\/2022\/11\/q-1024x768.jpg\" \/>\n<meta name=\"author\" content=\"admin\" \/>\n<meta name=\"twitter:card\" content=\"summary_large_image\" \/>\n<meta name=\"twitter:label1\" content=\"Escrito por\" \/>\n\t<meta name=\"twitter:data1\" content=\"admin\" \/>\n\t<meta name=\"twitter:label2\" content=\"Tiempo de lectura\" \/>\n\t<meta name=\"twitter:data2\" content=\"1 minuto\" \/>\n<script type=\"application\/ld+json\" class=\"yoast-schema-graph\">{\"@context\":\"https:\/\/schema.org\",\"@graph\":[{\"@type\":\"Article\",\"@id\":\"https:\/\/luchonoticias.com\/editor\/treinta-mujeres-se-certificaron-en-el-curso-mujer-emprendedora-empoderada\/#article\",\"isPartOf\":{\"@id\":\"https:\/\/luchonoticias.com\/editor\/treinta-mujeres-se-certificaron-en-el-curso-mujer-emprendedora-empoderada\/\"},\"author\":{\"name\":\"admin\",\"@id\":\"https:\/\/luchonoticias.com\/editor\/#\/schema\/person\/7a7fd911f58561fd056dbac7b55af9cd\"},\"headline\":\"Treinta mujeres se certificaron en el curso \u2018Mujer Emprendedora Empoderada\u2019\",\"datePublished\":\"2022-11-30T11:42:55+00:00\",\"dateModified\":\"2022-11-30T11:42:56+00:00\",\"mainEntityOfPage\":{\"@id\":\"https:\/\/luchonoticias.com\/editor\/treinta-mujeres-se-certificaron-en-el-curso-mujer-emprendedora-empoderada\/\"},\"wordCount\":240,\"commentCount\":0,\"publisher\":{\"@id\":\"https:\/\/luchonoticias.com\/editor\/#\/schema\/person\/7a7fd911f58561fd056dbac7b55af9cd\"},\"image\":{\"@id\":\"https:\/\/luchonoticias.com\/editor\/treinta-mujeres-se-certificaron-en-el-curso-mujer-emprendedora-empoderada\/#primaryimage\"},\"thumbnailUrl\":\"https:\/\/luchonoticias.com\/wp-content\/uploads\/2022\/11\/q-1024x768.jpg\",\"articleSection\":[\"Comunidad\",\"Destacado\"],\"inLanguage\":\"es\",\"potentialAction\":[{\"@type\":\"CommentAction\",\"name\":\"Comment\",\"target\":[\"https:\/\/luchonoticias.com\/editor\/treinta-mujeres-se-certificaron-en-el-curso-mujer-emprendedora-empoderada\/#respond\"]}]},{\"@type\":\"WebPage\",\"@id\":\"https:\/\/luchonoticias.com\/editor\/treinta-mujeres-se-certificaron-en-el-curso-mujer-emprendedora-empoderada\/\",\"url\":\"https:\/\/luchonoticias.com\/editor\/treinta-mujeres-se-certificaron-en-el-curso-mujer-emprendedora-empoderada\/\",\"name\":\"Treinta mujeres se certificaron en el curso \u2018Mujer Emprendedora Empoderada\u2019 -\",\"isPartOf\":{\"@id\":\"https:\/\/luchonoticias.com\/editor\/#website\"},\"primaryImageOfPage\":{\"@id\":\"https:\/\/luchonoticias.com\/editor\/treinta-mujeres-se-certificaron-en-el-curso-mujer-emprendedora-empoderada\/#primaryimage\"},\"image\":{\"@id\":\"https:\/\/luchonoticias.com\/editor\/treinta-mujeres-se-certificaron-en-el-curso-mujer-emprendedora-empoderada\/#primaryimage\"},\"thumbnailUrl\":\"https:\/\/luchonoticias.com\/wp-content\/uploads\/2022\/11\/q-1024x768.jpg\",\"datePublished\":\"2022-11-30T11:42:55+00:00\",\"dateModified\":\"2022-11-30T11:42:56+00:00\",\"breadcrumb\":{\"@id\":\"https:\/\/luchonoticias.com\/editor\/treinta-mujeres-se-certificaron-en-el-curso-mujer-emprendedora-empoderada\/#breadcrumb\"},\"inLanguage\":\"es\",\"potentialAction\":[{\"@type\":\"ReadAction\",\"target\":[\"https:\/\/luchonoticias.com\/editor\/treinta-mujeres-se-certificaron-en-el-curso-mujer-emprendedora-empoderada\/\"]}]},{\"@type\":\"ImageObject\",\"inLanguage\":\"es\",\"@id\":\"https:\/\/luchonoticias.com\/editor\/treinta-mujeres-se-certificaron-en-el-curso-mujer-emprendedora-empoderada\/#primaryimage\",\"url\":\"https:\/\/luchonoticias.com\/wp-content\/uploads\/2022\/11\/q-1024x768.jpg\",\"contentUrl\":\"https:\/\/luchonoticias.com\/wp-content\/uploads\/2022\/11\/q-1024x768.jpg\"},{\"@type\":\"BreadcrumbList\",\"@id\":\"https:\/\/luchonoticias.com\/editor\/treinta-mujeres-se-certificaron-en-el-curso-mujer-emprendedora-empoderada\/#breadcrumb\",\"itemListElement\":[{\"@type\":\"ListItem\",\"position\":1,\"name\":\"Portada\",\"item\":\"https:\/\/luchonoticias.com\/editor\/\"},{\"@type\":\"ListItem\",\"position\":2,\"name\":\"Treinta mujeres se certificaron en el curso \u2018Mujer Emprendedora Empoderada\u2019\"}]},{\"@type\":\"WebSite\",\"@id\":\"https:\/\/luchonoticias.com\/editor\/#website\",\"url\":\"https:\/\/luchonoticias.com\/editor\/\",\"name\":\"\",\"description\":\"\",\"publisher\":{\"@id\":\"https:\/\/luchonoticias.com\/editor\/#\/schema\/person\/7a7fd911f58561fd056dbac7b55af9cd\"},\"potentialAction\":[{\"@type\":\"SearchAction\",\"target\":{\"@type\":\"EntryPoint\",\"urlTemplate\":\"https:\/\/luchonoticias.com\/editor\/?s={search_term_string}\"},\"query-input\":{\"@type\":\"PropertyValueSpecification\",\"valueRequired\":true,\"valueName\":\"search_term_string\"}}],\"inLanguage\":\"es\"},{\"@type\":[\"Person\",\"Organization\"],\"@id\":\"https:\/\/luchonoticias.com\/editor\/#\/schema\/person\/7a7fd911f58561fd056dbac7b55af9cd\",\"name\":\"admin\",\"image\":{\"@type\":\"ImageObject\",\"inLanguage\":\"es\",\"@id\":\"https:\/\/luchonoticias.com\/editor\/#\/schema\/person\/image\/\",\"url\":\"https:\/\/luchonoticias.com\/editor\/wp-content\/uploads\/2024\/02\/cropped-cropped-logolu.webp\",\"contentUrl\":\"https:\/\/luchonoticias.com\/editor\/wp-content\/uploads\/2024\/02\/cropped-cropped-logolu.webp\",\"width\":382,\"height\":170,\"caption\":\"admin\"},\"logo\":{\"@id\":\"https:\/\/luchonoticias.com\/editor\/#\/schema\/person\/image\/\"},\"sameAs\":[\"https:\/\/www.facebook.com\/luchonoticiasneiva\"],\"url\":\"https:\/\/luchonoticias.com\/editor\/author\/admin\/\"}]}<\/script>\n<!-- \/ Yoast SEO plugin. -->","yoast_head_json":{"title":"Treinta mujeres se certificaron en el curso \u2018Mujer Emprendedora Empoderada\u2019 -","robots":{"index":"index","follow":"follow","max-snippet":"max-snippet:-1","max-image-preview":"max-image-preview:large","max-video-preview":"max-video-preview:-1"},"canonical":"https:\/\/luchonoticias.com\/editor\/treinta-mujeres-se-certificaron-en-el-curso-mujer-emprendedora-empoderada\/","og_locale":"es_ES","og_type":"article","og_title":"Treinta mujeres se certificaron en el curso \u2018Mujer Emprendedora Empoderada\u2019 -","og_url":"https:\/\/luchonoticias.com\/editor\/treinta-mujeres-se-certificaron-en-el-curso-mujer-emprendedora-empoderada\/","article_publisher":"https:\/\/www.facebook.com\/luchonoticiasneiva","article_author":"https:\/\/www.facebook.com\/luchonoticiasneiva","article_published_time":"2022-11-30T11:42:55+00:00","article_modified_time":"2022-11-30T11:42:56+00:00","og_image":[{"url":"https:\/\/luchonoticias.com\/wp-content\/uploads\/2022\/11\/q-1024x768.jpg","type":"","width":"","height":""}],"author":"admin","twitter_card":"summary_large_image","twitter_misc":{"Escrito por":"admin","Tiempo de lectura":"1 minuto"},"schema":{"@context":"https:\/\/schema.org","@graph":[{"@type":"Article","@id":"https:\/\/luchonoticias.com\/editor\/treinta-mujeres-se-certificaron-en-el-curso-mujer-emprendedora-empoderada\/#article","isPartOf":{"@id":"https:\/\/luchonoticias.com\/editor\/treinta-mujeres-se-certificaron-en-el-curso-mujer-emprendedora-empoderada\/"},"author":{"name":"admin","@id":"https:\/\/luchonoticias.com\/editor\/#\/schema\/person\/7a7fd911f58561fd056dbac7b55af9cd"},"headline":"Treinta mujeres se certificaron en el curso \u2018Mujer Emprendedora Empoderada\u2019","datePublished":"2022-11-30T11:42:55+00:00","dateModified":"2022-11-30T11:42:56+00:00","mainEntityOfPage":{"@id":"https:\/\/luchonoticias.com\/editor\/treinta-mujeres-se-certificaron-en-el-curso-mujer-emprendedora-empoderada\/"},"wordCount":240,"commentCount":0,"publisher":{"@id":"https:\/\/luchonoticias.com\/editor\/#\/schema\/person\/7a7fd911f58561fd056dbac7b55af9cd"},"image":{"@id":"https:\/\/luchonoticias.com\/editor\/treinta-mujeres-se-certificaron-en-el-curso-mujer-emprendedora-empoderada\/#primaryimage"},"thumbnailUrl":"https:\/\/luchonoticias.com\/wp-content\/uploads\/2022\/11\/q-1024x768.jpg","articleSection":["Comunidad","Destacado"],"inLanguage":"es","potentialAction":[{"@type":"CommentAction","name":"Comment","target":["https:\/\/luchonoticias.com\/editor\/treinta-mujeres-se-certificaron-en-el-curso-mujer-emprendedora-empoderada\/#respond"]}]},{"@type":"WebPage","@id":"https:\/\/luchonoticias.com\/editor\/treinta-mujeres-se-certificaron-en-el-curso-mujer-emprendedora-empoderada\/","url":"https:\/\/luchonoticias.com\/editor\/treinta-mujeres-se-certificaron-en-el-curso-mujer-emprendedora-empoderada\/","name":"Treinta mujeres se certificaron en el curso \u2018Mujer Emprendedora Empoderada\u2019 -","isPartOf":{"@id":"https:\/\/luchonoticias.com\/editor\/#website"},"primaryImageOfPage":{"@id":"https:\/\/luchonoticias.com\/editor\/treinta-mujeres-se-certificaron-en-el-curso-mujer-emprendedora-empoderada\/#primaryimage"},"image":{"@id":"https:\/\/luchonoticias.com\/editor\/treinta-mujeres-se-certificaron-en-el-curso-mujer-emprendedora-empoderada\/#primaryimage"},"thumbnailUrl":"https:\/\/luchonoticias.com\/wp-content\/uploads\/2022\/11\/q-1024x768.jpg","datePublished":"2022-11-30T11:42:55+00:00","dateModified":"2022-11-30T11:42:56+00:00","breadcrumb":{"@id":"https:\/\/luchonoticias.com\/editor\/treinta-mujeres-se-certificaron-en-el-curso-mujer-emprendedora-empoderada\/#breadcrumb"},"inLanguage":"es","potentialAction":[{"@type":"ReadAction","target":["https:\/\/luchonoticias.com\/editor\/treinta-mujeres-se-certificaron-en-el-curso-mujer-emprendedora-empoderada\/"]}]},{"@type":"ImageObject","inLanguage":"es","@id":"https:\/\/luchonoticias.com\/editor\/treinta-mujeres-se-certificaron-en-el-curso-mujer-emprendedora-empoderada\/#primaryimage","url":"https:\/\/luchonoticias.com\/wp-content\/uploads\/2022\/11\/q-1024x768.jpg","contentUrl":"https:\/\/luchonoticias.com\/wp-content\/uploads\/2022\/11\/q-1024x768.jpg"},{"@type":"BreadcrumbList","@id":"https:\/\/luchonoticias.com\/editor\/treinta-mujeres-se-certificaron-en-el-curso-mujer-emprendedora-empoderada\/#breadcrumb","itemListElement":[{"@type":"ListItem","position":1,"name":"Portada","item":"https:\/\/luchonoticias.com\/editor\/"},{"@type":"ListItem","position":2,"name":"Treinta mujeres se certificaron en el curso \u2018Mujer Emprendedora Empoderada\u2019"}]},{"@type":"WebSite","@id":"https:\/\/luchonoticias.com\/editor\/#website","url":"https:\/\/luchonoticias.com\/editor\/","name":"","description":"","publisher":{"@id":"https:\/\/luchonoticias.com\/editor\/#\/schema\/person\/7a7fd911f58561fd056dbac7b55af9cd"},"potentialAction":[{"@type":"SearchAction","target":{"@type":"EntryPoint","urlTemplate":"https:\/\/luchonoticias.com\/editor\/?s={search_term_string}"},"query-input":{"@type":"PropertyValueSpecification","valueRequired":true,"valueName":"search_term_string"}}],"inLanguage":"es"},{"@type":["Person","Organization"],"@id":"https:\/\/luchonoticias.com\/editor\/#\/schema\/person\/7a7fd911f58561fd056dbac7b55af9cd","name":"admin","image":{"@type":"ImageObject","inLanguage":"es","@id":"https:\/\/luchonoticias.com\/editor\/#\/schema\/person\/image\/","url":"https:\/\/luchonoticias.com\/editor\/wp-content\/uploads\/2024\/02\/cropped-cropped-logolu.webp","contentUrl":"https:\/\/luchonoticias.com\/editor\/wp-content\/uploads\/2024\/02\/cropped-cropped-logolu.webp","width":382,"height":170,"caption":"admin"},"logo":{"@id":"https:\/\/luchonoticias.com\/editor\/#\/schema\/person\/image\/"},"sameAs":["https:\/\/www.facebook.com\/luchonoticiasneiva"],"url":"https:\/\/luchonoticias.com\/editor\/author\/admin\/"}]}},"_links":{"self":[{"href":"https:\/\/luchonoticias.com\/editor\/wp-json\/wp\/v2\/posts\/40818","targetHints":{"allow":["GET"]}}],"collection":[{"href":"https:\/\/luchonoticias.com\/editor\/wp-json\/wp\/v2\/posts"}],"about":[{"href":"https:\/\/luchonoticias.com\/editor\/wp-json\/wp\/v2\/types\/post"}],"author":[{"embeddable":true,"href":"https:\/\/luchonoticias.com\/editor\/wp-json\/wp\/v2\/users\/1"}],"replies":[{"embeddable":true,"href":"https:\/\/luchonoticias.com\/editor\/wp-json\/wp\/v2\/comments?post=40818"}],"version-history":[{"count":0,"href":"https:\/\/luchonoticias.com\/editor\/wp-json\/wp\/v2\/posts\/40818\/revisions"}],"wp:attachment":[{"href":"https:\/\/luchonoticias.com\/editor\/wp-json\/wp\/v2\/media?parent=40818"}],"wp:term":[{"taxonomy":"category","embeddable":true,"href":"https:\/\/luchonoticias.com\/editor\/wp-json\/wp\/v2\/categories?post=40818"},{"taxonomy":"post_tag","embeddable":true,"href":"https:\/\/luchonoticias.com\/editor\/wp-json\/wp\/v2\/tags?post=40818"}],"curies":[{"name":"wp","href":"https:\/\/api.w.org\/{rel}","templated":true}]}}