{"id":40869,"date":"2022-12-01T06:51:34","date_gmt":"2022-12-01T11:51:34","guid":{"rendered":"https:\/\/luchonoticias.com\/?p=40869"},"modified":"2022-12-01T06:51:35","modified_gmt":"2022-12-01T11:51:35","slug":"la-administracion-municipal-le-responde-a-la-comuna-siete-de-neiva","status":"publish","type":"post","link":"https:\/\/luchonoticias.com\/editor\/la-administracion-municipal-le-responde-a-la-comuna-siete-de-neiva\/","title":{"rendered":"La Administraci\u00f3n Municipal le responde a la comuna siete de Neiva"},"content":{"rendered":"\n<p>Dependencias de la Alcald\u00eda de Neiva se reunieron en la Biblioteca Huellas, del Parque de la M\u00fasica \u2018Jorge Villamil Cordovez\u2019, con presidentes de las juntas de acci\u00f3n comunal de la Comuna 7, para dar respuesta a sus peticiones y dar soluci\u00f3n a sus necesidades. Jorge Pati\u00f1o, asesor del Despacho agreg\u00f3 que \u201cm\u00e1s de 45 peticiones hechas a las diferentes dependencias fueron resueltas con un resultado satisfactorio, hoy Gorky Mu\u00f1oz Calder\u00f3n le cumple a la Comuna 7\u201d, se\u00f1al\u00f3.<\/p>\n\n\n\n<figure class=\"wp-block-gallery has-nested-images columns-default is-cropped wp-block-gallery-1 is-layout-flex wp-block-gallery-is-layout-flex\">\n<figure class=\"wp-block-image size-large\"><img decoding=\"async\" data-id=\"40872\" src=\"https:\/\/luchonoticias.com\/wp-content\/uploads\/2022\/12\/hggfgs-1024x768.jpg\" alt=\"\" class=\"wp-image-40872\"\/><\/figure>\n\n\n\n<figure class=\"wp-block-image size-large\"><img decoding=\"async\" data-id=\"40871\" src=\"https:\/\/luchonoticias.com\/wp-content\/uploads\/2022\/12\/fhhh-1024x768.jpg\" alt=\"\" class=\"wp-image-40871\"\/><\/figure>\n\n\n\n<figure class=\"wp-block-image size-large\"><img decoding=\"async\" data-id=\"40873\" src=\"https:\/\/luchonoticias.com\/wp-content\/uploads\/2022\/12\/4ffffffsassa-1024x768.jpg\" alt=\"\" class=\"wp-image-40873\"\/><\/figure>\n<\/figure>\n\n\n\n<p>Los l\u00edderes de este sector de la ciudad, comprometidos con las necesidades de su comunidad manifestaron su agradecimiento. Fabio Nelson Berm\u00fadez as\u00ed lo afirm\u00f3. \u201cmuy positiva la socializaci\u00f3n, ya que hab\u00edamos presentado unas peticiones, gracias a Dios y a la gesti\u00f3n del Alcalde Gorky, a la ESIP y a su equipo de trabajo porque nos dieron respuestas a nuestras peticiones\u201d.<\/p>\n\n\n\n<p>Para terminar, en materia de seguridad, el presidente del barrio La Juventud, Sa\u00fal Polan\u00eda Cadena, dijo que \u201cme parece excelente el acompa\u00f1amiento en el tema de vigilancia y seguridad por parte de la Polic\u00eda Nacional\u201d.<\/p>\n\n\n\n<figure class=\"wp-block-gallery has-nested-images columns-default is-cropped wp-block-gallery-2 is-layout-flex wp-block-gallery-is-layout-flex\">\n<figure class=\"wp-block-image size-large\"><img decoding=\"async\" data-id=\"40874\" src=\"https:\/\/luchonoticias.com\/wp-content\/uploads\/2022\/12\/59950-1024x768.jpg\" alt=\"\" class=\"wp-image-40874\"\/><\/figure>\n\n\n\n<figure class=\"wp-block-image size-large\"><img decoding=\"async\" data-id=\"40876\" src=\"https:\/\/luchonoticias.com\/wp-content\/uploads\/2022\/12\/950590-1024x768.jpg\" alt=\"\" class=\"wp-image-40876\"\/><\/figure>\n\n\n\n<figure class=\"wp-block-image size-large\"><img decoding=\"async\" data-id=\"40875\" src=\"https:\/\/luchonoticias.com\/wp-content\/uploads\/2022\/12\/5590-1024x768.jpg\" alt=\"\" class=\"wp-image-40875\"\/><\/figure>\n<\/figure>\n\n\n\n<p>Aunque quedaron algunas peticiones en avanzada soluci\u00f3n, \u00e9l se muestra confiado en la gesti\u00f3n de la Administraci\u00f3n Primero Neiva, \u201cquedamos en buenos t\u00e9rminos con EPN, con relaci\u00f3n a la canalizaci\u00f3n de la quebrada Zanja Honda, y esperamos la visita de Ornato para el tema de acci\u00f3n y la recuperaci\u00f3n de los lugares de esparcimiento de este barrio\u201d.<\/p>\n","protected":false},"excerpt":{"rendered":"<p>Dependencias de la Alcald\u00eda de Neiva se reunieron en la Biblioteca Huellas, del Parque de la M\u00fasica \u2018Jorge Villamil Cordovez\u2019, con presidentes de las juntas de acci\u00f3n comunal de la Comuna 7, para dar respuesta a sus peticiones y dar soluci\u00f3n a sus necesidades. Jorge Pati\u00f1o, asesor del Despacho agreg\u00f3 que \u201cm\u00e1s de 45 peticiones [&hellip;]<\/p>\n","protected":false},"author":1,"featured_media":0,"comment_status":"open","ping_status":"open","sticky":false,"template":"","format":"standard","meta":{"footnotes":""},"categories":[36,53],"tags":[],"class_list":["post-40869","post","type-post","status-publish","format-standard","hentry","category-destacado","category-neiva"],"yoast_head":"<!-- This site is optimized with the Yoast SEO plugin v26.6 - https:\/\/yoast.com\/wordpress\/plugins\/seo\/ -->\n<title>La Administraci\u00f3n Municipal le responde a la comuna siete de Neiva -<\/title>\n<meta name=\"robots\" content=\"index, follow, max-snippet:-1, max-image-preview:large, max-video-preview:-1\" \/>\n<link rel=\"canonical\" href=\"https:\/\/luchonoticias.com\/editor\/la-administracion-municipal-le-responde-a-la-comuna-siete-de-neiva\/\" \/>\n<meta property=\"og:locale\" content=\"es_ES\" \/>\n<meta property=\"og:type\" content=\"article\" \/>\n<meta property=\"og:title\" content=\"La Administraci\u00f3n Municipal le responde a la comuna siete de Neiva -\" \/>\n<meta property=\"og:url\" content=\"https:\/\/luchonoticias.com\/editor\/la-administracion-municipal-le-responde-a-la-comuna-siete-de-neiva\/\" \/>\n<meta property=\"article:publisher\" content=\"https:\/\/www.facebook.com\/luchonoticiasneiva\" \/>\n<meta property=\"article:author\" content=\"https:\/\/www.facebook.com\/luchonoticiasneiva\" \/>\n<meta property=\"article:published_time\" content=\"2022-12-01T11:51:34+00:00\" \/>\n<meta property=\"article:modified_time\" content=\"2022-12-01T11:51:35+00:00\" \/>\n<meta property=\"og:image\" content=\"https:\/\/luchonoticias.com\/wp-content\/uploads\/2022\/12\/hggfgs-1024x768.jpg\" \/>\n<meta name=\"author\" content=\"admin\" \/>\n<meta name=\"twitter:card\" content=\"summary_large_image\" \/>\n<meta name=\"twitter:label1\" content=\"Escrito por\" \/>\n\t<meta name=\"twitter:data1\" content=\"admin\" \/>\n\t<meta name=\"twitter:label2\" content=\"Tiempo de lectura\" \/>\n\t<meta name=\"twitter:data2\" content=\"1 minuto\" \/>\n<script type=\"application\/ld+json\" class=\"yoast-schema-graph\">{\"@context\":\"https:\/\/schema.org\",\"@graph\":[{\"@type\":\"Article\",\"@id\":\"https:\/\/luchonoticias.com\/editor\/la-administracion-municipal-le-responde-a-la-comuna-siete-de-neiva\/#article\",\"isPartOf\":{\"@id\":\"https:\/\/luchonoticias.com\/editor\/la-administracion-municipal-le-responde-a-la-comuna-siete-de-neiva\/\"},\"author\":{\"name\":\"admin\",\"@id\":\"https:\/\/luchonoticias.com\/editor\/#\/schema\/person\/7a7fd911f58561fd056dbac7b55af9cd\"},\"headline\":\"La Administraci\u00f3n Municipal le responde a la comuna siete de Neiva\",\"datePublished\":\"2022-12-01T11:51:34+00:00\",\"dateModified\":\"2022-12-01T11:51:35+00:00\",\"mainEntityOfPage\":{\"@id\":\"https:\/\/luchonoticias.com\/editor\/la-administracion-municipal-le-responde-a-la-comuna-siete-de-neiva\/\"},\"wordCount\":264,\"commentCount\":0,\"publisher\":{\"@id\":\"https:\/\/luchonoticias.com\/editor\/#\/schema\/person\/7a7fd911f58561fd056dbac7b55af9cd\"},\"image\":{\"@id\":\"https:\/\/luchonoticias.com\/editor\/la-administracion-municipal-le-responde-a-la-comuna-siete-de-neiva\/#primaryimage\"},\"thumbnailUrl\":\"https:\/\/luchonoticias.com\/wp-content\/uploads\/2022\/12\/hggfgs-1024x768.jpg\",\"articleSection\":[\"Destacado\",\"Neiva\"],\"inLanguage\":\"es\",\"potentialAction\":[{\"@type\":\"CommentAction\",\"name\":\"Comment\",\"target\":[\"https:\/\/luchonoticias.com\/editor\/la-administracion-municipal-le-responde-a-la-comuna-siete-de-neiva\/#respond\"]}]},{\"@type\":\"WebPage\",\"@id\":\"https:\/\/luchonoticias.com\/editor\/la-administracion-municipal-le-responde-a-la-comuna-siete-de-neiva\/\",\"url\":\"https:\/\/luchonoticias.com\/editor\/la-administracion-municipal-le-responde-a-la-comuna-siete-de-neiva\/\",\"name\":\"La Administraci\u00f3n Municipal le responde a la comuna siete de Neiva -\",\"isPartOf\":{\"@id\":\"https:\/\/luchonoticias.com\/editor\/#website\"},\"primaryImageOfPage\":{\"@id\":\"https:\/\/luchonoticias.com\/editor\/la-administracion-municipal-le-responde-a-la-comuna-siete-de-neiva\/#primaryimage\"},\"image\":{\"@id\":\"https:\/\/luchonoticias.com\/editor\/la-administracion-municipal-le-responde-a-la-comuna-siete-de-neiva\/#primaryimage\"},\"thumbnailUrl\":\"https:\/\/luchonoticias.com\/wp-content\/uploads\/2022\/12\/hggfgs-1024x768.jpg\",\"datePublished\":\"2022-12-01T11:51:34+00:00\",\"dateModified\":\"2022-12-01T11:51:35+00:00\",\"breadcrumb\":{\"@id\":\"https:\/\/luchonoticias.com\/editor\/la-administracion-municipal-le-responde-a-la-comuna-siete-de-neiva\/#breadcrumb\"},\"inLanguage\":\"es\",\"potentialAction\":[{\"@type\":\"ReadAction\",\"target\":[\"https:\/\/luchonoticias.com\/editor\/la-administracion-municipal-le-responde-a-la-comuna-siete-de-neiva\/\"]}]},{\"@type\":\"ImageObject\",\"inLanguage\":\"es\",\"@id\":\"https:\/\/luchonoticias.com\/editor\/la-administracion-municipal-le-responde-a-la-comuna-siete-de-neiva\/#primaryimage\",\"url\":\"https:\/\/luchonoticias.com\/wp-content\/uploads\/2022\/12\/hggfgs-1024x768.jpg\",\"contentUrl\":\"https:\/\/luchonoticias.com\/wp-content\/uploads\/2022\/12\/hggfgs-1024x768.jpg\"},{\"@type\":\"BreadcrumbList\",\"@id\":\"https:\/\/luchonoticias.com\/editor\/la-administracion-municipal-le-responde-a-la-comuna-siete-de-neiva\/#breadcrumb\",\"itemListElement\":[{\"@type\":\"ListItem\",\"position\":1,\"name\":\"Portada\",\"item\":\"https:\/\/luchonoticias.com\/editor\/\"},{\"@type\":\"ListItem\",\"position\":2,\"name\":\"La Administraci\u00f3n Municipal le responde a la comuna siete de Neiva\"}]},{\"@type\":\"WebSite\",\"@id\":\"https:\/\/luchonoticias.com\/editor\/#website\",\"url\":\"https:\/\/luchonoticias.com\/editor\/\",\"name\":\"\",\"description\":\"\",\"publisher\":{\"@id\":\"https:\/\/luchonoticias.com\/editor\/#\/schema\/person\/7a7fd911f58561fd056dbac7b55af9cd\"},\"potentialAction\":[{\"@type\":\"SearchAction\",\"target\":{\"@type\":\"EntryPoint\",\"urlTemplate\":\"https:\/\/luchonoticias.com\/editor\/?s={search_term_string}\"},\"query-input\":{\"@type\":\"PropertyValueSpecification\",\"valueRequired\":true,\"valueName\":\"search_term_string\"}}],\"inLanguage\":\"es\"},{\"@type\":[\"Person\",\"Organization\"],\"@id\":\"https:\/\/luchonoticias.com\/editor\/#\/schema\/person\/7a7fd911f58561fd056dbac7b55af9cd\",\"name\":\"admin\",\"image\":{\"@type\":\"ImageObject\",\"inLanguage\":\"es\",\"@id\":\"https:\/\/luchonoticias.com\/editor\/#\/schema\/person\/image\/\",\"url\":\"https:\/\/luchonoticias.com\/editor\/wp-content\/uploads\/2024\/02\/cropped-cropped-logolu.webp\",\"contentUrl\":\"https:\/\/luchonoticias.com\/editor\/wp-content\/uploads\/2024\/02\/cropped-cropped-logolu.webp\",\"width\":382,\"height\":170,\"caption\":\"admin\"},\"logo\":{\"@id\":\"https:\/\/luchonoticias.com\/editor\/#\/schema\/person\/image\/\"},\"sameAs\":[\"https:\/\/www.facebook.com\/luchonoticiasneiva\"],\"url\":\"https:\/\/luchonoticias.com\/editor\/author\/admin\/\"}]}<\/script>\n<!-- \/ Yoast SEO plugin. -->","yoast_head_json":{"title":"La Administraci\u00f3n Municipal le responde a la comuna siete de Neiva -","robots":{"index":"index","follow":"follow","max-snippet":"max-snippet:-1","max-image-preview":"max-image-preview:large","max-video-preview":"max-video-preview:-1"},"canonical":"https:\/\/luchonoticias.com\/editor\/la-administracion-municipal-le-responde-a-la-comuna-siete-de-neiva\/","og_locale":"es_ES","og_type":"article","og_title":"La Administraci\u00f3n Municipal le responde a la comuna siete de Neiva -","og_url":"https:\/\/luchonoticias.com\/editor\/la-administracion-municipal-le-responde-a-la-comuna-siete-de-neiva\/","article_publisher":"https:\/\/www.facebook.com\/luchonoticiasneiva","article_author":"https:\/\/www.facebook.com\/luchonoticiasneiva","article_published_time":"2022-12-01T11:51:34+00:00","article_modified_time":"2022-12-01T11:51:35+00:00","og_image":[{"url":"https:\/\/luchonoticias.com\/wp-content\/uploads\/2022\/12\/hggfgs-1024x768.jpg","type":"","width":"","height":""}],"author":"admin","twitter_card":"summary_large_image","twitter_misc":{"Escrito por":"admin","Tiempo de lectura":"1 minuto"},"schema":{"@context":"https:\/\/schema.org","@graph":[{"@type":"Article","@id":"https:\/\/luchonoticias.com\/editor\/la-administracion-municipal-le-responde-a-la-comuna-siete-de-neiva\/#article","isPartOf":{"@id":"https:\/\/luchonoticias.com\/editor\/la-administracion-municipal-le-responde-a-la-comuna-siete-de-neiva\/"},"author":{"name":"admin","@id":"https:\/\/luchonoticias.com\/editor\/#\/schema\/person\/7a7fd911f58561fd056dbac7b55af9cd"},"headline":"La Administraci\u00f3n Municipal le responde a la comuna siete de Neiva","datePublished":"2022-12-01T11:51:34+00:00","dateModified":"2022-12-01T11:51:35+00:00","mainEntityOfPage":{"@id":"https:\/\/luchonoticias.com\/editor\/la-administracion-municipal-le-responde-a-la-comuna-siete-de-neiva\/"},"wordCount":264,"commentCount":0,"publisher":{"@id":"https:\/\/luchonoticias.com\/editor\/#\/schema\/person\/7a7fd911f58561fd056dbac7b55af9cd"},"image":{"@id":"https:\/\/luchonoticias.com\/editor\/la-administracion-municipal-le-responde-a-la-comuna-siete-de-neiva\/#primaryimage"},"thumbnailUrl":"https:\/\/luchonoticias.com\/wp-content\/uploads\/2022\/12\/hggfgs-1024x768.jpg","articleSection":["Destacado","Neiva"],"inLanguage":"es","potentialAction":[{"@type":"CommentAction","name":"Comment","target":["https:\/\/luchonoticias.com\/editor\/la-administracion-municipal-le-responde-a-la-comuna-siete-de-neiva\/#respond"]}]},{"@type":"WebPage","@id":"https:\/\/luchonoticias.com\/editor\/la-administracion-municipal-le-responde-a-la-comuna-siete-de-neiva\/","url":"https:\/\/luchonoticias.com\/editor\/la-administracion-municipal-le-responde-a-la-comuna-siete-de-neiva\/","name":"La Administraci\u00f3n Municipal le responde a la comuna siete de Neiva -","isPartOf":{"@id":"https:\/\/luchonoticias.com\/editor\/#website"},"primaryImageOfPage":{"@id":"https:\/\/luchonoticias.com\/editor\/la-administracion-municipal-le-responde-a-la-comuna-siete-de-neiva\/#primaryimage"},"image":{"@id":"https:\/\/luchonoticias.com\/editor\/la-administracion-municipal-le-responde-a-la-comuna-siete-de-neiva\/#primaryimage"},"thumbnailUrl":"https:\/\/luchonoticias.com\/wp-content\/uploads\/2022\/12\/hggfgs-1024x768.jpg","datePublished":"2022-12-01T11:51:34+00:00","dateModified":"2022-12-01T11:51:35+00:00","breadcrumb":{"@id":"https:\/\/luchonoticias.com\/editor\/la-administracion-municipal-le-responde-a-la-comuna-siete-de-neiva\/#breadcrumb"},"inLanguage":"es","potentialAction":[{"@type":"ReadAction","target":["https:\/\/luchonoticias.com\/editor\/la-administracion-municipal-le-responde-a-la-comuna-siete-de-neiva\/"]}]},{"@type":"ImageObject","inLanguage":"es","@id":"https:\/\/luchonoticias.com\/editor\/la-administracion-municipal-le-responde-a-la-comuna-siete-de-neiva\/#primaryimage","url":"https:\/\/luchonoticias.com\/wp-content\/uploads\/2022\/12\/hggfgs-1024x768.jpg","contentUrl":"https:\/\/luchonoticias.com\/wp-content\/uploads\/2022\/12\/hggfgs-1024x768.jpg"},{"@type":"BreadcrumbList","@id":"https:\/\/luchonoticias.com\/editor\/la-administracion-municipal-le-responde-a-la-comuna-siete-de-neiva\/#breadcrumb","itemListElement":[{"@type":"ListItem","position":1,"name":"Portada","item":"https:\/\/luchonoticias.com\/editor\/"},{"@type":"ListItem","position":2,"name":"La Administraci\u00f3n Municipal le responde a la comuna siete de Neiva"}]},{"@type":"WebSite","@id":"https:\/\/luchonoticias.com\/editor\/#website","url":"https:\/\/luchonoticias.com\/editor\/","name":"","description":"","publisher":{"@id":"https:\/\/luchonoticias.com\/editor\/#\/schema\/person\/7a7fd911f58561fd056dbac7b55af9cd"},"potentialAction":[{"@type":"SearchAction","target":{"@type":"EntryPoint","urlTemplate":"https:\/\/luchonoticias.com\/editor\/?s={search_term_string}"},"query-input":{"@type":"PropertyValueSpecification","valueRequired":true,"valueName":"search_term_string"}}],"inLanguage":"es"},{"@type":["Person","Organization"],"@id":"https:\/\/luchonoticias.com\/editor\/#\/schema\/person\/7a7fd911f58561fd056dbac7b55af9cd","name":"admin","image":{"@type":"ImageObject","inLanguage":"es","@id":"https:\/\/luchonoticias.com\/editor\/#\/schema\/person\/image\/","url":"https:\/\/luchonoticias.com\/editor\/wp-content\/uploads\/2024\/02\/cropped-cropped-logolu.webp","contentUrl":"https:\/\/luchonoticias.com\/editor\/wp-content\/uploads\/2024\/02\/cropped-cropped-logolu.webp","width":382,"height":170,"caption":"admin"},"logo":{"@id":"https:\/\/luchonoticias.com\/editor\/#\/schema\/person\/image\/"},"sameAs":["https:\/\/www.facebook.com\/luchonoticiasneiva"],"url":"https:\/\/luchonoticias.com\/editor\/author\/admin\/"}]}},"_links":{"self":[{"href":"https:\/\/luchonoticias.com\/editor\/wp-json\/wp\/v2\/posts\/40869","targetHints":{"allow":["GET"]}}],"collection":[{"href":"https:\/\/luchonoticias.com\/editor\/wp-json\/wp\/v2\/posts"}],"about":[{"href":"https:\/\/luchonoticias.com\/editor\/wp-json\/wp\/v2\/types\/post"}],"author":[{"embeddable":true,"href":"https:\/\/luchonoticias.com\/editor\/wp-json\/wp\/v2\/users\/1"}],"replies":[{"embeddable":true,"href":"https:\/\/luchonoticias.com\/editor\/wp-json\/wp\/v2\/comments?post=40869"}],"version-history":[{"count":0,"href":"https:\/\/luchonoticias.com\/editor\/wp-json\/wp\/v2\/posts\/40869\/revisions"}],"wp:attachment":[{"href":"https:\/\/luchonoticias.com\/editor\/wp-json\/wp\/v2\/media?parent=40869"}],"wp:term":[{"taxonomy":"category","embeddable":true,"href":"https:\/\/luchonoticias.com\/editor\/wp-json\/wp\/v2\/categories?post=40869"},{"taxonomy":"post_tag","embeddable":true,"href":"https:\/\/luchonoticias.com\/editor\/wp-json\/wp\/v2\/tags?post=40869"}],"curies":[{"name":"wp","href":"https:\/\/api.w.org\/{rel}","templated":true}]}}