{"id":40878,"date":"2022-12-01T06:55:44","date_gmt":"2022-12-01T11:55:44","guid":{"rendered":"https:\/\/luchonoticias.com\/?p=40878"},"modified":"2022-12-01T06:55:45","modified_gmt":"2022-12-01T11:55:45","slug":"las-ceibas-adelanta-jornadas-de-reparcheo-en-comunas-de-la-capital-huilense","status":"publish","type":"post","link":"https:\/\/luchonoticias.com\/editor\/las-ceibas-adelanta-jornadas-de-reparcheo-en-comunas-de-la-capital-huilense\/","title":{"rendered":"Las Ceibas adelanta jornadas de reparcheo en comunas de la capital huilense"},"content":{"rendered":"\n<p>Por directriz de la gerente de Las Ceibas \u2013 Empresas P\u00fablicas de Neiva, Gloria Constanza Vanegas Guti\u00e9rrez, y el presidente de la Junta Directiva, el alcalde Gorky Mu\u00f1oz, la entidad comenz\u00f3 jornadas especiales para hacer reparcheo y taponamiento de brechas que han quedado, ante trabajos que se han adelantado en materia de acueducto y alcantarillado. Para esta labor, se ha destinado maquinaria y cuadrillas de la entidad.<\/p>\n\n\n\n<p>\u201cTenemos un listado de direcciones de todas las comunas de Neiva y hasta all\u00e1 estamos llegando con nuestras cuadrillas para adelantar el respectivo taponamiento de estas brechas con lo cual minimizamos el riesgo de alg\u00fan accidente y m\u00e1xime ahora que estamos en temporada invernal\u201d, dijo la Gerente de Las Ceibas.<\/p>\n\n\n\n<figure class=\"wp-block-gallery has-nested-images columns-default is-cropped wp-block-gallery-1 is-layout-flex wp-block-gallery-is-layout-flex\">\n<figure class=\"wp-block-image size-large\"><img decoding=\"async\" data-id=\"40882\" src=\"https:\/\/luchonoticias.com\/wp-content\/uploads\/2022\/12\/820147-1024x707.jpg\" alt=\"\" class=\"wp-image-40882\"\/><\/figure>\n\n\n\n<figure class=\"wp-block-image size-large\"><img decoding=\"async\" data-id=\"40880\" src=\"https:\/\/luchonoticias.com\/wp-content\/uploads\/2022\/12\/850550-1024x694.jpg\" alt=\"\" class=\"wp-image-40880\"\/><\/figure>\n\n\n\n<figure class=\"wp-block-image size-large\"><img decoding=\"async\" data-id=\"40881\" src=\"https:\/\/luchonoticias.com\/wp-content\/uploads\/2022\/12\/58808990-1024x618.jpg\" alt=\"\" class=\"wp-image-40881\"\/><\/figure>\n<\/figure>\n\n\n\n<p><strong>Los trabajos<\/strong><\/p>\n\n\n\n<p>Para adelantar estos trabajos, en Comit\u00e9 de Gerencia se entreg\u00f3 el listado de las zonas a intervenir y, esta misma semana, se iniciaron los trabajos que inicialmente comprenden el uso de material conglomerado para relleno y despu\u00e9s vendr\u00e1 la intervenci\u00f3n de pavimentaci\u00f3n bien sea en capa asf\u00e1ltica o en cemento.<\/p>\n\n\n\n<p>\u201cEste es un trabajo que adelantamos tambi\u00e9n desde el \u00e1rea de comunidades de Las Ceibas; all\u00ed, nos hemos contactado precisamente con los presidentes de junta de acci\u00f3n comunal para que nos indiquen la direcci\u00f3n exacta para que nuestras cuadrillas hagan la respectiva intervenci\u00f3n\u201d, dijo la Gerente de Las Ceibas.<\/p>\n\n\n\n<p>Lo anterior se complementa con una visita a la comuna para con ingenieros del \u00e1rea t\u00e9cnica y operativa de Las Ceibas, para de esta manera tener la direcci\u00f3n exacta y de tal manera saber qu\u00e9 tan complejo es el trabajo a realizar.<\/p>\n\n\n\n<p>\u201cYa, por ejemplo, hicimos trabajos en algunos sectores de la comuna Seis, y hoy, estuvimos en el microcentro, m\u00e1s exactamente en la Carrera 4\u00aa. con Calle 12 y tambi\u00e9n en Los M\u00e1rtires y en La Gaitana\u201d, indic\u00f3 Gloria Constanza Vanegas Guti\u00e9rrez.<\/p>\n\n\n\n<p><strong>Comunas a intervenir<\/strong><\/p>\n\n\n\n<p>De acuerdo con el cronograma en la Comuna 1, se adelantar\u00e1 intervenci\u00f3n en Chical\u00e1, Mirar\u00edo, \u2018Camilo Torres\u2019, Minuto de Dios, \u2018Rodrigo Lara\u2019, Acr\u00f3polis, Tri\u00e1ngulo, Calamar\u00ed y \u2018Carlos Pizarro\u2019.<\/p>\n\n\n\n<p>En la Comuna Dos, se har\u00e1 en \u00c1lamos Norte, Villa Cecilia, Las Granjas y Aeropuerto.<\/p>\n\n\n\n<p>En la Tres, Santa Librada, Chapinero, \u2018Jos\u00e9 Eustasio Rivera\u2019, \u2018Plazas Alcid\u2019 y Campo N\u00fa\u00f1ez.<\/p>\n\n\n\n<p>En la Cuatro est\u00e1 programada intervenci\u00f3n en el \u2018Lara Bonilla\u2019, Los M\u00e1rtires, Los Almendros, Centro y El Estadio.<\/p>\n\n\n\n<p>Para la Cinco, se har\u00e1n trabajos en El Jard\u00edn, Buganviles, San Antonio, alto y bajo; El Vergel, Primero de Mayo, La Independencia, La Libertad, La Orqu\u00eddea, El Tesoro, Alameda, Monterrey y Monserrate.<\/p>\n\n\n\n<p>Comuna Seis, tendremos intervenci\u00f3n en San Jorge II Etapa, Las Lajas, La Esperanza y Bellavista I Etapa.<\/p>\n\n\n\n<p>En la Siete nuestros trabajos se adelantar\u00e1n en Las Brisas, Calixto, Buenavista, San Mart\u00edn, Ventilador, Timanco, Cuarto Centenario, Unicentro y Los Alpes.<\/p>\n\n\n\n<p>Para la Ocho la intervenci\u00f3n se realizar\u00e1 en Las Am\u00e9ricas, Nueva Granada, La Florida y \u2018Arismendi Mora\u2019.<\/p>\n\n\n\n<p>La Nueve tendr\u00e1 trabajos de reparcheo en Tercer Milenio, \u2018Luis Eduardo Vanegas\u2019, Santa Rosa, \u2018Luis Ignacio Andrade\u2019, Villa Soledad, \u2018Alberto Galindo\u2019, \u2018Carbonell\u2019, \u2018Eduardo Santos\u2019, Altos del Mirador y Calamar\u00ed.<\/p>\n\n\n\n<p>Por \u00faltimo, el reparcheo en la Comuna 10 se har\u00e1 en Las Palmas I y II etapas, Los Rosales, Santander, \u2018Alberto Yepes\u2019 y Las Camelias.<\/p>\n\n\n\n<p>Se prev\u00e9 que antes de que finalice el a\u00f1o ya est\u00e9n totalmente reparchados todos los sitios de los barrios anteriormente mencionados.<\/p>\n\n\n\n<p>\u201cComo ven, este trabajo se har\u00e1 en todas las comunas de Neiva y le estamos haciendo un seguimiento a diario por parte nuestra y de la comunidad para que sean ellos mismos los que den constancia y fe de las intervenciones\u201d, sostuvo la gerente de Las Ceibas, Gloria Constanza Vanegas&nbsp;Guti\u00e9rrez.<\/p>\n","protected":false},"excerpt":{"rendered":"<p>Por directriz de la gerente de Las Ceibas \u2013 Empresas P\u00fablicas de Neiva, Gloria Constanza Vanegas Guti\u00e9rrez, y el presidente de la Junta Directiva, el alcalde Gorky Mu\u00f1oz, la entidad comenz\u00f3 jornadas especiales para hacer reparcheo y taponamiento de brechas que han quedado, ante trabajos que se han adelantado en materia de acueducto y alcantarillado. [&hellip;]<\/p>\n","protected":false},"author":1,"featured_media":0,"comment_status":"open","ping_status":"open","sticky":false,"template":"","format":"standard","meta":{"footnotes":""},"categories":[36,31],"tags":[],"class_list":["post-40878","post","type-post","status-publish","format-standard","hentry","category-destacado","category-local"],"yoast_head":"<!-- This site is optimized with the Yoast SEO plugin v26.6 - https:\/\/yoast.com\/wordpress\/plugins\/seo\/ -->\n<title>Las Ceibas adelanta jornadas de reparcheo en comunas de la capital huilense -<\/title>\n<meta name=\"robots\" content=\"index, follow, max-snippet:-1, max-image-preview:large, max-video-preview:-1\" \/>\n<link rel=\"canonical\" href=\"https:\/\/luchonoticias.com\/editor\/las-ceibas-adelanta-jornadas-de-reparcheo-en-comunas-de-la-capital-huilense\/\" \/>\n<meta property=\"og:locale\" content=\"es_ES\" \/>\n<meta property=\"og:type\" content=\"article\" \/>\n<meta property=\"og:title\" content=\"Las Ceibas adelanta jornadas de reparcheo en comunas de la capital huilense -\" \/>\n<meta property=\"og:url\" content=\"https:\/\/luchonoticias.com\/editor\/las-ceibas-adelanta-jornadas-de-reparcheo-en-comunas-de-la-capital-huilense\/\" \/>\n<meta property=\"article:publisher\" content=\"https:\/\/www.facebook.com\/luchonoticiasneiva\" \/>\n<meta property=\"article:author\" content=\"https:\/\/www.facebook.com\/luchonoticiasneiva\" \/>\n<meta property=\"article:published_time\" content=\"2022-12-01T11:55:44+00:00\" \/>\n<meta property=\"article:modified_time\" content=\"2022-12-01T11:55:45+00:00\" \/>\n<meta property=\"og:image\" content=\"https:\/\/luchonoticias.com\/wp-content\/uploads\/2022\/12\/820147-1024x707.jpg\" \/>\n<meta name=\"author\" content=\"admin\" \/>\n<meta name=\"twitter:card\" content=\"summary_large_image\" \/>\n<meta name=\"twitter:label1\" content=\"Escrito por\" \/>\n\t<meta name=\"twitter:data1\" content=\"admin\" \/>\n\t<meta name=\"twitter:label2\" content=\"Tiempo de lectura\" \/>\n\t<meta name=\"twitter:data2\" content=\"3 minutos\" \/>\n<script type=\"application\/ld+json\" class=\"yoast-schema-graph\">{\"@context\":\"https:\/\/schema.org\",\"@graph\":[{\"@type\":\"Article\",\"@id\":\"https:\/\/luchonoticias.com\/editor\/las-ceibas-adelanta-jornadas-de-reparcheo-en-comunas-de-la-capital-huilense\/#article\",\"isPartOf\":{\"@id\":\"https:\/\/luchonoticias.com\/editor\/las-ceibas-adelanta-jornadas-de-reparcheo-en-comunas-de-la-capital-huilense\/\"},\"author\":{\"name\":\"admin\",\"@id\":\"https:\/\/luchonoticias.com\/editor\/#\/schema\/person\/7a7fd911f58561fd056dbac7b55af9cd\"},\"headline\":\"Las Ceibas adelanta jornadas de reparcheo en comunas de la capital huilense\",\"datePublished\":\"2022-12-01T11:55:44+00:00\",\"dateModified\":\"2022-12-01T11:55:45+00:00\",\"mainEntityOfPage\":{\"@id\":\"https:\/\/luchonoticias.com\/editor\/las-ceibas-adelanta-jornadas-de-reparcheo-en-comunas-de-la-capital-huilense\/\"},\"wordCount\":638,\"commentCount\":0,\"publisher\":{\"@id\":\"https:\/\/luchonoticias.com\/editor\/#\/schema\/person\/7a7fd911f58561fd056dbac7b55af9cd\"},\"image\":{\"@id\":\"https:\/\/luchonoticias.com\/editor\/las-ceibas-adelanta-jornadas-de-reparcheo-en-comunas-de-la-capital-huilense\/#primaryimage\"},\"thumbnailUrl\":\"https:\/\/luchonoticias.com\/wp-content\/uploads\/2022\/12\/820147-1024x707.jpg\",\"articleSection\":[\"Destacado\",\"Local\"],\"inLanguage\":\"es\",\"potentialAction\":[{\"@type\":\"CommentAction\",\"name\":\"Comment\",\"target\":[\"https:\/\/luchonoticias.com\/editor\/las-ceibas-adelanta-jornadas-de-reparcheo-en-comunas-de-la-capital-huilense\/#respond\"]}]},{\"@type\":\"WebPage\",\"@id\":\"https:\/\/luchonoticias.com\/editor\/las-ceibas-adelanta-jornadas-de-reparcheo-en-comunas-de-la-capital-huilense\/\",\"url\":\"https:\/\/luchonoticias.com\/editor\/las-ceibas-adelanta-jornadas-de-reparcheo-en-comunas-de-la-capital-huilense\/\",\"name\":\"Las Ceibas adelanta jornadas de reparcheo en comunas de la capital huilense -\",\"isPartOf\":{\"@id\":\"https:\/\/luchonoticias.com\/editor\/#website\"},\"primaryImageOfPage\":{\"@id\":\"https:\/\/luchonoticias.com\/editor\/las-ceibas-adelanta-jornadas-de-reparcheo-en-comunas-de-la-capital-huilense\/#primaryimage\"},\"image\":{\"@id\":\"https:\/\/luchonoticias.com\/editor\/las-ceibas-adelanta-jornadas-de-reparcheo-en-comunas-de-la-capital-huilense\/#primaryimage\"},\"thumbnailUrl\":\"https:\/\/luchonoticias.com\/wp-content\/uploads\/2022\/12\/820147-1024x707.jpg\",\"datePublished\":\"2022-12-01T11:55:44+00:00\",\"dateModified\":\"2022-12-01T11:55:45+00:00\",\"breadcrumb\":{\"@id\":\"https:\/\/luchonoticias.com\/editor\/las-ceibas-adelanta-jornadas-de-reparcheo-en-comunas-de-la-capital-huilense\/#breadcrumb\"},\"inLanguage\":\"es\",\"potentialAction\":[{\"@type\":\"ReadAction\",\"target\":[\"https:\/\/luchonoticias.com\/editor\/las-ceibas-adelanta-jornadas-de-reparcheo-en-comunas-de-la-capital-huilense\/\"]}]},{\"@type\":\"ImageObject\",\"inLanguage\":\"es\",\"@id\":\"https:\/\/luchonoticias.com\/editor\/las-ceibas-adelanta-jornadas-de-reparcheo-en-comunas-de-la-capital-huilense\/#primaryimage\",\"url\":\"https:\/\/luchonoticias.com\/wp-content\/uploads\/2022\/12\/820147-1024x707.jpg\",\"contentUrl\":\"https:\/\/luchonoticias.com\/wp-content\/uploads\/2022\/12\/820147-1024x707.jpg\"},{\"@type\":\"BreadcrumbList\",\"@id\":\"https:\/\/luchonoticias.com\/editor\/las-ceibas-adelanta-jornadas-de-reparcheo-en-comunas-de-la-capital-huilense\/#breadcrumb\",\"itemListElement\":[{\"@type\":\"ListItem\",\"position\":1,\"name\":\"Portada\",\"item\":\"https:\/\/luchonoticias.com\/editor\/\"},{\"@type\":\"ListItem\",\"position\":2,\"name\":\"Las Ceibas adelanta jornadas de reparcheo en comunas de la capital huilense\"}]},{\"@type\":\"WebSite\",\"@id\":\"https:\/\/luchonoticias.com\/editor\/#website\",\"url\":\"https:\/\/luchonoticias.com\/editor\/\",\"name\":\"\",\"description\":\"\",\"publisher\":{\"@id\":\"https:\/\/luchonoticias.com\/editor\/#\/schema\/person\/7a7fd911f58561fd056dbac7b55af9cd\"},\"potentialAction\":[{\"@type\":\"SearchAction\",\"target\":{\"@type\":\"EntryPoint\",\"urlTemplate\":\"https:\/\/luchonoticias.com\/editor\/?s={search_term_string}\"},\"query-input\":{\"@type\":\"PropertyValueSpecification\",\"valueRequired\":true,\"valueName\":\"search_term_string\"}}],\"inLanguage\":\"es\"},{\"@type\":[\"Person\",\"Organization\"],\"@id\":\"https:\/\/luchonoticias.com\/editor\/#\/schema\/person\/7a7fd911f58561fd056dbac7b55af9cd\",\"name\":\"admin\",\"image\":{\"@type\":\"ImageObject\",\"inLanguage\":\"es\",\"@id\":\"https:\/\/luchonoticias.com\/editor\/#\/schema\/person\/image\/\",\"url\":\"https:\/\/luchonoticias.com\/editor\/wp-content\/uploads\/2024\/02\/cropped-cropped-logolu.webp\",\"contentUrl\":\"https:\/\/luchonoticias.com\/editor\/wp-content\/uploads\/2024\/02\/cropped-cropped-logolu.webp\",\"width\":382,\"height\":170,\"caption\":\"admin\"},\"logo\":{\"@id\":\"https:\/\/luchonoticias.com\/editor\/#\/schema\/person\/image\/\"},\"sameAs\":[\"https:\/\/www.facebook.com\/luchonoticiasneiva\"],\"url\":\"https:\/\/luchonoticias.com\/editor\/author\/admin\/\"}]}<\/script>\n<!-- \/ Yoast SEO plugin. -->","yoast_head_json":{"title":"Las Ceibas adelanta jornadas de reparcheo en comunas de la capital huilense -","robots":{"index":"index","follow":"follow","max-snippet":"max-snippet:-1","max-image-preview":"max-image-preview:large","max-video-preview":"max-video-preview:-1"},"canonical":"https:\/\/luchonoticias.com\/editor\/las-ceibas-adelanta-jornadas-de-reparcheo-en-comunas-de-la-capital-huilense\/","og_locale":"es_ES","og_type":"article","og_title":"Las Ceibas adelanta jornadas de reparcheo en comunas de la capital huilense -","og_url":"https:\/\/luchonoticias.com\/editor\/las-ceibas-adelanta-jornadas-de-reparcheo-en-comunas-de-la-capital-huilense\/","article_publisher":"https:\/\/www.facebook.com\/luchonoticiasneiva","article_author":"https:\/\/www.facebook.com\/luchonoticiasneiva","article_published_time":"2022-12-01T11:55:44+00:00","article_modified_time":"2022-12-01T11:55:45+00:00","og_image":[{"url":"https:\/\/luchonoticias.com\/wp-content\/uploads\/2022\/12\/820147-1024x707.jpg","type":"","width":"","height":""}],"author":"admin","twitter_card":"summary_large_image","twitter_misc":{"Escrito por":"admin","Tiempo de lectura":"3 minutos"},"schema":{"@context":"https:\/\/schema.org","@graph":[{"@type":"Article","@id":"https:\/\/luchonoticias.com\/editor\/las-ceibas-adelanta-jornadas-de-reparcheo-en-comunas-de-la-capital-huilense\/#article","isPartOf":{"@id":"https:\/\/luchonoticias.com\/editor\/las-ceibas-adelanta-jornadas-de-reparcheo-en-comunas-de-la-capital-huilense\/"},"author":{"name":"admin","@id":"https:\/\/luchonoticias.com\/editor\/#\/schema\/person\/7a7fd911f58561fd056dbac7b55af9cd"},"headline":"Las Ceibas adelanta jornadas de reparcheo en comunas de la capital huilense","datePublished":"2022-12-01T11:55:44+00:00","dateModified":"2022-12-01T11:55:45+00:00","mainEntityOfPage":{"@id":"https:\/\/luchonoticias.com\/editor\/las-ceibas-adelanta-jornadas-de-reparcheo-en-comunas-de-la-capital-huilense\/"},"wordCount":638,"commentCount":0,"publisher":{"@id":"https:\/\/luchonoticias.com\/editor\/#\/schema\/person\/7a7fd911f58561fd056dbac7b55af9cd"},"image":{"@id":"https:\/\/luchonoticias.com\/editor\/las-ceibas-adelanta-jornadas-de-reparcheo-en-comunas-de-la-capital-huilense\/#primaryimage"},"thumbnailUrl":"https:\/\/luchonoticias.com\/wp-content\/uploads\/2022\/12\/820147-1024x707.jpg","articleSection":["Destacado","Local"],"inLanguage":"es","potentialAction":[{"@type":"CommentAction","name":"Comment","target":["https:\/\/luchonoticias.com\/editor\/las-ceibas-adelanta-jornadas-de-reparcheo-en-comunas-de-la-capital-huilense\/#respond"]}]},{"@type":"WebPage","@id":"https:\/\/luchonoticias.com\/editor\/las-ceibas-adelanta-jornadas-de-reparcheo-en-comunas-de-la-capital-huilense\/","url":"https:\/\/luchonoticias.com\/editor\/las-ceibas-adelanta-jornadas-de-reparcheo-en-comunas-de-la-capital-huilense\/","name":"Las Ceibas adelanta jornadas de reparcheo en comunas de la capital huilense -","isPartOf":{"@id":"https:\/\/luchonoticias.com\/editor\/#website"},"primaryImageOfPage":{"@id":"https:\/\/luchonoticias.com\/editor\/las-ceibas-adelanta-jornadas-de-reparcheo-en-comunas-de-la-capital-huilense\/#primaryimage"},"image":{"@id":"https:\/\/luchonoticias.com\/editor\/las-ceibas-adelanta-jornadas-de-reparcheo-en-comunas-de-la-capital-huilense\/#primaryimage"},"thumbnailUrl":"https:\/\/luchonoticias.com\/wp-content\/uploads\/2022\/12\/820147-1024x707.jpg","datePublished":"2022-12-01T11:55:44+00:00","dateModified":"2022-12-01T11:55:45+00:00","breadcrumb":{"@id":"https:\/\/luchonoticias.com\/editor\/las-ceibas-adelanta-jornadas-de-reparcheo-en-comunas-de-la-capital-huilense\/#breadcrumb"},"inLanguage":"es","potentialAction":[{"@type":"ReadAction","target":["https:\/\/luchonoticias.com\/editor\/las-ceibas-adelanta-jornadas-de-reparcheo-en-comunas-de-la-capital-huilense\/"]}]},{"@type":"ImageObject","inLanguage":"es","@id":"https:\/\/luchonoticias.com\/editor\/las-ceibas-adelanta-jornadas-de-reparcheo-en-comunas-de-la-capital-huilense\/#primaryimage","url":"https:\/\/luchonoticias.com\/wp-content\/uploads\/2022\/12\/820147-1024x707.jpg","contentUrl":"https:\/\/luchonoticias.com\/wp-content\/uploads\/2022\/12\/820147-1024x707.jpg"},{"@type":"BreadcrumbList","@id":"https:\/\/luchonoticias.com\/editor\/las-ceibas-adelanta-jornadas-de-reparcheo-en-comunas-de-la-capital-huilense\/#breadcrumb","itemListElement":[{"@type":"ListItem","position":1,"name":"Portada","item":"https:\/\/luchonoticias.com\/editor\/"},{"@type":"ListItem","position":2,"name":"Las Ceibas adelanta jornadas de reparcheo en comunas de la capital huilense"}]},{"@type":"WebSite","@id":"https:\/\/luchonoticias.com\/editor\/#website","url":"https:\/\/luchonoticias.com\/editor\/","name":"","description":"","publisher":{"@id":"https:\/\/luchonoticias.com\/editor\/#\/schema\/person\/7a7fd911f58561fd056dbac7b55af9cd"},"potentialAction":[{"@type":"SearchAction","target":{"@type":"EntryPoint","urlTemplate":"https:\/\/luchonoticias.com\/editor\/?s={search_term_string}"},"query-input":{"@type":"PropertyValueSpecification","valueRequired":true,"valueName":"search_term_string"}}],"inLanguage":"es"},{"@type":["Person","Organization"],"@id":"https:\/\/luchonoticias.com\/editor\/#\/schema\/person\/7a7fd911f58561fd056dbac7b55af9cd","name":"admin","image":{"@type":"ImageObject","inLanguage":"es","@id":"https:\/\/luchonoticias.com\/editor\/#\/schema\/person\/image\/","url":"https:\/\/luchonoticias.com\/editor\/wp-content\/uploads\/2024\/02\/cropped-cropped-logolu.webp","contentUrl":"https:\/\/luchonoticias.com\/editor\/wp-content\/uploads\/2024\/02\/cropped-cropped-logolu.webp","width":382,"height":170,"caption":"admin"},"logo":{"@id":"https:\/\/luchonoticias.com\/editor\/#\/schema\/person\/image\/"},"sameAs":["https:\/\/www.facebook.com\/luchonoticiasneiva"],"url":"https:\/\/luchonoticias.com\/editor\/author\/admin\/"}]}},"_links":{"self":[{"href":"https:\/\/luchonoticias.com\/editor\/wp-json\/wp\/v2\/posts\/40878","targetHints":{"allow":["GET"]}}],"collection":[{"href":"https:\/\/luchonoticias.com\/editor\/wp-json\/wp\/v2\/posts"}],"about":[{"href":"https:\/\/luchonoticias.com\/editor\/wp-json\/wp\/v2\/types\/post"}],"author":[{"embeddable":true,"href":"https:\/\/luchonoticias.com\/editor\/wp-json\/wp\/v2\/users\/1"}],"replies":[{"embeddable":true,"href":"https:\/\/luchonoticias.com\/editor\/wp-json\/wp\/v2\/comments?post=40878"}],"version-history":[{"count":0,"href":"https:\/\/luchonoticias.com\/editor\/wp-json\/wp\/v2\/posts\/40878\/revisions"}],"wp:attachment":[{"href":"https:\/\/luchonoticias.com\/editor\/wp-json\/wp\/v2\/media?parent=40878"}],"wp:term":[{"taxonomy":"category","embeddable":true,"href":"https:\/\/luchonoticias.com\/editor\/wp-json\/wp\/v2\/categories?post=40878"},{"taxonomy":"post_tag","embeddable":true,"href":"https:\/\/luchonoticias.com\/editor\/wp-json\/wp\/v2\/tags?post=40878"}],"curies":[{"name":"wp","href":"https:\/\/api.w.org\/{rel}","templated":true}]}}