{"id":40884,"date":"2022-12-01T07:01:35","date_gmt":"2022-12-01T12:01:35","guid":{"rendered":"https:\/\/luchonoticias.com\/?p=40884"},"modified":"2022-12-01T07:01:36","modified_gmt":"2022-12-01T12:01:36","slug":"colegio-huilense-crea-album-virtual-para-identificar-la-flora-y-fauna-de-la-region","status":"publish","type":"post","link":"https:\/\/luchonoticias.com\/editor\/colegio-huilense-crea-album-virtual-para-identificar-la-flora-y-fauna-de-la-region\/","title":{"rendered":"Colegio huilense crea \u00e1lbum virtual para identificar la flora y fauna de la regi\u00f3n"},"content":{"rendered":"\n<p>Un \u00e1lbum virtual taxon\u00f3mico con la avifauna que se puede observar en la Instituci\u00f3n, as\u00ed como las placas de estratificaci\u00f3n arb\u00f3rea con tecnolog\u00eda QR con los nombres y caracter\u00edsticas que identifican cada especie de flora que se encuentra en el plantel educativo, son algunos de los resultados del Proyecto Ambiental Escolar PRAE adelantado por los ni\u00f1os, ni\u00f1as y j\u00f3venes de la Instituci\u00f3n Educativa Eugenio Ferro Falla del municipio de Campoalegre.<\/p>\n\n\n\n<p>Treinta especies arb\u00f3reas y 25 especies de aves, es el registro hecho hasta la actualidad por la comunidad educativa que desarrolla aprendizaje en sus estudiantes a trav\u00e9s de entorno natural y que cuenta con el acompa\u00f1amiento de la Corporaci\u00f3n Aut\u00f3noma Regional del Alto Magdalena \u2013 CAM y dem\u00e1s entidades que trabajan en pro de la protecci\u00f3n de los recursos naturales del Huila.<\/p>\n\n\n\n<figure class=\"wp-block-gallery has-nested-images columns-default is-cropped wp-block-gallery-1 is-layout-flex wp-block-gallery-is-layout-flex\">\n<figure class=\"wp-block-image size-large\"><img decoding=\"async\" data-id=\"40887\" src=\"https:\/\/luchonoticias.com\/wp-content\/uploads\/2022\/12\/WhatsApp-Image-2022-11-30-at-4.43.27-PM-1024x562.jpeg\" alt=\"\" class=\"wp-image-40887\"\/><\/figure>\n\n\n\n<figure class=\"wp-block-image size-large\"><img decoding=\"async\" data-id=\"40888\" src=\"https:\/\/luchonoticias.com\/wp-content\/uploads\/2022\/12\/WhatsApp-Image-2022-11-30-at-4.43.26-PM-1024x594.jpeg\" alt=\"\" class=\"wp-image-40888\"\/><\/figure>\n\n\n\n<figure class=\"wp-block-image size-large\"><img decoding=\"async\" data-id=\"40886\" src=\"https:\/\/luchonoticias.com\/wp-content\/uploads\/2022\/12\/WhatsApp-Image-2022-11-30-at-4.43.25-PM-1024x570.jpeg\" alt=\"\" class=\"wp-image-40886\"\/><\/figure>\n<\/figure>\n\n\n\n<p>As\u00ed es el Sendero Camino Verde, el proyecto de investigaci\u00f3n que tiene como principio crear en los estudiantes de la instituci\u00f3n educativa Eugenio Ferro Falla reconocimiento sobre lo que les rodea y el cuidado ambiental, todo a trav\u00e9s de un sendero donde los estudiantes investigan sobre la fauna y flora de la regi\u00f3n, mientras ponen en pr\u00e1ctica las diferentes materias escolares que estudian en sus aulas.<\/p>\n\n\n\n<p>La docente Paola Guerrero orienta esta investigaci\u00f3n que, seg\u00fan afirma, naci\u00f3 en el a\u00f1o 2012 a partir de la elaboraci\u00f3n del Proyecto Ambiental Escolar PRAE con la gesti\u00f3n de la profesora Cecilia Narv\u00e1ez, quien quer\u00eda hacer un sendero en la instituci\u00f3n, restaurando las zonas donde m\u00e1s acumulaci\u00f3n de desechos inorg\u00e1nicos hab\u00eda, convirti\u00e9ndose ahora en el pulm\u00f3n verde de la localidad debido al microclima con el que ahora cuentan.<\/p>\n\n\n\n<p>\u201cNuestra instituci\u00f3n ten\u00eda una zona verde amplia, pero estaba invadida por plantas de car\u00e1cter arvenses, malezas y todos los residuos que arrojaban los estudiantes, creando focos de contaminaci\u00f3n. Por eso decidimos reemplazarlos por ecosistemas y trabajar con los estudiantes de grado sexto hasta once, as\u00ed como con cada docente en el \u00e1rea de ciencias naturales\u201d, explic\u00f3 la profesora.<\/p>\n\n\n\n<p>Guerrero cont\u00f3 que a partir del desarrollo ecol\u00f3gico del sendero Camino Verde, actualmente cuentan con diferentes ecosistemas, entre ellos un bosque de \u00e1rboles de cacao y de pl\u00e1tano. As\u00ed como la reforestaci\u00f3n de m\u00e1s de 200 \u00e1rboles en una zona \u00e1rida que exist\u00eda en la zona norte de la instituci\u00f3n, trayendo consigo una variedad de aves que hoy est\u00e1 registrada en el \u00e1lbum virtual taxon\u00f3mico de avifauna y flora arb\u00f3rea.<\/p>\n\n\n\n<figure class=\"wp-block-gallery has-nested-images columns-default is-cropped wp-block-gallery-2 is-layout-flex wp-block-gallery-is-layout-flex\">\n<figure class=\"wp-block-image size-large\"><img decoding=\"async\" data-id=\"40889\" src=\"https:\/\/luchonoticias.com\/wp-content\/uploads\/2022\/12\/WhatsApp-Image-2022-11-30-at-4.43.28-PM-1-1024x570.jpeg\" alt=\"\" class=\"wp-image-40889\"\/><\/figure>\n\n\n\n<figure class=\"wp-block-image size-large\"><img decoding=\"async\" data-id=\"40890\" src=\"https:\/\/luchonoticias.com\/wp-content\/uploads\/2022\/12\/WhatsApp-Image-2022-11-30-at-4.43.28-PM-1024x576.jpeg\" alt=\"\" class=\"wp-image-40890\"\/><\/figure>\n<\/figure>\n\n\n\n<p><strong>Convocatoria PRAE<\/strong><\/p>\n\n\n\n<p>Sendero Camino Verde, cuenta con la participaci\u00f3n de m\u00e1s de 1.000 estudiantes en un \u00e1rea de cinco hect\u00e1reas con diferentes ecosistemas, donde se manejan residuos s\u00f3lidos, residuos vegetales a trav\u00e9s de composteras e investigaci\u00f3n de las diferentes especies pertenecientes al ecosistema de bosque seco tropical que identifica esta zona del departamento del Huila.<\/p>\n\n\n\n<p>\u201cEmpec\u00e9 con el PRAE en el grado s\u00e9ptimo en el sendero donde nos ense\u00f1aron c\u00f3mo plantar, c\u00f3mo compostar, quitar maleza, crear caminos, todo esto de manera vivencial, admirando los ecosistemas que nos rodean y gener\u00e1ndonos la conciencia del cuidado de los recursos natrales\u201d, relat\u00f3 Keila S\u00e1nchez estudiante del grado once.<\/p>\n\n\n\n<p>Este proyecto ha sido premiado por la CAM en diferentes convocatorias adquiriendo para su desarrollo ayudas, equipos y herramientas para seguir abriendo el camino del sendero, as\u00ed como un panel solar, un acumulador y un inversor que actualmente se utiliza para el riego de la zona verde, siendo la automatizaci\u00f3n la soluci\u00f3n para que no se sequen los prados ni las especies frutales o maderables cuando los estudiantes no se encuentran en clases.<\/p>\n\n\n\n<p>\u201cPresentamos una investigaci\u00f3n que estamos haciendo en estrato arb\u00f3reo y avifauna y al ganar la convocatoria, la CAM nos dio una c\u00e1mara full HD semiprofesional con la que hicimos avistamiento que nos permitieron enlazar las im\u00e1genes a un c\u00f3digo QR que plasmamos en nuestro \u00e1lbum\u201d, explic\u00f3 la docente Guerrero quien indic\u00f3 que de la autoridad ambiental del Huila tambi\u00e9n han recibido binoculares para el avistamiento de aves.<\/p>\n\n\n\n<p>La instituci\u00f3n adem\u00e1s ha recibido el apoyo de entidades como Enel y la Fundaci\u00f3n Humedales, lo que ha permitido crear un \u00e1lbum f\u00edsico de la avifauna, la cual fue registrada por los mismos estudiantes.<\/p>\n\n\n\n<p>\u201cEl apoyo que hemos recibido nos ha permitido a la comunidad educativa encontrar un espacio para poder investigar y aprovechar estos recursos que tenemos en la instituci\u00f3n, siendo ahora nosotros como estudiantes capaces de generar preguntas de lo que se presenta en nuestro entorno y buscar una respuesta formulando proyectos en beneficio de todos los estudiantes\u201d, asegur\u00f3 Luc\u00eda Guti\u00e9rrez, estudiante del grado d\u00e9cimo.<\/p>\n\n\n\n<figure class=\"wp-block-gallery has-nested-images columns-default is-cropped wp-block-gallery-3 is-layout-flex wp-block-gallery-is-layout-flex\">\n<figure class=\"wp-block-image size-large\"><img decoding=\"async\" data-id=\"40892\" src=\"https:\/\/luchonoticias.com\/wp-content\/uploads\/2022\/12\/WhatsApp-Image-2022-11-30-at-4.43.29-PM-1-1024x586.jpeg\" alt=\"\" class=\"wp-image-40892\"\/><\/figure>\n\n\n\n<figure class=\"wp-block-image size-large\"><img decoding=\"async\" data-id=\"40891\" src=\"https:\/\/luchonoticias.com\/wp-content\/uploads\/2022\/12\/WhatsApp-Image-2022-11-30-at-4.43.29-PM-1024x571.jpeg\" alt=\"\" class=\"wp-image-40891\"\/><\/figure>\n<\/figure>\n\n\n\n<p><strong>Investigaci\u00f3n flora y fauna<\/strong><\/p>\n\n\n\n<p>Por su parte Yolman Quintana Ocampo docente de la instituci\u00f3n explic\u00f3 que la extensi\u00f3n del proyecto apoyado por la CAM, empez\u00f3 con la reforestaci\u00f3n en 2017 de 500 \u00e1rboles frutales y maderables, seguido de la estratificaci\u00f3n arb\u00f3rea con placas taxon\u00f3micas con tecnolog\u00eda QR.<\/p>\n\n\n\n<p>\u201cA cada \u00e1rbol le hemos colocado placas que identifican el g\u00e9nero, la especie, su clasificaci\u00f3n taxon\u00f3mica, el nombre vulgar y el nombre cient\u00edfico, todos estos datos que a su vez se pueden leer con el celular a trav\u00e9s de un c\u00f3digo QR que los dirige al \u00e1lbum taxon\u00f3mico virtual\u201d, narr\u00f3 el docente, quien asegur\u00f3 que con el PRAE en Campoalegre se construye cultura ambiental a trav\u00e9s del entorno natural, utilizando herramientas pedag\u00f3gicas tecnol\u00f3gicas.<\/p>\n","protected":false},"excerpt":{"rendered":"<p>Un \u00e1lbum virtual taxon\u00f3mico con la avifauna que se puede observar en la Instituci\u00f3n, as\u00ed como las placas de estratificaci\u00f3n arb\u00f3rea con tecnolog\u00eda QR con los nombres y caracter\u00edsticas que identifican cada especie de flora que se encuentra en el plantel educativo, son algunos de los resultados del Proyecto Ambiental Escolar PRAE adelantado por los [&hellip;]<\/p>\n","protected":false},"author":1,"featured_media":0,"comment_status":"open","ping_status":"open","sticky":false,"template":"","format":"standard","meta":{"footnotes":""},"categories":[36,35],"tags":[],"class_list":["post-40884","post","type-post","status-publish","format-standard","hentry","category-destacado","category-regional"],"yoast_head":"<!-- This site is optimized with the Yoast SEO plugin v26.6 - https:\/\/yoast.com\/wordpress\/plugins\/seo\/ -->\n<title>Colegio huilense crea \u00e1lbum virtual para identificar la flora y fauna de la regi\u00f3n -<\/title>\n<meta name=\"robots\" content=\"index, follow, max-snippet:-1, max-image-preview:large, max-video-preview:-1\" \/>\n<link rel=\"canonical\" href=\"https:\/\/luchonoticias.com\/editor\/colegio-huilense-crea-album-virtual-para-identificar-la-flora-y-fauna-de-la-region\/\" \/>\n<meta property=\"og:locale\" content=\"es_ES\" \/>\n<meta property=\"og:type\" content=\"article\" \/>\n<meta property=\"og:title\" content=\"Colegio huilense crea \u00e1lbum virtual para identificar la flora y fauna de la regi\u00f3n -\" \/>\n<meta property=\"og:url\" content=\"https:\/\/luchonoticias.com\/editor\/colegio-huilense-crea-album-virtual-para-identificar-la-flora-y-fauna-de-la-region\/\" \/>\n<meta property=\"article:publisher\" content=\"https:\/\/www.facebook.com\/luchonoticiasneiva\" \/>\n<meta property=\"article:author\" content=\"https:\/\/www.facebook.com\/luchonoticiasneiva\" \/>\n<meta property=\"article:published_time\" content=\"2022-12-01T12:01:35+00:00\" \/>\n<meta property=\"article:modified_time\" content=\"2022-12-01T12:01:36+00:00\" \/>\n<meta property=\"og:image\" content=\"https:\/\/luchonoticias.com\/wp-content\/uploads\/2022\/12\/WhatsApp-Image-2022-11-30-at-4.43.27-PM-1024x562.jpeg\" \/>\n<meta name=\"author\" content=\"admin\" \/>\n<meta name=\"twitter:card\" content=\"summary_large_image\" \/>\n<meta name=\"twitter:label1\" content=\"Escrito por\" \/>\n\t<meta name=\"twitter:data1\" content=\"admin\" \/>\n\t<meta name=\"twitter:label2\" content=\"Tiempo de lectura\" \/>\n\t<meta name=\"twitter:data2\" content=\"5 minutos\" \/>\n<script type=\"application\/ld+json\" class=\"yoast-schema-graph\">{\"@context\":\"https:\/\/schema.org\",\"@graph\":[{\"@type\":\"Article\",\"@id\":\"https:\/\/luchonoticias.com\/editor\/colegio-huilense-crea-album-virtual-para-identificar-la-flora-y-fauna-de-la-region\/#article\",\"isPartOf\":{\"@id\":\"https:\/\/luchonoticias.com\/editor\/colegio-huilense-crea-album-virtual-para-identificar-la-flora-y-fauna-de-la-region\/\"},\"author\":{\"name\":\"admin\",\"@id\":\"https:\/\/luchonoticias.com\/editor\/#\/schema\/person\/7a7fd911f58561fd056dbac7b55af9cd\"},\"headline\":\"Colegio huilense crea \u00e1lbum virtual para identificar la flora y fauna de la regi\u00f3n\",\"datePublished\":\"2022-12-01T12:01:35+00:00\",\"dateModified\":\"2022-12-01T12:01:36+00:00\",\"mainEntityOfPage\":{\"@id\":\"https:\/\/luchonoticias.com\/editor\/colegio-huilense-crea-album-virtual-para-identificar-la-flora-y-fauna-de-la-region\/\"},\"wordCount\":958,\"commentCount\":0,\"publisher\":{\"@id\":\"https:\/\/luchonoticias.com\/editor\/#\/schema\/person\/7a7fd911f58561fd056dbac7b55af9cd\"},\"image\":{\"@id\":\"https:\/\/luchonoticias.com\/editor\/colegio-huilense-crea-album-virtual-para-identificar-la-flora-y-fauna-de-la-region\/#primaryimage\"},\"thumbnailUrl\":\"https:\/\/luchonoticias.com\/wp-content\/uploads\/2022\/12\/WhatsApp-Image-2022-11-30-at-4.43.27-PM-1024x562.jpeg\",\"articleSection\":[\"Destacado\",\"Regional\"],\"inLanguage\":\"es\",\"potentialAction\":[{\"@type\":\"CommentAction\",\"name\":\"Comment\",\"target\":[\"https:\/\/luchonoticias.com\/editor\/colegio-huilense-crea-album-virtual-para-identificar-la-flora-y-fauna-de-la-region\/#respond\"]}]},{\"@type\":\"WebPage\",\"@id\":\"https:\/\/luchonoticias.com\/editor\/colegio-huilense-crea-album-virtual-para-identificar-la-flora-y-fauna-de-la-region\/\",\"url\":\"https:\/\/luchonoticias.com\/editor\/colegio-huilense-crea-album-virtual-para-identificar-la-flora-y-fauna-de-la-region\/\",\"name\":\"Colegio huilense crea \u00e1lbum virtual para identificar la flora y fauna de la regi\u00f3n -\",\"isPartOf\":{\"@id\":\"https:\/\/luchonoticias.com\/editor\/#website\"},\"primaryImageOfPage\":{\"@id\":\"https:\/\/luchonoticias.com\/editor\/colegio-huilense-crea-album-virtual-para-identificar-la-flora-y-fauna-de-la-region\/#primaryimage\"},\"image\":{\"@id\":\"https:\/\/luchonoticias.com\/editor\/colegio-huilense-crea-album-virtual-para-identificar-la-flora-y-fauna-de-la-region\/#primaryimage\"},\"thumbnailUrl\":\"https:\/\/luchonoticias.com\/wp-content\/uploads\/2022\/12\/WhatsApp-Image-2022-11-30-at-4.43.27-PM-1024x562.jpeg\",\"datePublished\":\"2022-12-01T12:01:35+00:00\",\"dateModified\":\"2022-12-01T12:01:36+00:00\",\"breadcrumb\":{\"@id\":\"https:\/\/luchonoticias.com\/editor\/colegio-huilense-crea-album-virtual-para-identificar-la-flora-y-fauna-de-la-region\/#breadcrumb\"},\"inLanguage\":\"es\",\"potentialAction\":[{\"@type\":\"ReadAction\",\"target\":[\"https:\/\/luchonoticias.com\/editor\/colegio-huilense-crea-album-virtual-para-identificar-la-flora-y-fauna-de-la-region\/\"]}]},{\"@type\":\"ImageObject\",\"inLanguage\":\"es\",\"@id\":\"https:\/\/luchonoticias.com\/editor\/colegio-huilense-crea-album-virtual-para-identificar-la-flora-y-fauna-de-la-region\/#primaryimage\",\"url\":\"https:\/\/luchonoticias.com\/wp-content\/uploads\/2022\/12\/WhatsApp-Image-2022-11-30-at-4.43.27-PM-1024x562.jpeg\",\"contentUrl\":\"https:\/\/luchonoticias.com\/wp-content\/uploads\/2022\/12\/WhatsApp-Image-2022-11-30-at-4.43.27-PM-1024x562.jpeg\"},{\"@type\":\"BreadcrumbList\",\"@id\":\"https:\/\/luchonoticias.com\/editor\/colegio-huilense-crea-album-virtual-para-identificar-la-flora-y-fauna-de-la-region\/#breadcrumb\",\"itemListElement\":[{\"@type\":\"ListItem\",\"position\":1,\"name\":\"Portada\",\"item\":\"https:\/\/luchonoticias.com\/editor\/\"},{\"@type\":\"ListItem\",\"position\":2,\"name\":\"Colegio huilense crea \u00e1lbum virtual para identificar la flora y fauna de la regi\u00f3n\"}]},{\"@type\":\"WebSite\",\"@id\":\"https:\/\/luchonoticias.com\/editor\/#website\",\"url\":\"https:\/\/luchonoticias.com\/editor\/\",\"name\":\"\",\"description\":\"\",\"publisher\":{\"@id\":\"https:\/\/luchonoticias.com\/editor\/#\/schema\/person\/7a7fd911f58561fd056dbac7b55af9cd\"},\"potentialAction\":[{\"@type\":\"SearchAction\",\"target\":{\"@type\":\"EntryPoint\",\"urlTemplate\":\"https:\/\/luchonoticias.com\/editor\/?s={search_term_string}\"},\"query-input\":{\"@type\":\"PropertyValueSpecification\",\"valueRequired\":true,\"valueName\":\"search_term_string\"}}],\"inLanguage\":\"es\"},{\"@type\":[\"Person\",\"Organization\"],\"@id\":\"https:\/\/luchonoticias.com\/editor\/#\/schema\/person\/7a7fd911f58561fd056dbac7b55af9cd\",\"name\":\"admin\",\"image\":{\"@type\":\"ImageObject\",\"inLanguage\":\"es\",\"@id\":\"https:\/\/luchonoticias.com\/editor\/#\/schema\/person\/image\/\",\"url\":\"https:\/\/luchonoticias.com\/editor\/wp-content\/uploads\/2024\/02\/cropped-cropped-logolu.webp\",\"contentUrl\":\"https:\/\/luchonoticias.com\/editor\/wp-content\/uploads\/2024\/02\/cropped-cropped-logolu.webp\",\"width\":382,\"height\":170,\"caption\":\"admin\"},\"logo\":{\"@id\":\"https:\/\/luchonoticias.com\/editor\/#\/schema\/person\/image\/\"},\"sameAs\":[\"https:\/\/www.facebook.com\/luchonoticiasneiva\"],\"url\":\"https:\/\/luchonoticias.com\/editor\/author\/admin\/\"}]}<\/script>\n<!-- \/ Yoast SEO plugin. -->","yoast_head_json":{"title":"Colegio huilense crea \u00e1lbum virtual para identificar la flora y fauna de la regi\u00f3n -","robots":{"index":"index","follow":"follow","max-snippet":"max-snippet:-1","max-image-preview":"max-image-preview:large","max-video-preview":"max-video-preview:-1"},"canonical":"https:\/\/luchonoticias.com\/editor\/colegio-huilense-crea-album-virtual-para-identificar-la-flora-y-fauna-de-la-region\/","og_locale":"es_ES","og_type":"article","og_title":"Colegio huilense crea \u00e1lbum virtual para identificar la flora y fauna de la regi\u00f3n -","og_url":"https:\/\/luchonoticias.com\/editor\/colegio-huilense-crea-album-virtual-para-identificar-la-flora-y-fauna-de-la-region\/","article_publisher":"https:\/\/www.facebook.com\/luchonoticiasneiva","article_author":"https:\/\/www.facebook.com\/luchonoticiasneiva","article_published_time":"2022-12-01T12:01:35+00:00","article_modified_time":"2022-12-01T12:01:36+00:00","og_image":[{"url":"https:\/\/luchonoticias.com\/wp-content\/uploads\/2022\/12\/WhatsApp-Image-2022-11-30-at-4.43.27-PM-1024x562.jpeg","type":"","width":"","height":""}],"author":"admin","twitter_card":"summary_large_image","twitter_misc":{"Escrito por":"admin","Tiempo de lectura":"5 minutos"},"schema":{"@context":"https:\/\/schema.org","@graph":[{"@type":"Article","@id":"https:\/\/luchonoticias.com\/editor\/colegio-huilense-crea-album-virtual-para-identificar-la-flora-y-fauna-de-la-region\/#article","isPartOf":{"@id":"https:\/\/luchonoticias.com\/editor\/colegio-huilense-crea-album-virtual-para-identificar-la-flora-y-fauna-de-la-region\/"},"author":{"name":"admin","@id":"https:\/\/luchonoticias.com\/editor\/#\/schema\/person\/7a7fd911f58561fd056dbac7b55af9cd"},"headline":"Colegio huilense crea \u00e1lbum virtual para identificar la flora y fauna de la regi\u00f3n","datePublished":"2022-12-01T12:01:35+00:00","dateModified":"2022-12-01T12:01:36+00:00","mainEntityOfPage":{"@id":"https:\/\/luchonoticias.com\/editor\/colegio-huilense-crea-album-virtual-para-identificar-la-flora-y-fauna-de-la-region\/"},"wordCount":958,"commentCount":0,"publisher":{"@id":"https:\/\/luchonoticias.com\/editor\/#\/schema\/person\/7a7fd911f58561fd056dbac7b55af9cd"},"image":{"@id":"https:\/\/luchonoticias.com\/editor\/colegio-huilense-crea-album-virtual-para-identificar-la-flora-y-fauna-de-la-region\/#primaryimage"},"thumbnailUrl":"https:\/\/luchonoticias.com\/wp-content\/uploads\/2022\/12\/WhatsApp-Image-2022-11-30-at-4.43.27-PM-1024x562.jpeg","articleSection":["Destacado","Regional"],"inLanguage":"es","potentialAction":[{"@type":"CommentAction","name":"Comment","target":["https:\/\/luchonoticias.com\/editor\/colegio-huilense-crea-album-virtual-para-identificar-la-flora-y-fauna-de-la-region\/#respond"]}]},{"@type":"WebPage","@id":"https:\/\/luchonoticias.com\/editor\/colegio-huilense-crea-album-virtual-para-identificar-la-flora-y-fauna-de-la-region\/","url":"https:\/\/luchonoticias.com\/editor\/colegio-huilense-crea-album-virtual-para-identificar-la-flora-y-fauna-de-la-region\/","name":"Colegio huilense crea \u00e1lbum virtual para identificar la flora y fauna de la regi\u00f3n -","isPartOf":{"@id":"https:\/\/luchonoticias.com\/editor\/#website"},"primaryImageOfPage":{"@id":"https:\/\/luchonoticias.com\/editor\/colegio-huilense-crea-album-virtual-para-identificar-la-flora-y-fauna-de-la-region\/#primaryimage"},"image":{"@id":"https:\/\/luchonoticias.com\/editor\/colegio-huilense-crea-album-virtual-para-identificar-la-flora-y-fauna-de-la-region\/#primaryimage"},"thumbnailUrl":"https:\/\/luchonoticias.com\/wp-content\/uploads\/2022\/12\/WhatsApp-Image-2022-11-30-at-4.43.27-PM-1024x562.jpeg","datePublished":"2022-12-01T12:01:35+00:00","dateModified":"2022-12-01T12:01:36+00:00","breadcrumb":{"@id":"https:\/\/luchonoticias.com\/editor\/colegio-huilense-crea-album-virtual-para-identificar-la-flora-y-fauna-de-la-region\/#breadcrumb"},"inLanguage":"es","potentialAction":[{"@type":"ReadAction","target":["https:\/\/luchonoticias.com\/editor\/colegio-huilense-crea-album-virtual-para-identificar-la-flora-y-fauna-de-la-region\/"]}]},{"@type":"ImageObject","inLanguage":"es","@id":"https:\/\/luchonoticias.com\/editor\/colegio-huilense-crea-album-virtual-para-identificar-la-flora-y-fauna-de-la-region\/#primaryimage","url":"https:\/\/luchonoticias.com\/wp-content\/uploads\/2022\/12\/WhatsApp-Image-2022-11-30-at-4.43.27-PM-1024x562.jpeg","contentUrl":"https:\/\/luchonoticias.com\/wp-content\/uploads\/2022\/12\/WhatsApp-Image-2022-11-30-at-4.43.27-PM-1024x562.jpeg"},{"@type":"BreadcrumbList","@id":"https:\/\/luchonoticias.com\/editor\/colegio-huilense-crea-album-virtual-para-identificar-la-flora-y-fauna-de-la-region\/#breadcrumb","itemListElement":[{"@type":"ListItem","position":1,"name":"Portada","item":"https:\/\/luchonoticias.com\/editor\/"},{"@type":"ListItem","position":2,"name":"Colegio huilense crea \u00e1lbum virtual para identificar la flora y fauna de la regi\u00f3n"}]},{"@type":"WebSite","@id":"https:\/\/luchonoticias.com\/editor\/#website","url":"https:\/\/luchonoticias.com\/editor\/","name":"","description":"","publisher":{"@id":"https:\/\/luchonoticias.com\/editor\/#\/schema\/person\/7a7fd911f58561fd056dbac7b55af9cd"},"potentialAction":[{"@type":"SearchAction","target":{"@type":"EntryPoint","urlTemplate":"https:\/\/luchonoticias.com\/editor\/?s={search_term_string}"},"query-input":{"@type":"PropertyValueSpecification","valueRequired":true,"valueName":"search_term_string"}}],"inLanguage":"es"},{"@type":["Person","Organization"],"@id":"https:\/\/luchonoticias.com\/editor\/#\/schema\/person\/7a7fd911f58561fd056dbac7b55af9cd","name":"admin","image":{"@type":"ImageObject","inLanguage":"es","@id":"https:\/\/luchonoticias.com\/editor\/#\/schema\/person\/image\/","url":"https:\/\/luchonoticias.com\/editor\/wp-content\/uploads\/2024\/02\/cropped-cropped-logolu.webp","contentUrl":"https:\/\/luchonoticias.com\/editor\/wp-content\/uploads\/2024\/02\/cropped-cropped-logolu.webp","width":382,"height":170,"caption":"admin"},"logo":{"@id":"https:\/\/luchonoticias.com\/editor\/#\/schema\/person\/image\/"},"sameAs":["https:\/\/www.facebook.com\/luchonoticiasneiva"],"url":"https:\/\/luchonoticias.com\/editor\/author\/admin\/"}]}},"_links":{"self":[{"href":"https:\/\/luchonoticias.com\/editor\/wp-json\/wp\/v2\/posts\/40884","targetHints":{"allow":["GET"]}}],"collection":[{"href":"https:\/\/luchonoticias.com\/editor\/wp-json\/wp\/v2\/posts"}],"about":[{"href":"https:\/\/luchonoticias.com\/editor\/wp-json\/wp\/v2\/types\/post"}],"author":[{"embeddable":true,"href":"https:\/\/luchonoticias.com\/editor\/wp-json\/wp\/v2\/users\/1"}],"replies":[{"embeddable":true,"href":"https:\/\/luchonoticias.com\/editor\/wp-json\/wp\/v2\/comments?post=40884"}],"version-history":[{"count":0,"href":"https:\/\/luchonoticias.com\/editor\/wp-json\/wp\/v2\/posts\/40884\/revisions"}],"wp:attachment":[{"href":"https:\/\/luchonoticias.com\/editor\/wp-json\/wp\/v2\/media?parent=40884"}],"wp:term":[{"taxonomy":"category","embeddable":true,"href":"https:\/\/luchonoticias.com\/editor\/wp-json\/wp\/v2\/categories?post=40884"},{"taxonomy":"post_tag","embeddable":true,"href":"https:\/\/luchonoticias.com\/editor\/wp-json\/wp\/v2\/tags?post=40884"}],"curies":[{"name":"wp","href":"https:\/\/api.w.org\/{rel}","templated":true}]}}