{"id":40898,"date":"2022-12-01T07:14:12","date_gmt":"2022-12-01T12:14:12","guid":{"rendered":"https:\/\/luchonoticias.com\/?p=40898"},"modified":"2022-12-01T07:14:13","modified_gmt":"2022-12-01T12:14:13","slug":"presidente-petro-pidio-perdon-a-las-victimas-de-las-masacres-de-el-aro-y-la-granja","status":"publish","type":"post","link":"https:\/\/luchonoticias.com\/editor\/presidente-petro-pidio-perdon-a-las-victimas-de-las-masacres-de-el-aro-y-la-granja\/","title":{"rendered":"Presidente Petro pidi\u00f3 perd\u00f3n a las v\u00edctimas de las masacres de El Aro y La Granja \u00a0"},"content":{"rendered":"\n<p>\u201cEn nombre del Estado colombiano les pido a las v\u00edctimas perd\u00f3n; el Estado colombiano reconoce que los muertos no eran enemigos de nadie, era gente humilde y trabajadora, que los mataron porque s\u00ed, por designio del poder, y que en sus muertes en La Granja y en El Aro estuvo el Estado presente y fue c\u00f3mplice del asesinato\u201d.<\/p>\n\n\n\n<p>As\u00ed lo afirm\u00f3 este mi\u00e9rcoles el Presidente de la Rep\u00fablica, Gustavo Petro, durante el acto de reconocimiento de la responsabilidad del Estado colombiano en las masacres perpetradas en los corregimientos de El Aro y La Granja, en el municipio de Ituango (Antioquia), en los a\u00f1os 1996 y 1997, respectivamente, a manos de grupos paramilitares.<\/p>\n\n\n\n<p>\u201cEl Estado, a trav\u00e9s de funcionarios p\u00fablicos, pagados con los impuestos de la sociedad colombiana, orden\u00f3 matar y quiso ocultar a los autores dentro del Estado y fuera del Estado\u201d, agreg\u00f3 el Mandatario en el acto de reconocimiento que se realiz\u00f3 ante los familiares de las v\u00edctimas en el Museo Casa de la Memoria de Medell\u00edn.<\/p>\n\n\n\n<figure class=\"wp-block-gallery has-nested-images columns-default is-cropped wp-block-gallery-1 is-layout-flex wp-block-gallery-is-layout-flex\">\n<figure class=\"wp-block-image size-large\"><img decoding=\"async\" data-id=\"40901\" src=\"https:\/\/luchonoticias.com\/wp-content\/uploads\/2022\/12\/WhatsApp-Image-2022-11-30-at-3.26.49-PM-1.jpeg\" alt=\"\" class=\"wp-image-40901\"\/><\/figure>\n\n\n\n<figure class=\"wp-block-image size-large\"><img decoding=\"async\" data-id=\"40902\" src=\"https:\/\/luchonoticias.com\/wp-content\/uploads\/2022\/12\/WhatsApp-Image-2022-11-30-at-3.26.49-PM.jpeg\" alt=\"\" class=\"wp-image-40902\"\/><\/figure>\n\n\n\n<figure class=\"wp-block-image size-large\"><img decoding=\"async\" data-id=\"40900\" src=\"https:\/\/luchonoticias.com\/wp-content\/uploads\/2022\/12\/WhatsApp-Image-2022-11-30-at-3.26.48-PM.jpeg\" alt=\"\" class=\"wp-image-40900\"\/><\/figure>\n<\/figure>\n\n\n\n<p>De esta manera, el Presidente Petro dio cumplimiento a la sentencia dictada el 1\u00ba de julio de 2006 por la Corte Interamericana de Derechos Humanos (CIDH), que declar\u00f3 la responsabilidad del Estado por los actos de tortura y asesinato de pobladores en los corregimientos de La Granja y el Aro y, adem\u00e1s, por la falta de investigaci\u00f3n para esclarecer estos hechos y sancionar a los responsables.<\/p>\n\n\n\n<p>De hecho, el Jefe de Estado llam\u00f3 la atenci\u00f3n en el sentido de que la sentencia de la CIDH se haya cumplido apenas 16 y 17 a\u00f1os despu\u00e9s.<\/p>\n\n\n\n<p>\u201cA pesar de esa demora el Estado colombiano hoy cumple, y espero que cumpla todas las sentencias de la CIDH sin excepci\u00f3n\u201d, manifest\u00f3.<\/p>\n\n\n\n<p><strong>Indemnizaci\u00f3n a las v\u00edctimas<\/strong><\/p>\n\n\n\n<p>En ese contexto, el Presidente Petro hizo \u00e9nfasis en que como Jefe de Estado har\u00e1 todo lo posible para que las v\u00edctimas sean indemnizadas.<\/p>\n\n\n\n<p>\u201cY har\u00e9 todo lo posible para que, como representante, hoy, del Estado colombiano, para que las acciones de reparaci\u00f3n, de justicia, de verdad se encaminen al gran prop\u00f3sito de la paz y de la reconciliaci\u00f3n de toda la sociedad colombiana\u201d, subray\u00f3.<\/p>\n\n\n\n<p>Asimismo, resalt\u00f3 \u201cque la sociedad colombiana ser\u00e1 mejor si no repite lo que ha hecho, y no repetirlo implica verdad, justicia y la reparaci\u00f3n. Esto es parte de la reparaci\u00f3n\u201d.<\/p>\n\n\n\n<figure class=\"wp-block-gallery has-nested-images columns-default is-cropped wp-block-gallery-2 is-layout-flex wp-block-gallery-is-layout-flex\">\n<figure class=\"wp-block-image size-large\"><img decoding=\"async\" data-id=\"40903\" src=\"https:\/\/luchonoticias.com\/wp-content\/uploads\/2022\/12\/WhatsApp-Image-2022-11-30-at-3.26.46-PM.jpeg\" alt=\"\" class=\"wp-image-40903\"\/><\/figure>\n\n\n\n<figure class=\"wp-block-image size-large\"><img decoding=\"async\" data-id=\"40904\" src=\"https:\/\/luchonoticias.com\/wp-content\/uploads\/2022\/12\/WhatsApp-Image-2022-11-30-at-3.26.45-PM.jpeg\" alt=\"\" class=\"wp-image-40904\"\/><\/figure>\n<\/figure>\n\n\n\n<p>De la misma manera, el Mandatario se refiri\u00f3 a la importancia de no olvidar los sitios en los que han ocurrido este tipo de hechos de violencia y que sean transformados en espacios de memoria de las v\u00edctimas.<\/p>\n\n\n\n<p>\u201cEn esos lugares mi Gobierno debe crear sitios hermosos y esa es una orden, aqu\u00ed, para los funcionarios de mi Gobierno. Lugares hermosos para reflexionar, pensar, saber que no se puede repetir. El arte y la belleza van de la mano de la luz y de la paz, nunca han ido de la mano de la oscuridad\u201d, asever\u00f3 el Presidente, quien agreg\u00f3: \u201cParte de la indemnizaci\u00f3n a las v\u00edctimas es que los lugares donde vieron morir a sus seres queridos, en donde se produjo tanto dolor se vuelva hoy arte, belleza y cultura\u201d.<\/p>\n\n\n\n<p>Finalmente, durante el acto, el Jefe de Estado hizo la develaci\u00f3n de las placas conmemorativas con los nombres de las v\u00edctimas, las cuales ser\u00e1n ubicadas en los corregimientos de La Granja y El Aro.<\/p>\n","protected":false},"excerpt":{"rendered":"<p>\u201cEn nombre del Estado colombiano les pido a las v\u00edctimas perd\u00f3n; el Estado colombiano reconoce que los muertos no eran enemigos de nadie, era gente humilde y trabajadora, que los mataron porque s\u00ed, por designio del poder, y que en sus muertes en La Granja y en El Aro estuvo el Estado presente y fue [&hellip;]<\/p>\n","protected":false},"author":1,"featured_media":0,"comment_status":"open","ping_status":"open","sticky":false,"template":"","format":"standard","meta":{"footnotes":""},"categories":[36,32],"tags":[],"class_list":["post-40898","post","type-post","status-publish","format-standard","hentry","category-destacado","category-nacional"],"yoast_head":"<!-- This site is optimized with the Yoast SEO plugin v26.6 - https:\/\/yoast.com\/wordpress\/plugins\/seo\/ -->\n<title>Presidente Petro pidi\u00f3 perd\u00f3n a las v\u00edctimas de las masacres de El Aro y La Granja \u00a0 -<\/title>\n<meta name=\"robots\" content=\"index, follow, max-snippet:-1, max-image-preview:large, max-video-preview:-1\" \/>\n<link rel=\"canonical\" href=\"https:\/\/luchonoticias.com\/editor\/presidente-petro-pidio-perdon-a-las-victimas-de-las-masacres-de-el-aro-y-la-granja\/\" \/>\n<meta property=\"og:locale\" content=\"es_ES\" \/>\n<meta property=\"og:type\" content=\"article\" \/>\n<meta property=\"og:title\" content=\"Presidente Petro pidi\u00f3 perd\u00f3n a las v\u00edctimas de las masacres de El Aro y La Granja \u00a0 -\" \/>\n<meta property=\"og:url\" content=\"https:\/\/luchonoticias.com\/editor\/presidente-petro-pidio-perdon-a-las-victimas-de-las-masacres-de-el-aro-y-la-granja\/\" \/>\n<meta property=\"article:publisher\" content=\"https:\/\/www.facebook.com\/luchonoticiasneiva\" \/>\n<meta property=\"article:author\" content=\"https:\/\/www.facebook.com\/luchonoticiasneiva\" \/>\n<meta property=\"article:published_time\" content=\"2022-12-01T12:14:12+00:00\" \/>\n<meta property=\"article:modified_time\" content=\"2022-12-01T12:14:13+00:00\" \/>\n<meta property=\"og:image\" content=\"https:\/\/luchonoticias.com\/wp-content\/uploads\/2022\/12\/WhatsApp-Image-2022-11-30-at-3.26.49-PM-1.jpeg\" \/>\n<meta name=\"author\" content=\"admin\" \/>\n<meta name=\"twitter:card\" content=\"summary_large_image\" \/>\n<meta name=\"twitter:label1\" content=\"Escrito por\" \/>\n\t<meta name=\"twitter:data1\" content=\"admin\" \/>\n\t<meta name=\"twitter:label2\" content=\"Tiempo de lectura\" \/>\n\t<meta name=\"twitter:data2\" content=\"3 minutos\" \/>\n<script type=\"application\/ld+json\" class=\"yoast-schema-graph\">{\"@context\":\"https:\/\/schema.org\",\"@graph\":[{\"@type\":\"Article\",\"@id\":\"https:\/\/luchonoticias.com\/editor\/presidente-petro-pidio-perdon-a-las-victimas-de-las-masacres-de-el-aro-y-la-granja\/#article\",\"isPartOf\":{\"@id\":\"https:\/\/luchonoticias.com\/editor\/presidente-petro-pidio-perdon-a-las-victimas-de-las-masacres-de-el-aro-y-la-granja\/\"},\"author\":{\"name\":\"admin\",\"@id\":\"https:\/\/luchonoticias.com\/editor\/#\/schema\/person\/7a7fd911f58561fd056dbac7b55af9cd\"},\"headline\":\"Presidente Petro pidi\u00f3 perd\u00f3n a las v\u00edctimas de las masacres de El Aro y La Granja \u00a0\",\"datePublished\":\"2022-12-01T12:14:12+00:00\",\"dateModified\":\"2022-12-01T12:14:13+00:00\",\"mainEntityOfPage\":{\"@id\":\"https:\/\/luchonoticias.com\/editor\/presidente-petro-pidio-perdon-a-las-victimas-de-las-masacres-de-el-aro-y-la-granja\/\"},\"wordCount\":591,\"commentCount\":0,\"publisher\":{\"@id\":\"https:\/\/luchonoticias.com\/editor\/#\/schema\/person\/7a7fd911f58561fd056dbac7b55af9cd\"},\"image\":{\"@id\":\"https:\/\/luchonoticias.com\/editor\/presidente-petro-pidio-perdon-a-las-victimas-de-las-masacres-de-el-aro-y-la-granja\/#primaryimage\"},\"thumbnailUrl\":\"https:\/\/luchonoticias.com\/wp-content\/uploads\/2022\/12\/WhatsApp-Image-2022-11-30-at-3.26.49-PM-1.jpeg\",\"articleSection\":[\"Destacado\",\"Nacional\"],\"inLanguage\":\"es\",\"potentialAction\":[{\"@type\":\"CommentAction\",\"name\":\"Comment\",\"target\":[\"https:\/\/luchonoticias.com\/editor\/presidente-petro-pidio-perdon-a-las-victimas-de-las-masacres-de-el-aro-y-la-granja\/#respond\"]}]},{\"@type\":\"WebPage\",\"@id\":\"https:\/\/luchonoticias.com\/editor\/presidente-petro-pidio-perdon-a-las-victimas-de-las-masacres-de-el-aro-y-la-granja\/\",\"url\":\"https:\/\/luchonoticias.com\/editor\/presidente-petro-pidio-perdon-a-las-victimas-de-las-masacres-de-el-aro-y-la-granja\/\",\"name\":\"Presidente Petro pidi\u00f3 perd\u00f3n a las v\u00edctimas de las masacres de El Aro y La Granja \u00a0 -\",\"isPartOf\":{\"@id\":\"https:\/\/luchonoticias.com\/editor\/#website\"},\"primaryImageOfPage\":{\"@id\":\"https:\/\/luchonoticias.com\/editor\/presidente-petro-pidio-perdon-a-las-victimas-de-las-masacres-de-el-aro-y-la-granja\/#primaryimage\"},\"image\":{\"@id\":\"https:\/\/luchonoticias.com\/editor\/presidente-petro-pidio-perdon-a-las-victimas-de-las-masacres-de-el-aro-y-la-granja\/#primaryimage\"},\"thumbnailUrl\":\"https:\/\/luchonoticias.com\/wp-content\/uploads\/2022\/12\/WhatsApp-Image-2022-11-30-at-3.26.49-PM-1.jpeg\",\"datePublished\":\"2022-12-01T12:14:12+00:00\",\"dateModified\":\"2022-12-01T12:14:13+00:00\",\"breadcrumb\":{\"@id\":\"https:\/\/luchonoticias.com\/editor\/presidente-petro-pidio-perdon-a-las-victimas-de-las-masacres-de-el-aro-y-la-granja\/#breadcrumb\"},\"inLanguage\":\"es\",\"potentialAction\":[{\"@type\":\"ReadAction\",\"target\":[\"https:\/\/luchonoticias.com\/editor\/presidente-petro-pidio-perdon-a-las-victimas-de-las-masacres-de-el-aro-y-la-granja\/\"]}]},{\"@type\":\"ImageObject\",\"inLanguage\":\"es\",\"@id\":\"https:\/\/luchonoticias.com\/editor\/presidente-petro-pidio-perdon-a-las-victimas-de-las-masacres-de-el-aro-y-la-granja\/#primaryimage\",\"url\":\"https:\/\/luchonoticias.com\/wp-content\/uploads\/2022\/12\/WhatsApp-Image-2022-11-30-at-3.26.49-PM-1.jpeg\",\"contentUrl\":\"https:\/\/luchonoticias.com\/wp-content\/uploads\/2022\/12\/WhatsApp-Image-2022-11-30-at-3.26.49-PM-1.jpeg\"},{\"@type\":\"BreadcrumbList\",\"@id\":\"https:\/\/luchonoticias.com\/editor\/presidente-petro-pidio-perdon-a-las-victimas-de-las-masacres-de-el-aro-y-la-granja\/#breadcrumb\",\"itemListElement\":[{\"@type\":\"ListItem\",\"position\":1,\"name\":\"Portada\",\"item\":\"https:\/\/luchonoticias.com\/editor\/\"},{\"@type\":\"ListItem\",\"position\":2,\"name\":\"Presidente Petro pidi\u00f3 perd\u00f3n a las v\u00edctimas de las masacres de El Aro y La Granja \u00a0\"}]},{\"@type\":\"WebSite\",\"@id\":\"https:\/\/luchonoticias.com\/editor\/#website\",\"url\":\"https:\/\/luchonoticias.com\/editor\/\",\"name\":\"\",\"description\":\"\",\"publisher\":{\"@id\":\"https:\/\/luchonoticias.com\/editor\/#\/schema\/person\/7a7fd911f58561fd056dbac7b55af9cd\"},\"potentialAction\":[{\"@type\":\"SearchAction\",\"target\":{\"@type\":\"EntryPoint\",\"urlTemplate\":\"https:\/\/luchonoticias.com\/editor\/?s={search_term_string}\"},\"query-input\":{\"@type\":\"PropertyValueSpecification\",\"valueRequired\":true,\"valueName\":\"search_term_string\"}}],\"inLanguage\":\"es\"},{\"@type\":[\"Person\",\"Organization\"],\"@id\":\"https:\/\/luchonoticias.com\/editor\/#\/schema\/person\/7a7fd911f58561fd056dbac7b55af9cd\",\"name\":\"admin\",\"image\":{\"@type\":\"ImageObject\",\"inLanguage\":\"es\",\"@id\":\"https:\/\/luchonoticias.com\/editor\/#\/schema\/person\/image\/\",\"url\":\"https:\/\/luchonoticias.com\/editor\/wp-content\/uploads\/2024\/02\/cropped-cropped-logolu.webp\",\"contentUrl\":\"https:\/\/luchonoticias.com\/editor\/wp-content\/uploads\/2024\/02\/cropped-cropped-logolu.webp\",\"width\":382,\"height\":170,\"caption\":\"admin\"},\"logo\":{\"@id\":\"https:\/\/luchonoticias.com\/editor\/#\/schema\/person\/image\/\"},\"sameAs\":[\"https:\/\/www.facebook.com\/luchonoticiasneiva\"],\"url\":\"https:\/\/luchonoticias.com\/editor\/author\/admin\/\"}]}<\/script>\n<!-- \/ Yoast SEO plugin. -->","yoast_head_json":{"title":"Presidente Petro pidi\u00f3 perd\u00f3n a las v\u00edctimas de las masacres de El Aro y La Granja \u00a0 -","robots":{"index":"index","follow":"follow","max-snippet":"max-snippet:-1","max-image-preview":"max-image-preview:large","max-video-preview":"max-video-preview:-1"},"canonical":"https:\/\/luchonoticias.com\/editor\/presidente-petro-pidio-perdon-a-las-victimas-de-las-masacres-de-el-aro-y-la-granja\/","og_locale":"es_ES","og_type":"article","og_title":"Presidente Petro pidi\u00f3 perd\u00f3n a las v\u00edctimas de las masacres de El Aro y La Granja \u00a0 -","og_url":"https:\/\/luchonoticias.com\/editor\/presidente-petro-pidio-perdon-a-las-victimas-de-las-masacres-de-el-aro-y-la-granja\/","article_publisher":"https:\/\/www.facebook.com\/luchonoticiasneiva","article_author":"https:\/\/www.facebook.com\/luchonoticiasneiva","article_published_time":"2022-12-01T12:14:12+00:00","article_modified_time":"2022-12-01T12:14:13+00:00","og_image":[{"url":"https:\/\/luchonoticias.com\/wp-content\/uploads\/2022\/12\/WhatsApp-Image-2022-11-30-at-3.26.49-PM-1.jpeg","type":"","width":"","height":""}],"author":"admin","twitter_card":"summary_large_image","twitter_misc":{"Escrito por":"admin","Tiempo de lectura":"3 minutos"},"schema":{"@context":"https:\/\/schema.org","@graph":[{"@type":"Article","@id":"https:\/\/luchonoticias.com\/editor\/presidente-petro-pidio-perdon-a-las-victimas-de-las-masacres-de-el-aro-y-la-granja\/#article","isPartOf":{"@id":"https:\/\/luchonoticias.com\/editor\/presidente-petro-pidio-perdon-a-las-victimas-de-las-masacres-de-el-aro-y-la-granja\/"},"author":{"name":"admin","@id":"https:\/\/luchonoticias.com\/editor\/#\/schema\/person\/7a7fd911f58561fd056dbac7b55af9cd"},"headline":"Presidente Petro pidi\u00f3 perd\u00f3n a las v\u00edctimas de las masacres de El Aro y La Granja \u00a0","datePublished":"2022-12-01T12:14:12+00:00","dateModified":"2022-12-01T12:14:13+00:00","mainEntityOfPage":{"@id":"https:\/\/luchonoticias.com\/editor\/presidente-petro-pidio-perdon-a-las-victimas-de-las-masacres-de-el-aro-y-la-granja\/"},"wordCount":591,"commentCount":0,"publisher":{"@id":"https:\/\/luchonoticias.com\/editor\/#\/schema\/person\/7a7fd911f58561fd056dbac7b55af9cd"},"image":{"@id":"https:\/\/luchonoticias.com\/editor\/presidente-petro-pidio-perdon-a-las-victimas-de-las-masacres-de-el-aro-y-la-granja\/#primaryimage"},"thumbnailUrl":"https:\/\/luchonoticias.com\/wp-content\/uploads\/2022\/12\/WhatsApp-Image-2022-11-30-at-3.26.49-PM-1.jpeg","articleSection":["Destacado","Nacional"],"inLanguage":"es","potentialAction":[{"@type":"CommentAction","name":"Comment","target":["https:\/\/luchonoticias.com\/editor\/presidente-petro-pidio-perdon-a-las-victimas-de-las-masacres-de-el-aro-y-la-granja\/#respond"]}]},{"@type":"WebPage","@id":"https:\/\/luchonoticias.com\/editor\/presidente-petro-pidio-perdon-a-las-victimas-de-las-masacres-de-el-aro-y-la-granja\/","url":"https:\/\/luchonoticias.com\/editor\/presidente-petro-pidio-perdon-a-las-victimas-de-las-masacres-de-el-aro-y-la-granja\/","name":"Presidente Petro pidi\u00f3 perd\u00f3n a las v\u00edctimas de las masacres de El Aro y La Granja \u00a0 -","isPartOf":{"@id":"https:\/\/luchonoticias.com\/editor\/#website"},"primaryImageOfPage":{"@id":"https:\/\/luchonoticias.com\/editor\/presidente-petro-pidio-perdon-a-las-victimas-de-las-masacres-de-el-aro-y-la-granja\/#primaryimage"},"image":{"@id":"https:\/\/luchonoticias.com\/editor\/presidente-petro-pidio-perdon-a-las-victimas-de-las-masacres-de-el-aro-y-la-granja\/#primaryimage"},"thumbnailUrl":"https:\/\/luchonoticias.com\/wp-content\/uploads\/2022\/12\/WhatsApp-Image-2022-11-30-at-3.26.49-PM-1.jpeg","datePublished":"2022-12-01T12:14:12+00:00","dateModified":"2022-12-01T12:14:13+00:00","breadcrumb":{"@id":"https:\/\/luchonoticias.com\/editor\/presidente-petro-pidio-perdon-a-las-victimas-de-las-masacres-de-el-aro-y-la-granja\/#breadcrumb"},"inLanguage":"es","potentialAction":[{"@type":"ReadAction","target":["https:\/\/luchonoticias.com\/editor\/presidente-petro-pidio-perdon-a-las-victimas-de-las-masacres-de-el-aro-y-la-granja\/"]}]},{"@type":"ImageObject","inLanguage":"es","@id":"https:\/\/luchonoticias.com\/editor\/presidente-petro-pidio-perdon-a-las-victimas-de-las-masacres-de-el-aro-y-la-granja\/#primaryimage","url":"https:\/\/luchonoticias.com\/wp-content\/uploads\/2022\/12\/WhatsApp-Image-2022-11-30-at-3.26.49-PM-1.jpeg","contentUrl":"https:\/\/luchonoticias.com\/wp-content\/uploads\/2022\/12\/WhatsApp-Image-2022-11-30-at-3.26.49-PM-1.jpeg"},{"@type":"BreadcrumbList","@id":"https:\/\/luchonoticias.com\/editor\/presidente-petro-pidio-perdon-a-las-victimas-de-las-masacres-de-el-aro-y-la-granja\/#breadcrumb","itemListElement":[{"@type":"ListItem","position":1,"name":"Portada","item":"https:\/\/luchonoticias.com\/editor\/"},{"@type":"ListItem","position":2,"name":"Presidente Petro pidi\u00f3 perd\u00f3n a las v\u00edctimas de las masacres de El Aro y La Granja \u00a0"}]},{"@type":"WebSite","@id":"https:\/\/luchonoticias.com\/editor\/#website","url":"https:\/\/luchonoticias.com\/editor\/","name":"","description":"","publisher":{"@id":"https:\/\/luchonoticias.com\/editor\/#\/schema\/person\/7a7fd911f58561fd056dbac7b55af9cd"},"potentialAction":[{"@type":"SearchAction","target":{"@type":"EntryPoint","urlTemplate":"https:\/\/luchonoticias.com\/editor\/?s={search_term_string}"},"query-input":{"@type":"PropertyValueSpecification","valueRequired":true,"valueName":"search_term_string"}}],"inLanguage":"es"},{"@type":["Person","Organization"],"@id":"https:\/\/luchonoticias.com\/editor\/#\/schema\/person\/7a7fd911f58561fd056dbac7b55af9cd","name":"admin","image":{"@type":"ImageObject","inLanguage":"es","@id":"https:\/\/luchonoticias.com\/editor\/#\/schema\/person\/image\/","url":"https:\/\/luchonoticias.com\/editor\/wp-content\/uploads\/2024\/02\/cropped-cropped-logolu.webp","contentUrl":"https:\/\/luchonoticias.com\/editor\/wp-content\/uploads\/2024\/02\/cropped-cropped-logolu.webp","width":382,"height":170,"caption":"admin"},"logo":{"@id":"https:\/\/luchonoticias.com\/editor\/#\/schema\/person\/image\/"},"sameAs":["https:\/\/www.facebook.com\/luchonoticiasneiva"],"url":"https:\/\/luchonoticias.com\/editor\/author\/admin\/"}]}},"_links":{"self":[{"href":"https:\/\/luchonoticias.com\/editor\/wp-json\/wp\/v2\/posts\/40898","targetHints":{"allow":["GET"]}}],"collection":[{"href":"https:\/\/luchonoticias.com\/editor\/wp-json\/wp\/v2\/posts"}],"about":[{"href":"https:\/\/luchonoticias.com\/editor\/wp-json\/wp\/v2\/types\/post"}],"author":[{"embeddable":true,"href":"https:\/\/luchonoticias.com\/editor\/wp-json\/wp\/v2\/users\/1"}],"replies":[{"embeddable":true,"href":"https:\/\/luchonoticias.com\/editor\/wp-json\/wp\/v2\/comments?post=40898"}],"version-history":[{"count":0,"href":"https:\/\/luchonoticias.com\/editor\/wp-json\/wp\/v2\/posts\/40898\/revisions"}],"wp:attachment":[{"href":"https:\/\/luchonoticias.com\/editor\/wp-json\/wp\/v2\/media?parent=40898"}],"wp:term":[{"taxonomy":"category","embeddable":true,"href":"https:\/\/luchonoticias.com\/editor\/wp-json\/wp\/v2\/categories?post=40898"},{"taxonomy":"post_tag","embeddable":true,"href":"https:\/\/luchonoticias.com\/editor\/wp-json\/wp\/v2\/tags?post=40898"}],"curies":[{"name":"wp","href":"https:\/\/api.w.org\/{rel}","templated":true}]}}