{"id":40906,"date":"2022-12-01T07:19:18","date_gmt":"2022-12-01T12:19:18","guid":{"rendered":"https:\/\/luchonoticias.com\/?p=40906"},"modified":"2022-12-01T14:19:54","modified_gmt":"2022-12-01T19:19:54","slug":"procuraduria-abrio-indagacion-preliminar-a-agentes-la-policia-de-cartagena-por-un-presunto-abuso-de-autoridad","status":"publish","type":"post","link":"https:\/\/luchonoticias.com\/editor\/procuraduria-abrio-indagacion-preliminar-a-agentes-la-policia-de-cartagena-por-un-presunto-abuso-de-autoridad\/","title":{"rendered":"Procuradur\u00eda abri\u00f3 indagaci\u00f3n preliminar a agentes la Polic\u00eda de Cartagena por un presunto\u00a0abuso de autoridad"},"content":{"rendered":"\n<p>La Procuradur\u00eda General de la Naci\u00f3n abri\u00f3 indagaci\u00f3n preliminar contra agentes por establecer de la Polic\u00eda Metropolitana de Cartagena, por un presunto&nbsp;abuso de autoridad durante un procedimiento en un establecimiento de comercio ubicado en el Centro Hist\u00f3rico de la ciudad.&nbsp;<\/p>\n\n\n\n<p>Al parecer,&nbsp;los agentes se habr\u00edan extralimitado al momento de retirar del local a una mujer que reclamaba su liquidaci\u00f3n laboral,&nbsp;pues la esposaron a pesar de tener una beb\u00e9 en sus brazos y estar acompa\u00f1ada por otro menor de edad.<\/p>\n\n\n\n<p>Con la apertura de la indagaci\u00f3n preliminar, el Ministerio P\u00fablico busca verificar la ocurrencia de la conducta, determinar si es constitutiva de falta disciplinaria, identificar a los agentes comprometidos en la aparente situaci\u00f3n irregular y establecer si se ha actuado al amparo de una causal de exclusi\u00f3n de la responsabilidad disciplinaria.&nbsp;&nbsp;<\/p>\n","protected":false},"excerpt":{"rendered":"<p>La Procuradur\u00eda General de la Naci\u00f3n abri\u00f3 indagaci\u00f3n preliminar contra agentes por establecer de la Polic\u00eda Metropolitana de Cartagena, por un presunto&nbsp;abuso de autoridad durante un procedimiento en un establecimiento de comercio ubicado en el Centro Hist\u00f3rico de la ciudad.&nbsp; Al parecer,&nbsp;los agentes se habr\u00edan extralimitado al momento de retirar del local a una mujer [&hellip;]<\/p>\n","protected":false},"author":1,"featured_media":0,"comment_status":"open","ping_status":"open","sticky":false,"template":"","format":"standard","meta":{"footnotes":""},"categories":[36,29],"tags":[],"class_list":["post-40906","post","type-post","status-publish","format-standard","hentry","category-destacado","category-judicial"],"yoast_head":"<!-- This site is optimized with the Yoast SEO plugin v26.6 - https:\/\/yoast.com\/wordpress\/plugins\/seo\/ -->\n<title>Procuradur\u00eda abri\u00f3 indagaci\u00f3n preliminar a agentes la Polic\u00eda de Cartagena por un presunto\u00a0abuso de autoridad -<\/title>\n<meta name=\"robots\" content=\"index, follow, max-snippet:-1, max-image-preview:large, max-video-preview:-1\" \/>\n<link rel=\"canonical\" href=\"https:\/\/luchonoticias.com\/editor\/procuraduria-abrio-indagacion-preliminar-a-agentes-la-policia-de-cartagena-por-un-presunto-abuso-de-autoridad\/\" \/>\n<meta property=\"og:locale\" content=\"es_ES\" \/>\n<meta property=\"og:type\" content=\"article\" \/>\n<meta property=\"og:title\" content=\"Procuradur\u00eda abri\u00f3 indagaci\u00f3n preliminar a agentes la Polic\u00eda de Cartagena por un presunto\u00a0abuso de autoridad -\" \/>\n<meta property=\"og:url\" content=\"https:\/\/luchonoticias.com\/editor\/procuraduria-abrio-indagacion-preliminar-a-agentes-la-policia-de-cartagena-por-un-presunto-abuso-de-autoridad\/\" \/>\n<meta property=\"article:publisher\" content=\"https:\/\/www.facebook.com\/luchonoticiasneiva\" \/>\n<meta property=\"article:author\" content=\"https:\/\/www.facebook.com\/luchonoticiasneiva\" \/>\n<meta property=\"article:published_time\" content=\"2022-12-01T12:19:18+00:00\" \/>\n<meta property=\"article:modified_time\" content=\"2022-12-01T19:19:54+00:00\" \/>\n<meta name=\"author\" content=\"admin\" \/>\n<meta name=\"twitter:card\" content=\"summary_large_image\" \/>\n<meta name=\"twitter:label1\" content=\"Escrito por\" \/>\n\t<meta name=\"twitter:data1\" content=\"admin\" \/>\n\t<meta name=\"twitter:label2\" content=\"Tiempo de lectura\" \/>\n\t<meta name=\"twitter:data2\" content=\"1 minuto\" \/>\n<script type=\"application\/ld+json\" class=\"yoast-schema-graph\">{\"@context\":\"https:\/\/schema.org\",\"@graph\":[{\"@type\":\"Article\",\"@id\":\"https:\/\/luchonoticias.com\/editor\/procuraduria-abrio-indagacion-preliminar-a-agentes-la-policia-de-cartagena-por-un-presunto-abuso-de-autoridad\/#article\",\"isPartOf\":{\"@id\":\"https:\/\/luchonoticias.com\/editor\/procuraduria-abrio-indagacion-preliminar-a-agentes-la-policia-de-cartagena-por-un-presunto-abuso-de-autoridad\/\"},\"author\":{\"name\":\"admin\",\"@id\":\"https:\/\/luchonoticias.com\/editor\/#\/schema\/person\/7a7fd911f58561fd056dbac7b55af9cd\"},\"headline\":\"Procuradur\u00eda abri\u00f3 indagaci\u00f3n preliminar a agentes la Polic\u00eda de Cartagena por un presunto\u00a0abuso de autoridad\",\"datePublished\":\"2022-12-01T12:19:18+00:00\",\"dateModified\":\"2022-12-01T19:19:54+00:00\",\"mainEntityOfPage\":{\"@id\":\"https:\/\/luchonoticias.com\/editor\/procuraduria-abrio-indagacion-preliminar-a-agentes-la-policia-de-cartagena-por-un-presunto-abuso-de-autoridad\/\"},\"wordCount\":170,\"commentCount\":0,\"publisher\":{\"@id\":\"https:\/\/luchonoticias.com\/editor\/#\/schema\/person\/7a7fd911f58561fd056dbac7b55af9cd\"},\"articleSection\":[\"Destacado\",\"Judicial\"],\"inLanguage\":\"es\",\"potentialAction\":[{\"@type\":\"CommentAction\",\"name\":\"Comment\",\"target\":[\"https:\/\/luchonoticias.com\/editor\/procuraduria-abrio-indagacion-preliminar-a-agentes-la-policia-de-cartagena-por-un-presunto-abuso-de-autoridad\/#respond\"]}]},{\"@type\":\"WebPage\",\"@id\":\"https:\/\/luchonoticias.com\/editor\/procuraduria-abrio-indagacion-preliminar-a-agentes-la-policia-de-cartagena-por-un-presunto-abuso-de-autoridad\/\",\"url\":\"https:\/\/luchonoticias.com\/editor\/procuraduria-abrio-indagacion-preliminar-a-agentes-la-policia-de-cartagena-por-un-presunto-abuso-de-autoridad\/\",\"name\":\"Procuradur\u00eda abri\u00f3 indagaci\u00f3n preliminar a agentes la Polic\u00eda de Cartagena por un presunto\u00a0abuso de autoridad -\",\"isPartOf\":{\"@id\":\"https:\/\/luchonoticias.com\/editor\/#website\"},\"datePublished\":\"2022-12-01T12:19:18+00:00\",\"dateModified\":\"2022-12-01T19:19:54+00:00\",\"breadcrumb\":{\"@id\":\"https:\/\/luchonoticias.com\/editor\/procuraduria-abrio-indagacion-preliminar-a-agentes-la-policia-de-cartagena-por-un-presunto-abuso-de-autoridad\/#breadcrumb\"},\"inLanguage\":\"es\",\"potentialAction\":[{\"@type\":\"ReadAction\",\"target\":[\"https:\/\/luchonoticias.com\/editor\/procuraduria-abrio-indagacion-preliminar-a-agentes-la-policia-de-cartagena-por-un-presunto-abuso-de-autoridad\/\"]}]},{\"@type\":\"BreadcrumbList\",\"@id\":\"https:\/\/luchonoticias.com\/editor\/procuraduria-abrio-indagacion-preliminar-a-agentes-la-policia-de-cartagena-por-un-presunto-abuso-de-autoridad\/#breadcrumb\",\"itemListElement\":[{\"@type\":\"ListItem\",\"position\":1,\"name\":\"Portada\",\"item\":\"https:\/\/luchonoticias.com\/editor\/\"},{\"@type\":\"ListItem\",\"position\":2,\"name\":\"Procuradur\u00eda abri\u00f3 indagaci\u00f3n preliminar a agentes la Polic\u00eda de Cartagena por un presunto\u00a0abuso de autoridad\"}]},{\"@type\":\"WebSite\",\"@id\":\"https:\/\/luchonoticias.com\/editor\/#website\",\"url\":\"https:\/\/luchonoticias.com\/editor\/\",\"name\":\"\",\"description\":\"\",\"publisher\":{\"@id\":\"https:\/\/luchonoticias.com\/editor\/#\/schema\/person\/7a7fd911f58561fd056dbac7b55af9cd\"},\"potentialAction\":[{\"@type\":\"SearchAction\",\"target\":{\"@type\":\"EntryPoint\",\"urlTemplate\":\"https:\/\/luchonoticias.com\/editor\/?s={search_term_string}\"},\"query-input\":{\"@type\":\"PropertyValueSpecification\",\"valueRequired\":true,\"valueName\":\"search_term_string\"}}],\"inLanguage\":\"es\"},{\"@type\":[\"Person\",\"Organization\"],\"@id\":\"https:\/\/luchonoticias.com\/editor\/#\/schema\/person\/7a7fd911f58561fd056dbac7b55af9cd\",\"name\":\"admin\",\"image\":{\"@type\":\"ImageObject\",\"inLanguage\":\"es\",\"@id\":\"https:\/\/luchonoticias.com\/editor\/#\/schema\/person\/image\/\",\"url\":\"https:\/\/luchonoticias.com\/editor\/wp-content\/uploads\/2024\/02\/cropped-cropped-logolu.webp\",\"contentUrl\":\"https:\/\/luchonoticias.com\/editor\/wp-content\/uploads\/2024\/02\/cropped-cropped-logolu.webp\",\"width\":382,\"height\":170,\"caption\":\"admin\"},\"logo\":{\"@id\":\"https:\/\/luchonoticias.com\/editor\/#\/schema\/person\/image\/\"},\"sameAs\":[\"https:\/\/www.facebook.com\/luchonoticiasneiva\"],\"url\":\"https:\/\/luchonoticias.com\/editor\/author\/admin\/\"}]}<\/script>\n<!-- \/ Yoast SEO plugin. -->","yoast_head_json":{"title":"Procuradur\u00eda abri\u00f3 indagaci\u00f3n preliminar a agentes la Polic\u00eda de Cartagena por un presunto\u00a0abuso de autoridad -","robots":{"index":"index","follow":"follow","max-snippet":"max-snippet:-1","max-image-preview":"max-image-preview:large","max-video-preview":"max-video-preview:-1"},"canonical":"https:\/\/luchonoticias.com\/editor\/procuraduria-abrio-indagacion-preliminar-a-agentes-la-policia-de-cartagena-por-un-presunto-abuso-de-autoridad\/","og_locale":"es_ES","og_type":"article","og_title":"Procuradur\u00eda abri\u00f3 indagaci\u00f3n preliminar a agentes la Polic\u00eda de Cartagena por un presunto\u00a0abuso de autoridad -","og_url":"https:\/\/luchonoticias.com\/editor\/procuraduria-abrio-indagacion-preliminar-a-agentes-la-policia-de-cartagena-por-un-presunto-abuso-de-autoridad\/","article_publisher":"https:\/\/www.facebook.com\/luchonoticiasneiva","article_author":"https:\/\/www.facebook.com\/luchonoticiasneiva","article_published_time":"2022-12-01T12:19:18+00:00","article_modified_time":"2022-12-01T19:19:54+00:00","author":"admin","twitter_card":"summary_large_image","twitter_misc":{"Escrito por":"admin","Tiempo de lectura":"1 minuto"},"schema":{"@context":"https:\/\/schema.org","@graph":[{"@type":"Article","@id":"https:\/\/luchonoticias.com\/editor\/procuraduria-abrio-indagacion-preliminar-a-agentes-la-policia-de-cartagena-por-un-presunto-abuso-de-autoridad\/#article","isPartOf":{"@id":"https:\/\/luchonoticias.com\/editor\/procuraduria-abrio-indagacion-preliminar-a-agentes-la-policia-de-cartagena-por-un-presunto-abuso-de-autoridad\/"},"author":{"name":"admin","@id":"https:\/\/luchonoticias.com\/editor\/#\/schema\/person\/7a7fd911f58561fd056dbac7b55af9cd"},"headline":"Procuradur\u00eda abri\u00f3 indagaci\u00f3n preliminar a agentes la Polic\u00eda de Cartagena por un presunto\u00a0abuso de autoridad","datePublished":"2022-12-01T12:19:18+00:00","dateModified":"2022-12-01T19:19:54+00:00","mainEntityOfPage":{"@id":"https:\/\/luchonoticias.com\/editor\/procuraduria-abrio-indagacion-preliminar-a-agentes-la-policia-de-cartagena-por-un-presunto-abuso-de-autoridad\/"},"wordCount":170,"commentCount":0,"publisher":{"@id":"https:\/\/luchonoticias.com\/editor\/#\/schema\/person\/7a7fd911f58561fd056dbac7b55af9cd"},"articleSection":["Destacado","Judicial"],"inLanguage":"es","potentialAction":[{"@type":"CommentAction","name":"Comment","target":["https:\/\/luchonoticias.com\/editor\/procuraduria-abrio-indagacion-preliminar-a-agentes-la-policia-de-cartagena-por-un-presunto-abuso-de-autoridad\/#respond"]}]},{"@type":"WebPage","@id":"https:\/\/luchonoticias.com\/editor\/procuraduria-abrio-indagacion-preliminar-a-agentes-la-policia-de-cartagena-por-un-presunto-abuso-de-autoridad\/","url":"https:\/\/luchonoticias.com\/editor\/procuraduria-abrio-indagacion-preliminar-a-agentes-la-policia-de-cartagena-por-un-presunto-abuso-de-autoridad\/","name":"Procuradur\u00eda abri\u00f3 indagaci\u00f3n preliminar a agentes la Polic\u00eda de Cartagena por un presunto\u00a0abuso de autoridad -","isPartOf":{"@id":"https:\/\/luchonoticias.com\/editor\/#website"},"datePublished":"2022-12-01T12:19:18+00:00","dateModified":"2022-12-01T19:19:54+00:00","breadcrumb":{"@id":"https:\/\/luchonoticias.com\/editor\/procuraduria-abrio-indagacion-preliminar-a-agentes-la-policia-de-cartagena-por-un-presunto-abuso-de-autoridad\/#breadcrumb"},"inLanguage":"es","potentialAction":[{"@type":"ReadAction","target":["https:\/\/luchonoticias.com\/editor\/procuraduria-abrio-indagacion-preliminar-a-agentes-la-policia-de-cartagena-por-un-presunto-abuso-de-autoridad\/"]}]},{"@type":"BreadcrumbList","@id":"https:\/\/luchonoticias.com\/editor\/procuraduria-abrio-indagacion-preliminar-a-agentes-la-policia-de-cartagena-por-un-presunto-abuso-de-autoridad\/#breadcrumb","itemListElement":[{"@type":"ListItem","position":1,"name":"Portada","item":"https:\/\/luchonoticias.com\/editor\/"},{"@type":"ListItem","position":2,"name":"Procuradur\u00eda abri\u00f3 indagaci\u00f3n preliminar a agentes la Polic\u00eda de Cartagena por un presunto\u00a0abuso de autoridad"}]},{"@type":"WebSite","@id":"https:\/\/luchonoticias.com\/editor\/#website","url":"https:\/\/luchonoticias.com\/editor\/","name":"","description":"","publisher":{"@id":"https:\/\/luchonoticias.com\/editor\/#\/schema\/person\/7a7fd911f58561fd056dbac7b55af9cd"},"potentialAction":[{"@type":"SearchAction","target":{"@type":"EntryPoint","urlTemplate":"https:\/\/luchonoticias.com\/editor\/?s={search_term_string}"},"query-input":{"@type":"PropertyValueSpecification","valueRequired":true,"valueName":"search_term_string"}}],"inLanguage":"es"},{"@type":["Person","Organization"],"@id":"https:\/\/luchonoticias.com\/editor\/#\/schema\/person\/7a7fd911f58561fd056dbac7b55af9cd","name":"admin","image":{"@type":"ImageObject","inLanguage":"es","@id":"https:\/\/luchonoticias.com\/editor\/#\/schema\/person\/image\/","url":"https:\/\/luchonoticias.com\/editor\/wp-content\/uploads\/2024\/02\/cropped-cropped-logolu.webp","contentUrl":"https:\/\/luchonoticias.com\/editor\/wp-content\/uploads\/2024\/02\/cropped-cropped-logolu.webp","width":382,"height":170,"caption":"admin"},"logo":{"@id":"https:\/\/luchonoticias.com\/editor\/#\/schema\/person\/image\/"},"sameAs":["https:\/\/www.facebook.com\/luchonoticiasneiva"],"url":"https:\/\/luchonoticias.com\/editor\/author\/admin\/"}]}},"_links":{"self":[{"href":"https:\/\/luchonoticias.com\/editor\/wp-json\/wp\/v2\/posts\/40906","targetHints":{"allow":["GET"]}}],"collection":[{"href":"https:\/\/luchonoticias.com\/editor\/wp-json\/wp\/v2\/posts"}],"about":[{"href":"https:\/\/luchonoticias.com\/editor\/wp-json\/wp\/v2\/types\/post"}],"author":[{"embeddable":true,"href":"https:\/\/luchonoticias.com\/editor\/wp-json\/wp\/v2\/users\/1"}],"replies":[{"embeddable":true,"href":"https:\/\/luchonoticias.com\/editor\/wp-json\/wp\/v2\/comments?post=40906"}],"version-history":[{"count":0,"href":"https:\/\/luchonoticias.com\/editor\/wp-json\/wp\/v2\/posts\/40906\/revisions"}],"wp:attachment":[{"href":"https:\/\/luchonoticias.com\/editor\/wp-json\/wp\/v2\/media?parent=40906"}],"wp:term":[{"taxonomy":"category","embeddable":true,"href":"https:\/\/luchonoticias.com\/editor\/wp-json\/wp\/v2\/categories?post=40906"},{"taxonomy":"post_tag","embeddable":true,"href":"https:\/\/luchonoticias.com\/editor\/wp-json\/wp\/v2\/tags?post=40906"}],"curies":[{"name":"wp","href":"https:\/\/api.w.org\/{rel}","templated":true}]}}