{"id":40909,"date":"2022-12-01T07:22:29","date_gmt":"2022-12-01T12:22:29","guid":{"rendered":"https:\/\/luchonoticias.com\/?p=40909"},"modified":"2022-12-01T07:22:30","modified_gmt":"2022-12-01T12:22:30","slug":"con-17-proyectos-aprobados-se-clausura-tercer-periodo-de-sesiones-ordinarias-de-la-asamblea","status":"publish","type":"post","link":"https:\/\/luchonoticias.com\/editor\/con-17-proyectos-aprobados-se-clausura-tercer-periodo-de-sesiones-ordinarias-de-la-asamblea\/","title":{"rendered":"Con 17 proyectos aprobados, se clausura Tercer Periodo de sesiones ordinarias de la Asamblea"},"content":{"rendered":"\n<p>Este mi\u00e9rcoles concluy\u00f3 el tercer y \u00faltimo periodo de sesiones ordinarias en la Asamblea del Huila, en el cual fueron aprobados 17 Proyectos de Ordenanza presentados por la administraci\u00f3n de Luis Enrique Duss\u00e1n L\u00f3pez.<\/p>\n\n\n\n<p>Uno de estos proyectos aprobados, le permitir\u00e1 al gobierno departamental acceder a vigencias futuras por valor de $1.016.527.704.797 que ser\u00e1n destinados para generaci\u00f3n de empleo, infraestructura vial, emprendimiento, educaci\u00f3n, salud, recreaci\u00f3n y deporte, vivienda, agricultura y desarrollo rural.<\/p>\n\n\n\n<p>Otros proyectos de los que se resalta su importancia obedecen al mejoramiento y pavimentaci\u00f3n del Circuito Tur\u00edstico del Sur en las v\u00edas Obando \u2013 Isnos e Isnos \u2013 Bordones \u2013 la Laguna; la construcci\u00f3n de la nueva E.S.E. Hospital Departamental San Vicente de Pa\u00fal del municipio de Garz\u00f3n; ampliaci\u00f3n de cobertura de las redes de gas domiciliario y derechos de conexi\u00f3n para usuarios de estrato 1 y 2 de zonas rurales de los municipios de La Plata, Garz\u00f3n y Gigante; y el mejoramiento de 2.65 Km. del corredor vial Pitalito \u2013 Palestina.\u00a0<\/p>\n\n\n\n<figure class=\"wp-block-gallery has-nested-images columns-default is-cropped wp-block-gallery-1 is-layout-flex wp-block-gallery-is-layout-flex\">\n<figure class=\"wp-block-image size-large\"><img decoding=\"async\" data-id=\"40911\" src=\"https:\/\/luchonoticias.com\/wp-content\/uploads\/2022\/12\/WhatsApp-Image-2022-11-30-at-5.14.46-PM-1-1024x674.jpeg\" alt=\"\" class=\"wp-image-40911\"\/><\/figure>\n\n\n\n<figure class=\"wp-block-image size-large\"><img decoding=\"async\" data-id=\"40912\" src=\"https:\/\/luchonoticias.com\/wp-content\/uploads\/2022\/12\/WhatsApp-Image-2022-11-30-at-5.14.46-PM-1024x696.jpeg\" alt=\"\" class=\"wp-image-40912\"\/><\/figure>\n<\/figure>\n\n\n\n<p>Durante estos dos meses de sesiones se tuvo una Asamblea activa y propositiva, en la cual se desarrollaron 12 importantes debates para el ejercicio de control pol\u00edtico cuyo tema central fue la seguridad, infraestructura vial, caficultura, avances de lo realizado con el empr\u00e9stito y, otros asuntos de inter\u00e9s. As\u00ed mismo, se adelant\u00f3 Audiencia P\u00fablica sobre reactivaci\u00f3n econ\u00f3mica, buscando que la ciudadan\u00eda se apropiara m\u00e1s a trav\u00e9s de ejercicios participativos.<\/p>\n\n\n\n<p>Precisamente, esa gesti\u00f3n conjunta entre Asamblea y gobierno departamental, fue destacada por el gobernador Luis Enrique Duss\u00e1n L\u00f3pez, quien acompa\u00f1\u00f3 la clausura de las sesiones ordinarias, agradeciendo a la Duma por su gran tarea de control pol\u00edtico, aprobaci\u00f3n de ordenanzas y construcci\u00f3n de grandes iniciativas en favor del Departamento.<\/p>\n\n\n\n<p>El mandatario de los huilenses, tambi\u00e9n hizo hincapi\u00e9 en el trabajo arduo y el esfuerzo que ha implicado la terminaci\u00f3n de obras del gobierno anterior, la pandemia del covid-19, la ola invernal y las situaciones de salud y personales que ha debido sortear.<\/p>\n\n\n\n<blockquote class=\"wp-block-quote is-layout-flow wp-block-quote-is-layout-flow\">\n<p>\u201cEstamos en un plan de choque contractual en la etapa de contrataci\u00f3n para poder llevar a cabo la ejecuci\u00f3n, siempre buscando la transparencia en los procesos de contrataci\u00f3n. Tenemos la certeza de que vamos a lograr terminar el gobierno habiendo terminado la gran mayor\u00eda de las obras\u201d, indic\u00f3.<\/p>\n<\/blockquote>\n\n\n\n<p>Finalmente, se refiri\u00f3 a ese modelo de desarrollo productivo construido colectivamente con Ordenamiento Productivo Territorial, con Comisi\u00f3n Regional de Competitividad y en articulaci\u00f3n interinstitucional con lo p\u00fablico y lo privado, en busca de convertir al Huila en articulador del desarrollo productivo del pa\u00eds.<\/p>\n\n\n\n<figure class=\"wp-block-gallery has-nested-images columns-default is-cropped wp-block-gallery-2 is-layout-flex wp-block-gallery-is-layout-flex\">\n<figure class=\"wp-block-image size-large\"><img decoding=\"async\" data-id=\"40913\" src=\"https:\/\/luchonoticias.com\/wp-content\/uploads\/2022\/12\/WhatsApp-Image-2022-11-30-at-5.14.46-PM-2-1024x705.jpeg\" alt=\"\" class=\"wp-image-40913\"\/><\/figure>\n\n\n\n<figure class=\"wp-block-image size-large\"><img decoding=\"async\" data-id=\"40914\" src=\"https:\/\/luchonoticias.com\/wp-content\/uploads\/2022\/12\/WhatsApp-Image-2022-11-30-at-5.14.45-PM-2-1024x686.jpeg\" alt=\"\" class=\"wp-image-40914\"\/><\/figure>\n\n\n\n<figure class=\"wp-block-image size-large\"><img decoding=\"async\" data-id=\"40915\" src=\"https:\/\/luchonoticias.com\/wp-content\/uploads\/2022\/12\/WhatsApp-Image-2022-11-30-at-5.14.45-PM-1024x682.jpeg\" alt=\"\" class=\"wp-image-40915\"\/><\/figure>\n<\/figure>\n\n\n\n<p><strong>Nueva Mesa Directiva<\/strong><\/p>\n\n\n\n<p>En el acto de clausura del tercer periodo de sesiones ordinarias, el presidente de la Corporaci\u00f3n, Alex Vargas, tom\u00f3 el juramento de rigor a los diputados que fueron elegidos para asumir la direcci\u00f3n de la Duma en la vigencia 2023.<\/p>\n\n\n\n<p>En presencia del Gobernador, gabinete, familiares e invitados especiales que asistieron al Sal\u00f3n de Exgobernadores, los nuevos miembros de la Mesa Directiva, diputado Armando Acu\u00f1a, presidente electo, y diputada Clara In\u00e9s Vega P\u00e9rez, primer vicepresidenta electa, juraron cumplir la Constituci\u00f3n y las normas establecidas en la Honorable Asamblea, e iniciar su labor el 1 de enero, hasta el 31 de diciembre del pr\u00f3ximo a\u00f1o.<\/p>\n\n\n\n<blockquote class=\"wp-block-quote is-layout-flow wp-block-quote-is-layout-flow\">\n<p>\u201cAsumimos esa responsabilidad con un gran compromiso y es hacer que se cumpla lo que la Corporaci\u00f3n aprob\u00f3 en su momento; hay que articular trabajo con la administraci\u00f3n central\u2026Queremos contribuir con trabajo para bien del desarrollo y progreso del Departamento\u201d, manifest\u00f3 Acu\u00f1a.<\/p>\n<\/blockquote>\n\n\n\n<p>Por su parte, la diputada Clara In\u00e9s Vega, se mostr\u00f3 complacida por la representaci\u00f3n femenina en la Mesa Directiva.<\/p>\n\n\n\n<p>\u201cEn la finalizaci\u00f3n de este cuatrenio, la Corporaci\u00f3n debe brillar en su funci\u00f3n administrativa y resaltar su presencia. Adem\u00e1s de ser veedores estrictos del Plan de Desarrollo, no solo nos vamos a dedicar a un control pol\u00edtico, sino a una vigilancia para coadyuvar en la ejecuci\u00f3n de las obras\u201d,&nbsp;expres\u00f3.<\/p>\n","protected":false},"excerpt":{"rendered":"<p>Este mi\u00e9rcoles concluy\u00f3 el tercer y \u00faltimo periodo de sesiones ordinarias en la Asamblea del Huila, en el cual fueron aprobados 17 Proyectos de Ordenanza presentados por la administraci\u00f3n de Luis Enrique Duss\u00e1n L\u00f3pez. Uno de estos proyectos aprobados, le permitir\u00e1 al gobierno departamental acceder a vigencias futuras por valor de $1.016.527.704.797 que ser\u00e1n destinados [&hellip;]<\/p>\n","protected":false},"author":1,"featured_media":0,"comment_status":"open","ping_status":"open","sticky":false,"template":"","format":"standard","meta":{"footnotes":""},"categories":[36,617],"tags":[],"class_list":["post-40909","post","type-post","status-publish","format-standard","hentry","category-destacado","category-politica"],"yoast_head":"<!-- This site is optimized with the Yoast SEO plugin v26.6 - https:\/\/yoast.com\/wordpress\/plugins\/seo\/ -->\n<title>Con 17 proyectos aprobados, se clausura Tercer Periodo de sesiones ordinarias de la Asamblea -<\/title>\n<meta name=\"robots\" content=\"index, follow, max-snippet:-1, max-image-preview:large, max-video-preview:-1\" \/>\n<link rel=\"canonical\" href=\"https:\/\/luchonoticias.com\/editor\/con-17-proyectos-aprobados-se-clausura-tercer-periodo-de-sesiones-ordinarias-de-la-asamblea\/\" \/>\n<meta property=\"og:locale\" content=\"es_ES\" \/>\n<meta property=\"og:type\" content=\"article\" \/>\n<meta property=\"og:title\" content=\"Con 17 proyectos aprobados, se clausura Tercer Periodo de sesiones ordinarias de la Asamblea -\" \/>\n<meta property=\"og:url\" content=\"https:\/\/luchonoticias.com\/editor\/con-17-proyectos-aprobados-se-clausura-tercer-periodo-de-sesiones-ordinarias-de-la-asamblea\/\" \/>\n<meta property=\"article:publisher\" content=\"https:\/\/www.facebook.com\/luchonoticiasneiva\" \/>\n<meta property=\"article:author\" content=\"https:\/\/www.facebook.com\/luchonoticiasneiva\" \/>\n<meta property=\"article:published_time\" content=\"2022-12-01T12:22:29+00:00\" \/>\n<meta property=\"article:modified_time\" content=\"2022-12-01T12:22:30+00:00\" \/>\n<meta property=\"og:image\" content=\"https:\/\/luchonoticias.com\/wp-content\/uploads\/2022\/12\/WhatsApp-Image-2022-11-30-at-5.14.46-PM-1-1024x674.jpeg\" \/>\n<meta name=\"author\" content=\"admin\" \/>\n<meta name=\"twitter:card\" content=\"summary_large_image\" \/>\n<meta name=\"twitter:label1\" content=\"Escrito por\" \/>\n\t<meta name=\"twitter:data1\" content=\"admin\" \/>\n\t<meta name=\"twitter:label2\" content=\"Tiempo de lectura\" \/>\n\t<meta name=\"twitter:data2\" content=\"3 minutos\" \/>\n<script type=\"application\/ld+json\" class=\"yoast-schema-graph\">{\"@context\":\"https:\/\/schema.org\",\"@graph\":[{\"@type\":\"Article\",\"@id\":\"https:\/\/luchonoticias.com\/editor\/con-17-proyectos-aprobados-se-clausura-tercer-periodo-de-sesiones-ordinarias-de-la-asamblea\/#article\",\"isPartOf\":{\"@id\":\"https:\/\/luchonoticias.com\/editor\/con-17-proyectos-aprobados-se-clausura-tercer-periodo-de-sesiones-ordinarias-de-la-asamblea\/\"},\"author\":{\"name\":\"admin\",\"@id\":\"https:\/\/luchonoticias.com\/editor\/#\/schema\/person\/7a7fd911f58561fd056dbac7b55af9cd\"},\"headline\":\"Con 17 proyectos aprobados, se clausura Tercer Periodo de sesiones ordinarias de la Asamblea\",\"datePublished\":\"2022-12-01T12:22:29+00:00\",\"dateModified\":\"2022-12-01T12:22:30+00:00\",\"mainEntityOfPage\":{\"@id\":\"https:\/\/luchonoticias.com\/editor\/con-17-proyectos-aprobados-se-clausura-tercer-periodo-de-sesiones-ordinarias-de-la-asamblea\/\"},\"wordCount\":700,\"commentCount\":0,\"publisher\":{\"@id\":\"https:\/\/luchonoticias.com\/editor\/#\/schema\/person\/7a7fd911f58561fd056dbac7b55af9cd\"},\"image\":{\"@id\":\"https:\/\/luchonoticias.com\/editor\/con-17-proyectos-aprobados-se-clausura-tercer-periodo-de-sesiones-ordinarias-de-la-asamblea\/#primaryimage\"},\"thumbnailUrl\":\"https:\/\/luchonoticias.com\/wp-content\/uploads\/2022\/12\/WhatsApp-Image-2022-11-30-at-5.14.46-PM-1-1024x674.jpeg\",\"articleSection\":[\"Destacado\",\"Pol\u00edtica\"],\"inLanguage\":\"es\",\"potentialAction\":[{\"@type\":\"CommentAction\",\"name\":\"Comment\",\"target\":[\"https:\/\/luchonoticias.com\/editor\/con-17-proyectos-aprobados-se-clausura-tercer-periodo-de-sesiones-ordinarias-de-la-asamblea\/#respond\"]}]},{\"@type\":\"WebPage\",\"@id\":\"https:\/\/luchonoticias.com\/editor\/con-17-proyectos-aprobados-se-clausura-tercer-periodo-de-sesiones-ordinarias-de-la-asamblea\/\",\"url\":\"https:\/\/luchonoticias.com\/editor\/con-17-proyectos-aprobados-se-clausura-tercer-periodo-de-sesiones-ordinarias-de-la-asamblea\/\",\"name\":\"Con 17 proyectos aprobados, se clausura Tercer Periodo de sesiones ordinarias de la Asamblea -\",\"isPartOf\":{\"@id\":\"https:\/\/luchonoticias.com\/editor\/#website\"},\"primaryImageOfPage\":{\"@id\":\"https:\/\/luchonoticias.com\/editor\/con-17-proyectos-aprobados-se-clausura-tercer-periodo-de-sesiones-ordinarias-de-la-asamblea\/#primaryimage\"},\"image\":{\"@id\":\"https:\/\/luchonoticias.com\/editor\/con-17-proyectos-aprobados-se-clausura-tercer-periodo-de-sesiones-ordinarias-de-la-asamblea\/#primaryimage\"},\"thumbnailUrl\":\"https:\/\/luchonoticias.com\/wp-content\/uploads\/2022\/12\/WhatsApp-Image-2022-11-30-at-5.14.46-PM-1-1024x674.jpeg\",\"datePublished\":\"2022-12-01T12:22:29+00:00\",\"dateModified\":\"2022-12-01T12:22:30+00:00\",\"breadcrumb\":{\"@id\":\"https:\/\/luchonoticias.com\/editor\/con-17-proyectos-aprobados-se-clausura-tercer-periodo-de-sesiones-ordinarias-de-la-asamblea\/#breadcrumb\"},\"inLanguage\":\"es\",\"potentialAction\":[{\"@type\":\"ReadAction\",\"target\":[\"https:\/\/luchonoticias.com\/editor\/con-17-proyectos-aprobados-se-clausura-tercer-periodo-de-sesiones-ordinarias-de-la-asamblea\/\"]}]},{\"@type\":\"ImageObject\",\"inLanguage\":\"es\",\"@id\":\"https:\/\/luchonoticias.com\/editor\/con-17-proyectos-aprobados-se-clausura-tercer-periodo-de-sesiones-ordinarias-de-la-asamblea\/#primaryimage\",\"url\":\"https:\/\/luchonoticias.com\/wp-content\/uploads\/2022\/12\/WhatsApp-Image-2022-11-30-at-5.14.46-PM-1-1024x674.jpeg\",\"contentUrl\":\"https:\/\/luchonoticias.com\/wp-content\/uploads\/2022\/12\/WhatsApp-Image-2022-11-30-at-5.14.46-PM-1-1024x674.jpeg\"},{\"@type\":\"BreadcrumbList\",\"@id\":\"https:\/\/luchonoticias.com\/editor\/con-17-proyectos-aprobados-se-clausura-tercer-periodo-de-sesiones-ordinarias-de-la-asamblea\/#breadcrumb\",\"itemListElement\":[{\"@type\":\"ListItem\",\"position\":1,\"name\":\"Portada\",\"item\":\"https:\/\/luchonoticias.com\/editor\/\"},{\"@type\":\"ListItem\",\"position\":2,\"name\":\"Con 17 proyectos aprobados, se clausura Tercer Periodo de sesiones ordinarias de la Asamblea\"}]},{\"@type\":\"WebSite\",\"@id\":\"https:\/\/luchonoticias.com\/editor\/#website\",\"url\":\"https:\/\/luchonoticias.com\/editor\/\",\"name\":\"\",\"description\":\"\",\"publisher\":{\"@id\":\"https:\/\/luchonoticias.com\/editor\/#\/schema\/person\/7a7fd911f58561fd056dbac7b55af9cd\"},\"potentialAction\":[{\"@type\":\"SearchAction\",\"target\":{\"@type\":\"EntryPoint\",\"urlTemplate\":\"https:\/\/luchonoticias.com\/editor\/?s={search_term_string}\"},\"query-input\":{\"@type\":\"PropertyValueSpecification\",\"valueRequired\":true,\"valueName\":\"search_term_string\"}}],\"inLanguage\":\"es\"},{\"@type\":[\"Person\",\"Organization\"],\"@id\":\"https:\/\/luchonoticias.com\/editor\/#\/schema\/person\/7a7fd911f58561fd056dbac7b55af9cd\",\"name\":\"admin\",\"image\":{\"@type\":\"ImageObject\",\"inLanguage\":\"es\",\"@id\":\"https:\/\/luchonoticias.com\/editor\/#\/schema\/person\/image\/\",\"url\":\"https:\/\/luchonoticias.com\/editor\/wp-content\/uploads\/2024\/02\/cropped-cropped-logolu.webp\",\"contentUrl\":\"https:\/\/luchonoticias.com\/editor\/wp-content\/uploads\/2024\/02\/cropped-cropped-logolu.webp\",\"width\":382,\"height\":170,\"caption\":\"admin\"},\"logo\":{\"@id\":\"https:\/\/luchonoticias.com\/editor\/#\/schema\/person\/image\/\"},\"sameAs\":[\"https:\/\/www.facebook.com\/luchonoticiasneiva\"],\"url\":\"https:\/\/luchonoticias.com\/editor\/author\/admin\/\"}]}<\/script>\n<!-- \/ Yoast SEO plugin. -->","yoast_head_json":{"title":"Con 17 proyectos aprobados, se clausura Tercer Periodo de sesiones ordinarias de la Asamblea -","robots":{"index":"index","follow":"follow","max-snippet":"max-snippet:-1","max-image-preview":"max-image-preview:large","max-video-preview":"max-video-preview:-1"},"canonical":"https:\/\/luchonoticias.com\/editor\/con-17-proyectos-aprobados-se-clausura-tercer-periodo-de-sesiones-ordinarias-de-la-asamblea\/","og_locale":"es_ES","og_type":"article","og_title":"Con 17 proyectos aprobados, se clausura Tercer Periodo de sesiones ordinarias de la Asamblea -","og_url":"https:\/\/luchonoticias.com\/editor\/con-17-proyectos-aprobados-se-clausura-tercer-periodo-de-sesiones-ordinarias-de-la-asamblea\/","article_publisher":"https:\/\/www.facebook.com\/luchonoticiasneiva","article_author":"https:\/\/www.facebook.com\/luchonoticiasneiva","article_published_time":"2022-12-01T12:22:29+00:00","article_modified_time":"2022-12-01T12:22:30+00:00","og_image":[{"url":"https:\/\/luchonoticias.com\/wp-content\/uploads\/2022\/12\/WhatsApp-Image-2022-11-30-at-5.14.46-PM-1-1024x674.jpeg","type":"","width":"","height":""}],"author":"admin","twitter_card":"summary_large_image","twitter_misc":{"Escrito por":"admin","Tiempo de lectura":"3 minutos"},"schema":{"@context":"https:\/\/schema.org","@graph":[{"@type":"Article","@id":"https:\/\/luchonoticias.com\/editor\/con-17-proyectos-aprobados-se-clausura-tercer-periodo-de-sesiones-ordinarias-de-la-asamblea\/#article","isPartOf":{"@id":"https:\/\/luchonoticias.com\/editor\/con-17-proyectos-aprobados-se-clausura-tercer-periodo-de-sesiones-ordinarias-de-la-asamblea\/"},"author":{"name":"admin","@id":"https:\/\/luchonoticias.com\/editor\/#\/schema\/person\/7a7fd911f58561fd056dbac7b55af9cd"},"headline":"Con 17 proyectos aprobados, se clausura Tercer Periodo de sesiones ordinarias de la Asamblea","datePublished":"2022-12-01T12:22:29+00:00","dateModified":"2022-12-01T12:22:30+00:00","mainEntityOfPage":{"@id":"https:\/\/luchonoticias.com\/editor\/con-17-proyectos-aprobados-se-clausura-tercer-periodo-de-sesiones-ordinarias-de-la-asamblea\/"},"wordCount":700,"commentCount":0,"publisher":{"@id":"https:\/\/luchonoticias.com\/editor\/#\/schema\/person\/7a7fd911f58561fd056dbac7b55af9cd"},"image":{"@id":"https:\/\/luchonoticias.com\/editor\/con-17-proyectos-aprobados-se-clausura-tercer-periodo-de-sesiones-ordinarias-de-la-asamblea\/#primaryimage"},"thumbnailUrl":"https:\/\/luchonoticias.com\/wp-content\/uploads\/2022\/12\/WhatsApp-Image-2022-11-30-at-5.14.46-PM-1-1024x674.jpeg","articleSection":["Destacado","Pol\u00edtica"],"inLanguage":"es","potentialAction":[{"@type":"CommentAction","name":"Comment","target":["https:\/\/luchonoticias.com\/editor\/con-17-proyectos-aprobados-se-clausura-tercer-periodo-de-sesiones-ordinarias-de-la-asamblea\/#respond"]}]},{"@type":"WebPage","@id":"https:\/\/luchonoticias.com\/editor\/con-17-proyectos-aprobados-se-clausura-tercer-periodo-de-sesiones-ordinarias-de-la-asamblea\/","url":"https:\/\/luchonoticias.com\/editor\/con-17-proyectos-aprobados-se-clausura-tercer-periodo-de-sesiones-ordinarias-de-la-asamblea\/","name":"Con 17 proyectos aprobados, se clausura Tercer Periodo de sesiones ordinarias de la Asamblea -","isPartOf":{"@id":"https:\/\/luchonoticias.com\/editor\/#website"},"primaryImageOfPage":{"@id":"https:\/\/luchonoticias.com\/editor\/con-17-proyectos-aprobados-se-clausura-tercer-periodo-de-sesiones-ordinarias-de-la-asamblea\/#primaryimage"},"image":{"@id":"https:\/\/luchonoticias.com\/editor\/con-17-proyectos-aprobados-se-clausura-tercer-periodo-de-sesiones-ordinarias-de-la-asamblea\/#primaryimage"},"thumbnailUrl":"https:\/\/luchonoticias.com\/wp-content\/uploads\/2022\/12\/WhatsApp-Image-2022-11-30-at-5.14.46-PM-1-1024x674.jpeg","datePublished":"2022-12-01T12:22:29+00:00","dateModified":"2022-12-01T12:22:30+00:00","breadcrumb":{"@id":"https:\/\/luchonoticias.com\/editor\/con-17-proyectos-aprobados-se-clausura-tercer-periodo-de-sesiones-ordinarias-de-la-asamblea\/#breadcrumb"},"inLanguage":"es","potentialAction":[{"@type":"ReadAction","target":["https:\/\/luchonoticias.com\/editor\/con-17-proyectos-aprobados-se-clausura-tercer-periodo-de-sesiones-ordinarias-de-la-asamblea\/"]}]},{"@type":"ImageObject","inLanguage":"es","@id":"https:\/\/luchonoticias.com\/editor\/con-17-proyectos-aprobados-se-clausura-tercer-periodo-de-sesiones-ordinarias-de-la-asamblea\/#primaryimage","url":"https:\/\/luchonoticias.com\/wp-content\/uploads\/2022\/12\/WhatsApp-Image-2022-11-30-at-5.14.46-PM-1-1024x674.jpeg","contentUrl":"https:\/\/luchonoticias.com\/wp-content\/uploads\/2022\/12\/WhatsApp-Image-2022-11-30-at-5.14.46-PM-1-1024x674.jpeg"},{"@type":"BreadcrumbList","@id":"https:\/\/luchonoticias.com\/editor\/con-17-proyectos-aprobados-se-clausura-tercer-periodo-de-sesiones-ordinarias-de-la-asamblea\/#breadcrumb","itemListElement":[{"@type":"ListItem","position":1,"name":"Portada","item":"https:\/\/luchonoticias.com\/editor\/"},{"@type":"ListItem","position":2,"name":"Con 17 proyectos aprobados, se clausura Tercer Periodo de sesiones ordinarias de la Asamblea"}]},{"@type":"WebSite","@id":"https:\/\/luchonoticias.com\/editor\/#website","url":"https:\/\/luchonoticias.com\/editor\/","name":"","description":"","publisher":{"@id":"https:\/\/luchonoticias.com\/editor\/#\/schema\/person\/7a7fd911f58561fd056dbac7b55af9cd"},"potentialAction":[{"@type":"SearchAction","target":{"@type":"EntryPoint","urlTemplate":"https:\/\/luchonoticias.com\/editor\/?s={search_term_string}"},"query-input":{"@type":"PropertyValueSpecification","valueRequired":true,"valueName":"search_term_string"}}],"inLanguage":"es"},{"@type":["Person","Organization"],"@id":"https:\/\/luchonoticias.com\/editor\/#\/schema\/person\/7a7fd911f58561fd056dbac7b55af9cd","name":"admin","image":{"@type":"ImageObject","inLanguage":"es","@id":"https:\/\/luchonoticias.com\/editor\/#\/schema\/person\/image\/","url":"https:\/\/luchonoticias.com\/editor\/wp-content\/uploads\/2024\/02\/cropped-cropped-logolu.webp","contentUrl":"https:\/\/luchonoticias.com\/editor\/wp-content\/uploads\/2024\/02\/cropped-cropped-logolu.webp","width":382,"height":170,"caption":"admin"},"logo":{"@id":"https:\/\/luchonoticias.com\/editor\/#\/schema\/person\/image\/"},"sameAs":["https:\/\/www.facebook.com\/luchonoticiasneiva"],"url":"https:\/\/luchonoticias.com\/editor\/author\/admin\/"}]}},"_links":{"self":[{"href":"https:\/\/luchonoticias.com\/editor\/wp-json\/wp\/v2\/posts\/40909","targetHints":{"allow":["GET"]}}],"collection":[{"href":"https:\/\/luchonoticias.com\/editor\/wp-json\/wp\/v2\/posts"}],"about":[{"href":"https:\/\/luchonoticias.com\/editor\/wp-json\/wp\/v2\/types\/post"}],"author":[{"embeddable":true,"href":"https:\/\/luchonoticias.com\/editor\/wp-json\/wp\/v2\/users\/1"}],"replies":[{"embeddable":true,"href":"https:\/\/luchonoticias.com\/editor\/wp-json\/wp\/v2\/comments?post=40909"}],"version-history":[{"count":0,"href":"https:\/\/luchonoticias.com\/editor\/wp-json\/wp\/v2\/posts\/40909\/revisions"}],"wp:attachment":[{"href":"https:\/\/luchonoticias.com\/editor\/wp-json\/wp\/v2\/media?parent=40909"}],"wp:term":[{"taxonomy":"category","embeddable":true,"href":"https:\/\/luchonoticias.com\/editor\/wp-json\/wp\/v2\/categories?post=40909"},{"taxonomy":"post_tag","embeddable":true,"href":"https:\/\/luchonoticias.com\/editor\/wp-json\/wp\/v2\/tags?post=40909"}],"curies":[{"name":"wp","href":"https:\/\/api.w.org\/{rel}","templated":true}]}}