{"id":40917,"date":"2022-12-01T07:35:18","date_gmt":"2022-12-01T12:35:18","guid":{"rendered":"https:\/\/luchonoticias.com\/?p=40917"},"modified":"2022-12-01T07:35:20","modified_gmt":"2022-12-01T12:35:20","slug":"corte-suprema-de-justicia-condena-a-ivan-marquez-por-asesinato-de-monsenor-isaias-duarte","status":"publish","type":"post","link":"https:\/\/luchonoticias.com\/editor\/corte-suprema-de-justicia-condena-a-ivan-marquez-por-asesinato-de-monsenor-isaias-duarte\/","title":{"rendered":"Corte Suprema de Justicia condena a Iv\u00e1n M\u00e1rquez por asesinato de monse\u00f1or Isa\u00edas Duarte"},"content":{"rendered":"\n<p>La Corte Suprema de Justicia de Colombia, conden\u00f3 a 25 a\u00f1os de prisi\u00f3n a Luciano Mar\u00edn Arango, m\u00e1s conocido como Iv\u00e1n M\u00e1rquez, exjefe de las FARC, por el asesinato de monse\u00f1or Isa\u00edas Duarte Cancino, perpetrado el 16 de marzo de 2002 en Cali.<\/p>\n\n\n\n<p>El asesinato de monse\u00f1or Isa\u00edas Duarte Cancino se produjo tras recibir varios impactos con arma de fuego al salir de la parroquia El Buen Pastor, ubicada en el barrio Ricardo Balc\u00e1zar en el oriente de Cali, luego de unir en matrimonio a 104 parejas en una ceremonia colectiva.<\/p>\n\n\n\n<p>\u201cQueda vigente la sentencia proferida el veintinueve (29) de diciembre de dos mil once (2011), por el Juzgado Segundo Penal del Circuito Especializado de Descongesti\u00f3n de Cali, que lo conden\u00f3 a trescientos (300) meses de prisi\u00f3n e inhabilitaci\u00f3n para el ejercicio de derechos y funciones p\u00fablicas por 20 a\u00f1os, por el delito de homicidio agravado\u201d.<\/p>\n\n\n\n<p>La Corte Suprema de Justicia declar\u00f3 que fue el secretariado de las extintas FARC el que orden\u00f3 el asesinato del religioso, que fue luego perpetrado por los frentes 30 y 6 y el Bloque M\u00f3vil Arturo Ruiz que lideraba Pablo Catatumbo.<\/p>\n","protected":false},"excerpt":{"rendered":"<p>La Corte Suprema de Justicia de Colombia, conden\u00f3 a 25 a\u00f1os de prisi\u00f3n a Luciano Mar\u00edn Arango, m\u00e1s conocido como Iv\u00e1n M\u00e1rquez, exjefe de las FARC, por el asesinato de monse\u00f1or Isa\u00edas Duarte Cancino, perpetrado el 16 de marzo de 2002 en Cali. El asesinato de monse\u00f1or Isa\u00edas Duarte Cancino se produjo tras recibir varios [&hellip;]<\/p>\n","protected":false},"author":1,"featured_media":0,"comment_status":"open","ping_status":"open","sticky":false,"template":"","format":"standard","meta":{"footnotes":""},"categories":[36,32],"tags":[],"class_list":["post-40917","post","type-post","status-publish","format-standard","hentry","category-destacado","category-nacional"],"yoast_head":"<!-- This site is optimized with the Yoast SEO plugin v26.6 - https:\/\/yoast.com\/wordpress\/plugins\/seo\/ -->\n<title>Corte Suprema de Justicia condena a Iv\u00e1n M\u00e1rquez por asesinato de monse\u00f1or Isa\u00edas Duarte -<\/title>\n<meta name=\"robots\" content=\"index, follow, max-snippet:-1, max-image-preview:large, max-video-preview:-1\" \/>\n<link rel=\"canonical\" href=\"https:\/\/luchonoticias.com\/editor\/corte-suprema-de-justicia-condena-a-ivan-marquez-por-asesinato-de-monsenor-isaias-duarte\/\" \/>\n<meta property=\"og:locale\" content=\"es_ES\" \/>\n<meta property=\"og:type\" content=\"article\" \/>\n<meta property=\"og:title\" content=\"Corte Suprema de Justicia condena a Iv\u00e1n M\u00e1rquez por asesinato de monse\u00f1or Isa\u00edas Duarte -\" \/>\n<meta property=\"og:url\" content=\"https:\/\/luchonoticias.com\/editor\/corte-suprema-de-justicia-condena-a-ivan-marquez-por-asesinato-de-monsenor-isaias-duarte\/\" \/>\n<meta property=\"article:publisher\" content=\"https:\/\/www.facebook.com\/luchonoticiasneiva\" \/>\n<meta property=\"article:author\" content=\"https:\/\/www.facebook.com\/luchonoticiasneiva\" \/>\n<meta property=\"article:published_time\" content=\"2022-12-01T12:35:18+00:00\" \/>\n<meta property=\"article:modified_time\" content=\"2022-12-01T12:35:20+00:00\" \/>\n<meta name=\"author\" content=\"admin\" \/>\n<meta name=\"twitter:card\" content=\"summary_large_image\" \/>\n<meta name=\"twitter:label1\" content=\"Escrito por\" \/>\n\t<meta name=\"twitter:data1\" content=\"admin\" \/>\n\t<meta name=\"twitter:label2\" content=\"Tiempo de lectura\" \/>\n\t<meta name=\"twitter:data2\" content=\"1 minuto\" \/>\n<script type=\"application\/ld+json\" class=\"yoast-schema-graph\">{\"@context\":\"https:\/\/schema.org\",\"@graph\":[{\"@type\":\"Article\",\"@id\":\"https:\/\/luchonoticias.com\/editor\/corte-suprema-de-justicia-condena-a-ivan-marquez-por-asesinato-de-monsenor-isaias-duarte\/#article\",\"isPartOf\":{\"@id\":\"https:\/\/luchonoticias.com\/editor\/corte-suprema-de-justicia-condena-a-ivan-marquez-por-asesinato-de-monsenor-isaias-duarte\/\"},\"author\":{\"name\":\"admin\",\"@id\":\"https:\/\/luchonoticias.com\/editor\/#\/schema\/person\/7a7fd911f58561fd056dbac7b55af9cd\"},\"headline\":\"Corte Suprema de Justicia condena a Iv\u00e1n M\u00e1rquez por asesinato de monse\u00f1or Isa\u00edas Duarte\",\"datePublished\":\"2022-12-01T12:35:18+00:00\",\"dateModified\":\"2022-12-01T12:35:20+00:00\",\"mainEntityOfPage\":{\"@id\":\"https:\/\/luchonoticias.com\/editor\/corte-suprema-de-justicia-condena-a-ivan-marquez-por-asesinato-de-monsenor-isaias-duarte\/\"},\"wordCount\":212,\"commentCount\":0,\"publisher\":{\"@id\":\"https:\/\/luchonoticias.com\/editor\/#\/schema\/person\/7a7fd911f58561fd056dbac7b55af9cd\"},\"articleSection\":[\"Destacado\",\"Nacional\"],\"inLanguage\":\"es\",\"potentialAction\":[{\"@type\":\"CommentAction\",\"name\":\"Comment\",\"target\":[\"https:\/\/luchonoticias.com\/editor\/corte-suprema-de-justicia-condena-a-ivan-marquez-por-asesinato-de-monsenor-isaias-duarte\/#respond\"]}]},{\"@type\":\"WebPage\",\"@id\":\"https:\/\/luchonoticias.com\/editor\/corte-suprema-de-justicia-condena-a-ivan-marquez-por-asesinato-de-monsenor-isaias-duarte\/\",\"url\":\"https:\/\/luchonoticias.com\/editor\/corte-suprema-de-justicia-condena-a-ivan-marquez-por-asesinato-de-monsenor-isaias-duarte\/\",\"name\":\"Corte Suprema de Justicia condena a Iv\u00e1n M\u00e1rquez por asesinato de monse\u00f1or Isa\u00edas Duarte -\",\"isPartOf\":{\"@id\":\"https:\/\/luchonoticias.com\/editor\/#website\"},\"datePublished\":\"2022-12-01T12:35:18+00:00\",\"dateModified\":\"2022-12-01T12:35:20+00:00\",\"breadcrumb\":{\"@id\":\"https:\/\/luchonoticias.com\/editor\/corte-suprema-de-justicia-condena-a-ivan-marquez-por-asesinato-de-monsenor-isaias-duarte\/#breadcrumb\"},\"inLanguage\":\"es\",\"potentialAction\":[{\"@type\":\"ReadAction\",\"target\":[\"https:\/\/luchonoticias.com\/editor\/corte-suprema-de-justicia-condena-a-ivan-marquez-por-asesinato-de-monsenor-isaias-duarte\/\"]}]},{\"@type\":\"BreadcrumbList\",\"@id\":\"https:\/\/luchonoticias.com\/editor\/corte-suprema-de-justicia-condena-a-ivan-marquez-por-asesinato-de-monsenor-isaias-duarte\/#breadcrumb\",\"itemListElement\":[{\"@type\":\"ListItem\",\"position\":1,\"name\":\"Portada\",\"item\":\"https:\/\/luchonoticias.com\/editor\/\"},{\"@type\":\"ListItem\",\"position\":2,\"name\":\"Corte Suprema de Justicia condena a Iv\u00e1n M\u00e1rquez por asesinato de monse\u00f1or Isa\u00edas Duarte\"}]},{\"@type\":\"WebSite\",\"@id\":\"https:\/\/luchonoticias.com\/editor\/#website\",\"url\":\"https:\/\/luchonoticias.com\/editor\/\",\"name\":\"\",\"description\":\"\",\"publisher\":{\"@id\":\"https:\/\/luchonoticias.com\/editor\/#\/schema\/person\/7a7fd911f58561fd056dbac7b55af9cd\"},\"potentialAction\":[{\"@type\":\"SearchAction\",\"target\":{\"@type\":\"EntryPoint\",\"urlTemplate\":\"https:\/\/luchonoticias.com\/editor\/?s={search_term_string}\"},\"query-input\":{\"@type\":\"PropertyValueSpecification\",\"valueRequired\":true,\"valueName\":\"search_term_string\"}}],\"inLanguage\":\"es\"},{\"@type\":[\"Person\",\"Organization\"],\"@id\":\"https:\/\/luchonoticias.com\/editor\/#\/schema\/person\/7a7fd911f58561fd056dbac7b55af9cd\",\"name\":\"admin\",\"image\":{\"@type\":\"ImageObject\",\"inLanguage\":\"es\",\"@id\":\"https:\/\/luchonoticias.com\/editor\/#\/schema\/person\/image\/\",\"url\":\"https:\/\/luchonoticias.com\/editor\/wp-content\/uploads\/2024\/02\/cropped-cropped-logolu.webp\",\"contentUrl\":\"https:\/\/luchonoticias.com\/editor\/wp-content\/uploads\/2024\/02\/cropped-cropped-logolu.webp\",\"width\":382,\"height\":170,\"caption\":\"admin\"},\"logo\":{\"@id\":\"https:\/\/luchonoticias.com\/editor\/#\/schema\/person\/image\/\"},\"sameAs\":[\"https:\/\/www.facebook.com\/luchonoticiasneiva\"],\"url\":\"https:\/\/luchonoticias.com\/editor\/author\/admin\/\"}]}<\/script>\n<!-- \/ Yoast SEO plugin. -->","yoast_head_json":{"title":"Corte Suprema de Justicia condena a Iv\u00e1n M\u00e1rquez por asesinato de monse\u00f1or Isa\u00edas Duarte -","robots":{"index":"index","follow":"follow","max-snippet":"max-snippet:-1","max-image-preview":"max-image-preview:large","max-video-preview":"max-video-preview:-1"},"canonical":"https:\/\/luchonoticias.com\/editor\/corte-suprema-de-justicia-condena-a-ivan-marquez-por-asesinato-de-monsenor-isaias-duarte\/","og_locale":"es_ES","og_type":"article","og_title":"Corte Suprema de Justicia condena a Iv\u00e1n M\u00e1rquez por asesinato de monse\u00f1or Isa\u00edas Duarte -","og_url":"https:\/\/luchonoticias.com\/editor\/corte-suprema-de-justicia-condena-a-ivan-marquez-por-asesinato-de-monsenor-isaias-duarte\/","article_publisher":"https:\/\/www.facebook.com\/luchonoticiasneiva","article_author":"https:\/\/www.facebook.com\/luchonoticiasneiva","article_published_time":"2022-12-01T12:35:18+00:00","article_modified_time":"2022-12-01T12:35:20+00:00","author":"admin","twitter_card":"summary_large_image","twitter_misc":{"Escrito por":"admin","Tiempo de lectura":"1 minuto"},"schema":{"@context":"https:\/\/schema.org","@graph":[{"@type":"Article","@id":"https:\/\/luchonoticias.com\/editor\/corte-suprema-de-justicia-condena-a-ivan-marquez-por-asesinato-de-monsenor-isaias-duarte\/#article","isPartOf":{"@id":"https:\/\/luchonoticias.com\/editor\/corte-suprema-de-justicia-condena-a-ivan-marquez-por-asesinato-de-monsenor-isaias-duarte\/"},"author":{"name":"admin","@id":"https:\/\/luchonoticias.com\/editor\/#\/schema\/person\/7a7fd911f58561fd056dbac7b55af9cd"},"headline":"Corte Suprema de Justicia condena a Iv\u00e1n M\u00e1rquez por asesinato de monse\u00f1or Isa\u00edas Duarte","datePublished":"2022-12-01T12:35:18+00:00","dateModified":"2022-12-01T12:35:20+00:00","mainEntityOfPage":{"@id":"https:\/\/luchonoticias.com\/editor\/corte-suprema-de-justicia-condena-a-ivan-marquez-por-asesinato-de-monsenor-isaias-duarte\/"},"wordCount":212,"commentCount":0,"publisher":{"@id":"https:\/\/luchonoticias.com\/editor\/#\/schema\/person\/7a7fd911f58561fd056dbac7b55af9cd"},"articleSection":["Destacado","Nacional"],"inLanguage":"es","potentialAction":[{"@type":"CommentAction","name":"Comment","target":["https:\/\/luchonoticias.com\/editor\/corte-suprema-de-justicia-condena-a-ivan-marquez-por-asesinato-de-monsenor-isaias-duarte\/#respond"]}]},{"@type":"WebPage","@id":"https:\/\/luchonoticias.com\/editor\/corte-suprema-de-justicia-condena-a-ivan-marquez-por-asesinato-de-monsenor-isaias-duarte\/","url":"https:\/\/luchonoticias.com\/editor\/corte-suprema-de-justicia-condena-a-ivan-marquez-por-asesinato-de-monsenor-isaias-duarte\/","name":"Corte Suprema de Justicia condena a Iv\u00e1n M\u00e1rquez por asesinato de monse\u00f1or Isa\u00edas Duarte -","isPartOf":{"@id":"https:\/\/luchonoticias.com\/editor\/#website"},"datePublished":"2022-12-01T12:35:18+00:00","dateModified":"2022-12-01T12:35:20+00:00","breadcrumb":{"@id":"https:\/\/luchonoticias.com\/editor\/corte-suprema-de-justicia-condena-a-ivan-marquez-por-asesinato-de-monsenor-isaias-duarte\/#breadcrumb"},"inLanguage":"es","potentialAction":[{"@type":"ReadAction","target":["https:\/\/luchonoticias.com\/editor\/corte-suprema-de-justicia-condena-a-ivan-marquez-por-asesinato-de-monsenor-isaias-duarte\/"]}]},{"@type":"BreadcrumbList","@id":"https:\/\/luchonoticias.com\/editor\/corte-suprema-de-justicia-condena-a-ivan-marquez-por-asesinato-de-monsenor-isaias-duarte\/#breadcrumb","itemListElement":[{"@type":"ListItem","position":1,"name":"Portada","item":"https:\/\/luchonoticias.com\/editor\/"},{"@type":"ListItem","position":2,"name":"Corte Suprema de Justicia condena a Iv\u00e1n M\u00e1rquez por asesinato de monse\u00f1or Isa\u00edas Duarte"}]},{"@type":"WebSite","@id":"https:\/\/luchonoticias.com\/editor\/#website","url":"https:\/\/luchonoticias.com\/editor\/","name":"","description":"","publisher":{"@id":"https:\/\/luchonoticias.com\/editor\/#\/schema\/person\/7a7fd911f58561fd056dbac7b55af9cd"},"potentialAction":[{"@type":"SearchAction","target":{"@type":"EntryPoint","urlTemplate":"https:\/\/luchonoticias.com\/editor\/?s={search_term_string}"},"query-input":{"@type":"PropertyValueSpecification","valueRequired":true,"valueName":"search_term_string"}}],"inLanguage":"es"},{"@type":["Person","Organization"],"@id":"https:\/\/luchonoticias.com\/editor\/#\/schema\/person\/7a7fd911f58561fd056dbac7b55af9cd","name":"admin","image":{"@type":"ImageObject","inLanguage":"es","@id":"https:\/\/luchonoticias.com\/editor\/#\/schema\/person\/image\/","url":"https:\/\/luchonoticias.com\/editor\/wp-content\/uploads\/2024\/02\/cropped-cropped-logolu.webp","contentUrl":"https:\/\/luchonoticias.com\/editor\/wp-content\/uploads\/2024\/02\/cropped-cropped-logolu.webp","width":382,"height":170,"caption":"admin"},"logo":{"@id":"https:\/\/luchonoticias.com\/editor\/#\/schema\/person\/image\/"},"sameAs":["https:\/\/www.facebook.com\/luchonoticiasneiva"],"url":"https:\/\/luchonoticias.com\/editor\/author\/admin\/"}]}},"_links":{"self":[{"href":"https:\/\/luchonoticias.com\/editor\/wp-json\/wp\/v2\/posts\/40917","targetHints":{"allow":["GET"]}}],"collection":[{"href":"https:\/\/luchonoticias.com\/editor\/wp-json\/wp\/v2\/posts"}],"about":[{"href":"https:\/\/luchonoticias.com\/editor\/wp-json\/wp\/v2\/types\/post"}],"author":[{"embeddable":true,"href":"https:\/\/luchonoticias.com\/editor\/wp-json\/wp\/v2\/users\/1"}],"replies":[{"embeddable":true,"href":"https:\/\/luchonoticias.com\/editor\/wp-json\/wp\/v2\/comments?post=40917"}],"version-history":[{"count":0,"href":"https:\/\/luchonoticias.com\/editor\/wp-json\/wp\/v2\/posts\/40917\/revisions"}],"wp:attachment":[{"href":"https:\/\/luchonoticias.com\/editor\/wp-json\/wp\/v2\/media?parent=40917"}],"wp:term":[{"taxonomy":"category","embeddable":true,"href":"https:\/\/luchonoticias.com\/editor\/wp-json\/wp\/v2\/categories?post=40917"},{"taxonomy":"post_tag","embeddable":true,"href":"https:\/\/luchonoticias.com\/editor\/wp-json\/wp\/v2\/tags?post=40917"}],"curies":[{"name":"wp","href":"https:\/\/api.w.org\/{rel}","templated":true}]}}