{"id":40920,"date":"2022-12-01T08:42:47","date_gmt":"2022-12-01T13:42:47","guid":{"rendered":"https:\/\/luchonoticias.com\/?p=40920"},"modified":"2022-12-01T08:42:48","modified_gmt":"2022-12-01T13:42:48","slug":"gobernador-formara-parte-de-la-junta-de-cormagdalena","status":"publish","type":"post","link":"https:\/\/luchonoticias.com\/editor\/gobernador-formara-parte-de-la-junta-de-cormagdalena\/","title":{"rendered":"Gobernador formar\u00e1 parte de la junta de Cormagdalena"},"content":{"rendered":"\n<p>Grandes retos tienen ahora el&nbsp;<strong>gobernador del Huila, Luis Enrique Duss\u00e1n<\/strong>, ante la&nbsp;<strong>nueva designaci\u00f3n entre los gobernadores de la parte alta<\/strong>&nbsp;del R\u00edo en la&nbsp;<strong>Corporaci\u00f3n Aut\u00f3noma Regional del R\u00edo Grande de la Magdalena,<\/strong>&nbsp;uno de las cuales es representar los intereses de los departamentos y municipios que ven nacer al r\u00edo m\u00e1s importante de la patria, regi\u00f3n que incluye al Huila.<\/p>\n\n\n\n<p>\u201cYa ven\u00eda como miembro de la Junta Directiva de esta importante Corporaci\u00f3n. La verdad lo pens\u00e9 mucho e incluso le anunci\u00e9 al ministro de Transporte, Guillermo Reyes, que iba a declinar a esa posici\u00f3n porque siento que la parte alta de nuestro gran r\u00edo Magdalena, precisamente donde nace, hist\u00f3ricamente ha sido maltratado en la Corporaci\u00f3n y los grandes presupuestos siempre se van para el bajo Magdalena\u201d, se\u00f1al\u00f3 el gobernador del Huila, Luis Enrique Duss\u00e1n.<\/p>\n\n\n\n<p>Afirm\u00f3 que&nbsp;<strong>grandes recursos se van para dragado<\/strong>, para&nbsp;<strong>devolver navegabilidad en toda la parte baja del r\u00edo<\/strong>, hasta su desembocadura, lo cual piensa que es necesario pero que se ha descuidado lo elemental que es el nacedero del Rio de la Patria.<\/p>\n\n\n\n<p>\u201cEn la parte alta donde se produce el agua y tambi\u00e9n donde se produce buena parte de los sedimentos que luego tienen que dragar agua hacia abajo, no se ha mirado como se debe. All\u00ed&nbsp;<strong>hace falta destinarle buena parte de recursos de Cormagdalena.<\/strong>&nbsp;Me parece que es necesario seguir llamando la atenci\u00f3n en ese sentido\u201d, asever\u00f3 el mandatario regional.<\/p>\n\n\n\n<p>Finalmente, dijo que con el nuevo Gobierno Nacional de Gustavo Petro hay una sensibilidad importante junto con el Ministro de Transporte, quien preside esa junta.<\/p>\n\n\n\n<p>\u201cAs\u00ed me lo ratific\u00f3 igualmente el director de la Corporaci\u00f3n que hay en estos momentos encargado en Cormagdalena, y creo que se empieza a generar un ambiente diferente para que el Alto Magdalena sea tratado como se merece\u201d, fundament\u00f3 Duss\u00e1n.<\/p>\n","protected":false},"excerpt":{"rendered":"<p>Grandes retos tienen ahora el&nbsp;gobernador del Huila, Luis Enrique Duss\u00e1n, ante la&nbsp;nueva designaci\u00f3n entre los gobernadores de la parte alta&nbsp;del R\u00edo en la&nbsp;Corporaci\u00f3n Aut\u00f3noma Regional del R\u00edo Grande de la Magdalena,&nbsp;uno de las cuales es representar los intereses de los departamentos y municipios que ven nacer al r\u00edo m\u00e1s importante de la patria, regi\u00f3n que [&hellip;]<\/p>\n","protected":false},"author":1,"featured_media":0,"comment_status":"open","ping_status":"open","sticky":false,"template":"","format":"standard","meta":{"footnotes":""},"categories":[33],"tags":[],"class_list":["post-40920","post","type-post","status-publish","format-standard","hentry","category-huila"],"yoast_head":"<!-- This site is optimized with the Yoast SEO plugin v26.6 - https:\/\/yoast.com\/wordpress\/plugins\/seo\/ -->\n<title>Gobernador formar\u00e1 parte de la junta de Cormagdalena -<\/title>\n<meta name=\"robots\" content=\"index, follow, max-snippet:-1, max-image-preview:large, max-video-preview:-1\" \/>\n<link rel=\"canonical\" href=\"https:\/\/luchonoticias.com\/editor\/gobernador-formara-parte-de-la-junta-de-cormagdalena\/\" \/>\n<meta property=\"og:locale\" content=\"es_ES\" \/>\n<meta property=\"og:type\" content=\"article\" \/>\n<meta property=\"og:title\" content=\"Gobernador formar\u00e1 parte de la junta de Cormagdalena -\" \/>\n<meta property=\"og:url\" content=\"https:\/\/luchonoticias.com\/editor\/gobernador-formara-parte-de-la-junta-de-cormagdalena\/\" \/>\n<meta property=\"article:publisher\" content=\"https:\/\/www.facebook.com\/luchonoticiasneiva\" \/>\n<meta property=\"article:author\" content=\"https:\/\/www.facebook.com\/luchonoticiasneiva\" \/>\n<meta property=\"article:published_time\" content=\"2022-12-01T13:42:47+00:00\" \/>\n<meta property=\"article:modified_time\" content=\"2022-12-01T13:42:48+00:00\" \/>\n<meta name=\"author\" content=\"admin\" \/>\n<meta name=\"twitter:card\" content=\"summary_large_image\" \/>\n<meta name=\"twitter:label1\" content=\"Escrito por\" \/>\n\t<meta name=\"twitter:data1\" content=\"admin\" \/>\n\t<meta name=\"twitter:label2\" content=\"Tiempo de lectura\" \/>\n\t<meta name=\"twitter:data2\" content=\"2 minutos\" \/>\n<script type=\"application\/ld+json\" class=\"yoast-schema-graph\">{\"@context\":\"https:\/\/schema.org\",\"@graph\":[{\"@type\":\"Article\",\"@id\":\"https:\/\/luchonoticias.com\/editor\/gobernador-formara-parte-de-la-junta-de-cormagdalena\/#article\",\"isPartOf\":{\"@id\":\"https:\/\/luchonoticias.com\/editor\/gobernador-formara-parte-de-la-junta-de-cormagdalena\/\"},\"author\":{\"name\":\"admin\",\"@id\":\"https:\/\/luchonoticias.com\/editor\/#\/schema\/person\/7a7fd911f58561fd056dbac7b55af9cd\"},\"headline\":\"Gobernador formar\u00e1 parte de la junta de Cormagdalena\",\"datePublished\":\"2022-12-01T13:42:47+00:00\",\"dateModified\":\"2022-12-01T13:42:48+00:00\",\"mainEntityOfPage\":{\"@id\":\"https:\/\/luchonoticias.com\/editor\/gobernador-formara-parte-de-la-junta-de-cormagdalena\/\"},\"wordCount\":344,\"commentCount\":0,\"publisher\":{\"@id\":\"https:\/\/luchonoticias.com\/editor\/#\/schema\/person\/7a7fd911f58561fd056dbac7b55af9cd\"},\"articleSection\":[\"Huila\"],\"inLanguage\":\"es\",\"potentialAction\":[{\"@type\":\"CommentAction\",\"name\":\"Comment\",\"target\":[\"https:\/\/luchonoticias.com\/editor\/gobernador-formara-parte-de-la-junta-de-cormagdalena\/#respond\"]}]},{\"@type\":\"WebPage\",\"@id\":\"https:\/\/luchonoticias.com\/editor\/gobernador-formara-parte-de-la-junta-de-cormagdalena\/\",\"url\":\"https:\/\/luchonoticias.com\/editor\/gobernador-formara-parte-de-la-junta-de-cormagdalena\/\",\"name\":\"Gobernador formar\u00e1 parte de la junta de Cormagdalena -\",\"isPartOf\":{\"@id\":\"https:\/\/luchonoticias.com\/editor\/#website\"},\"datePublished\":\"2022-12-01T13:42:47+00:00\",\"dateModified\":\"2022-12-01T13:42:48+00:00\",\"breadcrumb\":{\"@id\":\"https:\/\/luchonoticias.com\/editor\/gobernador-formara-parte-de-la-junta-de-cormagdalena\/#breadcrumb\"},\"inLanguage\":\"es\",\"potentialAction\":[{\"@type\":\"ReadAction\",\"target\":[\"https:\/\/luchonoticias.com\/editor\/gobernador-formara-parte-de-la-junta-de-cormagdalena\/\"]}]},{\"@type\":\"BreadcrumbList\",\"@id\":\"https:\/\/luchonoticias.com\/editor\/gobernador-formara-parte-de-la-junta-de-cormagdalena\/#breadcrumb\",\"itemListElement\":[{\"@type\":\"ListItem\",\"position\":1,\"name\":\"Portada\",\"item\":\"https:\/\/luchonoticias.com\/editor\/\"},{\"@type\":\"ListItem\",\"position\":2,\"name\":\"Gobernador formar\u00e1 parte de la junta de Cormagdalena\"}]},{\"@type\":\"WebSite\",\"@id\":\"https:\/\/luchonoticias.com\/editor\/#website\",\"url\":\"https:\/\/luchonoticias.com\/editor\/\",\"name\":\"\",\"description\":\"\",\"publisher\":{\"@id\":\"https:\/\/luchonoticias.com\/editor\/#\/schema\/person\/7a7fd911f58561fd056dbac7b55af9cd\"},\"potentialAction\":[{\"@type\":\"SearchAction\",\"target\":{\"@type\":\"EntryPoint\",\"urlTemplate\":\"https:\/\/luchonoticias.com\/editor\/?s={search_term_string}\"},\"query-input\":{\"@type\":\"PropertyValueSpecification\",\"valueRequired\":true,\"valueName\":\"search_term_string\"}}],\"inLanguage\":\"es\"},{\"@type\":[\"Person\",\"Organization\"],\"@id\":\"https:\/\/luchonoticias.com\/editor\/#\/schema\/person\/7a7fd911f58561fd056dbac7b55af9cd\",\"name\":\"admin\",\"image\":{\"@type\":\"ImageObject\",\"inLanguage\":\"es\",\"@id\":\"https:\/\/luchonoticias.com\/editor\/#\/schema\/person\/image\/\",\"url\":\"https:\/\/luchonoticias.com\/editor\/wp-content\/uploads\/2024\/02\/cropped-cropped-logolu.webp\",\"contentUrl\":\"https:\/\/luchonoticias.com\/editor\/wp-content\/uploads\/2024\/02\/cropped-cropped-logolu.webp\",\"width\":382,\"height\":170,\"caption\":\"admin\"},\"logo\":{\"@id\":\"https:\/\/luchonoticias.com\/editor\/#\/schema\/person\/image\/\"},\"sameAs\":[\"https:\/\/www.facebook.com\/luchonoticiasneiva\"],\"url\":\"https:\/\/luchonoticias.com\/editor\/author\/admin\/\"}]}<\/script>\n<!-- \/ Yoast SEO plugin. -->","yoast_head_json":{"title":"Gobernador formar\u00e1 parte de la junta de Cormagdalena -","robots":{"index":"index","follow":"follow","max-snippet":"max-snippet:-1","max-image-preview":"max-image-preview:large","max-video-preview":"max-video-preview:-1"},"canonical":"https:\/\/luchonoticias.com\/editor\/gobernador-formara-parte-de-la-junta-de-cormagdalena\/","og_locale":"es_ES","og_type":"article","og_title":"Gobernador formar\u00e1 parte de la junta de Cormagdalena -","og_url":"https:\/\/luchonoticias.com\/editor\/gobernador-formara-parte-de-la-junta-de-cormagdalena\/","article_publisher":"https:\/\/www.facebook.com\/luchonoticiasneiva","article_author":"https:\/\/www.facebook.com\/luchonoticiasneiva","article_published_time":"2022-12-01T13:42:47+00:00","article_modified_time":"2022-12-01T13:42:48+00:00","author":"admin","twitter_card":"summary_large_image","twitter_misc":{"Escrito por":"admin","Tiempo de lectura":"2 minutos"},"schema":{"@context":"https:\/\/schema.org","@graph":[{"@type":"Article","@id":"https:\/\/luchonoticias.com\/editor\/gobernador-formara-parte-de-la-junta-de-cormagdalena\/#article","isPartOf":{"@id":"https:\/\/luchonoticias.com\/editor\/gobernador-formara-parte-de-la-junta-de-cormagdalena\/"},"author":{"name":"admin","@id":"https:\/\/luchonoticias.com\/editor\/#\/schema\/person\/7a7fd911f58561fd056dbac7b55af9cd"},"headline":"Gobernador formar\u00e1 parte de la junta de Cormagdalena","datePublished":"2022-12-01T13:42:47+00:00","dateModified":"2022-12-01T13:42:48+00:00","mainEntityOfPage":{"@id":"https:\/\/luchonoticias.com\/editor\/gobernador-formara-parte-de-la-junta-de-cormagdalena\/"},"wordCount":344,"commentCount":0,"publisher":{"@id":"https:\/\/luchonoticias.com\/editor\/#\/schema\/person\/7a7fd911f58561fd056dbac7b55af9cd"},"articleSection":["Huila"],"inLanguage":"es","potentialAction":[{"@type":"CommentAction","name":"Comment","target":["https:\/\/luchonoticias.com\/editor\/gobernador-formara-parte-de-la-junta-de-cormagdalena\/#respond"]}]},{"@type":"WebPage","@id":"https:\/\/luchonoticias.com\/editor\/gobernador-formara-parte-de-la-junta-de-cormagdalena\/","url":"https:\/\/luchonoticias.com\/editor\/gobernador-formara-parte-de-la-junta-de-cormagdalena\/","name":"Gobernador formar\u00e1 parte de la junta de Cormagdalena -","isPartOf":{"@id":"https:\/\/luchonoticias.com\/editor\/#website"},"datePublished":"2022-12-01T13:42:47+00:00","dateModified":"2022-12-01T13:42:48+00:00","breadcrumb":{"@id":"https:\/\/luchonoticias.com\/editor\/gobernador-formara-parte-de-la-junta-de-cormagdalena\/#breadcrumb"},"inLanguage":"es","potentialAction":[{"@type":"ReadAction","target":["https:\/\/luchonoticias.com\/editor\/gobernador-formara-parte-de-la-junta-de-cormagdalena\/"]}]},{"@type":"BreadcrumbList","@id":"https:\/\/luchonoticias.com\/editor\/gobernador-formara-parte-de-la-junta-de-cormagdalena\/#breadcrumb","itemListElement":[{"@type":"ListItem","position":1,"name":"Portada","item":"https:\/\/luchonoticias.com\/editor\/"},{"@type":"ListItem","position":2,"name":"Gobernador formar\u00e1 parte de la junta de Cormagdalena"}]},{"@type":"WebSite","@id":"https:\/\/luchonoticias.com\/editor\/#website","url":"https:\/\/luchonoticias.com\/editor\/","name":"","description":"","publisher":{"@id":"https:\/\/luchonoticias.com\/editor\/#\/schema\/person\/7a7fd911f58561fd056dbac7b55af9cd"},"potentialAction":[{"@type":"SearchAction","target":{"@type":"EntryPoint","urlTemplate":"https:\/\/luchonoticias.com\/editor\/?s={search_term_string}"},"query-input":{"@type":"PropertyValueSpecification","valueRequired":true,"valueName":"search_term_string"}}],"inLanguage":"es"},{"@type":["Person","Organization"],"@id":"https:\/\/luchonoticias.com\/editor\/#\/schema\/person\/7a7fd911f58561fd056dbac7b55af9cd","name":"admin","image":{"@type":"ImageObject","inLanguage":"es","@id":"https:\/\/luchonoticias.com\/editor\/#\/schema\/person\/image\/","url":"https:\/\/luchonoticias.com\/editor\/wp-content\/uploads\/2024\/02\/cropped-cropped-logolu.webp","contentUrl":"https:\/\/luchonoticias.com\/editor\/wp-content\/uploads\/2024\/02\/cropped-cropped-logolu.webp","width":382,"height":170,"caption":"admin"},"logo":{"@id":"https:\/\/luchonoticias.com\/editor\/#\/schema\/person\/image\/"},"sameAs":["https:\/\/www.facebook.com\/luchonoticiasneiva"],"url":"https:\/\/luchonoticias.com\/editor\/author\/admin\/"}]}},"_links":{"self":[{"href":"https:\/\/luchonoticias.com\/editor\/wp-json\/wp\/v2\/posts\/40920","targetHints":{"allow":["GET"]}}],"collection":[{"href":"https:\/\/luchonoticias.com\/editor\/wp-json\/wp\/v2\/posts"}],"about":[{"href":"https:\/\/luchonoticias.com\/editor\/wp-json\/wp\/v2\/types\/post"}],"author":[{"embeddable":true,"href":"https:\/\/luchonoticias.com\/editor\/wp-json\/wp\/v2\/users\/1"}],"replies":[{"embeddable":true,"href":"https:\/\/luchonoticias.com\/editor\/wp-json\/wp\/v2\/comments?post=40920"}],"version-history":[{"count":0,"href":"https:\/\/luchonoticias.com\/editor\/wp-json\/wp\/v2\/posts\/40920\/revisions"}],"wp:attachment":[{"href":"https:\/\/luchonoticias.com\/editor\/wp-json\/wp\/v2\/media?parent=40920"}],"wp:term":[{"taxonomy":"category","embeddable":true,"href":"https:\/\/luchonoticias.com\/editor\/wp-json\/wp\/v2\/categories?post=40920"},{"taxonomy":"post_tag","embeddable":true,"href":"https:\/\/luchonoticias.com\/editor\/wp-json\/wp\/v2\/tags?post=40920"}],"curies":[{"name":"wp","href":"https:\/\/api.w.org\/{rel}","templated":true}]}}