{"id":40936,"date":"2022-12-01T14:10:55","date_gmt":"2022-12-01T19:10:55","guid":{"rendered":"https:\/\/luchonoticias.com\/?p=40936"},"modified":"2022-12-01T14:10:56","modified_gmt":"2022-12-01T19:10:56","slug":"hijos-de-personal-militar-del-huila-recibieron-el-sacramento-de-la-primera-comunion","status":"publish","type":"post","link":"https:\/\/luchonoticias.com\/editor\/hijos-de-personal-militar-del-huila-recibieron-el-sacramento-de-la-primera-comunion\/","title":{"rendered":"Hijos de personal militar del Huila recibieron el sacramento de la Primera Comuni\u00f3n"},"content":{"rendered":"\n<p>En ceremonia religiosa presidida por el capell\u00e1n de la Novena Brigada, padre Juan Vargas, 19 ni\u00f1os hijos del personal militar, recibieron el sagrado sacramento de la Primera Comuni\u00f3n.<\/p>\n\n\n\n<p>El acto lit\u00fargico tuvo lugar en la capilla Rosa M\u00edstica del cant\u00f3n militar; all\u00ed, luciendo sus trajes blancos y con la mayor devoci\u00f3n, los ni\u00f1os recibieron el sacramento despu\u00e9s de cumplir y superar las diferentes etapas de la catequesis.<\/p>\n\n\n\n<figure class=\"wp-block-gallery has-nested-images columns-default is-cropped wp-block-gallery-1 is-layout-flex wp-block-gallery-is-layout-flex\">\n<figure class=\"wp-block-image size-large\"><img decoding=\"async\" data-id=\"40938\" src=\"https:\/\/luchonoticias.com\/wp-content\/uploads\/2022\/12\/WhatsApp-Image-2022-11-30-at-3.14.56-PM-2-1024x682.jpeg\" alt=\"\" class=\"wp-image-40938\"\/><\/figure>\n\n\n\n<figure class=\"wp-block-image size-large\"><img decoding=\"async\" data-id=\"40939\" src=\"https:\/\/luchonoticias.com\/wp-content\/uploads\/2022\/12\/WhatsApp-Image-2022-11-30-at-3.14.56-PM-1-1024x682.jpeg\" alt=\"\" class=\"wp-image-40939\"\/><\/figure>\n\n\n\n<figure class=\"wp-block-image size-large\"><img decoding=\"async\" data-id=\"40940\" src=\"https:\/\/luchonoticias.com\/wp-content\/uploads\/2022\/12\/WhatsApp-Image-2022-11-30-at-3.14.56-PM-1024x682.jpeg\" alt=\"\" class=\"wp-image-40940\"\/><\/figure>\n<\/figure>\n\n\n\n<p>La actividad organizada por la Novena Brigada cont\u00f3 con el apoyo y la solidaridad de la Asociaci\u00f3n Acci\u00f3n Social del Ej\u00e9rcito Nacional, ANASE, cap\u00edtulo Neiva, la entidad no solo lider\u00f3 el evento, sino que adem\u00e1s apadrin\u00f3 a dos ni\u00f1as cuyas familias tienen dificultades econ\u00f3micas. A ellas les fue obsequiado el vestuario, maquillaje y peinado para que el sagrado d\u00eda se convirtiera en un acto inolvidable.<\/p>\n\n\n\n<figure class=\"wp-block-gallery has-nested-images columns-default is-cropped wp-block-gallery-2 is-layout-flex wp-block-gallery-is-layout-flex\">\n<figure class=\"wp-block-image size-large\"><img decoding=\"async\" data-id=\"40942\" src=\"https:\/\/luchonoticias.com\/wp-content\/uploads\/2022\/12\/WhatsApp-Image-2022-11-30-at-3.14.59-PM-1024x682.jpeg\" alt=\"\" class=\"wp-image-40942\"\/><\/figure>\n\n\n\n<figure class=\"wp-block-image size-large\"><img decoding=\"async\" data-id=\"40944\" src=\"https:\/\/luchonoticias.com\/wp-content\/uploads\/2022\/12\/WhatsApp-Image-2022-11-30-at-3.14.58-PM-1024x682.jpeg\" alt=\"\" class=\"wp-image-40944\"\/><\/figure>\n\n\n\n<figure class=\"wp-block-image size-large\"><img decoding=\"async\" data-id=\"40943\" src=\"https:\/\/luchonoticias.com\/wp-content\/uploads\/2022\/12\/WhatsApp-Image-2022-11-30-at-3.14.57-PM-1-1024x682.jpeg\" alt=\"\" class=\"wp-image-40943\"\/><\/figure>\n\n\n\n<figure class=\"wp-block-image size-large\"><img decoding=\"async\" data-id=\"40941\" src=\"https:\/\/luchonoticias.com\/wp-content\/uploads\/2022\/12\/WhatsApp-Image-2022-11-30-at-3.14.58-PM-1-1024x682.jpeg\" alt=\"\" class=\"wp-image-40941\"\/><\/figure>\n<\/figure>\n\n\n\n<p>Al final de la ceremonia religiosa, el se\u00f1or Capell\u00e1n invit\u00f3 a los ni\u00f1os y a sus padres a continuar su vida amparados en los principios de la fe, la obediencia y el amor y apoyo al pr\u00f3jimo.<\/p>\n","protected":false},"excerpt":{"rendered":"<p>En ceremonia religiosa presidida por el capell\u00e1n de la Novena Brigada, padre Juan Vargas, 19 ni\u00f1os hijos del personal militar, recibieron el sagrado sacramento de la Primera Comuni\u00f3n. El acto lit\u00fargico tuvo lugar en la capilla Rosa M\u00edstica del cant\u00f3n militar; all\u00ed, luciendo sus trajes blancos y con la mayor devoci\u00f3n, los ni\u00f1os recibieron el [&hellip;]<\/p>\n","protected":false},"author":1,"featured_media":0,"comment_status":"open","ping_status":"open","sticky":false,"template":"","format":"standard","meta":{"footnotes":""},"categories":[3961,36],"tags":[],"class_list":["post-40936","post","type-post","status-publish","format-standard","hentry","category-comunidad","category-destacado"],"yoast_head":"<!-- This site is optimized with the Yoast SEO plugin v26.6 - https:\/\/yoast.com\/wordpress\/plugins\/seo\/ -->\n<title>Hijos de personal militar del Huila recibieron el sacramento de la Primera Comuni\u00f3n -<\/title>\n<meta name=\"robots\" content=\"index, follow, max-snippet:-1, max-image-preview:large, max-video-preview:-1\" \/>\n<link rel=\"canonical\" href=\"https:\/\/luchonoticias.com\/editor\/hijos-de-personal-militar-del-huila-recibieron-el-sacramento-de-la-primera-comunion\/\" \/>\n<meta property=\"og:locale\" content=\"es_ES\" \/>\n<meta property=\"og:type\" content=\"article\" \/>\n<meta property=\"og:title\" content=\"Hijos de personal militar del Huila recibieron el sacramento de la Primera Comuni\u00f3n -\" \/>\n<meta property=\"og:url\" content=\"https:\/\/luchonoticias.com\/editor\/hijos-de-personal-militar-del-huila-recibieron-el-sacramento-de-la-primera-comunion\/\" \/>\n<meta property=\"article:publisher\" content=\"https:\/\/www.facebook.com\/luchonoticiasneiva\" \/>\n<meta property=\"article:author\" content=\"https:\/\/www.facebook.com\/luchonoticiasneiva\" \/>\n<meta property=\"article:published_time\" content=\"2022-12-01T19:10:55+00:00\" \/>\n<meta property=\"article:modified_time\" content=\"2022-12-01T19:10:56+00:00\" \/>\n<meta property=\"og:image\" content=\"https:\/\/luchonoticias.com\/wp-content\/uploads\/2022\/12\/WhatsApp-Image-2022-11-30-at-3.14.56-PM-2-1024x682.jpeg\" \/>\n<meta name=\"author\" content=\"admin\" \/>\n<meta name=\"twitter:card\" content=\"summary_large_image\" \/>\n<meta name=\"twitter:label1\" content=\"Escrito por\" \/>\n\t<meta name=\"twitter:data1\" content=\"admin\" \/>\n\t<meta name=\"twitter:label2\" content=\"Tiempo de lectura\" \/>\n\t<meta name=\"twitter:data2\" content=\"1 minuto\" \/>\n<script type=\"application\/ld+json\" class=\"yoast-schema-graph\">{\"@context\":\"https:\/\/schema.org\",\"@graph\":[{\"@type\":\"Article\",\"@id\":\"https:\/\/luchonoticias.com\/editor\/hijos-de-personal-militar-del-huila-recibieron-el-sacramento-de-la-primera-comunion\/#article\",\"isPartOf\":{\"@id\":\"https:\/\/luchonoticias.com\/editor\/hijos-de-personal-militar-del-huila-recibieron-el-sacramento-de-la-primera-comunion\/\"},\"author\":{\"name\":\"admin\",\"@id\":\"https:\/\/luchonoticias.com\/editor\/#\/schema\/person\/7a7fd911f58561fd056dbac7b55af9cd\"},\"headline\":\"Hijos de personal militar del Huila recibieron el sacramento de la Primera Comuni\u00f3n\",\"datePublished\":\"2022-12-01T19:10:55+00:00\",\"dateModified\":\"2022-12-01T19:10:56+00:00\",\"mainEntityOfPage\":{\"@id\":\"https:\/\/luchonoticias.com\/editor\/hijos-de-personal-militar-del-huila-recibieron-el-sacramento-de-la-primera-comunion\/\"},\"wordCount\":203,\"commentCount\":0,\"publisher\":{\"@id\":\"https:\/\/luchonoticias.com\/editor\/#\/schema\/person\/7a7fd911f58561fd056dbac7b55af9cd\"},\"image\":{\"@id\":\"https:\/\/luchonoticias.com\/editor\/hijos-de-personal-militar-del-huila-recibieron-el-sacramento-de-la-primera-comunion\/#primaryimage\"},\"thumbnailUrl\":\"https:\/\/luchonoticias.com\/wp-content\/uploads\/2022\/12\/WhatsApp-Image-2022-11-30-at-3.14.56-PM-2-1024x682.jpeg\",\"articleSection\":[\"Comunidad\",\"Destacado\"],\"inLanguage\":\"es\",\"potentialAction\":[{\"@type\":\"CommentAction\",\"name\":\"Comment\",\"target\":[\"https:\/\/luchonoticias.com\/editor\/hijos-de-personal-militar-del-huila-recibieron-el-sacramento-de-la-primera-comunion\/#respond\"]}]},{\"@type\":\"WebPage\",\"@id\":\"https:\/\/luchonoticias.com\/editor\/hijos-de-personal-militar-del-huila-recibieron-el-sacramento-de-la-primera-comunion\/\",\"url\":\"https:\/\/luchonoticias.com\/editor\/hijos-de-personal-militar-del-huila-recibieron-el-sacramento-de-la-primera-comunion\/\",\"name\":\"Hijos de personal militar del Huila recibieron el sacramento de la Primera Comuni\u00f3n -\",\"isPartOf\":{\"@id\":\"https:\/\/luchonoticias.com\/editor\/#website\"},\"primaryImageOfPage\":{\"@id\":\"https:\/\/luchonoticias.com\/editor\/hijos-de-personal-militar-del-huila-recibieron-el-sacramento-de-la-primera-comunion\/#primaryimage\"},\"image\":{\"@id\":\"https:\/\/luchonoticias.com\/editor\/hijos-de-personal-militar-del-huila-recibieron-el-sacramento-de-la-primera-comunion\/#primaryimage\"},\"thumbnailUrl\":\"https:\/\/luchonoticias.com\/wp-content\/uploads\/2022\/12\/WhatsApp-Image-2022-11-30-at-3.14.56-PM-2-1024x682.jpeg\",\"datePublished\":\"2022-12-01T19:10:55+00:00\",\"dateModified\":\"2022-12-01T19:10:56+00:00\",\"breadcrumb\":{\"@id\":\"https:\/\/luchonoticias.com\/editor\/hijos-de-personal-militar-del-huila-recibieron-el-sacramento-de-la-primera-comunion\/#breadcrumb\"},\"inLanguage\":\"es\",\"potentialAction\":[{\"@type\":\"ReadAction\",\"target\":[\"https:\/\/luchonoticias.com\/editor\/hijos-de-personal-militar-del-huila-recibieron-el-sacramento-de-la-primera-comunion\/\"]}]},{\"@type\":\"ImageObject\",\"inLanguage\":\"es\",\"@id\":\"https:\/\/luchonoticias.com\/editor\/hijos-de-personal-militar-del-huila-recibieron-el-sacramento-de-la-primera-comunion\/#primaryimage\",\"url\":\"https:\/\/luchonoticias.com\/wp-content\/uploads\/2022\/12\/WhatsApp-Image-2022-11-30-at-3.14.56-PM-2-1024x682.jpeg\",\"contentUrl\":\"https:\/\/luchonoticias.com\/wp-content\/uploads\/2022\/12\/WhatsApp-Image-2022-11-30-at-3.14.56-PM-2-1024x682.jpeg\"},{\"@type\":\"BreadcrumbList\",\"@id\":\"https:\/\/luchonoticias.com\/editor\/hijos-de-personal-militar-del-huila-recibieron-el-sacramento-de-la-primera-comunion\/#breadcrumb\",\"itemListElement\":[{\"@type\":\"ListItem\",\"position\":1,\"name\":\"Portada\",\"item\":\"https:\/\/luchonoticias.com\/editor\/\"},{\"@type\":\"ListItem\",\"position\":2,\"name\":\"Hijos de personal militar del Huila recibieron el sacramento de la Primera Comuni\u00f3n\"}]},{\"@type\":\"WebSite\",\"@id\":\"https:\/\/luchonoticias.com\/editor\/#website\",\"url\":\"https:\/\/luchonoticias.com\/editor\/\",\"name\":\"\",\"description\":\"\",\"publisher\":{\"@id\":\"https:\/\/luchonoticias.com\/editor\/#\/schema\/person\/7a7fd911f58561fd056dbac7b55af9cd\"},\"potentialAction\":[{\"@type\":\"SearchAction\",\"target\":{\"@type\":\"EntryPoint\",\"urlTemplate\":\"https:\/\/luchonoticias.com\/editor\/?s={search_term_string}\"},\"query-input\":{\"@type\":\"PropertyValueSpecification\",\"valueRequired\":true,\"valueName\":\"search_term_string\"}}],\"inLanguage\":\"es\"},{\"@type\":[\"Person\",\"Organization\"],\"@id\":\"https:\/\/luchonoticias.com\/editor\/#\/schema\/person\/7a7fd911f58561fd056dbac7b55af9cd\",\"name\":\"admin\",\"image\":{\"@type\":\"ImageObject\",\"inLanguage\":\"es\",\"@id\":\"https:\/\/luchonoticias.com\/editor\/#\/schema\/person\/image\/\",\"url\":\"https:\/\/luchonoticias.com\/editor\/wp-content\/uploads\/2024\/02\/cropped-cropped-logolu.webp\",\"contentUrl\":\"https:\/\/luchonoticias.com\/editor\/wp-content\/uploads\/2024\/02\/cropped-cropped-logolu.webp\",\"width\":382,\"height\":170,\"caption\":\"admin\"},\"logo\":{\"@id\":\"https:\/\/luchonoticias.com\/editor\/#\/schema\/person\/image\/\"},\"sameAs\":[\"https:\/\/www.facebook.com\/luchonoticiasneiva\"],\"url\":\"https:\/\/luchonoticias.com\/editor\/author\/admin\/\"}]}<\/script>\n<!-- \/ Yoast SEO plugin. -->","yoast_head_json":{"title":"Hijos de personal militar del Huila recibieron el sacramento de la Primera Comuni\u00f3n -","robots":{"index":"index","follow":"follow","max-snippet":"max-snippet:-1","max-image-preview":"max-image-preview:large","max-video-preview":"max-video-preview:-1"},"canonical":"https:\/\/luchonoticias.com\/editor\/hijos-de-personal-militar-del-huila-recibieron-el-sacramento-de-la-primera-comunion\/","og_locale":"es_ES","og_type":"article","og_title":"Hijos de personal militar del Huila recibieron el sacramento de la Primera Comuni\u00f3n -","og_url":"https:\/\/luchonoticias.com\/editor\/hijos-de-personal-militar-del-huila-recibieron-el-sacramento-de-la-primera-comunion\/","article_publisher":"https:\/\/www.facebook.com\/luchonoticiasneiva","article_author":"https:\/\/www.facebook.com\/luchonoticiasneiva","article_published_time":"2022-12-01T19:10:55+00:00","article_modified_time":"2022-12-01T19:10:56+00:00","og_image":[{"url":"https:\/\/luchonoticias.com\/wp-content\/uploads\/2022\/12\/WhatsApp-Image-2022-11-30-at-3.14.56-PM-2-1024x682.jpeg","type":"","width":"","height":""}],"author":"admin","twitter_card":"summary_large_image","twitter_misc":{"Escrito por":"admin","Tiempo de lectura":"1 minuto"},"schema":{"@context":"https:\/\/schema.org","@graph":[{"@type":"Article","@id":"https:\/\/luchonoticias.com\/editor\/hijos-de-personal-militar-del-huila-recibieron-el-sacramento-de-la-primera-comunion\/#article","isPartOf":{"@id":"https:\/\/luchonoticias.com\/editor\/hijos-de-personal-militar-del-huila-recibieron-el-sacramento-de-la-primera-comunion\/"},"author":{"name":"admin","@id":"https:\/\/luchonoticias.com\/editor\/#\/schema\/person\/7a7fd911f58561fd056dbac7b55af9cd"},"headline":"Hijos de personal militar del Huila recibieron el sacramento de la Primera Comuni\u00f3n","datePublished":"2022-12-01T19:10:55+00:00","dateModified":"2022-12-01T19:10:56+00:00","mainEntityOfPage":{"@id":"https:\/\/luchonoticias.com\/editor\/hijos-de-personal-militar-del-huila-recibieron-el-sacramento-de-la-primera-comunion\/"},"wordCount":203,"commentCount":0,"publisher":{"@id":"https:\/\/luchonoticias.com\/editor\/#\/schema\/person\/7a7fd911f58561fd056dbac7b55af9cd"},"image":{"@id":"https:\/\/luchonoticias.com\/editor\/hijos-de-personal-militar-del-huila-recibieron-el-sacramento-de-la-primera-comunion\/#primaryimage"},"thumbnailUrl":"https:\/\/luchonoticias.com\/wp-content\/uploads\/2022\/12\/WhatsApp-Image-2022-11-30-at-3.14.56-PM-2-1024x682.jpeg","articleSection":["Comunidad","Destacado"],"inLanguage":"es","potentialAction":[{"@type":"CommentAction","name":"Comment","target":["https:\/\/luchonoticias.com\/editor\/hijos-de-personal-militar-del-huila-recibieron-el-sacramento-de-la-primera-comunion\/#respond"]}]},{"@type":"WebPage","@id":"https:\/\/luchonoticias.com\/editor\/hijos-de-personal-militar-del-huila-recibieron-el-sacramento-de-la-primera-comunion\/","url":"https:\/\/luchonoticias.com\/editor\/hijos-de-personal-militar-del-huila-recibieron-el-sacramento-de-la-primera-comunion\/","name":"Hijos de personal militar del Huila recibieron el sacramento de la Primera Comuni\u00f3n -","isPartOf":{"@id":"https:\/\/luchonoticias.com\/editor\/#website"},"primaryImageOfPage":{"@id":"https:\/\/luchonoticias.com\/editor\/hijos-de-personal-militar-del-huila-recibieron-el-sacramento-de-la-primera-comunion\/#primaryimage"},"image":{"@id":"https:\/\/luchonoticias.com\/editor\/hijos-de-personal-militar-del-huila-recibieron-el-sacramento-de-la-primera-comunion\/#primaryimage"},"thumbnailUrl":"https:\/\/luchonoticias.com\/wp-content\/uploads\/2022\/12\/WhatsApp-Image-2022-11-30-at-3.14.56-PM-2-1024x682.jpeg","datePublished":"2022-12-01T19:10:55+00:00","dateModified":"2022-12-01T19:10:56+00:00","breadcrumb":{"@id":"https:\/\/luchonoticias.com\/editor\/hijos-de-personal-militar-del-huila-recibieron-el-sacramento-de-la-primera-comunion\/#breadcrumb"},"inLanguage":"es","potentialAction":[{"@type":"ReadAction","target":["https:\/\/luchonoticias.com\/editor\/hijos-de-personal-militar-del-huila-recibieron-el-sacramento-de-la-primera-comunion\/"]}]},{"@type":"ImageObject","inLanguage":"es","@id":"https:\/\/luchonoticias.com\/editor\/hijos-de-personal-militar-del-huila-recibieron-el-sacramento-de-la-primera-comunion\/#primaryimage","url":"https:\/\/luchonoticias.com\/wp-content\/uploads\/2022\/12\/WhatsApp-Image-2022-11-30-at-3.14.56-PM-2-1024x682.jpeg","contentUrl":"https:\/\/luchonoticias.com\/wp-content\/uploads\/2022\/12\/WhatsApp-Image-2022-11-30-at-3.14.56-PM-2-1024x682.jpeg"},{"@type":"BreadcrumbList","@id":"https:\/\/luchonoticias.com\/editor\/hijos-de-personal-militar-del-huila-recibieron-el-sacramento-de-la-primera-comunion\/#breadcrumb","itemListElement":[{"@type":"ListItem","position":1,"name":"Portada","item":"https:\/\/luchonoticias.com\/editor\/"},{"@type":"ListItem","position":2,"name":"Hijos de personal militar del Huila recibieron el sacramento de la Primera Comuni\u00f3n"}]},{"@type":"WebSite","@id":"https:\/\/luchonoticias.com\/editor\/#website","url":"https:\/\/luchonoticias.com\/editor\/","name":"","description":"","publisher":{"@id":"https:\/\/luchonoticias.com\/editor\/#\/schema\/person\/7a7fd911f58561fd056dbac7b55af9cd"},"potentialAction":[{"@type":"SearchAction","target":{"@type":"EntryPoint","urlTemplate":"https:\/\/luchonoticias.com\/editor\/?s={search_term_string}"},"query-input":{"@type":"PropertyValueSpecification","valueRequired":true,"valueName":"search_term_string"}}],"inLanguage":"es"},{"@type":["Person","Organization"],"@id":"https:\/\/luchonoticias.com\/editor\/#\/schema\/person\/7a7fd911f58561fd056dbac7b55af9cd","name":"admin","image":{"@type":"ImageObject","inLanguage":"es","@id":"https:\/\/luchonoticias.com\/editor\/#\/schema\/person\/image\/","url":"https:\/\/luchonoticias.com\/editor\/wp-content\/uploads\/2024\/02\/cropped-cropped-logolu.webp","contentUrl":"https:\/\/luchonoticias.com\/editor\/wp-content\/uploads\/2024\/02\/cropped-cropped-logolu.webp","width":382,"height":170,"caption":"admin"},"logo":{"@id":"https:\/\/luchonoticias.com\/editor\/#\/schema\/person\/image\/"},"sameAs":["https:\/\/www.facebook.com\/luchonoticiasneiva"],"url":"https:\/\/luchonoticias.com\/editor\/author\/admin\/"}]}},"_links":{"self":[{"href":"https:\/\/luchonoticias.com\/editor\/wp-json\/wp\/v2\/posts\/40936","targetHints":{"allow":["GET"]}}],"collection":[{"href":"https:\/\/luchonoticias.com\/editor\/wp-json\/wp\/v2\/posts"}],"about":[{"href":"https:\/\/luchonoticias.com\/editor\/wp-json\/wp\/v2\/types\/post"}],"author":[{"embeddable":true,"href":"https:\/\/luchonoticias.com\/editor\/wp-json\/wp\/v2\/users\/1"}],"replies":[{"embeddable":true,"href":"https:\/\/luchonoticias.com\/editor\/wp-json\/wp\/v2\/comments?post=40936"}],"version-history":[{"count":0,"href":"https:\/\/luchonoticias.com\/editor\/wp-json\/wp\/v2\/posts\/40936\/revisions"}],"wp:attachment":[{"href":"https:\/\/luchonoticias.com\/editor\/wp-json\/wp\/v2\/media?parent=40936"}],"wp:term":[{"taxonomy":"category","embeddable":true,"href":"https:\/\/luchonoticias.com\/editor\/wp-json\/wp\/v2\/categories?post=40936"},{"taxonomy":"post_tag","embeddable":true,"href":"https:\/\/luchonoticias.com\/editor\/wp-json\/wp\/v2\/tags?post=40936"}],"curies":[{"name":"wp","href":"https:\/\/api.w.org\/{rel}","templated":true}]}}