{"id":40946,"date":"2022-12-01T14:13:38","date_gmt":"2022-12-01T19:13:38","guid":{"rendered":"https:\/\/luchonoticias.com\/?p=40946"},"modified":"2022-12-01T14:13:39","modified_gmt":"2022-12-01T19:13:39","slug":"cancelacion-del-dia-sin-iva-podria-afectar-crecimiento-del-comercio-electronico-del-pais","status":"publish","type":"post","link":"https:\/\/luchonoticias.com\/editor\/cancelacion-del-dia-sin-iva-podria-afectar-crecimiento-del-comercio-electronico-del-pais\/","title":{"rendered":"Cancelaci\u00f3n del d\u00eda sin IVA podr\u00eda afectar crecimiento del comercio electr\u00f3nico del pa\u00eds"},"content":{"rendered":"\n<p>La suspensi\u00f3n del D\u00eda sin IVA, que estaba programado para este viernes 2 de diciembre, puede perjudicar el crecimiento que desde el a\u00f1o 2019 vienen registrando las ventas digitales en Colombia.<\/p>\n\n\n\n<p>\u201cLa decisi\u00f3n del Gobierno de cancelar esta jornada podr\u00eda afectar el crecimiento y el dinamismo del comercio electr\u00f3nico del pa\u00eds en 2022\u201d, seg\u00fan lo indic\u00f3 Juli\u00e1n P\u00e1ez Valdez, profesor de la Escuela de Administraci\u00f3n de la Universidad del Rosario, al explicar que \u201cla pandemia fue un factor clave para impulsar el comercio digital y, aunque los establecimientos f\u00edsicos hayan reabierto despu\u00e9s de la crisis sanitaria, las ventas electr\u00f3nicas no han parado de crecer\u201d.<\/p>\n\n\n\n<p>Cabe recordar que los empresarios y comerciantes agrupados en Fenalco y la asociaci\u00f3n Aliadas insisten en que se mantenga la jornada, argumentando que los perdedores ser\u00e1n los colombianos, que se pierden la oportunidad de comprar con un 19% menos, sumado al impacto negativo que tendr\u00eda en el ecosistema productivo del pa\u00eds. Por su parte, el Gobierno asegura que el D\u00eda sin IVA no se realizar\u00e1 porque no beneficia a los productos nacionales sino a los internacionales.<\/p>\n\n\n\n<p>\u201cTendremos que esperar las cifras completas de comercio electr\u00f3nico de 2022 para saber el impacto real de la suspensi\u00f3n del D\u00eda sin IVA en el comercio digital del pa\u00eds o si, por el contrario, los colombianos ya est\u00e1n adaptados a las transacciones por internet en todos los sectores y todos los d\u00edas\u201d, explic\u00f3 el profesor de la Universidad del Rosario.<\/p>\n\n\n\n<p>Seg\u00fan la C\u00e1mara Colombiana de Comercio Electr\u00f3nico (CCCE), desde el a\u00f1o 2019 se ve un crecimiento sostenido de la venta de productos nacionales o importados, por medio de canales electr\u00f3nicos. Para el a\u00f1o 2019, las compras hechas por internet fueron de $21.8 billones, cifras que ya fueron alcanzadas durante el primer semestre de 2022 ($25.8 billones). \u201cEsto quiere decir que, en tan solo en primer semestre, los colombianos ya compraron electr\u00f3nicamente el equivalente a la totalidad del a\u00f1o 2019\u201d, afirm\u00f3 P\u00e1ez.<\/p>\n\n\n\n<p>\u201cTan solo las ventas en l\u00ednea del sector retail cayeron en un 19% durante el a\u00f1o 2021, lo que nos evidencia que muchos colombianos prefieren comprar este tipo de productos en los canales f\u00edsicos\u201d, coment\u00f3 el acad\u00e9mico.<\/p>\n\n\n\n<p><strong>D\u00eda sin IVA y su futuro<\/strong><\/p>\n\n\n\n<p>Para el profesor de la Escuela de Administraci\u00f3n de la Universidad del Rosario, el gran avance del comercio electr\u00f3nico se debe a estrategias comerciales como el Cyber Lunes, el Black Friday, el Hot Sale y en los \u00faltimos a\u00f1os, el D\u00eda Sin IVA, estrategia que permiti\u00f3 ventas electr\u00f3nicas por $678.600 millones durante el segundo d\u00eda sin IVA del a\u00f1o 2022 el 17 de junio pasado.<\/p>\n\n\n\n<p>El texto de reforma tributaria que se present\u00f3 en las comisiones econ\u00f3micas del Congreso no incluy\u00f3 los d\u00edas sin IVA, puesto que, seg\u00fan los proponentes, el impacto fiscal ser\u00eda de cerca de $100.000 millones, raz\u00f3n por la cual el Gobierno prefiri\u00f3 descartar este incentivo para los compradores, dijo Paez.<\/p>\n\n\n\n<p>\u201cEn alg\u00fan momento se pens\u00f3 en incluir la estrategia durante dos d\u00edas del a\u00f1o para productos de menos de $3 millones y de fabricaci\u00f3n colombiana, m\u00e1s del 50% de la fabricaci\u00f3n hecha en el pa\u00eds. Esto inclu\u00eda productos como prendas de vestir, complementos de vestuario, electrodom\u00e9sticos y art\u00edculos deportivos de fabricaci\u00f3n mayoritaria en el territorio nacional. No obstante, los proponentes decidieron retirar la proposici\u00f3n. Seg\u00fan el Gobierno, esta iniciativa se cancela, entre otras cosas, porque no beneficia a los productos nacionales sino a los internacionales\u201d, explic\u00f3 el acad\u00e9mico.<\/p>\n","protected":false},"excerpt":{"rendered":"<p>La suspensi\u00f3n del D\u00eda sin IVA, que estaba programado para este viernes 2 de diciembre, puede perjudicar el crecimiento que desde el a\u00f1o 2019 vienen registrando las ventas digitales en Colombia. \u201cLa decisi\u00f3n del Gobierno de cancelar esta jornada podr\u00eda afectar el crecimiento y el dinamismo del comercio electr\u00f3nico del pa\u00eds en 2022\u201d, seg\u00fan lo [&hellip;]<\/p>\n","protected":false},"author":1,"featured_media":0,"comment_status":"open","ping_status":"open","sticky":false,"template":"","format":"standard","meta":{"footnotes":""},"categories":[28,36],"tags":[],"class_list":["post-40946","post","type-post","status-publish","format-standard","hentry","category-actualidad","category-destacado"],"yoast_head":"<!-- This site is optimized with the Yoast SEO plugin v26.6 - https:\/\/yoast.com\/wordpress\/plugins\/seo\/ -->\n<title>Cancelaci\u00f3n del d\u00eda sin IVA podr\u00eda afectar crecimiento del comercio electr\u00f3nico del pa\u00eds -<\/title>\n<meta name=\"robots\" content=\"index, follow, max-snippet:-1, max-image-preview:large, max-video-preview:-1\" \/>\n<link rel=\"canonical\" href=\"https:\/\/luchonoticias.com\/editor\/cancelacion-del-dia-sin-iva-podria-afectar-crecimiento-del-comercio-electronico-del-pais\/\" \/>\n<meta property=\"og:locale\" content=\"es_ES\" \/>\n<meta property=\"og:type\" content=\"article\" \/>\n<meta property=\"og:title\" content=\"Cancelaci\u00f3n del d\u00eda sin IVA podr\u00eda afectar crecimiento del comercio electr\u00f3nico del pa\u00eds -\" \/>\n<meta property=\"og:url\" content=\"https:\/\/luchonoticias.com\/editor\/cancelacion-del-dia-sin-iva-podria-afectar-crecimiento-del-comercio-electronico-del-pais\/\" \/>\n<meta property=\"article:publisher\" content=\"https:\/\/www.facebook.com\/luchonoticiasneiva\" \/>\n<meta property=\"article:author\" content=\"https:\/\/www.facebook.com\/luchonoticiasneiva\" \/>\n<meta property=\"article:published_time\" content=\"2022-12-01T19:13:38+00:00\" \/>\n<meta property=\"article:modified_time\" content=\"2022-12-01T19:13:39+00:00\" \/>\n<meta name=\"author\" content=\"admin\" \/>\n<meta name=\"twitter:card\" content=\"summary_large_image\" \/>\n<meta name=\"twitter:label1\" content=\"Escrito por\" \/>\n\t<meta name=\"twitter:data1\" content=\"admin\" \/>\n\t<meta name=\"twitter:label2\" content=\"Tiempo de lectura\" \/>\n\t<meta name=\"twitter:data2\" content=\"3 minutos\" \/>\n<script type=\"application\/ld+json\" class=\"yoast-schema-graph\">{\"@context\":\"https:\/\/schema.org\",\"@graph\":[{\"@type\":\"Article\",\"@id\":\"https:\/\/luchonoticias.com\/editor\/cancelacion-del-dia-sin-iva-podria-afectar-crecimiento-del-comercio-electronico-del-pais\/#article\",\"isPartOf\":{\"@id\":\"https:\/\/luchonoticias.com\/editor\/cancelacion-del-dia-sin-iva-podria-afectar-crecimiento-del-comercio-electronico-del-pais\/\"},\"author\":{\"name\":\"admin\",\"@id\":\"https:\/\/luchonoticias.com\/editor\/#\/schema\/person\/7a7fd911f58561fd056dbac7b55af9cd\"},\"headline\":\"Cancelaci\u00f3n del d\u00eda sin IVA podr\u00eda afectar crecimiento del comercio electr\u00f3nico del pa\u00eds\",\"datePublished\":\"2022-12-01T19:13:38+00:00\",\"dateModified\":\"2022-12-01T19:13:39+00:00\",\"mainEntityOfPage\":{\"@id\":\"https:\/\/luchonoticias.com\/editor\/cancelacion-del-dia-sin-iva-podria-afectar-crecimiento-del-comercio-electronico-del-pais\/\"},\"wordCount\":630,\"commentCount\":0,\"publisher\":{\"@id\":\"https:\/\/luchonoticias.com\/editor\/#\/schema\/person\/7a7fd911f58561fd056dbac7b55af9cd\"},\"articleSection\":[\"Actualidad\",\"Destacado\"],\"inLanguage\":\"es\",\"potentialAction\":[{\"@type\":\"CommentAction\",\"name\":\"Comment\",\"target\":[\"https:\/\/luchonoticias.com\/editor\/cancelacion-del-dia-sin-iva-podria-afectar-crecimiento-del-comercio-electronico-del-pais\/#respond\"]}]},{\"@type\":\"WebPage\",\"@id\":\"https:\/\/luchonoticias.com\/editor\/cancelacion-del-dia-sin-iva-podria-afectar-crecimiento-del-comercio-electronico-del-pais\/\",\"url\":\"https:\/\/luchonoticias.com\/editor\/cancelacion-del-dia-sin-iva-podria-afectar-crecimiento-del-comercio-electronico-del-pais\/\",\"name\":\"Cancelaci\u00f3n del d\u00eda sin IVA podr\u00eda afectar crecimiento del comercio electr\u00f3nico del pa\u00eds -\",\"isPartOf\":{\"@id\":\"https:\/\/luchonoticias.com\/editor\/#website\"},\"datePublished\":\"2022-12-01T19:13:38+00:00\",\"dateModified\":\"2022-12-01T19:13:39+00:00\",\"breadcrumb\":{\"@id\":\"https:\/\/luchonoticias.com\/editor\/cancelacion-del-dia-sin-iva-podria-afectar-crecimiento-del-comercio-electronico-del-pais\/#breadcrumb\"},\"inLanguage\":\"es\",\"potentialAction\":[{\"@type\":\"ReadAction\",\"target\":[\"https:\/\/luchonoticias.com\/editor\/cancelacion-del-dia-sin-iva-podria-afectar-crecimiento-del-comercio-electronico-del-pais\/\"]}]},{\"@type\":\"BreadcrumbList\",\"@id\":\"https:\/\/luchonoticias.com\/editor\/cancelacion-del-dia-sin-iva-podria-afectar-crecimiento-del-comercio-electronico-del-pais\/#breadcrumb\",\"itemListElement\":[{\"@type\":\"ListItem\",\"position\":1,\"name\":\"Portada\",\"item\":\"https:\/\/luchonoticias.com\/editor\/\"},{\"@type\":\"ListItem\",\"position\":2,\"name\":\"Cancelaci\u00f3n del d\u00eda sin IVA podr\u00eda afectar crecimiento del comercio electr\u00f3nico del pa\u00eds\"}]},{\"@type\":\"WebSite\",\"@id\":\"https:\/\/luchonoticias.com\/editor\/#website\",\"url\":\"https:\/\/luchonoticias.com\/editor\/\",\"name\":\"\",\"description\":\"\",\"publisher\":{\"@id\":\"https:\/\/luchonoticias.com\/editor\/#\/schema\/person\/7a7fd911f58561fd056dbac7b55af9cd\"},\"potentialAction\":[{\"@type\":\"SearchAction\",\"target\":{\"@type\":\"EntryPoint\",\"urlTemplate\":\"https:\/\/luchonoticias.com\/editor\/?s={search_term_string}\"},\"query-input\":{\"@type\":\"PropertyValueSpecification\",\"valueRequired\":true,\"valueName\":\"search_term_string\"}}],\"inLanguage\":\"es\"},{\"@type\":[\"Person\",\"Organization\"],\"@id\":\"https:\/\/luchonoticias.com\/editor\/#\/schema\/person\/7a7fd911f58561fd056dbac7b55af9cd\",\"name\":\"admin\",\"image\":{\"@type\":\"ImageObject\",\"inLanguage\":\"es\",\"@id\":\"https:\/\/luchonoticias.com\/editor\/#\/schema\/person\/image\/\",\"url\":\"https:\/\/luchonoticias.com\/editor\/wp-content\/uploads\/2024\/02\/cropped-cropped-logolu.webp\",\"contentUrl\":\"https:\/\/luchonoticias.com\/editor\/wp-content\/uploads\/2024\/02\/cropped-cropped-logolu.webp\",\"width\":382,\"height\":170,\"caption\":\"admin\"},\"logo\":{\"@id\":\"https:\/\/luchonoticias.com\/editor\/#\/schema\/person\/image\/\"},\"sameAs\":[\"https:\/\/www.facebook.com\/luchonoticiasneiva\"],\"url\":\"https:\/\/luchonoticias.com\/editor\/author\/admin\/\"}]}<\/script>\n<!-- \/ Yoast SEO plugin. -->","yoast_head_json":{"title":"Cancelaci\u00f3n del d\u00eda sin IVA podr\u00eda afectar crecimiento del comercio electr\u00f3nico del pa\u00eds -","robots":{"index":"index","follow":"follow","max-snippet":"max-snippet:-1","max-image-preview":"max-image-preview:large","max-video-preview":"max-video-preview:-1"},"canonical":"https:\/\/luchonoticias.com\/editor\/cancelacion-del-dia-sin-iva-podria-afectar-crecimiento-del-comercio-electronico-del-pais\/","og_locale":"es_ES","og_type":"article","og_title":"Cancelaci\u00f3n del d\u00eda sin IVA podr\u00eda afectar crecimiento del comercio electr\u00f3nico del pa\u00eds -","og_url":"https:\/\/luchonoticias.com\/editor\/cancelacion-del-dia-sin-iva-podria-afectar-crecimiento-del-comercio-electronico-del-pais\/","article_publisher":"https:\/\/www.facebook.com\/luchonoticiasneiva","article_author":"https:\/\/www.facebook.com\/luchonoticiasneiva","article_published_time":"2022-12-01T19:13:38+00:00","article_modified_time":"2022-12-01T19:13:39+00:00","author":"admin","twitter_card":"summary_large_image","twitter_misc":{"Escrito por":"admin","Tiempo de lectura":"3 minutos"},"schema":{"@context":"https:\/\/schema.org","@graph":[{"@type":"Article","@id":"https:\/\/luchonoticias.com\/editor\/cancelacion-del-dia-sin-iva-podria-afectar-crecimiento-del-comercio-electronico-del-pais\/#article","isPartOf":{"@id":"https:\/\/luchonoticias.com\/editor\/cancelacion-del-dia-sin-iva-podria-afectar-crecimiento-del-comercio-electronico-del-pais\/"},"author":{"name":"admin","@id":"https:\/\/luchonoticias.com\/editor\/#\/schema\/person\/7a7fd911f58561fd056dbac7b55af9cd"},"headline":"Cancelaci\u00f3n del d\u00eda sin IVA podr\u00eda afectar crecimiento del comercio electr\u00f3nico del pa\u00eds","datePublished":"2022-12-01T19:13:38+00:00","dateModified":"2022-12-01T19:13:39+00:00","mainEntityOfPage":{"@id":"https:\/\/luchonoticias.com\/editor\/cancelacion-del-dia-sin-iva-podria-afectar-crecimiento-del-comercio-electronico-del-pais\/"},"wordCount":630,"commentCount":0,"publisher":{"@id":"https:\/\/luchonoticias.com\/editor\/#\/schema\/person\/7a7fd911f58561fd056dbac7b55af9cd"},"articleSection":["Actualidad","Destacado"],"inLanguage":"es","potentialAction":[{"@type":"CommentAction","name":"Comment","target":["https:\/\/luchonoticias.com\/editor\/cancelacion-del-dia-sin-iva-podria-afectar-crecimiento-del-comercio-electronico-del-pais\/#respond"]}]},{"@type":"WebPage","@id":"https:\/\/luchonoticias.com\/editor\/cancelacion-del-dia-sin-iva-podria-afectar-crecimiento-del-comercio-electronico-del-pais\/","url":"https:\/\/luchonoticias.com\/editor\/cancelacion-del-dia-sin-iva-podria-afectar-crecimiento-del-comercio-electronico-del-pais\/","name":"Cancelaci\u00f3n del d\u00eda sin IVA podr\u00eda afectar crecimiento del comercio electr\u00f3nico del pa\u00eds -","isPartOf":{"@id":"https:\/\/luchonoticias.com\/editor\/#website"},"datePublished":"2022-12-01T19:13:38+00:00","dateModified":"2022-12-01T19:13:39+00:00","breadcrumb":{"@id":"https:\/\/luchonoticias.com\/editor\/cancelacion-del-dia-sin-iva-podria-afectar-crecimiento-del-comercio-electronico-del-pais\/#breadcrumb"},"inLanguage":"es","potentialAction":[{"@type":"ReadAction","target":["https:\/\/luchonoticias.com\/editor\/cancelacion-del-dia-sin-iva-podria-afectar-crecimiento-del-comercio-electronico-del-pais\/"]}]},{"@type":"BreadcrumbList","@id":"https:\/\/luchonoticias.com\/editor\/cancelacion-del-dia-sin-iva-podria-afectar-crecimiento-del-comercio-electronico-del-pais\/#breadcrumb","itemListElement":[{"@type":"ListItem","position":1,"name":"Portada","item":"https:\/\/luchonoticias.com\/editor\/"},{"@type":"ListItem","position":2,"name":"Cancelaci\u00f3n del d\u00eda sin IVA podr\u00eda afectar crecimiento del comercio electr\u00f3nico del pa\u00eds"}]},{"@type":"WebSite","@id":"https:\/\/luchonoticias.com\/editor\/#website","url":"https:\/\/luchonoticias.com\/editor\/","name":"","description":"","publisher":{"@id":"https:\/\/luchonoticias.com\/editor\/#\/schema\/person\/7a7fd911f58561fd056dbac7b55af9cd"},"potentialAction":[{"@type":"SearchAction","target":{"@type":"EntryPoint","urlTemplate":"https:\/\/luchonoticias.com\/editor\/?s={search_term_string}"},"query-input":{"@type":"PropertyValueSpecification","valueRequired":true,"valueName":"search_term_string"}}],"inLanguage":"es"},{"@type":["Person","Organization"],"@id":"https:\/\/luchonoticias.com\/editor\/#\/schema\/person\/7a7fd911f58561fd056dbac7b55af9cd","name":"admin","image":{"@type":"ImageObject","inLanguage":"es","@id":"https:\/\/luchonoticias.com\/editor\/#\/schema\/person\/image\/","url":"https:\/\/luchonoticias.com\/editor\/wp-content\/uploads\/2024\/02\/cropped-cropped-logolu.webp","contentUrl":"https:\/\/luchonoticias.com\/editor\/wp-content\/uploads\/2024\/02\/cropped-cropped-logolu.webp","width":382,"height":170,"caption":"admin"},"logo":{"@id":"https:\/\/luchonoticias.com\/editor\/#\/schema\/person\/image\/"},"sameAs":["https:\/\/www.facebook.com\/luchonoticiasneiva"],"url":"https:\/\/luchonoticias.com\/editor\/author\/admin\/"}]}},"_links":{"self":[{"href":"https:\/\/luchonoticias.com\/editor\/wp-json\/wp\/v2\/posts\/40946","targetHints":{"allow":["GET"]}}],"collection":[{"href":"https:\/\/luchonoticias.com\/editor\/wp-json\/wp\/v2\/posts"}],"about":[{"href":"https:\/\/luchonoticias.com\/editor\/wp-json\/wp\/v2\/types\/post"}],"author":[{"embeddable":true,"href":"https:\/\/luchonoticias.com\/editor\/wp-json\/wp\/v2\/users\/1"}],"replies":[{"embeddable":true,"href":"https:\/\/luchonoticias.com\/editor\/wp-json\/wp\/v2\/comments?post=40946"}],"version-history":[{"count":0,"href":"https:\/\/luchonoticias.com\/editor\/wp-json\/wp\/v2\/posts\/40946\/revisions"}],"wp:attachment":[{"href":"https:\/\/luchonoticias.com\/editor\/wp-json\/wp\/v2\/media?parent=40946"}],"wp:term":[{"taxonomy":"category","embeddable":true,"href":"https:\/\/luchonoticias.com\/editor\/wp-json\/wp\/v2\/categories?post=40946"},{"taxonomy":"post_tag","embeddable":true,"href":"https:\/\/luchonoticias.com\/editor\/wp-json\/wp\/v2\/tags?post=40946"}],"curies":[{"name":"wp","href":"https:\/\/api.w.org\/{rel}","templated":true}]}}