{"id":40949,"date":"2022-12-01T14:16:30","date_gmt":"2022-12-01T19:16:30","guid":{"rendered":"https:\/\/luchonoticias.com\/?p=40949"},"modified":"2022-12-01T14:16:49","modified_gmt":"2022-12-01T19:16:49","slug":"gobierno-nacional-hace-un-llamado-a-celebrar-las-fiestas-de-fin-de-ano-con-responsabilidad-y-sin-polvora","status":"publish","type":"post","link":"https:\/\/luchonoticias.com\/editor\/gobierno-nacional-hace-un-llamado-a-celebrar-las-fiestas-de-fin-de-ano-con-responsabilidad-y-sin-polvora\/","title":{"rendered":"Gobierno Nacional hace un llamado a celebrar las fiestas de fin de a\u00f1o con responsabilidad y sin p\u00f3lvora"},"content":{"rendered":"\n<p>En el primer d\u00eda de este mes de diciembre un beb\u00e9 result\u00f3 quemado con p\u00f3lvora en Antioquia. El anuncio lo hizo la Ministra de Salud y Protecci\u00f3n Social, Carolina Corcho, quien confirm\u00f3 que este es el objetivo de la campa\u00f1a #ElCambioEsSinP\u00f3lvora: reducir el n\u00famero de quemados y celebrar con responsabilidad.<\/p>\n\n\n\n<p>Esta campa\u00f1a es interinstitucional y, adem\u00e1s de la Presidencia de la Rep\u00fablica, vincula a al Instituto Nacional de Salud, el ICBF, la Polic\u00eda Nacional y el Ministerio de Salud y Protecci\u00f3n Social.<\/p>\n\n\n\n<p>La Ministra Corcho dijo este jueves, en la Casa de Nari\u00f1o, que la responsabilidad empieza por el hogar e invit\u00f3 a celebrar las festividades de fin de a\u00f1o sin el uso de la p\u00f3lvora.<\/p>\n\n\n\n<p>\u201cLa invitaci\u00f3n es a generar el cambio en las familias, los hogares y la ciudadan\u00eda; Hacer un llamado a la responsabilidad con el cuidado de la vida de ni\u00f1os, ni\u00f1as y adultos. Se puede hacer una celebraci\u00f3n responsable, tranquila, sin estos lamentables sucesos\u201d, afirm\u00f3 la Ministra, ratificando el eslogan de la campa\u00f1a: \u2018Potencia la vida, apaga la p\u00f3lvora\u2019.<\/p>\n\n\n\n<p>La campa\u00f1a interinstitucional #ElCambioEsSinP\u00f3lvora quiere lograr reducir el n\u00famero de quemados y har\u00e1 \u00e9nfasis en las fechas donde m\u00e1s se registran los accidentes con p\u00f3lvora: 1 de diciembre, que son las alboradas e inicios de festividades; 16 al 24 de diciembre, el periodo de novenas; 24, 25 y 31 de diciembre, donde se har\u00e1 mayor prevenci\u00f3n en todo el pa\u00eds.<\/p>\n\n\n\n<p><strong>Cifras para pensar y actuar<\/strong><\/p>\n\n\n\n<p>La funcionaria manifest\u00f3 que hay cifras del Instituto Nacional de Salud (INS) que consider\u00f3 como un preocupante balance de lesionados y quemados en las temporadas decembrinas.<\/p>\n\n\n\n<p>Seg\u00fan el Instituto, el 25 de diciembre de 2021 se registraron 110 personas afectadas por p\u00f3lvora: el 31 de diciembre de 2021, hubo 156 quemados y el 1 de enero se notificaron 270.<\/p>\n\n\n\n<p>Del total de v\u00edctimas en todo el pa\u00eds durante las celebraciones (1.174 reportados), 810 fueron adultos; 353 de ellos estaban bajo efectos del alcohol; 364 eran menores de 18 a\u00f1os, y de este grupo, 35 registraron, adem\u00e1s, consumo de bebidas embriagantes.<\/p>\n\n\n\n<p>\u201cEn este momento la Polic\u00eda de Infancia y Adolescencia est\u00e1 dispuesta en todo el territorio nacional para evitar el uso ilegal de la p\u00f3lvora. En ese sentido es importante llamar la atenci\u00f3n que no se debe vender p\u00f3lvora a ni\u00f1os, ni\u00f1as y menores de edad. Estaremos muy atentos con el ICBF y la Polic\u00eda de Infancia y Adolescencia\u201d, declar\u00f3.<\/p>\n\n\n\n<p>En cuanto a lesionados por el uso inadecuado de p\u00f3lvora, el 90,5% resultaron quemados; el 64% tuvieron laceraciones en el cuerpo, el 11% tuvieron que ser amputados, el 6,6% registraron da\u00f1os en los ojos y el 2,2% tuvieron problemas auditivos.<\/p>\n\n\n\n<p>Otras mediciones del Instituto Nacional de Salud muestran que los artefactos m\u00e1s peligrosos que se usan durante las festividades son los totes (27,9%); voladores (25,8%); cohetes (9,7%); volcanes (6%); luces de bengala (3,1%) y fuegos pirot\u00e9cnicos (2,9%).&nbsp;<\/p>\n\n\n\n<p>Adem\u00e1s, el Instituto Colombiano de Bienestar Familiar (ICBF) inici\u00f3 75 Procesos Administrativos de Restablecimiento de Derechos; brind\u00f3 asistencia y asesor\u00eda a la familia en 152 casos y amonest\u00f3 a 38 madres, padres y cuidadores, determinando su asistencia obligatoria a un curso en la Defensor\u00eda del Pueblo para fortalecer sus capacidades parentales.<\/p>\n","protected":false},"excerpt":{"rendered":"<p>En el primer d\u00eda de este mes de diciembre un beb\u00e9 result\u00f3 quemado con p\u00f3lvora en Antioquia. El anuncio lo hizo la Ministra de Salud y Protecci\u00f3n Social, Carolina Corcho, quien confirm\u00f3 que este es el objetivo de la campa\u00f1a #ElCambioEsSinP\u00f3lvora: reducir el n\u00famero de quemados y celebrar con responsabilidad. Esta campa\u00f1a es interinstitucional y, [&hellip;]<\/p>\n","protected":false},"author":1,"featured_media":0,"comment_status":"open","ping_status":"open","sticky":false,"template":"","format":"standard","meta":{"footnotes":""},"categories":[36,32],"tags":[],"class_list":["post-40949","post","type-post","status-publish","format-standard","hentry","category-destacado","category-nacional"],"yoast_head":"<!-- This site is optimized with the Yoast SEO plugin v26.6 - https:\/\/yoast.com\/wordpress\/plugins\/seo\/ -->\n<title>Gobierno Nacional hace un llamado a celebrar las fiestas de fin de a\u00f1o con responsabilidad y sin p\u00f3lvora -<\/title>\n<meta name=\"robots\" content=\"index, follow, max-snippet:-1, max-image-preview:large, max-video-preview:-1\" \/>\n<link rel=\"canonical\" href=\"https:\/\/luchonoticias.com\/editor\/gobierno-nacional-hace-un-llamado-a-celebrar-las-fiestas-de-fin-de-ano-con-responsabilidad-y-sin-polvora\/\" \/>\n<meta property=\"og:locale\" content=\"es_ES\" \/>\n<meta property=\"og:type\" content=\"article\" \/>\n<meta property=\"og:title\" content=\"Gobierno Nacional hace un llamado a celebrar las fiestas de fin de a\u00f1o con responsabilidad y sin p\u00f3lvora -\" \/>\n<meta property=\"og:url\" content=\"https:\/\/luchonoticias.com\/editor\/gobierno-nacional-hace-un-llamado-a-celebrar-las-fiestas-de-fin-de-ano-con-responsabilidad-y-sin-polvora\/\" \/>\n<meta property=\"article:publisher\" content=\"https:\/\/www.facebook.com\/luchonoticiasneiva\" \/>\n<meta property=\"article:author\" content=\"https:\/\/www.facebook.com\/luchonoticiasneiva\" \/>\n<meta property=\"article:published_time\" content=\"2022-12-01T19:16:30+00:00\" \/>\n<meta property=\"article:modified_time\" content=\"2022-12-01T19:16:49+00:00\" \/>\n<meta name=\"author\" content=\"admin\" \/>\n<meta name=\"twitter:card\" content=\"summary_large_image\" \/>\n<meta name=\"twitter:label1\" content=\"Escrito por\" \/>\n\t<meta name=\"twitter:data1\" content=\"admin\" \/>\n\t<meta name=\"twitter:label2\" content=\"Tiempo de lectura\" \/>\n\t<meta name=\"twitter:data2\" content=\"3 minutos\" \/>\n<script type=\"application\/ld+json\" class=\"yoast-schema-graph\">{\"@context\":\"https:\/\/schema.org\",\"@graph\":[{\"@type\":\"Article\",\"@id\":\"https:\/\/luchonoticias.com\/editor\/gobierno-nacional-hace-un-llamado-a-celebrar-las-fiestas-de-fin-de-ano-con-responsabilidad-y-sin-polvora\/#article\",\"isPartOf\":{\"@id\":\"https:\/\/luchonoticias.com\/editor\/gobierno-nacional-hace-un-llamado-a-celebrar-las-fiestas-de-fin-de-ano-con-responsabilidad-y-sin-polvora\/\"},\"author\":{\"name\":\"admin\",\"@id\":\"https:\/\/luchonoticias.com\/editor\/#\/schema\/person\/7a7fd911f58561fd056dbac7b55af9cd\"},\"headline\":\"Gobierno Nacional hace un llamado a celebrar las fiestas de fin de a\u00f1o con responsabilidad y sin p\u00f3lvora\",\"datePublished\":\"2022-12-01T19:16:30+00:00\",\"dateModified\":\"2022-12-01T19:16:49+00:00\",\"mainEntityOfPage\":{\"@id\":\"https:\/\/luchonoticias.com\/editor\/gobierno-nacional-hace-un-llamado-a-celebrar-las-fiestas-de-fin-de-ano-con-responsabilidad-y-sin-polvora\/\"},\"wordCount\":561,\"commentCount\":0,\"publisher\":{\"@id\":\"https:\/\/luchonoticias.com\/editor\/#\/schema\/person\/7a7fd911f58561fd056dbac7b55af9cd\"},\"articleSection\":[\"Destacado\",\"Nacional\"],\"inLanguage\":\"es\",\"potentialAction\":[{\"@type\":\"CommentAction\",\"name\":\"Comment\",\"target\":[\"https:\/\/luchonoticias.com\/editor\/gobierno-nacional-hace-un-llamado-a-celebrar-las-fiestas-de-fin-de-ano-con-responsabilidad-y-sin-polvora\/#respond\"]}]},{\"@type\":\"WebPage\",\"@id\":\"https:\/\/luchonoticias.com\/editor\/gobierno-nacional-hace-un-llamado-a-celebrar-las-fiestas-de-fin-de-ano-con-responsabilidad-y-sin-polvora\/\",\"url\":\"https:\/\/luchonoticias.com\/editor\/gobierno-nacional-hace-un-llamado-a-celebrar-las-fiestas-de-fin-de-ano-con-responsabilidad-y-sin-polvora\/\",\"name\":\"Gobierno Nacional hace un llamado a celebrar las fiestas de fin de a\u00f1o con responsabilidad y sin p\u00f3lvora -\",\"isPartOf\":{\"@id\":\"https:\/\/luchonoticias.com\/editor\/#website\"},\"datePublished\":\"2022-12-01T19:16:30+00:00\",\"dateModified\":\"2022-12-01T19:16:49+00:00\",\"breadcrumb\":{\"@id\":\"https:\/\/luchonoticias.com\/editor\/gobierno-nacional-hace-un-llamado-a-celebrar-las-fiestas-de-fin-de-ano-con-responsabilidad-y-sin-polvora\/#breadcrumb\"},\"inLanguage\":\"es\",\"potentialAction\":[{\"@type\":\"ReadAction\",\"target\":[\"https:\/\/luchonoticias.com\/editor\/gobierno-nacional-hace-un-llamado-a-celebrar-las-fiestas-de-fin-de-ano-con-responsabilidad-y-sin-polvora\/\"]}]},{\"@type\":\"BreadcrumbList\",\"@id\":\"https:\/\/luchonoticias.com\/editor\/gobierno-nacional-hace-un-llamado-a-celebrar-las-fiestas-de-fin-de-ano-con-responsabilidad-y-sin-polvora\/#breadcrumb\",\"itemListElement\":[{\"@type\":\"ListItem\",\"position\":1,\"name\":\"Portada\",\"item\":\"https:\/\/luchonoticias.com\/editor\/\"},{\"@type\":\"ListItem\",\"position\":2,\"name\":\"Gobierno Nacional hace un llamado a celebrar las fiestas de fin de a\u00f1o con responsabilidad y sin p\u00f3lvora\"}]},{\"@type\":\"WebSite\",\"@id\":\"https:\/\/luchonoticias.com\/editor\/#website\",\"url\":\"https:\/\/luchonoticias.com\/editor\/\",\"name\":\"\",\"description\":\"\",\"publisher\":{\"@id\":\"https:\/\/luchonoticias.com\/editor\/#\/schema\/person\/7a7fd911f58561fd056dbac7b55af9cd\"},\"potentialAction\":[{\"@type\":\"SearchAction\",\"target\":{\"@type\":\"EntryPoint\",\"urlTemplate\":\"https:\/\/luchonoticias.com\/editor\/?s={search_term_string}\"},\"query-input\":{\"@type\":\"PropertyValueSpecification\",\"valueRequired\":true,\"valueName\":\"search_term_string\"}}],\"inLanguage\":\"es\"},{\"@type\":[\"Person\",\"Organization\"],\"@id\":\"https:\/\/luchonoticias.com\/editor\/#\/schema\/person\/7a7fd911f58561fd056dbac7b55af9cd\",\"name\":\"admin\",\"image\":{\"@type\":\"ImageObject\",\"inLanguage\":\"es\",\"@id\":\"https:\/\/luchonoticias.com\/editor\/#\/schema\/person\/image\/\",\"url\":\"https:\/\/luchonoticias.com\/editor\/wp-content\/uploads\/2024\/02\/cropped-cropped-logolu.webp\",\"contentUrl\":\"https:\/\/luchonoticias.com\/editor\/wp-content\/uploads\/2024\/02\/cropped-cropped-logolu.webp\",\"width\":382,\"height\":170,\"caption\":\"admin\"},\"logo\":{\"@id\":\"https:\/\/luchonoticias.com\/editor\/#\/schema\/person\/image\/\"},\"sameAs\":[\"https:\/\/www.facebook.com\/luchonoticiasneiva\"],\"url\":\"https:\/\/luchonoticias.com\/editor\/author\/admin\/\"}]}<\/script>\n<!-- \/ Yoast SEO plugin. -->","yoast_head_json":{"title":"Gobierno Nacional hace un llamado a celebrar las fiestas de fin de a\u00f1o con responsabilidad y sin p\u00f3lvora -","robots":{"index":"index","follow":"follow","max-snippet":"max-snippet:-1","max-image-preview":"max-image-preview:large","max-video-preview":"max-video-preview:-1"},"canonical":"https:\/\/luchonoticias.com\/editor\/gobierno-nacional-hace-un-llamado-a-celebrar-las-fiestas-de-fin-de-ano-con-responsabilidad-y-sin-polvora\/","og_locale":"es_ES","og_type":"article","og_title":"Gobierno Nacional hace un llamado a celebrar las fiestas de fin de a\u00f1o con responsabilidad y sin p\u00f3lvora -","og_url":"https:\/\/luchonoticias.com\/editor\/gobierno-nacional-hace-un-llamado-a-celebrar-las-fiestas-de-fin-de-ano-con-responsabilidad-y-sin-polvora\/","article_publisher":"https:\/\/www.facebook.com\/luchonoticiasneiva","article_author":"https:\/\/www.facebook.com\/luchonoticiasneiva","article_published_time":"2022-12-01T19:16:30+00:00","article_modified_time":"2022-12-01T19:16:49+00:00","author":"admin","twitter_card":"summary_large_image","twitter_misc":{"Escrito por":"admin","Tiempo de lectura":"3 minutos"},"schema":{"@context":"https:\/\/schema.org","@graph":[{"@type":"Article","@id":"https:\/\/luchonoticias.com\/editor\/gobierno-nacional-hace-un-llamado-a-celebrar-las-fiestas-de-fin-de-ano-con-responsabilidad-y-sin-polvora\/#article","isPartOf":{"@id":"https:\/\/luchonoticias.com\/editor\/gobierno-nacional-hace-un-llamado-a-celebrar-las-fiestas-de-fin-de-ano-con-responsabilidad-y-sin-polvora\/"},"author":{"name":"admin","@id":"https:\/\/luchonoticias.com\/editor\/#\/schema\/person\/7a7fd911f58561fd056dbac7b55af9cd"},"headline":"Gobierno Nacional hace un llamado a celebrar las fiestas de fin de a\u00f1o con responsabilidad y sin p\u00f3lvora","datePublished":"2022-12-01T19:16:30+00:00","dateModified":"2022-12-01T19:16:49+00:00","mainEntityOfPage":{"@id":"https:\/\/luchonoticias.com\/editor\/gobierno-nacional-hace-un-llamado-a-celebrar-las-fiestas-de-fin-de-ano-con-responsabilidad-y-sin-polvora\/"},"wordCount":561,"commentCount":0,"publisher":{"@id":"https:\/\/luchonoticias.com\/editor\/#\/schema\/person\/7a7fd911f58561fd056dbac7b55af9cd"},"articleSection":["Destacado","Nacional"],"inLanguage":"es","potentialAction":[{"@type":"CommentAction","name":"Comment","target":["https:\/\/luchonoticias.com\/editor\/gobierno-nacional-hace-un-llamado-a-celebrar-las-fiestas-de-fin-de-ano-con-responsabilidad-y-sin-polvora\/#respond"]}]},{"@type":"WebPage","@id":"https:\/\/luchonoticias.com\/editor\/gobierno-nacional-hace-un-llamado-a-celebrar-las-fiestas-de-fin-de-ano-con-responsabilidad-y-sin-polvora\/","url":"https:\/\/luchonoticias.com\/editor\/gobierno-nacional-hace-un-llamado-a-celebrar-las-fiestas-de-fin-de-ano-con-responsabilidad-y-sin-polvora\/","name":"Gobierno Nacional hace un llamado a celebrar las fiestas de fin de a\u00f1o con responsabilidad y sin p\u00f3lvora -","isPartOf":{"@id":"https:\/\/luchonoticias.com\/editor\/#website"},"datePublished":"2022-12-01T19:16:30+00:00","dateModified":"2022-12-01T19:16:49+00:00","breadcrumb":{"@id":"https:\/\/luchonoticias.com\/editor\/gobierno-nacional-hace-un-llamado-a-celebrar-las-fiestas-de-fin-de-ano-con-responsabilidad-y-sin-polvora\/#breadcrumb"},"inLanguage":"es","potentialAction":[{"@type":"ReadAction","target":["https:\/\/luchonoticias.com\/editor\/gobierno-nacional-hace-un-llamado-a-celebrar-las-fiestas-de-fin-de-ano-con-responsabilidad-y-sin-polvora\/"]}]},{"@type":"BreadcrumbList","@id":"https:\/\/luchonoticias.com\/editor\/gobierno-nacional-hace-un-llamado-a-celebrar-las-fiestas-de-fin-de-ano-con-responsabilidad-y-sin-polvora\/#breadcrumb","itemListElement":[{"@type":"ListItem","position":1,"name":"Portada","item":"https:\/\/luchonoticias.com\/editor\/"},{"@type":"ListItem","position":2,"name":"Gobierno Nacional hace un llamado a celebrar las fiestas de fin de a\u00f1o con responsabilidad y sin p\u00f3lvora"}]},{"@type":"WebSite","@id":"https:\/\/luchonoticias.com\/editor\/#website","url":"https:\/\/luchonoticias.com\/editor\/","name":"","description":"","publisher":{"@id":"https:\/\/luchonoticias.com\/editor\/#\/schema\/person\/7a7fd911f58561fd056dbac7b55af9cd"},"potentialAction":[{"@type":"SearchAction","target":{"@type":"EntryPoint","urlTemplate":"https:\/\/luchonoticias.com\/editor\/?s={search_term_string}"},"query-input":{"@type":"PropertyValueSpecification","valueRequired":true,"valueName":"search_term_string"}}],"inLanguage":"es"},{"@type":["Person","Organization"],"@id":"https:\/\/luchonoticias.com\/editor\/#\/schema\/person\/7a7fd911f58561fd056dbac7b55af9cd","name":"admin","image":{"@type":"ImageObject","inLanguage":"es","@id":"https:\/\/luchonoticias.com\/editor\/#\/schema\/person\/image\/","url":"https:\/\/luchonoticias.com\/editor\/wp-content\/uploads\/2024\/02\/cropped-cropped-logolu.webp","contentUrl":"https:\/\/luchonoticias.com\/editor\/wp-content\/uploads\/2024\/02\/cropped-cropped-logolu.webp","width":382,"height":170,"caption":"admin"},"logo":{"@id":"https:\/\/luchonoticias.com\/editor\/#\/schema\/person\/image\/"},"sameAs":["https:\/\/www.facebook.com\/luchonoticiasneiva"],"url":"https:\/\/luchonoticias.com\/editor\/author\/admin\/"}]}},"_links":{"self":[{"href":"https:\/\/luchonoticias.com\/editor\/wp-json\/wp\/v2\/posts\/40949","targetHints":{"allow":["GET"]}}],"collection":[{"href":"https:\/\/luchonoticias.com\/editor\/wp-json\/wp\/v2\/posts"}],"about":[{"href":"https:\/\/luchonoticias.com\/editor\/wp-json\/wp\/v2\/types\/post"}],"author":[{"embeddable":true,"href":"https:\/\/luchonoticias.com\/editor\/wp-json\/wp\/v2\/users\/1"}],"replies":[{"embeddable":true,"href":"https:\/\/luchonoticias.com\/editor\/wp-json\/wp\/v2\/comments?post=40949"}],"version-history":[{"count":0,"href":"https:\/\/luchonoticias.com\/editor\/wp-json\/wp\/v2\/posts\/40949\/revisions"}],"wp:attachment":[{"href":"https:\/\/luchonoticias.com\/editor\/wp-json\/wp\/v2\/media?parent=40949"}],"wp:term":[{"taxonomy":"category","embeddable":true,"href":"https:\/\/luchonoticias.com\/editor\/wp-json\/wp\/v2\/categories?post=40949"},{"taxonomy":"post_tag","embeddable":true,"href":"https:\/\/luchonoticias.com\/editor\/wp-json\/wp\/v2\/tags?post=40949"}],"curies":[{"name":"wp","href":"https:\/\/api.w.org\/{rel}","templated":true}]}}