{"id":40953,"date":"2022-12-01T14:18:45","date_gmt":"2022-12-01T19:18:45","guid":{"rendered":"https:\/\/luchonoticias.com\/?p=40953"},"modified":"2022-12-01T14:18:46","modified_gmt":"2022-12-01T19:18:46","slug":"participe-este-viernes-del-ultimo-mercado-campesino-de-2022","status":"publish","type":"post","link":"https:\/\/luchonoticias.com\/editor\/participe-este-viernes-del-ultimo-mercado-campesino-de-2022\/","title":{"rendered":"Participe este viernes del \u00faltimo mercado campesino de 2022"},"content":{"rendered":"\n<p>Con una variada oferta del campo huilense, el mercado campesino institucional liderado por la Gobernaci\u00f3n del Huila, en articulaci\u00f3n con entidades del orden regional y nacional, se convierte en la mejor alternativa para adquirir productos frescos y de calidad a los mejores precios, gracias a un proceso de comercializaci\u00f3n directo entre el productor primario y el consumidor.<\/p>\n\n\n\n<p>Tamales, frutas, verduras, pescados, quesos asados, productos de panader\u00eda, v\u00edveres, aguacate, carne de ovejo, huevos criollos, miel de abejas, yogurt, salsas, antipastos, vinos, sabajones, y hasta noche buena para quienes quieren antojarse de los sabores de la navidad, har\u00e1n parte de este variado stand de productos que llegan directamente del campo a su mesa.<\/p>\n\n\n\n<figure class=\"wp-block-gallery has-nested-images columns-default is-cropped wp-block-gallery-1 is-layout-flex wp-block-gallery-is-layout-flex\">\n<figure class=\"wp-block-image size-large\"><img decoding=\"async\" data-id=\"40955\" src=\"https:\/\/luchonoticias.com\/wp-content\/uploads\/2022\/12\/WhatsApp-Image-2022-12-01-at-8.59.17-AM-1024x683.jpeg\" alt=\"\" class=\"wp-image-40955\"\/><\/figure>\n<\/figure>\n\n\n\n<p>Los mercados campesinos hacen parte de la estrategia de circuitos cortos de comercializaci\u00f3n, con los que se busca eliminar la intermediaci\u00f3n, mejorando los ingresos de los productores primarios, y con ello su calidad de vida.<\/p>\n\n\n\n<p>En ese sentido el Secretario de Agricultura y Miner\u00eda de la Gobernaci\u00f3n del Huila, Dilberto Trujillo Duss\u00e1n, invit\u00f3 a toda la ciudadan\u00eda huilense a participar de esta actividad, al indicar que comprar sus productos es la mejor manera de apoyar a los campesinos.<\/p>\n\n\n\n<p>\u201cLos esperamos este viernes, van a encontrar uchuvas, trucha, tilapia, verduras, pan, postres y todo lo que nuestros productores rurales hacen, por eso es importante que les compremos. Normalmente la gente se queja del abandono al campo colombiano, pero en la realidad no estamos aportando a cambiar esa situaci\u00f3n; por eso si queremos ayudarle a los campesinos, compr\u00e9mosle directamente a ellos, que es lo que buscamos con estos espacios\u201d, dijo.<\/p>\n\n\n\n<figure class=\"wp-block-image size-large\"><img decoding=\"async\" src=\"https:\/\/luchonoticias.com\/wp-content\/uploads\/2022\/12\/WhatsApp-Image-2022-12-01-at-8.59.46-AM-698x1024.jpeg\" alt=\"\" class=\"wp-image-40956\"\/><\/figure>\n\n\n\n<p>Cabe resaltar que los mercados campesinos se han convertido en una vitrina para mostrar los diferentes emprendimientos que surgen como una propuesta de ir m\u00e1s all\u00e1 de vender materias primas, y mediante procesos de transformaci\u00f3n entregarle al consumidor un producto terminado.<\/p>\n\n\n\n<p>Igualmente son un espacio importante para los productores agropecuarios que vienen adoptando nuevas estrategias de producci\u00f3n limpia, reduciendo el uso de pesticidas, mejorando el impacto ambiental, y comercializando productos org\u00e1nicos que hoy tienen una interesante demanda.<\/p>\n\n\n\n<p>Por eso este viernes, el mejor plan es unirse al Mercado Campesino Institucional de 7:00 a.m. A 2:00 p.m.&nbsp; y comprarles a los campesinos huilenses todos sus productos.<\/p>\n","protected":false},"excerpt":{"rendered":"<p>Con una variada oferta del campo huilense, el mercado campesino institucional liderado por la Gobernaci\u00f3n del Huila, en articulaci\u00f3n con entidades del orden regional y nacional, se convierte en la mejor alternativa para adquirir productos frescos y de calidad a los mejores precios, gracias a un proceso de comercializaci\u00f3n directo entre el productor primario y [&hellip;]<\/p>\n","protected":false},"author":1,"featured_media":0,"comment_status":"open","ping_status":"open","sticky":false,"template":"","format":"standard","meta":{"footnotes":""},"categories":[36,33],"tags":[],"class_list":["post-40953","post","type-post","status-publish","format-standard","hentry","category-destacado","category-huila"],"yoast_head":"<!-- This site is optimized with the Yoast SEO plugin v26.6 - https:\/\/yoast.com\/wordpress\/plugins\/seo\/ -->\n<title>Participe este viernes del \u00faltimo mercado campesino de 2022 -<\/title>\n<meta name=\"robots\" content=\"index, follow, max-snippet:-1, max-image-preview:large, max-video-preview:-1\" \/>\n<link rel=\"canonical\" href=\"https:\/\/luchonoticias.com\/editor\/participe-este-viernes-del-ultimo-mercado-campesino-de-2022\/\" \/>\n<meta property=\"og:locale\" content=\"es_ES\" \/>\n<meta property=\"og:type\" content=\"article\" \/>\n<meta property=\"og:title\" content=\"Participe este viernes del \u00faltimo mercado campesino de 2022 -\" \/>\n<meta property=\"og:url\" content=\"https:\/\/luchonoticias.com\/editor\/participe-este-viernes-del-ultimo-mercado-campesino-de-2022\/\" \/>\n<meta property=\"article:publisher\" content=\"https:\/\/www.facebook.com\/luchonoticiasneiva\" \/>\n<meta property=\"article:author\" content=\"https:\/\/www.facebook.com\/luchonoticiasneiva\" \/>\n<meta property=\"article:published_time\" content=\"2022-12-01T19:18:45+00:00\" \/>\n<meta property=\"article:modified_time\" content=\"2022-12-01T19:18:46+00:00\" \/>\n<meta property=\"og:image\" content=\"https:\/\/luchonoticias.com\/wp-content\/uploads\/2022\/12\/WhatsApp-Image-2022-12-01-at-8.59.17-AM-1024x683.jpeg\" \/>\n<meta name=\"author\" content=\"admin\" \/>\n<meta name=\"twitter:card\" content=\"summary_large_image\" \/>\n<meta name=\"twitter:label1\" content=\"Escrito por\" \/>\n\t<meta name=\"twitter:data1\" content=\"admin\" \/>\n\t<meta name=\"twitter:label2\" content=\"Tiempo de lectura\" \/>\n\t<meta name=\"twitter:data2\" content=\"2 minutos\" \/>\n<script type=\"application\/ld+json\" class=\"yoast-schema-graph\">{\"@context\":\"https:\/\/schema.org\",\"@graph\":[{\"@type\":\"Article\",\"@id\":\"https:\/\/luchonoticias.com\/editor\/participe-este-viernes-del-ultimo-mercado-campesino-de-2022\/#article\",\"isPartOf\":{\"@id\":\"https:\/\/luchonoticias.com\/editor\/participe-este-viernes-del-ultimo-mercado-campesino-de-2022\/\"},\"author\":{\"name\":\"admin\",\"@id\":\"https:\/\/luchonoticias.com\/editor\/#\/schema\/person\/7a7fd911f58561fd056dbac7b55af9cd\"},\"headline\":\"Participe este viernes del \u00faltimo mercado campesino de 2022\",\"datePublished\":\"2022-12-01T19:18:45+00:00\",\"dateModified\":\"2022-12-01T19:18:46+00:00\",\"mainEntityOfPage\":{\"@id\":\"https:\/\/luchonoticias.com\/editor\/participe-este-viernes-del-ultimo-mercado-campesino-de-2022\/\"},\"wordCount\":391,\"commentCount\":0,\"publisher\":{\"@id\":\"https:\/\/luchonoticias.com\/editor\/#\/schema\/person\/7a7fd911f58561fd056dbac7b55af9cd\"},\"image\":{\"@id\":\"https:\/\/luchonoticias.com\/editor\/participe-este-viernes-del-ultimo-mercado-campesino-de-2022\/#primaryimage\"},\"thumbnailUrl\":\"https:\/\/luchonoticias.com\/wp-content\/uploads\/2022\/12\/WhatsApp-Image-2022-12-01-at-8.59.17-AM-1024x683.jpeg\",\"articleSection\":[\"Destacado\",\"Huila\"],\"inLanguage\":\"es\",\"potentialAction\":[{\"@type\":\"CommentAction\",\"name\":\"Comment\",\"target\":[\"https:\/\/luchonoticias.com\/editor\/participe-este-viernes-del-ultimo-mercado-campesino-de-2022\/#respond\"]}]},{\"@type\":\"WebPage\",\"@id\":\"https:\/\/luchonoticias.com\/editor\/participe-este-viernes-del-ultimo-mercado-campesino-de-2022\/\",\"url\":\"https:\/\/luchonoticias.com\/editor\/participe-este-viernes-del-ultimo-mercado-campesino-de-2022\/\",\"name\":\"Participe este viernes del \u00faltimo mercado campesino de 2022 -\",\"isPartOf\":{\"@id\":\"https:\/\/luchonoticias.com\/editor\/#website\"},\"primaryImageOfPage\":{\"@id\":\"https:\/\/luchonoticias.com\/editor\/participe-este-viernes-del-ultimo-mercado-campesino-de-2022\/#primaryimage\"},\"image\":{\"@id\":\"https:\/\/luchonoticias.com\/editor\/participe-este-viernes-del-ultimo-mercado-campesino-de-2022\/#primaryimage\"},\"thumbnailUrl\":\"https:\/\/luchonoticias.com\/wp-content\/uploads\/2022\/12\/WhatsApp-Image-2022-12-01-at-8.59.17-AM-1024x683.jpeg\",\"datePublished\":\"2022-12-01T19:18:45+00:00\",\"dateModified\":\"2022-12-01T19:18:46+00:00\",\"breadcrumb\":{\"@id\":\"https:\/\/luchonoticias.com\/editor\/participe-este-viernes-del-ultimo-mercado-campesino-de-2022\/#breadcrumb\"},\"inLanguage\":\"es\",\"potentialAction\":[{\"@type\":\"ReadAction\",\"target\":[\"https:\/\/luchonoticias.com\/editor\/participe-este-viernes-del-ultimo-mercado-campesino-de-2022\/\"]}]},{\"@type\":\"ImageObject\",\"inLanguage\":\"es\",\"@id\":\"https:\/\/luchonoticias.com\/editor\/participe-este-viernes-del-ultimo-mercado-campesino-de-2022\/#primaryimage\",\"url\":\"https:\/\/luchonoticias.com\/wp-content\/uploads\/2022\/12\/WhatsApp-Image-2022-12-01-at-8.59.17-AM-1024x683.jpeg\",\"contentUrl\":\"https:\/\/luchonoticias.com\/wp-content\/uploads\/2022\/12\/WhatsApp-Image-2022-12-01-at-8.59.17-AM-1024x683.jpeg\"},{\"@type\":\"BreadcrumbList\",\"@id\":\"https:\/\/luchonoticias.com\/editor\/participe-este-viernes-del-ultimo-mercado-campesino-de-2022\/#breadcrumb\",\"itemListElement\":[{\"@type\":\"ListItem\",\"position\":1,\"name\":\"Portada\",\"item\":\"https:\/\/luchonoticias.com\/editor\/\"},{\"@type\":\"ListItem\",\"position\":2,\"name\":\"Participe este viernes del \u00faltimo mercado campesino de 2022\"}]},{\"@type\":\"WebSite\",\"@id\":\"https:\/\/luchonoticias.com\/editor\/#website\",\"url\":\"https:\/\/luchonoticias.com\/editor\/\",\"name\":\"\",\"description\":\"\",\"publisher\":{\"@id\":\"https:\/\/luchonoticias.com\/editor\/#\/schema\/person\/7a7fd911f58561fd056dbac7b55af9cd\"},\"potentialAction\":[{\"@type\":\"SearchAction\",\"target\":{\"@type\":\"EntryPoint\",\"urlTemplate\":\"https:\/\/luchonoticias.com\/editor\/?s={search_term_string}\"},\"query-input\":{\"@type\":\"PropertyValueSpecification\",\"valueRequired\":true,\"valueName\":\"search_term_string\"}}],\"inLanguage\":\"es\"},{\"@type\":[\"Person\",\"Organization\"],\"@id\":\"https:\/\/luchonoticias.com\/editor\/#\/schema\/person\/7a7fd911f58561fd056dbac7b55af9cd\",\"name\":\"admin\",\"image\":{\"@type\":\"ImageObject\",\"inLanguage\":\"es\",\"@id\":\"https:\/\/luchonoticias.com\/editor\/#\/schema\/person\/image\/\",\"url\":\"https:\/\/luchonoticias.com\/editor\/wp-content\/uploads\/2024\/02\/cropped-cropped-logolu.webp\",\"contentUrl\":\"https:\/\/luchonoticias.com\/editor\/wp-content\/uploads\/2024\/02\/cropped-cropped-logolu.webp\",\"width\":382,\"height\":170,\"caption\":\"admin\"},\"logo\":{\"@id\":\"https:\/\/luchonoticias.com\/editor\/#\/schema\/person\/image\/\"},\"sameAs\":[\"https:\/\/www.facebook.com\/luchonoticiasneiva\"],\"url\":\"https:\/\/luchonoticias.com\/editor\/author\/admin\/\"}]}<\/script>\n<!-- \/ Yoast SEO plugin. -->","yoast_head_json":{"title":"Participe este viernes del \u00faltimo mercado campesino de 2022 -","robots":{"index":"index","follow":"follow","max-snippet":"max-snippet:-1","max-image-preview":"max-image-preview:large","max-video-preview":"max-video-preview:-1"},"canonical":"https:\/\/luchonoticias.com\/editor\/participe-este-viernes-del-ultimo-mercado-campesino-de-2022\/","og_locale":"es_ES","og_type":"article","og_title":"Participe este viernes del \u00faltimo mercado campesino de 2022 -","og_url":"https:\/\/luchonoticias.com\/editor\/participe-este-viernes-del-ultimo-mercado-campesino-de-2022\/","article_publisher":"https:\/\/www.facebook.com\/luchonoticiasneiva","article_author":"https:\/\/www.facebook.com\/luchonoticiasneiva","article_published_time":"2022-12-01T19:18:45+00:00","article_modified_time":"2022-12-01T19:18:46+00:00","og_image":[{"url":"https:\/\/luchonoticias.com\/wp-content\/uploads\/2022\/12\/WhatsApp-Image-2022-12-01-at-8.59.17-AM-1024x683.jpeg","type":"","width":"","height":""}],"author":"admin","twitter_card":"summary_large_image","twitter_misc":{"Escrito por":"admin","Tiempo de lectura":"2 minutos"},"schema":{"@context":"https:\/\/schema.org","@graph":[{"@type":"Article","@id":"https:\/\/luchonoticias.com\/editor\/participe-este-viernes-del-ultimo-mercado-campesino-de-2022\/#article","isPartOf":{"@id":"https:\/\/luchonoticias.com\/editor\/participe-este-viernes-del-ultimo-mercado-campesino-de-2022\/"},"author":{"name":"admin","@id":"https:\/\/luchonoticias.com\/editor\/#\/schema\/person\/7a7fd911f58561fd056dbac7b55af9cd"},"headline":"Participe este viernes del \u00faltimo mercado campesino de 2022","datePublished":"2022-12-01T19:18:45+00:00","dateModified":"2022-12-01T19:18:46+00:00","mainEntityOfPage":{"@id":"https:\/\/luchonoticias.com\/editor\/participe-este-viernes-del-ultimo-mercado-campesino-de-2022\/"},"wordCount":391,"commentCount":0,"publisher":{"@id":"https:\/\/luchonoticias.com\/editor\/#\/schema\/person\/7a7fd911f58561fd056dbac7b55af9cd"},"image":{"@id":"https:\/\/luchonoticias.com\/editor\/participe-este-viernes-del-ultimo-mercado-campesino-de-2022\/#primaryimage"},"thumbnailUrl":"https:\/\/luchonoticias.com\/wp-content\/uploads\/2022\/12\/WhatsApp-Image-2022-12-01-at-8.59.17-AM-1024x683.jpeg","articleSection":["Destacado","Huila"],"inLanguage":"es","potentialAction":[{"@type":"CommentAction","name":"Comment","target":["https:\/\/luchonoticias.com\/editor\/participe-este-viernes-del-ultimo-mercado-campesino-de-2022\/#respond"]}]},{"@type":"WebPage","@id":"https:\/\/luchonoticias.com\/editor\/participe-este-viernes-del-ultimo-mercado-campesino-de-2022\/","url":"https:\/\/luchonoticias.com\/editor\/participe-este-viernes-del-ultimo-mercado-campesino-de-2022\/","name":"Participe este viernes del \u00faltimo mercado campesino de 2022 -","isPartOf":{"@id":"https:\/\/luchonoticias.com\/editor\/#website"},"primaryImageOfPage":{"@id":"https:\/\/luchonoticias.com\/editor\/participe-este-viernes-del-ultimo-mercado-campesino-de-2022\/#primaryimage"},"image":{"@id":"https:\/\/luchonoticias.com\/editor\/participe-este-viernes-del-ultimo-mercado-campesino-de-2022\/#primaryimage"},"thumbnailUrl":"https:\/\/luchonoticias.com\/wp-content\/uploads\/2022\/12\/WhatsApp-Image-2022-12-01-at-8.59.17-AM-1024x683.jpeg","datePublished":"2022-12-01T19:18:45+00:00","dateModified":"2022-12-01T19:18:46+00:00","breadcrumb":{"@id":"https:\/\/luchonoticias.com\/editor\/participe-este-viernes-del-ultimo-mercado-campesino-de-2022\/#breadcrumb"},"inLanguage":"es","potentialAction":[{"@type":"ReadAction","target":["https:\/\/luchonoticias.com\/editor\/participe-este-viernes-del-ultimo-mercado-campesino-de-2022\/"]}]},{"@type":"ImageObject","inLanguage":"es","@id":"https:\/\/luchonoticias.com\/editor\/participe-este-viernes-del-ultimo-mercado-campesino-de-2022\/#primaryimage","url":"https:\/\/luchonoticias.com\/wp-content\/uploads\/2022\/12\/WhatsApp-Image-2022-12-01-at-8.59.17-AM-1024x683.jpeg","contentUrl":"https:\/\/luchonoticias.com\/wp-content\/uploads\/2022\/12\/WhatsApp-Image-2022-12-01-at-8.59.17-AM-1024x683.jpeg"},{"@type":"BreadcrumbList","@id":"https:\/\/luchonoticias.com\/editor\/participe-este-viernes-del-ultimo-mercado-campesino-de-2022\/#breadcrumb","itemListElement":[{"@type":"ListItem","position":1,"name":"Portada","item":"https:\/\/luchonoticias.com\/editor\/"},{"@type":"ListItem","position":2,"name":"Participe este viernes del \u00faltimo mercado campesino de 2022"}]},{"@type":"WebSite","@id":"https:\/\/luchonoticias.com\/editor\/#website","url":"https:\/\/luchonoticias.com\/editor\/","name":"","description":"","publisher":{"@id":"https:\/\/luchonoticias.com\/editor\/#\/schema\/person\/7a7fd911f58561fd056dbac7b55af9cd"},"potentialAction":[{"@type":"SearchAction","target":{"@type":"EntryPoint","urlTemplate":"https:\/\/luchonoticias.com\/editor\/?s={search_term_string}"},"query-input":{"@type":"PropertyValueSpecification","valueRequired":true,"valueName":"search_term_string"}}],"inLanguage":"es"},{"@type":["Person","Organization"],"@id":"https:\/\/luchonoticias.com\/editor\/#\/schema\/person\/7a7fd911f58561fd056dbac7b55af9cd","name":"admin","image":{"@type":"ImageObject","inLanguage":"es","@id":"https:\/\/luchonoticias.com\/editor\/#\/schema\/person\/image\/","url":"https:\/\/luchonoticias.com\/editor\/wp-content\/uploads\/2024\/02\/cropped-cropped-logolu.webp","contentUrl":"https:\/\/luchonoticias.com\/editor\/wp-content\/uploads\/2024\/02\/cropped-cropped-logolu.webp","width":382,"height":170,"caption":"admin"},"logo":{"@id":"https:\/\/luchonoticias.com\/editor\/#\/schema\/person\/image\/"},"sameAs":["https:\/\/www.facebook.com\/luchonoticiasneiva"],"url":"https:\/\/luchonoticias.com\/editor\/author\/admin\/"}]}},"_links":{"self":[{"href":"https:\/\/luchonoticias.com\/editor\/wp-json\/wp\/v2\/posts\/40953","targetHints":{"allow":["GET"]}}],"collection":[{"href":"https:\/\/luchonoticias.com\/editor\/wp-json\/wp\/v2\/posts"}],"about":[{"href":"https:\/\/luchonoticias.com\/editor\/wp-json\/wp\/v2\/types\/post"}],"author":[{"embeddable":true,"href":"https:\/\/luchonoticias.com\/editor\/wp-json\/wp\/v2\/users\/1"}],"replies":[{"embeddable":true,"href":"https:\/\/luchonoticias.com\/editor\/wp-json\/wp\/v2\/comments?post=40953"}],"version-history":[{"count":0,"href":"https:\/\/luchonoticias.com\/editor\/wp-json\/wp\/v2\/posts\/40953\/revisions"}],"wp:attachment":[{"href":"https:\/\/luchonoticias.com\/editor\/wp-json\/wp\/v2\/media?parent=40953"}],"wp:term":[{"taxonomy":"category","embeddable":true,"href":"https:\/\/luchonoticias.com\/editor\/wp-json\/wp\/v2\/categories?post=40953"},{"taxonomy":"post_tag","embeddable":true,"href":"https:\/\/luchonoticias.com\/editor\/wp-json\/wp\/v2\/tags?post=40953"}],"curies":[{"name":"wp","href":"https:\/\/api.w.org\/{rel}","templated":true}]}}