{"id":41033,"date":"2022-12-02T07:39:17","date_gmt":"2022-12-02T12:39:17","guid":{"rendered":"https:\/\/luchonoticias.com\/?p=41033"},"modified":"2022-12-02T07:39:18","modified_gmt":"2022-12-02T12:39:18","slug":"gerente-general-de-la-federacion-nacional-de-cafeteros-puso-su-cargo-a-disposicion-del-gremio-y-el-gobierno-nacional","status":"publish","type":"post","link":"https:\/\/luchonoticias.com\/editor\/gerente-general-de-la-federacion-nacional-de-cafeteros-puso-su-cargo-a-disposicion-del-gremio-y-el-gobierno-nacional\/","title":{"rendered":"Gerente General de la Federaci\u00f3n Nacional de Cafeteros puso su cargo a disposici\u00f3n del gremio y el Gobierno Nacional"},"content":{"rendered":"\n<p>En el marco del 90 Congreso Nacional de Cafeteros, m\u00e1xima autoridad e instancia de deliberaci\u00f3n gremial, el gerente general de la Federaci\u00f3n Nacional de Cafeteros (FNC), Roberto V\u00e9lez Vallejo, puso su cargo a disposici\u00f3n del gremio y el gobierno nacional.<\/p>\n\n\n\n<p>Durante el presente Congreso Cafetero el gerente anunci\u00f3 resultados hist\u00f3ricos, como una cosecha valorada en $14.5 billones, exportaciones entre enero y octubre por US$3.748 millones, precio promedio de compra pagado por la FNC entre enero y septiembre de $2.440.000 por carga y primas a caf\u00e9s especiales r\u00e9cord por $32.684 millones.<\/p>\n\n\n\n<p>&nbsp;\u201cEste paso al costado abre un espacio para que, de manera arm\u00f3nica con el actual Gobierno, el gremio siga trabajando por el bienestar de las 540.000 familias caficultoras del pa\u00eds, raz\u00f3n de ser de la institucionalidad cafetera. Dejo un gremio unido, un Comit\u00e9 Directivo que sabe trabajar en equipo y tiene claro el direccionamiento institucional, un Congreso Nacional de Cafeteros que sabe para d\u00f3nde va y promueve las pol\u00edticas de largo plazo\u201d, a\u00f1adi\u00f3 V\u00e9lez Vallejo.<\/p>\n\n\n\n<p>El l\u00edder gremial dijo que este anuncio da inicio a un proceso de sucesi\u00f3n ordenado y pausado, en virtud del cual el Congreso Nacional de Cafeteros elegir\u00e1 al nuevo gerente general en los pr\u00f3ximos meses, pensando siempre en lo mejor para los caficultores, para seguir direccionando a la FNC, al gremio y al sector, por la senda de crecimiento y sostenibilidad, como confirman hoy los buenos resultados.<\/p>\n","protected":false},"excerpt":{"rendered":"<p>En el marco del 90 Congreso Nacional de Cafeteros, m\u00e1xima autoridad e instancia de deliberaci\u00f3n gremial, el gerente general de la Federaci\u00f3n Nacional de Cafeteros (FNC), Roberto V\u00e9lez Vallejo, puso su cargo a disposici\u00f3n del gremio y el gobierno nacional. Durante el presente Congreso Cafetero el gerente anunci\u00f3 resultados hist\u00f3ricos, como una cosecha valorada en [&hellip;]<\/p>\n","protected":false},"author":1,"featured_media":0,"comment_status":"open","ping_status":"open","sticky":false,"template":"","format":"standard","meta":{"footnotes":""},"categories":[28,36],"tags":[],"class_list":["post-41033","post","type-post","status-publish","format-standard","hentry","category-actualidad","category-destacado"],"yoast_head":"<!-- This site is optimized with the Yoast SEO plugin v26.6 - https:\/\/yoast.com\/wordpress\/plugins\/seo\/ -->\n<title>Gerente General de la Federaci\u00f3n Nacional de Cafeteros puso su cargo a disposici\u00f3n del gremio y el Gobierno Nacional -<\/title>\n<meta name=\"robots\" content=\"index, follow, max-snippet:-1, max-image-preview:large, max-video-preview:-1\" \/>\n<link rel=\"canonical\" href=\"https:\/\/luchonoticias.com\/editor\/gerente-general-de-la-federacion-nacional-de-cafeteros-puso-su-cargo-a-disposicion-del-gremio-y-el-gobierno-nacional\/\" \/>\n<meta property=\"og:locale\" content=\"es_ES\" \/>\n<meta property=\"og:type\" content=\"article\" \/>\n<meta property=\"og:title\" content=\"Gerente General de la Federaci\u00f3n Nacional de Cafeteros puso su cargo a disposici\u00f3n del gremio y el Gobierno Nacional -\" \/>\n<meta property=\"og:url\" content=\"https:\/\/luchonoticias.com\/editor\/gerente-general-de-la-federacion-nacional-de-cafeteros-puso-su-cargo-a-disposicion-del-gremio-y-el-gobierno-nacional\/\" \/>\n<meta property=\"article:publisher\" content=\"https:\/\/www.facebook.com\/luchonoticiasneiva\" \/>\n<meta property=\"article:author\" content=\"https:\/\/www.facebook.com\/luchonoticiasneiva\" \/>\n<meta property=\"article:published_time\" content=\"2022-12-02T12:39:17+00:00\" \/>\n<meta property=\"article:modified_time\" content=\"2022-12-02T12:39:18+00:00\" \/>\n<meta name=\"author\" content=\"admin\" \/>\n<meta name=\"twitter:card\" content=\"summary_large_image\" \/>\n<meta name=\"twitter:label1\" content=\"Escrito por\" \/>\n\t<meta name=\"twitter:data1\" content=\"admin\" \/>\n\t<meta name=\"twitter:label2\" content=\"Tiempo de lectura\" \/>\n\t<meta name=\"twitter:data2\" content=\"1 minuto\" \/>\n<script type=\"application\/ld+json\" class=\"yoast-schema-graph\">{\"@context\":\"https:\/\/schema.org\",\"@graph\":[{\"@type\":\"Article\",\"@id\":\"https:\/\/luchonoticias.com\/editor\/gerente-general-de-la-federacion-nacional-de-cafeteros-puso-su-cargo-a-disposicion-del-gremio-y-el-gobierno-nacional\/#article\",\"isPartOf\":{\"@id\":\"https:\/\/luchonoticias.com\/editor\/gerente-general-de-la-federacion-nacional-de-cafeteros-puso-su-cargo-a-disposicion-del-gremio-y-el-gobierno-nacional\/\"},\"author\":{\"name\":\"admin\",\"@id\":\"https:\/\/luchonoticias.com\/editor\/#\/schema\/person\/7a7fd911f58561fd056dbac7b55af9cd\"},\"headline\":\"Gerente General de la Federaci\u00f3n Nacional de Cafeteros puso su cargo a disposici\u00f3n del gremio y el Gobierno Nacional\",\"datePublished\":\"2022-12-02T12:39:17+00:00\",\"dateModified\":\"2022-12-02T12:39:18+00:00\",\"mainEntityOfPage\":{\"@id\":\"https:\/\/luchonoticias.com\/editor\/gerente-general-de-la-federacion-nacional-de-cafeteros-puso-su-cargo-a-disposicion-del-gremio-y-el-gobierno-nacional\/\"},\"wordCount\":267,\"commentCount\":0,\"publisher\":{\"@id\":\"https:\/\/luchonoticias.com\/editor\/#\/schema\/person\/7a7fd911f58561fd056dbac7b55af9cd\"},\"articleSection\":[\"Actualidad\",\"Destacado\"],\"inLanguage\":\"es\",\"potentialAction\":[{\"@type\":\"CommentAction\",\"name\":\"Comment\",\"target\":[\"https:\/\/luchonoticias.com\/editor\/gerente-general-de-la-federacion-nacional-de-cafeteros-puso-su-cargo-a-disposicion-del-gremio-y-el-gobierno-nacional\/#respond\"]}]},{\"@type\":\"WebPage\",\"@id\":\"https:\/\/luchonoticias.com\/editor\/gerente-general-de-la-federacion-nacional-de-cafeteros-puso-su-cargo-a-disposicion-del-gremio-y-el-gobierno-nacional\/\",\"url\":\"https:\/\/luchonoticias.com\/editor\/gerente-general-de-la-federacion-nacional-de-cafeteros-puso-su-cargo-a-disposicion-del-gremio-y-el-gobierno-nacional\/\",\"name\":\"Gerente General de la Federaci\u00f3n Nacional de Cafeteros puso su cargo a disposici\u00f3n del gremio y el Gobierno Nacional -\",\"isPartOf\":{\"@id\":\"https:\/\/luchonoticias.com\/editor\/#website\"},\"datePublished\":\"2022-12-02T12:39:17+00:00\",\"dateModified\":\"2022-12-02T12:39:18+00:00\",\"breadcrumb\":{\"@id\":\"https:\/\/luchonoticias.com\/editor\/gerente-general-de-la-federacion-nacional-de-cafeteros-puso-su-cargo-a-disposicion-del-gremio-y-el-gobierno-nacional\/#breadcrumb\"},\"inLanguage\":\"es\",\"potentialAction\":[{\"@type\":\"ReadAction\",\"target\":[\"https:\/\/luchonoticias.com\/editor\/gerente-general-de-la-federacion-nacional-de-cafeteros-puso-su-cargo-a-disposicion-del-gremio-y-el-gobierno-nacional\/\"]}]},{\"@type\":\"BreadcrumbList\",\"@id\":\"https:\/\/luchonoticias.com\/editor\/gerente-general-de-la-federacion-nacional-de-cafeteros-puso-su-cargo-a-disposicion-del-gremio-y-el-gobierno-nacional\/#breadcrumb\",\"itemListElement\":[{\"@type\":\"ListItem\",\"position\":1,\"name\":\"Portada\",\"item\":\"https:\/\/luchonoticias.com\/editor\/\"},{\"@type\":\"ListItem\",\"position\":2,\"name\":\"Gerente General de la Federaci\u00f3n Nacional de Cafeteros puso su cargo a disposici\u00f3n del gremio y el Gobierno Nacional\"}]},{\"@type\":\"WebSite\",\"@id\":\"https:\/\/luchonoticias.com\/editor\/#website\",\"url\":\"https:\/\/luchonoticias.com\/editor\/\",\"name\":\"\",\"description\":\"\",\"publisher\":{\"@id\":\"https:\/\/luchonoticias.com\/editor\/#\/schema\/person\/7a7fd911f58561fd056dbac7b55af9cd\"},\"potentialAction\":[{\"@type\":\"SearchAction\",\"target\":{\"@type\":\"EntryPoint\",\"urlTemplate\":\"https:\/\/luchonoticias.com\/editor\/?s={search_term_string}\"},\"query-input\":{\"@type\":\"PropertyValueSpecification\",\"valueRequired\":true,\"valueName\":\"search_term_string\"}}],\"inLanguage\":\"es\"},{\"@type\":[\"Person\",\"Organization\"],\"@id\":\"https:\/\/luchonoticias.com\/editor\/#\/schema\/person\/7a7fd911f58561fd056dbac7b55af9cd\",\"name\":\"admin\",\"image\":{\"@type\":\"ImageObject\",\"inLanguage\":\"es\",\"@id\":\"https:\/\/luchonoticias.com\/editor\/#\/schema\/person\/image\/\",\"url\":\"https:\/\/luchonoticias.com\/editor\/wp-content\/uploads\/2024\/02\/cropped-cropped-logolu.webp\",\"contentUrl\":\"https:\/\/luchonoticias.com\/editor\/wp-content\/uploads\/2024\/02\/cropped-cropped-logolu.webp\",\"width\":382,\"height\":170,\"caption\":\"admin\"},\"logo\":{\"@id\":\"https:\/\/luchonoticias.com\/editor\/#\/schema\/person\/image\/\"},\"sameAs\":[\"https:\/\/www.facebook.com\/luchonoticiasneiva\"],\"url\":\"https:\/\/luchonoticias.com\/editor\/author\/admin\/\"}]}<\/script>\n<!-- \/ Yoast SEO plugin. -->","yoast_head_json":{"title":"Gerente General de la Federaci\u00f3n Nacional de Cafeteros puso su cargo a disposici\u00f3n del gremio y el Gobierno Nacional -","robots":{"index":"index","follow":"follow","max-snippet":"max-snippet:-1","max-image-preview":"max-image-preview:large","max-video-preview":"max-video-preview:-1"},"canonical":"https:\/\/luchonoticias.com\/editor\/gerente-general-de-la-federacion-nacional-de-cafeteros-puso-su-cargo-a-disposicion-del-gremio-y-el-gobierno-nacional\/","og_locale":"es_ES","og_type":"article","og_title":"Gerente General de la Federaci\u00f3n Nacional de Cafeteros puso su cargo a disposici\u00f3n del gremio y el Gobierno Nacional -","og_url":"https:\/\/luchonoticias.com\/editor\/gerente-general-de-la-federacion-nacional-de-cafeteros-puso-su-cargo-a-disposicion-del-gremio-y-el-gobierno-nacional\/","article_publisher":"https:\/\/www.facebook.com\/luchonoticiasneiva","article_author":"https:\/\/www.facebook.com\/luchonoticiasneiva","article_published_time":"2022-12-02T12:39:17+00:00","article_modified_time":"2022-12-02T12:39:18+00:00","author":"admin","twitter_card":"summary_large_image","twitter_misc":{"Escrito por":"admin","Tiempo de lectura":"1 minuto"},"schema":{"@context":"https:\/\/schema.org","@graph":[{"@type":"Article","@id":"https:\/\/luchonoticias.com\/editor\/gerente-general-de-la-federacion-nacional-de-cafeteros-puso-su-cargo-a-disposicion-del-gremio-y-el-gobierno-nacional\/#article","isPartOf":{"@id":"https:\/\/luchonoticias.com\/editor\/gerente-general-de-la-federacion-nacional-de-cafeteros-puso-su-cargo-a-disposicion-del-gremio-y-el-gobierno-nacional\/"},"author":{"name":"admin","@id":"https:\/\/luchonoticias.com\/editor\/#\/schema\/person\/7a7fd911f58561fd056dbac7b55af9cd"},"headline":"Gerente General de la Federaci\u00f3n Nacional de Cafeteros puso su cargo a disposici\u00f3n del gremio y el Gobierno Nacional","datePublished":"2022-12-02T12:39:17+00:00","dateModified":"2022-12-02T12:39:18+00:00","mainEntityOfPage":{"@id":"https:\/\/luchonoticias.com\/editor\/gerente-general-de-la-federacion-nacional-de-cafeteros-puso-su-cargo-a-disposicion-del-gremio-y-el-gobierno-nacional\/"},"wordCount":267,"commentCount":0,"publisher":{"@id":"https:\/\/luchonoticias.com\/editor\/#\/schema\/person\/7a7fd911f58561fd056dbac7b55af9cd"},"articleSection":["Actualidad","Destacado"],"inLanguage":"es","potentialAction":[{"@type":"CommentAction","name":"Comment","target":["https:\/\/luchonoticias.com\/editor\/gerente-general-de-la-federacion-nacional-de-cafeteros-puso-su-cargo-a-disposicion-del-gremio-y-el-gobierno-nacional\/#respond"]}]},{"@type":"WebPage","@id":"https:\/\/luchonoticias.com\/editor\/gerente-general-de-la-federacion-nacional-de-cafeteros-puso-su-cargo-a-disposicion-del-gremio-y-el-gobierno-nacional\/","url":"https:\/\/luchonoticias.com\/editor\/gerente-general-de-la-federacion-nacional-de-cafeteros-puso-su-cargo-a-disposicion-del-gremio-y-el-gobierno-nacional\/","name":"Gerente General de la Federaci\u00f3n Nacional de Cafeteros puso su cargo a disposici\u00f3n del gremio y el Gobierno Nacional -","isPartOf":{"@id":"https:\/\/luchonoticias.com\/editor\/#website"},"datePublished":"2022-12-02T12:39:17+00:00","dateModified":"2022-12-02T12:39:18+00:00","breadcrumb":{"@id":"https:\/\/luchonoticias.com\/editor\/gerente-general-de-la-federacion-nacional-de-cafeteros-puso-su-cargo-a-disposicion-del-gremio-y-el-gobierno-nacional\/#breadcrumb"},"inLanguage":"es","potentialAction":[{"@type":"ReadAction","target":["https:\/\/luchonoticias.com\/editor\/gerente-general-de-la-federacion-nacional-de-cafeteros-puso-su-cargo-a-disposicion-del-gremio-y-el-gobierno-nacional\/"]}]},{"@type":"BreadcrumbList","@id":"https:\/\/luchonoticias.com\/editor\/gerente-general-de-la-federacion-nacional-de-cafeteros-puso-su-cargo-a-disposicion-del-gremio-y-el-gobierno-nacional\/#breadcrumb","itemListElement":[{"@type":"ListItem","position":1,"name":"Portada","item":"https:\/\/luchonoticias.com\/editor\/"},{"@type":"ListItem","position":2,"name":"Gerente General de la Federaci\u00f3n Nacional de Cafeteros puso su cargo a disposici\u00f3n del gremio y el Gobierno Nacional"}]},{"@type":"WebSite","@id":"https:\/\/luchonoticias.com\/editor\/#website","url":"https:\/\/luchonoticias.com\/editor\/","name":"","description":"","publisher":{"@id":"https:\/\/luchonoticias.com\/editor\/#\/schema\/person\/7a7fd911f58561fd056dbac7b55af9cd"},"potentialAction":[{"@type":"SearchAction","target":{"@type":"EntryPoint","urlTemplate":"https:\/\/luchonoticias.com\/editor\/?s={search_term_string}"},"query-input":{"@type":"PropertyValueSpecification","valueRequired":true,"valueName":"search_term_string"}}],"inLanguage":"es"},{"@type":["Person","Organization"],"@id":"https:\/\/luchonoticias.com\/editor\/#\/schema\/person\/7a7fd911f58561fd056dbac7b55af9cd","name":"admin","image":{"@type":"ImageObject","inLanguage":"es","@id":"https:\/\/luchonoticias.com\/editor\/#\/schema\/person\/image\/","url":"https:\/\/luchonoticias.com\/editor\/wp-content\/uploads\/2024\/02\/cropped-cropped-logolu.webp","contentUrl":"https:\/\/luchonoticias.com\/editor\/wp-content\/uploads\/2024\/02\/cropped-cropped-logolu.webp","width":382,"height":170,"caption":"admin"},"logo":{"@id":"https:\/\/luchonoticias.com\/editor\/#\/schema\/person\/image\/"},"sameAs":["https:\/\/www.facebook.com\/luchonoticiasneiva"],"url":"https:\/\/luchonoticias.com\/editor\/author\/admin\/"}]}},"_links":{"self":[{"href":"https:\/\/luchonoticias.com\/editor\/wp-json\/wp\/v2\/posts\/41033","targetHints":{"allow":["GET"]}}],"collection":[{"href":"https:\/\/luchonoticias.com\/editor\/wp-json\/wp\/v2\/posts"}],"about":[{"href":"https:\/\/luchonoticias.com\/editor\/wp-json\/wp\/v2\/types\/post"}],"author":[{"embeddable":true,"href":"https:\/\/luchonoticias.com\/editor\/wp-json\/wp\/v2\/users\/1"}],"replies":[{"embeddable":true,"href":"https:\/\/luchonoticias.com\/editor\/wp-json\/wp\/v2\/comments?post=41033"}],"version-history":[{"count":0,"href":"https:\/\/luchonoticias.com\/editor\/wp-json\/wp\/v2\/posts\/41033\/revisions"}],"wp:attachment":[{"href":"https:\/\/luchonoticias.com\/editor\/wp-json\/wp\/v2\/media?parent=41033"}],"wp:term":[{"taxonomy":"category","embeddable":true,"href":"https:\/\/luchonoticias.com\/editor\/wp-json\/wp\/v2\/categories?post=41033"},{"taxonomy":"post_tag","embeddable":true,"href":"https:\/\/luchonoticias.com\/editor\/wp-json\/wp\/v2\/tags?post=41033"}],"curies":[{"name":"wp","href":"https:\/\/api.w.org\/{rel}","templated":true}]}}