{"id":41047,"date":"2022-12-02T14:09:11","date_gmt":"2022-12-02T19:09:11","guid":{"rendered":"https:\/\/luchonoticias.com\/?p=41047"},"modified":"2022-12-02T14:09:11","modified_gmt":"2022-12-02T19:09:11","slug":"nino-de-18-meses-fue-rescatado-por-el-gaula-de-la-policia-en-el-cesar-tras-cuatro-dias-de-secuestro","status":"publish","type":"post","link":"https:\/\/luchonoticias.com\/editor\/nino-de-18-meses-fue-rescatado-por-el-gaula-de-la-policia-en-el-cesar-tras-cuatro-dias-de-secuestro\/","title":{"rendered":"Ni\u00f1o de 18 meses fue rescatado por el Gaula de la Polic\u00eda en el Cesar, tras cuatro d\u00edas de secuestro"},"content":{"rendered":"\n<p>El Presidente de la Rep\u00fablica, Gustavo Petro, inform\u00f3 este viernes a trav\u00e9s de su cuenta de Twitter que Erick Mat\u00edas Manosalva, de 18 meses de edad, fue rescatado por el Gaula de la Polic\u00eda en Pelaya, departamento del Cesar.&nbsp;<\/p>\n\n\n\n<p>De acuerdo con las autoridades, el menor fue secuestrado el pasado 29 de noviembre por delincuentes en la vereda San Juan, del municipio La Gloria, en el departamento del Cesar, tras amordazar a su progenitora para llev\u00e1rselo con rumbo desconocido. Posteriormente, les exigieron a sus familiares $100 millones a cambio de su liberaci\u00f3n.<\/p>\n\n\n\n<p>Integrantes del Gaula de la Polic\u00eda emprendieron durante cuatro d\u00edas una intensa b\u00fasqueda para dar con su paradero, rescatarlo sano y salvo y regresarlo al seno de su hogar.<\/p>\n\n\n\n<p>Durante el operativo, adem\u00e1s, fueron capturados dos hombres y una mujer, se\u00f1alados de participar en el secuestro, a quienes se les incautaron un arma de fuego, dos armas traum\u00e1ticas y una motocicleta.<\/p>\n\n\n\n<p>Por orden del Gobierno Nacional, el Director la Polic\u00eda, Mayor General Henry Armando Sanabria Cely, y el director del Gaula, Teniente Coronel \u00c9lver Vicente Alfonso Sanabria, se trasladaron al departamento del Cesar para coordinar la b\u00fasqueda, que trajo de regreso a Erick Mat\u00edas.<\/p>\n\n\n\n<p>Este viernes, luego de descender de un helic\u00f3ptero de la Polic\u00eda Nacional en el que fue transportado, el menor volvi\u00f3 a los brazos de sus familiares. Posteriormente fue trasladado hasta un centro asistencial para verificar su estado de salud.<\/p>\n\n\n\n<p>El Gaula de la Polic\u00eda Nacional invit\u00f3 a la comunidad a denunciar cualquier hecho relacionado con secuestro y extorsi\u00f3n a trav\u00e9s de la l\u00ednea gratuita nacional 165.&nbsp;<\/p>\n","protected":false},"excerpt":{"rendered":"<p>El Presidente de la Rep\u00fablica, Gustavo Petro, inform\u00f3 este viernes a trav\u00e9s de su cuenta de Twitter que Erick Mat\u00edas Manosalva, de 18 meses de edad, fue rescatado por el Gaula de la Polic\u00eda en Pelaya, departamento del Cesar.&nbsp; De acuerdo con las autoridades, el menor fue secuestrado el pasado 29 de noviembre por delincuentes [&hellip;]<\/p>\n","protected":false},"author":1,"featured_media":0,"comment_status":"open","ping_status":"open","sticky":false,"template":"","format":"standard","meta":{"footnotes":""},"categories":[36,32],"tags":[],"class_list":["post-41047","post","type-post","status-publish","format-standard","hentry","category-destacado","category-nacional"],"yoast_head":"<!-- This site is optimized with the Yoast SEO plugin v26.6 - https:\/\/yoast.com\/wordpress\/plugins\/seo\/ -->\n<title>Ni\u00f1o de 18 meses fue rescatado por el Gaula de la Polic\u00eda en el Cesar, tras cuatro d\u00edas de secuestro -<\/title>\n<meta name=\"robots\" content=\"index, follow, max-snippet:-1, max-image-preview:large, max-video-preview:-1\" \/>\n<link rel=\"canonical\" href=\"https:\/\/luchonoticias.com\/editor\/nino-de-18-meses-fue-rescatado-por-el-gaula-de-la-policia-en-el-cesar-tras-cuatro-dias-de-secuestro\/\" \/>\n<meta property=\"og:locale\" content=\"es_ES\" \/>\n<meta property=\"og:type\" content=\"article\" \/>\n<meta property=\"og:title\" content=\"Ni\u00f1o de 18 meses fue rescatado por el Gaula de la Polic\u00eda en el Cesar, tras cuatro d\u00edas de secuestro -\" \/>\n<meta property=\"og:url\" content=\"https:\/\/luchonoticias.com\/editor\/nino-de-18-meses-fue-rescatado-por-el-gaula-de-la-policia-en-el-cesar-tras-cuatro-dias-de-secuestro\/\" \/>\n<meta property=\"article:publisher\" content=\"https:\/\/www.facebook.com\/luchonoticiasneiva\" \/>\n<meta property=\"article:author\" content=\"https:\/\/www.facebook.com\/luchonoticiasneiva\" \/>\n<meta property=\"article:published_time\" content=\"2022-12-02T19:09:11+00:00\" \/>\n<meta name=\"author\" content=\"admin\" \/>\n<meta name=\"twitter:card\" content=\"summary_large_image\" \/>\n<meta name=\"twitter:label1\" content=\"Escrito por\" \/>\n\t<meta name=\"twitter:data1\" content=\"admin\" \/>\n\t<meta name=\"twitter:label2\" content=\"Tiempo de lectura\" \/>\n\t<meta name=\"twitter:data2\" content=\"1 minuto\" \/>\n<script type=\"application\/ld+json\" class=\"yoast-schema-graph\">{\"@context\":\"https:\/\/schema.org\",\"@graph\":[{\"@type\":\"Article\",\"@id\":\"https:\/\/luchonoticias.com\/editor\/nino-de-18-meses-fue-rescatado-por-el-gaula-de-la-policia-en-el-cesar-tras-cuatro-dias-de-secuestro\/#article\",\"isPartOf\":{\"@id\":\"https:\/\/luchonoticias.com\/editor\/nino-de-18-meses-fue-rescatado-por-el-gaula-de-la-policia-en-el-cesar-tras-cuatro-dias-de-secuestro\/\"},\"author\":{\"name\":\"admin\",\"@id\":\"https:\/\/luchonoticias.com\/editor\/#\/schema\/person\/7a7fd911f58561fd056dbac7b55af9cd\"},\"headline\":\"Ni\u00f1o de 18 meses fue rescatado por el Gaula de la Polic\u00eda en el Cesar, tras cuatro d\u00edas de secuestro\",\"datePublished\":\"2022-12-02T19:09:11+00:00\",\"mainEntityOfPage\":{\"@id\":\"https:\/\/luchonoticias.com\/editor\/nino-de-18-meses-fue-rescatado-por-el-gaula-de-la-policia-en-el-cesar-tras-cuatro-dias-de-secuestro\/\"},\"wordCount\":303,\"commentCount\":0,\"publisher\":{\"@id\":\"https:\/\/luchonoticias.com\/editor\/#\/schema\/person\/7a7fd911f58561fd056dbac7b55af9cd\"},\"articleSection\":[\"Destacado\",\"Nacional\"],\"inLanguage\":\"es\",\"potentialAction\":[{\"@type\":\"CommentAction\",\"name\":\"Comment\",\"target\":[\"https:\/\/luchonoticias.com\/editor\/nino-de-18-meses-fue-rescatado-por-el-gaula-de-la-policia-en-el-cesar-tras-cuatro-dias-de-secuestro\/#respond\"]}]},{\"@type\":\"WebPage\",\"@id\":\"https:\/\/luchonoticias.com\/editor\/nino-de-18-meses-fue-rescatado-por-el-gaula-de-la-policia-en-el-cesar-tras-cuatro-dias-de-secuestro\/\",\"url\":\"https:\/\/luchonoticias.com\/editor\/nino-de-18-meses-fue-rescatado-por-el-gaula-de-la-policia-en-el-cesar-tras-cuatro-dias-de-secuestro\/\",\"name\":\"Ni\u00f1o de 18 meses fue rescatado por el Gaula de la Polic\u00eda en el Cesar, tras cuatro d\u00edas de secuestro -\",\"isPartOf\":{\"@id\":\"https:\/\/luchonoticias.com\/editor\/#website\"},\"datePublished\":\"2022-12-02T19:09:11+00:00\",\"breadcrumb\":{\"@id\":\"https:\/\/luchonoticias.com\/editor\/nino-de-18-meses-fue-rescatado-por-el-gaula-de-la-policia-en-el-cesar-tras-cuatro-dias-de-secuestro\/#breadcrumb\"},\"inLanguage\":\"es\",\"potentialAction\":[{\"@type\":\"ReadAction\",\"target\":[\"https:\/\/luchonoticias.com\/editor\/nino-de-18-meses-fue-rescatado-por-el-gaula-de-la-policia-en-el-cesar-tras-cuatro-dias-de-secuestro\/\"]}]},{\"@type\":\"BreadcrumbList\",\"@id\":\"https:\/\/luchonoticias.com\/editor\/nino-de-18-meses-fue-rescatado-por-el-gaula-de-la-policia-en-el-cesar-tras-cuatro-dias-de-secuestro\/#breadcrumb\",\"itemListElement\":[{\"@type\":\"ListItem\",\"position\":1,\"name\":\"Portada\",\"item\":\"https:\/\/luchonoticias.com\/editor\/\"},{\"@type\":\"ListItem\",\"position\":2,\"name\":\"Ni\u00f1o de 18 meses fue rescatado por el Gaula de la Polic\u00eda en el Cesar, tras cuatro d\u00edas de secuestro\"}]},{\"@type\":\"WebSite\",\"@id\":\"https:\/\/luchonoticias.com\/editor\/#website\",\"url\":\"https:\/\/luchonoticias.com\/editor\/\",\"name\":\"\",\"description\":\"\",\"publisher\":{\"@id\":\"https:\/\/luchonoticias.com\/editor\/#\/schema\/person\/7a7fd911f58561fd056dbac7b55af9cd\"},\"potentialAction\":[{\"@type\":\"SearchAction\",\"target\":{\"@type\":\"EntryPoint\",\"urlTemplate\":\"https:\/\/luchonoticias.com\/editor\/?s={search_term_string}\"},\"query-input\":{\"@type\":\"PropertyValueSpecification\",\"valueRequired\":true,\"valueName\":\"search_term_string\"}}],\"inLanguage\":\"es\"},{\"@type\":[\"Person\",\"Organization\"],\"@id\":\"https:\/\/luchonoticias.com\/editor\/#\/schema\/person\/7a7fd911f58561fd056dbac7b55af9cd\",\"name\":\"admin\",\"image\":{\"@type\":\"ImageObject\",\"inLanguage\":\"es\",\"@id\":\"https:\/\/luchonoticias.com\/editor\/#\/schema\/person\/image\/\",\"url\":\"https:\/\/luchonoticias.com\/editor\/wp-content\/uploads\/2024\/02\/cropped-cropped-logolu.webp\",\"contentUrl\":\"https:\/\/luchonoticias.com\/editor\/wp-content\/uploads\/2024\/02\/cropped-cropped-logolu.webp\",\"width\":382,\"height\":170,\"caption\":\"admin\"},\"logo\":{\"@id\":\"https:\/\/luchonoticias.com\/editor\/#\/schema\/person\/image\/\"},\"sameAs\":[\"https:\/\/www.facebook.com\/luchonoticiasneiva\"],\"url\":\"https:\/\/luchonoticias.com\/editor\/author\/admin\/\"}]}<\/script>\n<!-- \/ Yoast SEO plugin. -->","yoast_head_json":{"title":"Ni\u00f1o de 18 meses fue rescatado por el Gaula de la Polic\u00eda en el Cesar, tras cuatro d\u00edas de secuestro -","robots":{"index":"index","follow":"follow","max-snippet":"max-snippet:-1","max-image-preview":"max-image-preview:large","max-video-preview":"max-video-preview:-1"},"canonical":"https:\/\/luchonoticias.com\/editor\/nino-de-18-meses-fue-rescatado-por-el-gaula-de-la-policia-en-el-cesar-tras-cuatro-dias-de-secuestro\/","og_locale":"es_ES","og_type":"article","og_title":"Ni\u00f1o de 18 meses fue rescatado por el Gaula de la Polic\u00eda en el Cesar, tras cuatro d\u00edas de secuestro -","og_url":"https:\/\/luchonoticias.com\/editor\/nino-de-18-meses-fue-rescatado-por-el-gaula-de-la-policia-en-el-cesar-tras-cuatro-dias-de-secuestro\/","article_publisher":"https:\/\/www.facebook.com\/luchonoticiasneiva","article_author":"https:\/\/www.facebook.com\/luchonoticiasneiva","article_published_time":"2022-12-02T19:09:11+00:00","author":"admin","twitter_card":"summary_large_image","twitter_misc":{"Escrito por":"admin","Tiempo de lectura":"1 minuto"},"schema":{"@context":"https:\/\/schema.org","@graph":[{"@type":"Article","@id":"https:\/\/luchonoticias.com\/editor\/nino-de-18-meses-fue-rescatado-por-el-gaula-de-la-policia-en-el-cesar-tras-cuatro-dias-de-secuestro\/#article","isPartOf":{"@id":"https:\/\/luchonoticias.com\/editor\/nino-de-18-meses-fue-rescatado-por-el-gaula-de-la-policia-en-el-cesar-tras-cuatro-dias-de-secuestro\/"},"author":{"name":"admin","@id":"https:\/\/luchonoticias.com\/editor\/#\/schema\/person\/7a7fd911f58561fd056dbac7b55af9cd"},"headline":"Ni\u00f1o de 18 meses fue rescatado por el Gaula de la Polic\u00eda en el Cesar, tras cuatro d\u00edas de secuestro","datePublished":"2022-12-02T19:09:11+00:00","mainEntityOfPage":{"@id":"https:\/\/luchonoticias.com\/editor\/nino-de-18-meses-fue-rescatado-por-el-gaula-de-la-policia-en-el-cesar-tras-cuatro-dias-de-secuestro\/"},"wordCount":303,"commentCount":0,"publisher":{"@id":"https:\/\/luchonoticias.com\/editor\/#\/schema\/person\/7a7fd911f58561fd056dbac7b55af9cd"},"articleSection":["Destacado","Nacional"],"inLanguage":"es","potentialAction":[{"@type":"CommentAction","name":"Comment","target":["https:\/\/luchonoticias.com\/editor\/nino-de-18-meses-fue-rescatado-por-el-gaula-de-la-policia-en-el-cesar-tras-cuatro-dias-de-secuestro\/#respond"]}]},{"@type":"WebPage","@id":"https:\/\/luchonoticias.com\/editor\/nino-de-18-meses-fue-rescatado-por-el-gaula-de-la-policia-en-el-cesar-tras-cuatro-dias-de-secuestro\/","url":"https:\/\/luchonoticias.com\/editor\/nino-de-18-meses-fue-rescatado-por-el-gaula-de-la-policia-en-el-cesar-tras-cuatro-dias-de-secuestro\/","name":"Ni\u00f1o de 18 meses fue rescatado por el Gaula de la Polic\u00eda en el Cesar, tras cuatro d\u00edas de secuestro -","isPartOf":{"@id":"https:\/\/luchonoticias.com\/editor\/#website"},"datePublished":"2022-12-02T19:09:11+00:00","breadcrumb":{"@id":"https:\/\/luchonoticias.com\/editor\/nino-de-18-meses-fue-rescatado-por-el-gaula-de-la-policia-en-el-cesar-tras-cuatro-dias-de-secuestro\/#breadcrumb"},"inLanguage":"es","potentialAction":[{"@type":"ReadAction","target":["https:\/\/luchonoticias.com\/editor\/nino-de-18-meses-fue-rescatado-por-el-gaula-de-la-policia-en-el-cesar-tras-cuatro-dias-de-secuestro\/"]}]},{"@type":"BreadcrumbList","@id":"https:\/\/luchonoticias.com\/editor\/nino-de-18-meses-fue-rescatado-por-el-gaula-de-la-policia-en-el-cesar-tras-cuatro-dias-de-secuestro\/#breadcrumb","itemListElement":[{"@type":"ListItem","position":1,"name":"Portada","item":"https:\/\/luchonoticias.com\/editor\/"},{"@type":"ListItem","position":2,"name":"Ni\u00f1o de 18 meses fue rescatado por el Gaula de la Polic\u00eda en el Cesar, tras cuatro d\u00edas de secuestro"}]},{"@type":"WebSite","@id":"https:\/\/luchonoticias.com\/editor\/#website","url":"https:\/\/luchonoticias.com\/editor\/","name":"","description":"","publisher":{"@id":"https:\/\/luchonoticias.com\/editor\/#\/schema\/person\/7a7fd911f58561fd056dbac7b55af9cd"},"potentialAction":[{"@type":"SearchAction","target":{"@type":"EntryPoint","urlTemplate":"https:\/\/luchonoticias.com\/editor\/?s={search_term_string}"},"query-input":{"@type":"PropertyValueSpecification","valueRequired":true,"valueName":"search_term_string"}}],"inLanguage":"es"},{"@type":["Person","Organization"],"@id":"https:\/\/luchonoticias.com\/editor\/#\/schema\/person\/7a7fd911f58561fd056dbac7b55af9cd","name":"admin","image":{"@type":"ImageObject","inLanguage":"es","@id":"https:\/\/luchonoticias.com\/editor\/#\/schema\/person\/image\/","url":"https:\/\/luchonoticias.com\/editor\/wp-content\/uploads\/2024\/02\/cropped-cropped-logolu.webp","contentUrl":"https:\/\/luchonoticias.com\/editor\/wp-content\/uploads\/2024\/02\/cropped-cropped-logolu.webp","width":382,"height":170,"caption":"admin"},"logo":{"@id":"https:\/\/luchonoticias.com\/editor\/#\/schema\/person\/image\/"},"sameAs":["https:\/\/www.facebook.com\/luchonoticiasneiva"],"url":"https:\/\/luchonoticias.com\/editor\/author\/admin\/"}]}},"_links":{"self":[{"href":"https:\/\/luchonoticias.com\/editor\/wp-json\/wp\/v2\/posts\/41047","targetHints":{"allow":["GET"]}}],"collection":[{"href":"https:\/\/luchonoticias.com\/editor\/wp-json\/wp\/v2\/posts"}],"about":[{"href":"https:\/\/luchonoticias.com\/editor\/wp-json\/wp\/v2\/types\/post"}],"author":[{"embeddable":true,"href":"https:\/\/luchonoticias.com\/editor\/wp-json\/wp\/v2\/users\/1"}],"replies":[{"embeddable":true,"href":"https:\/\/luchonoticias.com\/editor\/wp-json\/wp\/v2\/comments?post=41047"}],"version-history":[{"count":0,"href":"https:\/\/luchonoticias.com\/editor\/wp-json\/wp\/v2\/posts\/41047\/revisions"}],"wp:attachment":[{"href":"https:\/\/luchonoticias.com\/editor\/wp-json\/wp\/v2\/media?parent=41047"}],"wp:term":[{"taxonomy":"category","embeddable":true,"href":"https:\/\/luchonoticias.com\/editor\/wp-json\/wp\/v2\/categories?post=41047"},{"taxonomy":"post_tag","embeddable":true,"href":"https:\/\/luchonoticias.com\/editor\/wp-json\/wp\/v2\/tags?post=41047"}],"curies":[{"name":"wp","href":"https:\/\/api.w.org\/{rel}","templated":true}]}}