{"id":41050,"date":"2022-12-02T14:11:56","date_gmt":"2022-12-02T19:11:56","guid":{"rendered":"https:\/\/luchonoticias.com\/?p=41050"},"modified":"2022-12-02T14:11:57","modified_gmt":"2022-12-02T19:11:57","slug":"holanda-apoya-proceso-de-formalizacion-rural-impulsado-por-la-gobernacion-del-huila","status":"publish","type":"post","link":"https:\/\/luchonoticias.com\/editor\/holanda-apoya-proceso-de-formalizacion-rural-impulsado-por-la-gobernacion-del-huila\/","title":{"rendered":"Holanda apoya proceso de formalizaci\u00f3n rural impulsado por la Gobernaci\u00f3n del Huila"},"content":{"rendered":"\n<p>Un importante trabajo viene desarrollando el equipo interdisciplinario del Plan de Ordenamiento Productivo y Social de la Propiedad Rural, en articulaci\u00f3n con Kadaster de Holanda, para agilizar el proceso de formalizaci\u00f3n de predios rurales, como parte de los compromisos adquiridos por el Gobierno Departamental en su plan de desarrollo \u201cHuila Crece\u201d.<\/p>\n\n\n\n<p>Gracias a este valioso acompa\u00f1amiento de Pa\u00edses Bajos, se vienen adelantando procesos de capacitaci\u00f3n en el uso de nuevas herramientas tecnol\u00f3gicas, para la geo-referenciaci\u00f3n y levantamiento de cartograf\u00eda, que ser\u00e1 de vital importancia para el soporte t\u00e9cnico y jur\u00eddico, dentro del ejercicio de formalizaci\u00f3n.<\/p>\n\n\n\n<figure class=\"wp-block-gallery has-nested-images columns-default is-cropped wp-block-gallery-1 is-layout-flex wp-block-gallery-is-layout-flex\">\n<figure class=\"wp-block-image size-large\"><img decoding=\"async\" data-id=\"41052\" src=\"https:\/\/luchonoticias.com\/wp-content\/uploads\/2022\/12\/WhatsApp-Image-2022-12-02-at-8.37.32-AM-1-1024x461.jpeg\" alt=\"\" class=\"wp-image-41052\"\/><\/figure>\n\n\n\n<figure class=\"wp-block-image size-large\"><img decoding=\"async\" data-id=\"41053\" src=\"https:\/\/luchonoticias.com\/wp-content\/uploads\/2022\/12\/WhatsApp-Image-2022-12-02-at-8.37.32-AM-1024x768.jpeg\" alt=\"\" class=\"wp-image-41053\"\/><\/figure>\n<\/figure>\n\n\n\n<p><strong>Transferencia de conocimientos<\/strong><\/p>\n\n\n\n<p>En ese sentido se desarroll\u00f3 una jornada de transferencia de conocimientos a cargo de un equipo t\u00e9cnico de Kadaster de Holanda, que cont\u00f3 con un componente acad\u00e9mico desarrollado en las instalaciones de la C\u00e1mara de Comercio del Huila, y posteriormente un d\u00eda de campo en zona rural de Neiva, que permiti\u00f3 reforzar varios conceptos en la implementaci\u00f3n de tecnolog\u00eda satelital para la captura de datos, as\u00ed como el uso de plataformas y aplicaciones digitales para su interpretaci\u00f3n.<\/p>\n\n\n\n<p>De acuerdo a lo expuesto por Nicol\u00e1s Porras Arroyo, consultor de esa entidad adscrita al gobierno holand\u00e9s, el uso de nuevas tecnolog\u00edas contribuye a agilizar el proceso de obtenci\u00f3n y tratamiento de datos, lo que resulta muy \u00fatil a la hora de hacer levantamientos cartogr\u00e1ficos, ejercicio que siempre van de la mano con las comunidades.<\/p>\n\n\n\n<p>\u201cKadaster como parte del gobierno de Holanda, contribuimos en todos los componentes de administraci\u00f3n de tierras, mediante la implementaci\u00f3n de una meteorolog\u00eda para hacer los procesos m\u00e1s \u00e1giles, m\u00e1s participativos con la comunidad, entonces estamos adelantando unas capacitaciones con la Gobernaci\u00f3n del Huila, mediante actividades muy pr\u00e1cticas encaminadas a apoyar su trabajo en el proceso de Formalizaci\u00f3n de predios\u201d.<\/p>\n\n\n\n<figure class=\"wp-block-gallery has-nested-images columns-default is-cropped wp-block-gallery-2 is-layout-flex wp-block-gallery-is-layout-flex\">\n<figure class=\"wp-block-image size-large\"><img decoding=\"async\" data-id=\"41055\" src=\"https:\/\/luchonoticias.com\/wp-content\/uploads\/2022\/12\/WhatsApp-Image-2022-12-02-at-8.37.38-AM-1024x768.jpeg\" alt=\"\" class=\"wp-image-41055\"\/><\/figure>\n\n\n\n<figure class=\"wp-block-image size-large\"><img decoding=\"async\" data-id=\"41054\" src=\"https:\/\/luchonoticias.com\/wp-content\/uploads\/2022\/12\/WhatsApp-Image-2022-12-02-at-8.37.33-AM-1-1024x768.jpeg\" alt=\"\" class=\"wp-image-41054\"\/><\/figure>\n<\/figure>\n\n\n\n<p><strong>Las comunidades son un actor de relevancia<\/strong><\/p>\n\n\n\n<p>El experto sostuvo que la metodolog\u00eda que se viene aplicando con \u00e9xito contiene varios pasos o protocolos, donde sin duda la comunidad es un actor preponderante.<\/p>\n\n\n\n<p>\u201cDespu\u00e9s de hacer un estudio a la zona, una caracterizaci\u00f3n territorial, adelantamos un proceso de socializaci\u00f3n con las comunidades, donde se involucra a las Asojuntas de acci\u00f3n comunal, los due\u00f1os de los predios, con la juventud local, para planear un trabajo en el que puede participar toda la comunidad, y luego de esto empezaos el levantamiento de los predios, donde promovemos la entrada a campo para poder capturar la realidad catastral, y despu\u00e9s de hacer un recorrido por todos los predios se guarda la informaci\u00f3n espacialmente, se adelanta una charla con los propietarios sobre varios temas en torno a la tenencia de la tierra, y al final se genera una base de datos de toda el \u00e1rea intervenida; al final de todo este levantamiento de informaci\u00f3n organizamos una inspecci\u00f3n p\u00fablica donde invitamos a toda la comunidad para validar y aprobar los datos, principalmente lo referente a linderos, y de esa manera incrementar la transparencia de cara acuerdos locales, para que todos los predios puedan entrar al proceso de formalizaci\u00f3n rural\u201d, Puntualiz\u00f3 Nicol\u00e1s Porras Arroyo.<\/p>\n\n\n\n<p>Esfuerzos del gobierno \u201cHuila Crece\u201d encaminados a agilizar el proceso de formalizaci\u00f3n rural<\/p>\n\n\n\n<p>Cabe resaltar que desde el gobierno departamental se vienen articulando esfuerzos direcciones en avanzar con el proceso de formalizaci\u00f3n de predios rurales, lo que ha permitido durante 2021 y 2022 adelantar la sensibilizaci\u00f3n de m\u00e1s de m\u00e1s de 5.000 pobladores rurales, en municipios priorizados como&nbsp; de alta prioridad en t\u00e9rminos de regularizaci\u00f3n.<\/p>\n\n\n\n<p>As\u00ed mismo se viene avanzando exitosamente en un convenio con Ecopetrol, encaminado a la implementaci\u00f3n de la estrategia territorial para la gesti\u00f3n de regulaci\u00f3n de la propiedad rural, en los municipios de influencia de la empresa petrolera, (Aipe, Tello, Villavieja, Palermo, Yaguar\u00e1, Neiva).<\/p>\n\n\n\n<figure class=\"wp-block-gallery has-nested-images columns-default is-cropped wp-block-gallery-3 is-layout-flex wp-block-gallery-is-layout-flex\">\n<figure class=\"wp-block-image size-large\"><img decoding=\"async\" data-id=\"41056\" src=\"https:\/\/luchonoticias.com\/wp-content\/uploads\/2022\/12\/WhatsApp-Image-2022-12-02-at-8.37.42-AM-1024x768.jpeg\" alt=\"\" class=\"wp-image-41056\"\/><\/figure>\n<\/figure>\n\n\n\n<p>Igualmente se han implementado instrumentos para facilitar el proceso de formalizaci\u00f3n en el departamento, como es el caso de la ordenanza 044 de 2021 aprobada por la Asamblea Departamental del Huila, y sancionada por el Gobernador Luis Enrique Duss\u00e1n L\u00f3pez, el 06 de diciembre de mismo a\u00f1o, la cual posibilitar\u00e1 a los pobladores rurales adelantar todos los tr\u00e1mites&nbsp; requeridos, gozando de una exenci\u00f3n del 100% en el pago de impuesto de registro, y de m\u00e1s grav\u00e1menes que generen los t\u00edtulos de propiedad; beneficio est\u00e1 orientado a los beneficiarios determinados dentro de la implementaci\u00f3n de la estrategia territorial para la gesti\u00f3n de la regularizaci\u00f3n de la propiedad rural para este departamento. De la misma manera la ordenanza 021 de 2020 que autoriza&nbsp; la exenci\u00f3n del 100% del impuesto de registro departamental para los beneficiarios del programa de formalizaci\u00f3n de la propiedad rural del Ministerio de Agricultura, asumido por la Agencia Nacional de Tierr<\/p>\n","protected":false},"excerpt":{"rendered":"<p>Un importante trabajo viene desarrollando el equipo interdisciplinario del Plan de Ordenamiento Productivo y Social de la Propiedad Rural, en articulaci\u00f3n con Kadaster de Holanda, para agilizar el proceso de formalizaci\u00f3n de predios rurales, como parte de los compromisos adquiridos por el Gobierno Departamental en su plan de desarrollo \u201cHuila Crece\u201d. Gracias a este valioso [&hellip;]<\/p>\n","protected":false},"author":1,"featured_media":0,"comment_status":"open","ping_status":"open","sticky":false,"template":"","format":"standard","meta":{"footnotes":""},"categories":[36,35],"tags":[],"class_list":["post-41050","post","type-post","status-publish","format-standard","hentry","category-destacado","category-regional"],"yoast_head":"<!-- This site is optimized with the Yoast SEO plugin v26.6 - https:\/\/yoast.com\/wordpress\/plugins\/seo\/ -->\n<title>Holanda apoya proceso de formalizaci\u00f3n rural impulsado por la Gobernaci\u00f3n del Huila -<\/title>\n<meta name=\"robots\" content=\"index, follow, max-snippet:-1, max-image-preview:large, max-video-preview:-1\" \/>\n<link rel=\"canonical\" href=\"https:\/\/luchonoticias.com\/editor\/holanda-apoya-proceso-de-formalizacion-rural-impulsado-por-la-gobernacion-del-huila\/\" \/>\n<meta property=\"og:locale\" content=\"es_ES\" \/>\n<meta property=\"og:type\" content=\"article\" \/>\n<meta property=\"og:title\" content=\"Holanda apoya proceso de formalizaci\u00f3n rural impulsado por la Gobernaci\u00f3n del Huila -\" \/>\n<meta property=\"og:url\" content=\"https:\/\/luchonoticias.com\/editor\/holanda-apoya-proceso-de-formalizacion-rural-impulsado-por-la-gobernacion-del-huila\/\" \/>\n<meta property=\"article:publisher\" content=\"https:\/\/www.facebook.com\/luchonoticiasneiva\" \/>\n<meta property=\"article:author\" content=\"https:\/\/www.facebook.com\/luchonoticiasneiva\" \/>\n<meta property=\"article:published_time\" content=\"2022-12-02T19:11:56+00:00\" \/>\n<meta property=\"article:modified_time\" content=\"2022-12-02T19:11:57+00:00\" \/>\n<meta property=\"og:image\" content=\"https:\/\/luchonoticias.com\/wp-content\/uploads\/2022\/12\/WhatsApp-Image-2022-12-02-at-8.37.32-AM-1-1024x461.jpeg\" \/>\n<meta name=\"author\" content=\"admin\" \/>\n<meta name=\"twitter:card\" content=\"summary_large_image\" \/>\n<meta name=\"twitter:label1\" content=\"Escrito por\" \/>\n\t<meta name=\"twitter:data1\" content=\"admin\" \/>\n\t<meta name=\"twitter:label2\" content=\"Tiempo de lectura\" \/>\n\t<meta name=\"twitter:data2\" content=\"4 minutos\" \/>\n<script type=\"application\/ld+json\" class=\"yoast-schema-graph\">{\"@context\":\"https:\/\/schema.org\",\"@graph\":[{\"@type\":\"Article\",\"@id\":\"https:\/\/luchonoticias.com\/editor\/holanda-apoya-proceso-de-formalizacion-rural-impulsado-por-la-gobernacion-del-huila\/#article\",\"isPartOf\":{\"@id\":\"https:\/\/luchonoticias.com\/editor\/holanda-apoya-proceso-de-formalizacion-rural-impulsado-por-la-gobernacion-del-huila\/\"},\"author\":{\"name\":\"admin\",\"@id\":\"https:\/\/luchonoticias.com\/editor\/#\/schema\/person\/7a7fd911f58561fd056dbac7b55af9cd\"},\"headline\":\"Holanda apoya proceso de formalizaci\u00f3n rural impulsado por la Gobernaci\u00f3n del Huila\",\"datePublished\":\"2022-12-02T19:11:56+00:00\",\"dateModified\":\"2022-12-02T19:11:57+00:00\",\"mainEntityOfPage\":{\"@id\":\"https:\/\/luchonoticias.com\/editor\/holanda-apoya-proceso-de-formalizacion-rural-impulsado-por-la-gobernacion-del-huila\/\"},\"wordCount\":831,\"commentCount\":0,\"publisher\":{\"@id\":\"https:\/\/luchonoticias.com\/editor\/#\/schema\/person\/7a7fd911f58561fd056dbac7b55af9cd\"},\"image\":{\"@id\":\"https:\/\/luchonoticias.com\/editor\/holanda-apoya-proceso-de-formalizacion-rural-impulsado-por-la-gobernacion-del-huila\/#primaryimage\"},\"thumbnailUrl\":\"https:\/\/luchonoticias.com\/wp-content\/uploads\/2022\/12\/WhatsApp-Image-2022-12-02-at-8.37.32-AM-1-1024x461.jpeg\",\"articleSection\":[\"Destacado\",\"Regional\"],\"inLanguage\":\"es\",\"potentialAction\":[{\"@type\":\"CommentAction\",\"name\":\"Comment\",\"target\":[\"https:\/\/luchonoticias.com\/editor\/holanda-apoya-proceso-de-formalizacion-rural-impulsado-por-la-gobernacion-del-huila\/#respond\"]}]},{\"@type\":\"WebPage\",\"@id\":\"https:\/\/luchonoticias.com\/editor\/holanda-apoya-proceso-de-formalizacion-rural-impulsado-por-la-gobernacion-del-huila\/\",\"url\":\"https:\/\/luchonoticias.com\/editor\/holanda-apoya-proceso-de-formalizacion-rural-impulsado-por-la-gobernacion-del-huila\/\",\"name\":\"Holanda apoya proceso de formalizaci\u00f3n rural impulsado por la Gobernaci\u00f3n del Huila -\",\"isPartOf\":{\"@id\":\"https:\/\/luchonoticias.com\/editor\/#website\"},\"primaryImageOfPage\":{\"@id\":\"https:\/\/luchonoticias.com\/editor\/holanda-apoya-proceso-de-formalizacion-rural-impulsado-por-la-gobernacion-del-huila\/#primaryimage\"},\"image\":{\"@id\":\"https:\/\/luchonoticias.com\/editor\/holanda-apoya-proceso-de-formalizacion-rural-impulsado-por-la-gobernacion-del-huila\/#primaryimage\"},\"thumbnailUrl\":\"https:\/\/luchonoticias.com\/wp-content\/uploads\/2022\/12\/WhatsApp-Image-2022-12-02-at-8.37.32-AM-1-1024x461.jpeg\",\"datePublished\":\"2022-12-02T19:11:56+00:00\",\"dateModified\":\"2022-12-02T19:11:57+00:00\",\"breadcrumb\":{\"@id\":\"https:\/\/luchonoticias.com\/editor\/holanda-apoya-proceso-de-formalizacion-rural-impulsado-por-la-gobernacion-del-huila\/#breadcrumb\"},\"inLanguage\":\"es\",\"potentialAction\":[{\"@type\":\"ReadAction\",\"target\":[\"https:\/\/luchonoticias.com\/editor\/holanda-apoya-proceso-de-formalizacion-rural-impulsado-por-la-gobernacion-del-huila\/\"]}]},{\"@type\":\"ImageObject\",\"inLanguage\":\"es\",\"@id\":\"https:\/\/luchonoticias.com\/editor\/holanda-apoya-proceso-de-formalizacion-rural-impulsado-por-la-gobernacion-del-huila\/#primaryimage\",\"url\":\"https:\/\/luchonoticias.com\/wp-content\/uploads\/2022\/12\/WhatsApp-Image-2022-12-02-at-8.37.32-AM-1-1024x461.jpeg\",\"contentUrl\":\"https:\/\/luchonoticias.com\/wp-content\/uploads\/2022\/12\/WhatsApp-Image-2022-12-02-at-8.37.32-AM-1-1024x461.jpeg\"},{\"@type\":\"BreadcrumbList\",\"@id\":\"https:\/\/luchonoticias.com\/editor\/holanda-apoya-proceso-de-formalizacion-rural-impulsado-por-la-gobernacion-del-huila\/#breadcrumb\",\"itemListElement\":[{\"@type\":\"ListItem\",\"position\":1,\"name\":\"Portada\",\"item\":\"https:\/\/luchonoticias.com\/editor\/\"},{\"@type\":\"ListItem\",\"position\":2,\"name\":\"Holanda apoya proceso de formalizaci\u00f3n rural impulsado por la Gobernaci\u00f3n del Huila\"}]},{\"@type\":\"WebSite\",\"@id\":\"https:\/\/luchonoticias.com\/editor\/#website\",\"url\":\"https:\/\/luchonoticias.com\/editor\/\",\"name\":\"\",\"description\":\"\",\"publisher\":{\"@id\":\"https:\/\/luchonoticias.com\/editor\/#\/schema\/person\/7a7fd911f58561fd056dbac7b55af9cd\"},\"potentialAction\":[{\"@type\":\"SearchAction\",\"target\":{\"@type\":\"EntryPoint\",\"urlTemplate\":\"https:\/\/luchonoticias.com\/editor\/?s={search_term_string}\"},\"query-input\":{\"@type\":\"PropertyValueSpecification\",\"valueRequired\":true,\"valueName\":\"search_term_string\"}}],\"inLanguage\":\"es\"},{\"@type\":[\"Person\",\"Organization\"],\"@id\":\"https:\/\/luchonoticias.com\/editor\/#\/schema\/person\/7a7fd911f58561fd056dbac7b55af9cd\",\"name\":\"admin\",\"image\":{\"@type\":\"ImageObject\",\"inLanguage\":\"es\",\"@id\":\"https:\/\/luchonoticias.com\/editor\/#\/schema\/person\/image\/\",\"url\":\"https:\/\/luchonoticias.com\/editor\/wp-content\/uploads\/2024\/02\/cropped-cropped-logolu.webp\",\"contentUrl\":\"https:\/\/luchonoticias.com\/editor\/wp-content\/uploads\/2024\/02\/cropped-cropped-logolu.webp\",\"width\":382,\"height\":170,\"caption\":\"admin\"},\"logo\":{\"@id\":\"https:\/\/luchonoticias.com\/editor\/#\/schema\/person\/image\/\"},\"sameAs\":[\"https:\/\/www.facebook.com\/luchonoticiasneiva\"],\"url\":\"https:\/\/luchonoticias.com\/editor\/author\/admin\/\"}]}<\/script>\n<!-- \/ Yoast SEO plugin. -->","yoast_head_json":{"title":"Holanda apoya proceso de formalizaci\u00f3n rural impulsado por la Gobernaci\u00f3n del Huila -","robots":{"index":"index","follow":"follow","max-snippet":"max-snippet:-1","max-image-preview":"max-image-preview:large","max-video-preview":"max-video-preview:-1"},"canonical":"https:\/\/luchonoticias.com\/editor\/holanda-apoya-proceso-de-formalizacion-rural-impulsado-por-la-gobernacion-del-huila\/","og_locale":"es_ES","og_type":"article","og_title":"Holanda apoya proceso de formalizaci\u00f3n rural impulsado por la Gobernaci\u00f3n del Huila -","og_url":"https:\/\/luchonoticias.com\/editor\/holanda-apoya-proceso-de-formalizacion-rural-impulsado-por-la-gobernacion-del-huila\/","article_publisher":"https:\/\/www.facebook.com\/luchonoticiasneiva","article_author":"https:\/\/www.facebook.com\/luchonoticiasneiva","article_published_time":"2022-12-02T19:11:56+00:00","article_modified_time":"2022-12-02T19:11:57+00:00","og_image":[{"url":"https:\/\/luchonoticias.com\/wp-content\/uploads\/2022\/12\/WhatsApp-Image-2022-12-02-at-8.37.32-AM-1-1024x461.jpeg","type":"","width":"","height":""}],"author":"admin","twitter_card":"summary_large_image","twitter_misc":{"Escrito por":"admin","Tiempo de lectura":"4 minutos"},"schema":{"@context":"https:\/\/schema.org","@graph":[{"@type":"Article","@id":"https:\/\/luchonoticias.com\/editor\/holanda-apoya-proceso-de-formalizacion-rural-impulsado-por-la-gobernacion-del-huila\/#article","isPartOf":{"@id":"https:\/\/luchonoticias.com\/editor\/holanda-apoya-proceso-de-formalizacion-rural-impulsado-por-la-gobernacion-del-huila\/"},"author":{"name":"admin","@id":"https:\/\/luchonoticias.com\/editor\/#\/schema\/person\/7a7fd911f58561fd056dbac7b55af9cd"},"headline":"Holanda apoya proceso de formalizaci\u00f3n rural impulsado por la Gobernaci\u00f3n del Huila","datePublished":"2022-12-02T19:11:56+00:00","dateModified":"2022-12-02T19:11:57+00:00","mainEntityOfPage":{"@id":"https:\/\/luchonoticias.com\/editor\/holanda-apoya-proceso-de-formalizacion-rural-impulsado-por-la-gobernacion-del-huila\/"},"wordCount":831,"commentCount":0,"publisher":{"@id":"https:\/\/luchonoticias.com\/editor\/#\/schema\/person\/7a7fd911f58561fd056dbac7b55af9cd"},"image":{"@id":"https:\/\/luchonoticias.com\/editor\/holanda-apoya-proceso-de-formalizacion-rural-impulsado-por-la-gobernacion-del-huila\/#primaryimage"},"thumbnailUrl":"https:\/\/luchonoticias.com\/wp-content\/uploads\/2022\/12\/WhatsApp-Image-2022-12-02-at-8.37.32-AM-1-1024x461.jpeg","articleSection":["Destacado","Regional"],"inLanguage":"es","potentialAction":[{"@type":"CommentAction","name":"Comment","target":["https:\/\/luchonoticias.com\/editor\/holanda-apoya-proceso-de-formalizacion-rural-impulsado-por-la-gobernacion-del-huila\/#respond"]}]},{"@type":"WebPage","@id":"https:\/\/luchonoticias.com\/editor\/holanda-apoya-proceso-de-formalizacion-rural-impulsado-por-la-gobernacion-del-huila\/","url":"https:\/\/luchonoticias.com\/editor\/holanda-apoya-proceso-de-formalizacion-rural-impulsado-por-la-gobernacion-del-huila\/","name":"Holanda apoya proceso de formalizaci\u00f3n rural impulsado por la Gobernaci\u00f3n del Huila -","isPartOf":{"@id":"https:\/\/luchonoticias.com\/editor\/#website"},"primaryImageOfPage":{"@id":"https:\/\/luchonoticias.com\/editor\/holanda-apoya-proceso-de-formalizacion-rural-impulsado-por-la-gobernacion-del-huila\/#primaryimage"},"image":{"@id":"https:\/\/luchonoticias.com\/editor\/holanda-apoya-proceso-de-formalizacion-rural-impulsado-por-la-gobernacion-del-huila\/#primaryimage"},"thumbnailUrl":"https:\/\/luchonoticias.com\/wp-content\/uploads\/2022\/12\/WhatsApp-Image-2022-12-02-at-8.37.32-AM-1-1024x461.jpeg","datePublished":"2022-12-02T19:11:56+00:00","dateModified":"2022-12-02T19:11:57+00:00","breadcrumb":{"@id":"https:\/\/luchonoticias.com\/editor\/holanda-apoya-proceso-de-formalizacion-rural-impulsado-por-la-gobernacion-del-huila\/#breadcrumb"},"inLanguage":"es","potentialAction":[{"@type":"ReadAction","target":["https:\/\/luchonoticias.com\/editor\/holanda-apoya-proceso-de-formalizacion-rural-impulsado-por-la-gobernacion-del-huila\/"]}]},{"@type":"ImageObject","inLanguage":"es","@id":"https:\/\/luchonoticias.com\/editor\/holanda-apoya-proceso-de-formalizacion-rural-impulsado-por-la-gobernacion-del-huila\/#primaryimage","url":"https:\/\/luchonoticias.com\/wp-content\/uploads\/2022\/12\/WhatsApp-Image-2022-12-02-at-8.37.32-AM-1-1024x461.jpeg","contentUrl":"https:\/\/luchonoticias.com\/wp-content\/uploads\/2022\/12\/WhatsApp-Image-2022-12-02-at-8.37.32-AM-1-1024x461.jpeg"},{"@type":"BreadcrumbList","@id":"https:\/\/luchonoticias.com\/editor\/holanda-apoya-proceso-de-formalizacion-rural-impulsado-por-la-gobernacion-del-huila\/#breadcrumb","itemListElement":[{"@type":"ListItem","position":1,"name":"Portada","item":"https:\/\/luchonoticias.com\/editor\/"},{"@type":"ListItem","position":2,"name":"Holanda apoya proceso de formalizaci\u00f3n rural impulsado por la Gobernaci\u00f3n del Huila"}]},{"@type":"WebSite","@id":"https:\/\/luchonoticias.com\/editor\/#website","url":"https:\/\/luchonoticias.com\/editor\/","name":"","description":"","publisher":{"@id":"https:\/\/luchonoticias.com\/editor\/#\/schema\/person\/7a7fd911f58561fd056dbac7b55af9cd"},"potentialAction":[{"@type":"SearchAction","target":{"@type":"EntryPoint","urlTemplate":"https:\/\/luchonoticias.com\/editor\/?s={search_term_string}"},"query-input":{"@type":"PropertyValueSpecification","valueRequired":true,"valueName":"search_term_string"}}],"inLanguage":"es"},{"@type":["Person","Organization"],"@id":"https:\/\/luchonoticias.com\/editor\/#\/schema\/person\/7a7fd911f58561fd056dbac7b55af9cd","name":"admin","image":{"@type":"ImageObject","inLanguage":"es","@id":"https:\/\/luchonoticias.com\/editor\/#\/schema\/person\/image\/","url":"https:\/\/luchonoticias.com\/editor\/wp-content\/uploads\/2024\/02\/cropped-cropped-logolu.webp","contentUrl":"https:\/\/luchonoticias.com\/editor\/wp-content\/uploads\/2024\/02\/cropped-cropped-logolu.webp","width":382,"height":170,"caption":"admin"},"logo":{"@id":"https:\/\/luchonoticias.com\/editor\/#\/schema\/person\/image\/"},"sameAs":["https:\/\/www.facebook.com\/luchonoticiasneiva"],"url":"https:\/\/luchonoticias.com\/editor\/author\/admin\/"}]}},"_links":{"self":[{"href":"https:\/\/luchonoticias.com\/editor\/wp-json\/wp\/v2\/posts\/41050","targetHints":{"allow":["GET"]}}],"collection":[{"href":"https:\/\/luchonoticias.com\/editor\/wp-json\/wp\/v2\/posts"}],"about":[{"href":"https:\/\/luchonoticias.com\/editor\/wp-json\/wp\/v2\/types\/post"}],"author":[{"embeddable":true,"href":"https:\/\/luchonoticias.com\/editor\/wp-json\/wp\/v2\/users\/1"}],"replies":[{"embeddable":true,"href":"https:\/\/luchonoticias.com\/editor\/wp-json\/wp\/v2\/comments?post=41050"}],"version-history":[{"count":0,"href":"https:\/\/luchonoticias.com\/editor\/wp-json\/wp\/v2\/posts\/41050\/revisions"}],"wp:attachment":[{"href":"https:\/\/luchonoticias.com\/editor\/wp-json\/wp\/v2\/media?parent=41050"}],"wp:term":[{"taxonomy":"category","embeddable":true,"href":"https:\/\/luchonoticias.com\/editor\/wp-json\/wp\/v2\/categories?post=41050"},{"taxonomy":"post_tag","embeddable":true,"href":"https:\/\/luchonoticias.com\/editor\/wp-json\/wp\/v2\/tags?post=41050"}],"curies":[{"name":"wp","href":"https:\/\/api.w.org\/{rel}","templated":true}]}}