{"id":41062,"date":"2022-12-02T18:40:33","date_gmt":"2022-12-02T23:40:33","guid":{"rendered":"https:\/\/luchonoticias.com\/?p=41062"},"modified":"2022-12-02T18:41:51","modified_gmt":"2022-12-02T23:41:51","slug":"reduccion-del-homicidio-en-iquira-en-el-2022-es-del-25","status":"publish","type":"post","link":"https:\/\/luchonoticias.com\/editor\/reduccion-del-homicidio-en-iquira-en-el-2022-es-del-25\/","title":{"rendered":"Reducci\u00f3n del homicidio en Iquira en el 2022 es del -25%"},"content":{"rendered":"\n<p>Las Caravanas por la Vida siguen recorriendo el departamento del Huila, esta vez los habitantes del municipio de Iquira, recibieron a los uniformados de las diferentes especialidades que durante todo el a\u00f1o han visitado los municipio para impactar con campa\u00f1as preventivas y evitar la comisi\u00f3n de delitos que afecten la seguridad y convivencia.<\/p>\n\n\n\n<figure class=\"wp-block-gallery has-nested-images columns-default is-cropped wp-block-gallery-1 is-layout-flex wp-block-gallery-is-layout-flex\">\n<figure class=\"wp-block-image size-large\"><img decoding=\"async\" data-id=\"41065\" src=\"https:\/\/luchonoticias.com\/wp-content\/uploads\/2022\/12\/WhatsApp-Image-2022-12-02-at-6.22.17-PM-1-1024x683.jpeg\" alt=\"\" class=\"wp-image-41065\"\/><\/figure>\n\n\n\n<figure class=\"wp-block-image size-large\"><img decoding=\"async\" data-id=\"41066\" src=\"https:\/\/luchonoticias.com\/wp-content\/uploads\/2022\/12\/WhatsApp-Image-2022-12-02-at-6.22.16-PM-1024x683.jpeg\" alt=\"\" class=\"wp-image-41066\"\/><\/figure>\n\n\n\n<figure class=\"wp-block-image size-large\"><img decoding=\"async\" data-id=\"41064\" src=\"https:\/\/luchonoticias.com\/wp-content\/uploads\/2022\/12\/WhatsApp-Image-2022-12-02-at-6.22.15-PM-1024x683.jpeg\" alt=\"\" class=\"wp-image-41064\"\/><\/figure>\n<\/figure>\n\n\n\n<p>A corte 1 de noviembre, se ha reducido el homicidio en un -11%, resultado que refleja el esfuerzo de cada polic\u00eda y las autoridades en los territorios, cada vida salvada es sagrada, por eso durante este fin de a\u00f1o se intencifican las acciones para prevenir la comisi\u00f3n de delitos que desencadenen en la afectaci\u00f3n al bien jur\u00eddico m\u00e1s tutelado, la vida.<\/p>\n\n\n\n<p>Tambi\u00e9n se ha tenido una reducci\u00f3n en el secuestro con un -33%, la extorsi\u00f3n -13%, el huerto a residencias -7% el abigeato -27% y los delitos sexuales -12%, todos estos delitos de impacto, hacen parte de la estrategia Caravanas por la Vida del Departamento de Polic\u00eda Huila, apuntando a su reducci\u00f3n.<\/p>\n\n\n\n<figure class=\"wp-block-gallery has-nested-images columns-default is-cropped wp-block-gallery-2 is-layout-flex wp-block-gallery-is-layout-flex\">\n<figure class=\"wp-block-image size-large\"><img decoding=\"async\" data-id=\"41067\" src=\"https:\/\/luchonoticias.com\/wp-content\/uploads\/2022\/12\/WhatsApp-Image-2022-12-02-at-6.22.19-PM-1024x682.jpeg\" alt=\"\" class=\"wp-image-41067\"\/><\/figure>\n\n\n\n<figure class=\"wp-block-image size-large\"><img decoding=\"async\" data-id=\"41068\" src=\"https:\/\/luchonoticias.com\/wp-content\/uploads\/2022\/12\/WhatsApp-Image-2022-12-02-at-6.22.18-PM-1024x682.jpeg\" alt=\"\" class=\"wp-image-41068\"\/><\/figure>\n<\/figure>\n\n\n\n<p>En Iquira ni\u00f1os y adultos disfrutaron de la campa\u00f1a de prevenci\u00f3n y las actividades programadas por el UNDMO (ESMAD), GAULA, los Carabineros, el Grupo de Prevenci\u00f3n, Infancia y Adolescencia, Tr\u00e1nsito y Transportes y todas las especialidades que acompa\u00f1aron esta actividad.<\/p>\n","protected":false},"excerpt":{"rendered":"<p>Las Caravanas por la Vida siguen recorriendo el departamento del Huila, esta vez los habitantes del municipio de Iquira, recibieron a los uniformados de las diferentes especialidades que durante todo el a\u00f1o han visitado los municipio para impactar con campa\u00f1as preventivas y evitar la comisi\u00f3n de delitos que afecten la seguridad y convivencia. A corte [&hellip;]<\/p>\n","protected":false},"author":1,"featured_media":0,"comment_status":"open","ping_status":"open","sticky":false,"template":"","format":"standard","meta":{"footnotes":""},"categories":[36,35],"tags":[],"class_list":["post-41062","post","type-post","status-publish","format-standard","hentry","category-destacado","category-regional"],"yoast_head":"<!-- This site is optimized with the Yoast SEO plugin v26.6 - https:\/\/yoast.com\/wordpress\/plugins\/seo\/ -->\n<title>Reducci\u00f3n del homicidio en Iquira en el 2022 es del -25% -<\/title>\n<meta name=\"robots\" content=\"index, follow, max-snippet:-1, max-image-preview:large, max-video-preview:-1\" \/>\n<link rel=\"canonical\" href=\"https:\/\/luchonoticias.com\/editor\/reduccion-del-homicidio-en-iquira-en-el-2022-es-del-25\/\" \/>\n<meta property=\"og:locale\" content=\"es_ES\" \/>\n<meta property=\"og:type\" content=\"article\" \/>\n<meta property=\"og:title\" content=\"Reducci\u00f3n del homicidio en Iquira en el 2022 es del -25% -\" \/>\n<meta property=\"og:url\" content=\"https:\/\/luchonoticias.com\/editor\/reduccion-del-homicidio-en-iquira-en-el-2022-es-del-25\/\" \/>\n<meta property=\"article:publisher\" content=\"https:\/\/www.facebook.com\/luchonoticiasneiva\" \/>\n<meta property=\"article:author\" content=\"https:\/\/www.facebook.com\/luchonoticiasneiva\" \/>\n<meta property=\"article:published_time\" content=\"2022-12-02T23:40:33+00:00\" \/>\n<meta property=\"article:modified_time\" content=\"2022-12-02T23:41:51+00:00\" \/>\n<meta property=\"og:image\" content=\"https:\/\/luchonoticias.com\/wp-content\/uploads\/2022\/12\/WhatsApp-Image-2022-12-02-at-6.22.17-PM-1-1024x683.jpeg\" \/>\n<meta name=\"author\" content=\"admin\" \/>\n<meta name=\"twitter:card\" content=\"summary_large_image\" \/>\n<meta name=\"twitter:label1\" content=\"Escrito por\" \/>\n\t<meta name=\"twitter:data1\" content=\"admin\" \/>\n\t<meta name=\"twitter:label2\" content=\"Tiempo de lectura\" \/>\n\t<meta name=\"twitter:data2\" content=\"1 minuto\" \/>\n<script type=\"application\/ld+json\" class=\"yoast-schema-graph\">{\"@context\":\"https:\/\/schema.org\",\"@graph\":[{\"@type\":\"Article\",\"@id\":\"https:\/\/luchonoticias.com\/editor\/reduccion-del-homicidio-en-iquira-en-el-2022-es-del-25\/#article\",\"isPartOf\":{\"@id\":\"https:\/\/luchonoticias.com\/editor\/reduccion-del-homicidio-en-iquira-en-el-2022-es-del-25\/\"},\"author\":{\"name\":\"admin\",\"@id\":\"https:\/\/luchonoticias.com\/editor\/#\/schema\/person\/7a7fd911f58561fd056dbac7b55af9cd\"},\"headline\":\"Reducci\u00f3n del homicidio en Iquira en el 2022 es del -25%\",\"datePublished\":\"2022-12-02T23:40:33+00:00\",\"dateModified\":\"2022-12-02T23:41:51+00:00\",\"mainEntityOfPage\":{\"@id\":\"https:\/\/luchonoticias.com\/editor\/reduccion-del-homicidio-en-iquira-en-el-2022-es-del-25\/\"},\"wordCount\":235,\"commentCount\":0,\"publisher\":{\"@id\":\"https:\/\/luchonoticias.com\/editor\/#\/schema\/person\/7a7fd911f58561fd056dbac7b55af9cd\"},\"image\":{\"@id\":\"https:\/\/luchonoticias.com\/editor\/reduccion-del-homicidio-en-iquira-en-el-2022-es-del-25\/#primaryimage\"},\"thumbnailUrl\":\"https:\/\/luchonoticias.com\/wp-content\/uploads\/2022\/12\/WhatsApp-Image-2022-12-02-at-6.22.17-PM-1-1024x683.jpeg\",\"articleSection\":[\"Destacado\",\"Regional\"],\"inLanguage\":\"es\",\"potentialAction\":[{\"@type\":\"CommentAction\",\"name\":\"Comment\",\"target\":[\"https:\/\/luchonoticias.com\/editor\/reduccion-del-homicidio-en-iquira-en-el-2022-es-del-25\/#respond\"]}]},{\"@type\":\"WebPage\",\"@id\":\"https:\/\/luchonoticias.com\/editor\/reduccion-del-homicidio-en-iquira-en-el-2022-es-del-25\/\",\"url\":\"https:\/\/luchonoticias.com\/editor\/reduccion-del-homicidio-en-iquira-en-el-2022-es-del-25\/\",\"name\":\"Reducci\u00f3n del homicidio en Iquira en el 2022 es del -25% -\",\"isPartOf\":{\"@id\":\"https:\/\/luchonoticias.com\/editor\/#website\"},\"primaryImageOfPage\":{\"@id\":\"https:\/\/luchonoticias.com\/editor\/reduccion-del-homicidio-en-iquira-en-el-2022-es-del-25\/#primaryimage\"},\"image\":{\"@id\":\"https:\/\/luchonoticias.com\/editor\/reduccion-del-homicidio-en-iquira-en-el-2022-es-del-25\/#primaryimage\"},\"thumbnailUrl\":\"https:\/\/luchonoticias.com\/wp-content\/uploads\/2022\/12\/WhatsApp-Image-2022-12-02-at-6.22.17-PM-1-1024x683.jpeg\",\"datePublished\":\"2022-12-02T23:40:33+00:00\",\"dateModified\":\"2022-12-02T23:41:51+00:00\",\"breadcrumb\":{\"@id\":\"https:\/\/luchonoticias.com\/editor\/reduccion-del-homicidio-en-iquira-en-el-2022-es-del-25\/#breadcrumb\"},\"inLanguage\":\"es\",\"potentialAction\":[{\"@type\":\"ReadAction\",\"target\":[\"https:\/\/luchonoticias.com\/editor\/reduccion-del-homicidio-en-iquira-en-el-2022-es-del-25\/\"]}]},{\"@type\":\"ImageObject\",\"inLanguage\":\"es\",\"@id\":\"https:\/\/luchonoticias.com\/editor\/reduccion-del-homicidio-en-iquira-en-el-2022-es-del-25\/#primaryimage\",\"url\":\"https:\/\/luchonoticias.com\/wp-content\/uploads\/2022\/12\/WhatsApp-Image-2022-12-02-at-6.22.17-PM-1-1024x683.jpeg\",\"contentUrl\":\"https:\/\/luchonoticias.com\/wp-content\/uploads\/2022\/12\/WhatsApp-Image-2022-12-02-at-6.22.17-PM-1-1024x683.jpeg\"},{\"@type\":\"BreadcrumbList\",\"@id\":\"https:\/\/luchonoticias.com\/editor\/reduccion-del-homicidio-en-iquira-en-el-2022-es-del-25\/#breadcrumb\",\"itemListElement\":[{\"@type\":\"ListItem\",\"position\":1,\"name\":\"Portada\",\"item\":\"https:\/\/luchonoticias.com\/editor\/\"},{\"@type\":\"ListItem\",\"position\":2,\"name\":\"Reducci\u00f3n del homicidio en Iquira en el 2022 es del -25%\"}]},{\"@type\":\"WebSite\",\"@id\":\"https:\/\/luchonoticias.com\/editor\/#website\",\"url\":\"https:\/\/luchonoticias.com\/editor\/\",\"name\":\"\",\"description\":\"\",\"publisher\":{\"@id\":\"https:\/\/luchonoticias.com\/editor\/#\/schema\/person\/7a7fd911f58561fd056dbac7b55af9cd\"},\"potentialAction\":[{\"@type\":\"SearchAction\",\"target\":{\"@type\":\"EntryPoint\",\"urlTemplate\":\"https:\/\/luchonoticias.com\/editor\/?s={search_term_string}\"},\"query-input\":{\"@type\":\"PropertyValueSpecification\",\"valueRequired\":true,\"valueName\":\"search_term_string\"}}],\"inLanguage\":\"es\"},{\"@type\":[\"Person\",\"Organization\"],\"@id\":\"https:\/\/luchonoticias.com\/editor\/#\/schema\/person\/7a7fd911f58561fd056dbac7b55af9cd\",\"name\":\"admin\",\"image\":{\"@type\":\"ImageObject\",\"inLanguage\":\"es\",\"@id\":\"https:\/\/luchonoticias.com\/editor\/#\/schema\/person\/image\/\",\"url\":\"https:\/\/luchonoticias.com\/editor\/wp-content\/uploads\/2024\/02\/cropped-cropped-logolu.webp\",\"contentUrl\":\"https:\/\/luchonoticias.com\/editor\/wp-content\/uploads\/2024\/02\/cropped-cropped-logolu.webp\",\"width\":382,\"height\":170,\"caption\":\"admin\"},\"logo\":{\"@id\":\"https:\/\/luchonoticias.com\/editor\/#\/schema\/person\/image\/\"},\"sameAs\":[\"https:\/\/www.facebook.com\/luchonoticiasneiva\"],\"url\":\"https:\/\/luchonoticias.com\/editor\/author\/admin\/\"}]}<\/script>\n<!-- \/ Yoast SEO plugin. -->","yoast_head_json":{"title":"Reducci\u00f3n del homicidio en Iquira en el 2022 es del -25% -","robots":{"index":"index","follow":"follow","max-snippet":"max-snippet:-1","max-image-preview":"max-image-preview:large","max-video-preview":"max-video-preview:-1"},"canonical":"https:\/\/luchonoticias.com\/editor\/reduccion-del-homicidio-en-iquira-en-el-2022-es-del-25\/","og_locale":"es_ES","og_type":"article","og_title":"Reducci\u00f3n del homicidio en Iquira en el 2022 es del -25% -","og_url":"https:\/\/luchonoticias.com\/editor\/reduccion-del-homicidio-en-iquira-en-el-2022-es-del-25\/","article_publisher":"https:\/\/www.facebook.com\/luchonoticiasneiva","article_author":"https:\/\/www.facebook.com\/luchonoticiasneiva","article_published_time":"2022-12-02T23:40:33+00:00","article_modified_time":"2022-12-02T23:41:51+00:00","og_image":[{"url":"https:\/\/luchonoticias.com\/wp-content\/uploads\/2022\/12\/WhatsApp-Image-2022-12-02-at-6.22.17-PM-1-1024x683.jpeg","type":"","width":"","height":""}],"author":"admin","twitter_card":"summary_large_image","twitter_misc":{"Escrito por":"admin","Tiempo de lectura":"1 minuto"},"schema":{"@context":"https:\/\/schema.org","@graph":[{"@type":"Article","@id":"https:\/\/luchonoticias.com\/editor\/reduccion-del-homicidio-en-iquira-en-el-2022-es-del-25\/#article","isPartOf":{"@id":"https:\/\/luchonoticias.com\/editor\/reduccion-del-homicidio-en-iquira-en-el-2022-es-del-25\/"},"author":{"name":"admin","@id":"https:\/\/luchonoticias.com\/editor\/#\/schema\/person\/7a7fd911f58561fd056dbac7b55af9cd"},"headline":"Reducci\u00f3n del homicidio en Iquira en el 2022 es del -25%","datePublished":"2022-12-02T23:40:33+00:00","dateModified":"2022-12-02T23:41:51+00:00","mainEntityOfPage":{"@id":"https:\/\/luchonoticias.com\/editor\/reduccion-del-homicidio-en-iquira-en-el-2022-es-del-25\/"},"wordCount":235,"commentCount":0,"publisher":{"@id":"https:\/\/luchonoticias.com\/editor\/#\/schema\/person\/7a7fd911f58561fd056dbac7b55af9cd"},"image":{"@id":"https:\/\/luchonoticias.com\/editor\/reduccion-del-homicidio-en-iquira-en-el-2022-es-del-25\/#primaryimage"},"thumbnailUrl":"https:\/\/luchonoticias.com\/wp-content\/uploads\/2022\/12\/WhatsApp-Image-2022-12-02-at-6.22.17-PM-1-1024x683.jpeg","articleSection":["Destacado","Regional"],"inLanguage":"es","potentialAction":[{"@type":"CommentAction","name":"Comment","target":["https:\/\/luchonoticias.com\/editor\/reduccion-del-homicidio-en-iquira-en-el-2022-es-del-25\/#respond"]}]},{"@type":"WebPage","@id":"https:\/\/luchonoticias.com\/editor\/reduccion-del-homicidio-en-iquira-en-el-2022-es-del-25\/","url":"https:\/\/luchonoticias.com\/editor\/reduccion-del-homicidio-en-iquira-en-el-2022-es-del-25\/","name":"Reducci\u00f3n del homicidio en Iquira en el 2022 es del -25% -","isPartOf":{"@id":"https:\/\/luchonoticias.com\/editor\/#website"},"primaryImageOfPage":{"@id":"https:\/\/luchonoticias.com\/editor\/reduccion-del-homicidio-en-iquira-en-el-2022-es-del-25\/#primaryimage"},"image":{"@id":"https:\/\/luchonoticias.com\/editor\/reduccion-del-homicidio-en-iquira-en-el-2022-es-del-25\/#primaryimage"},"thumbnailUrl":"https:\/\/luchonoticias.com\/wp-content\/uploads\/2022\/12\/WhatsApp-Image-2022-12-02-at-6.22.17-PM-1-1024x683.jpeg","datePublished":"2022-12-02T23:40:33+00:00","dateModified":"2022-12-02T23:41:51+00:00","breadcrumb":{"@id":"https:\/\/luchonoticias.com\/editor\/reduccion-del-homicidio-en-iquira-en-el-2022-es-del-25\/#breadcrumb"},"inLanguage":"es","potentialAction":[{"@type":"ReadAction","target":["https:\/\/luchonoticias.com\/editor\/reduccion-del-homicidio-en-iquira-en-el-2022-es-del-25\/"]}]},{"@type":"ImageObject","inLanguage":"es","@id":"https:\/\/luchonoticias.com\/editor\/reduccion-del-homicidio-en-iquira-en-el-2022-es-del-25\/#primaryimage","url":"https:\/\/luchonoticias.com\/wp-content\/uploads\/2022\/12\/WhatsApp-Image-2022-12-02-at-6.22.17-PM-1-1024x683.jpeg","contentUrl":"https:\/\/luchonoticias.com\/wp-content\/uploads\/2022\/12\/WhatsApp-Image-2022-12-02-at-6.22.17-PM-1-1024x683.jpeg"},{"@type":"BreadcrumbList","@id":"https:\/\/luchonoticias.com\/editor\/reduccion-del-homicidio-en-iquira-en-el-2022-es-del-25\/#breadcrumb","itemListElement":[{"@type":"ListItem","position":1,"name":"Portada","item":"https:\/\/luchonoticias.com\/editor\/"},{"@type":"ListItem","position":2,"name":"Reducci\u00f3n del homicidio en Iquira en el 2022 es del -25%"}]},{"@type":"WebSite","@id":"https:\/\/luchonoticias.com\/editor\/#website","url":"https:\/\/luchonoticias.com\/editor\/","name":"","description":"","publisher":{"@id":"https:\/\/luchonoticias.com\/editor\/#\/schema\/person\/7a7fd911f58561fd056dbac7b55af9cd"},"potentialAction":[{"@type":"SearchAction","target":{"@type":"EntryPoint","urlTemplate":"https:\/\/luchonoticias.com\/editor\/?s={search_term_string}"},"query-input":{"@type":"PropertyValueSpecification","valueRequired":true,"valueName":"search_term_string"}}],"inLanguage":"es"},{"@type":["Person","Organization"],"@id":"https:\/\/luchonoticias.com\/editor\/#\/schema\/person\/7a7fd911f58561fd056dbac7b55af9cd","name":"admin","image":{"@type":"ImageObject","inLanguage":"es","@id":"https:\/\/luchonoticias.com\/editor\/#\/schema\/person\/image\/","url":"https:\/\/luchonoticias.com\/editor\/wp-content\/uploads\/2024\/02\/cropped-cropped-logolu.webp","contentUrl":"https:\/\/luchonoticias.com\/editor\/wp-content\/uploads\/2024\/02\/cropped-cropped-logolu.webp","width":382,"height":170,"caption":"admin"},"logo":{"@id":"https:\/\/luchonoticias.com\/editor\/#\/schema\/person\/image\/"},"sameAs":["https:\/\/www.facebook.com\/luchonoticiasneiva"],"url":"https:\/\/luchonoticias.com\/editor\/author\/admin\/"}]}},"_links":{"self":[{"href":"https:\/\/luchonoticias.com\/editor\/wp-json\/wp\/v2\/posts\/41062","targetHints":{"allow":["GET"]}}],"collection":[{"href":"https:\/\/luchonoticias.com\/editor\/wp-json\/wp\/v2\/posts"}],"about":[{"href":"https:\/\/luchonoticias.com\/editor\/wp-json\/wp\/v2\/types\/post"}],"author":[{"embeddable":true,"href":"https:\/\/luchonoticias.com\/editor\/wp-json\/wp\/v2\/users\/1"}],"replies":[{"embeddable":true,"href":"https:\/\/luchonoticias.com\/editor\/wp-json\/wp\/v2\/comments?post=41062"}],"version-history":[{"count":0,"href":"https:\/\/luchonoticias.com\/editor\/wp-json\/wp\/v2\/posts\/41062\/revisions"}],"wp:attachment":[{"href":"https:\/\/luchonoticias.com\/editor\/wp-json\/wp\/v2\/media?parent=41062"}],"wp:term":[{"taxonomy":"category","embeddable":true,"href":"https:\/\/luchonoticias.com\/editor\/wp-json\/wp\/v2\/categories?post=41062"},{"taxonomy":"post_tag","embeddable":true,"href":"https:\/\/luchonoticias.com\/editor\/wp-json\/wp\/v2\/tags?post=41062"}],"curies":[{"name":"wp","href":"https:\/\/api.w.org\/{rel}","templated":true}]}}