{"id":41071,"date":"2022-12-02T18:44:55","date_gmt":"2022-12-02T23:44:55","guid":{"rendered":"https:\/\/luchonoticias.com\/?p=41071"},"modified":"2022-12-02T18:44:56","modified_gmt":"2022-12-02T23:44:56","slug":"restauracion-y-reforestacion-en-los-humedales-de-neiva","status":"publish","type":"post","link":"https:\/\/luchonoticias.com\/editor\/restauracion-y-reforestacion-en-los-humedales-de-neiva\/","title":{"rendered":"Restauraci\u00f3n y reforestaci\u00f3n en los humedales de Neiva"},"content":{"rendered":"\n<p>Con el objetivo de cumplir con el Plan de Manejo Ambiental de los Humedales El Pisingo del Jard\u00edn Bot\u00e1nico \u2018Bertha Hern\u00e1ndez de Ospina\u2019 y El Chaparro, de la Comuna 5, se realiz\u00f3 la extracci\u00f3n de macr\u00f3fitas y siembras con el liderazgo de la Secretar\u00eda de Medio Ambiente y el apoyo de los batallones de Artiller\u00eda No. 9 Tenerife y el de Ingenieros e Infraestructura No. 55.<\/p>\n\n\n\n<p>\u201cLas plantas macr\u00f3fitas son los famosos \u2018buchones\u2019 o \u2018lirios de agua\u2019, no se deben eliminar de un todo, sino que se deben controlar, porque hacen parte de la cadena bi\u00f3tica y se deben considerar para la reproducci\u00f3n de anfibios, reptiles y aves\u201d, explic\u00f3 el secretario de Medio Ambiente Hernando Duarte, adem\u00e1s de afirmar que la extracci\u00f3n de esta cobertura vegetal garantizar\u00eda la entrada de luz al agua y la conservaci\u00f3n de estos ecosistema.<\/p>\n\n\n\n<figure class=\"wp-block-gallery has-nested-images columns-default is-cropped wp-block-gallery-1 is-layout-flex wp-block-gallery-is-layout-flex\">\n<figure class=\"wp-block-image size-large\"><img decoding=\"async\" data-id=\"41073\" src=\"https:\/\/luchonoticias.com\/wp-content\/uploads\/2022\/12\/WhatsApp-Image-2022-12-02-at-6.21.47-PM-1024x683.jpeg\" alt=\"\" class=\"wp-image-41073\"\/><\/figure>\n\n\n\n<figure class=\"wp-block-image size-large\"><img decoding=\"async\" data-id=\"41074\" src=\"https:\/\/luchonoticias.com\/wp-content\/uploads\/2022\/12\/WhatsApp-Image-2022-12-02-at-6.21.46-PM-1024x683.jpeg\" alt=\"\" class=\"wp-image-41074\"\/><\/figure>\n<\/figure>\n\n\n\n<p>A su vez, el Secretario agreg\u00f3 algunas variedades de especies avistadas en estos escenarios, \u201cdentro de las especies nativas se destacan aves migratorias y acu\u00e1ticas, como la garza blanca, los caracoleros o Ibis negros, las monjitas, aves peque\u00f1as de cabeza amarilla y cuerpo negro, los hermosos Santamar\u00eda y en las noches visitados por las aves tingas, chilacoas y patos migratorios\u201d.<\/p>\n\n\n\n<p><strong>Reforestaciones para recuperar el techo verde de Neiva<\/strong><\/p>\n\n\n\n<p>Las siembras de especies nativas de la regi\u00f3n han logrado recuperar zonas de gran importancia ecosist\u00e9mica como las rondas de los afluentes. Daniela Tafur, directora de la Fundaci\u00f3n Ecosolarium, visitante del humedal El Cur\u00edbano, habl\u00f3 desde su labor como educadora ambiental: \u201cFinalizamos la jornada recreativa con los ni\u00f1os visitando este humedal, sembrando en los ni\u00f1os la semilla de la conservaci\u00f3n, mientras coordinaban sus actividades de avistamiento de aves, limpieza de residuos s\u00f3lidos y siembra. Hoy nos apropiamos de un espacio p\u00fablico d\u00e1ndole un uso responsable y sostenible, mitigando el impacto ambiental\u201d, afirm\u00f3.<\/p>\n\n\n\n<figure class=\"wp-block-gallery has-nested-images columns-default is-cropped wp-block-gallery-2 is-layout-flex wp-block-gallery-is-layout-flex\">\n<figure class=\"wp-block-image size-large\"><img decoding=\"async\" data-id=\"41076\" src=\"https:\/\/luchonoticias.com\/wp-content\/uploads\/2022\/12\/WhatsApp-Image-2022-12-02-at-6.21.49-PM-1024x684.jpeg\" alt=\"\" class=\"wp-image-41076\"\/><\/figure>\n\n\n\n<figure class=\"wp-block-image size-large\"><img decoding=\"async\" data-id=\"41075\" src=\"https:\/\/luchonoticias.com\/wp-content\/uploads\/2022\/12\/WhatsApp-Image-2022-12-02-at-6.21.48-PM-2-1024x768.jpeg\" alt=\"\" class=\"wp-image-41075\"\/><\/figure>\n<\/figure>\n\n\n\n<p>As\u00ed mismo, el intendente del grupo ambiental de la Polic\u00eda Metropolitana de Neiva H\u00e9ctor Pacheco Rodr\u00edguez, hizo un llamado a la los visitantes de estos escenarios, \u201cinvitamos a la comunidad a que cuidemos de los afluentes , no arrojemos basuras y as\u00ed ayudar a conservar las especies que habitan en estas zonas\u201d.<\/p>\n\n\n\n<p>Finalmente, la Secretaria de Medio Ambiente lleva un total de 30 mil \u00e1rboles sembrados en todo el municipio, cumpliendo con la recuperaci\u00f3n del techo verde de Neiva.<\/p>\n","protected":false},"excerpt":{"rendered":"<p>Con el objetivo de cumplir con el Plan de Manejo Ambiental de los Humedales El Pisingo del Jard\u00edn Bot\u00e1nico \u2018Bertha Hern\u00e1ndez de Ospina\u2019 y El Chaparro, de la Comuna 5, se realiz\u00f3 la extracci\u00f3n de macr\u00f3fitas y siembras con el liderazgo de la Secretar\u00eda de Medio Ambiente y el apoyo de los batallones de Artiller\u00eda [&hellip;]<\/p>\n","protected":false},"author":1,"featured_media":0,"comment_status":"open","ping_status":"open","sticky":false,"template":"","format":"standard","meta":{"footnotes":""},"categories":[3961,36],"tags":[],"class_list":["post-41071","post","type-post","status-publish","format-standard","hentry","category-comunidad","category-destacado"],"yoast_head":"<!-- This site is optimized with the Yoast SEO plugin v26.6 - https:\/\/yoast.com\/wordpress\/plugins\/seo\/ -->\n<title>Restauraci\u00f3n y reforestaci\u00f3n en los humedales de Neiva -<\/title>\n<meta name=\"robots\" content=\"index, follow, max-snippet:-1, max-image-preview:large, max-video-preview:-1\" \/>\n<link rel=\"canonical\" href=\"https:\/\/luchonoticias.com\/editor\/restauracion-y-reforestacion-en-los-humedales-de-neiva\/\" \/>\n<meta property=\"og:locale\" content=\"es_ES\" \/>\n<meta property=\"og:type\" content=\"article\" \/>\n<meta property=\"og:title\" content=\"Restauraci\u00f3n y reforestaci\u00f3n en los humedales de Neiva -\" \/>\n<meta property=\"og:url\" content=\"https:\/\/luchonoticias.com\/editor\/restauracion-y-reforestacion-en-los-humedales-de-neiva\/\" \/>\n<meta property=\"article:publisher\" content=\"https:\/\/www.facebook.com\/luchonoticiasneiva\" \/>\n<meta property=\"article:author\" content=\"https:\/\/www.facebook.com\/luchonoticiasneiva\" \/>\n<meta property=\"article:published_time\" content=\"2022-12-02T23:44:55+00:00\" \/>\n<meta property=\"article:modified_time\" content=\"2022-12-02T23:44:56+00:00\" \/>\n<meta property=\"og:image\" content=\"https:\/\/luchonoticias.com\/wp-content\/uploads\/2022\/12\/WhatsApp-Image-2022-12-02-at-6.21.47-PM-1024x683.jpeg\" \/>\n<meta name=\"author\" content=\"admin\" \/>\n<meta name=\"twitter:card\" content=\"summary_large_image\" \/>\n<meta name=\"twitter:label1\" content=\"Escrito por\" \/>\n\t<meta name=\"twitter:data1\" content=\"admin\" \/>\n\t<meta name=\"twitter:label2\" content=\"Tiempo de lectura\" \/>\n\t<meta name=\"twitter:data2\" content=\"2 minutos\" \/>\n<script type=\"application\/ld+json\" class=\"yoast-schema-graph\">{\"@context\":\"https:\/\/schema.org\",\"@graph\":[{\"@type\":\"Article\",\"@id\":\"https:\/\/luchonoticias.com\/editor\/restauracion-y-reforestacion-en-los-humedales-de-neiva\/#article\",\"isPartOf\":{\"@id\":\"https:\/\/luchonoticias.com\/editor\/restauracion-y-reforestacion-en-los-humedales-de-neiva\/\"},\"author\":{\"name\":\"admin\",\"@id\":\"https:\/\/luchonoticias.com\/editor\/#\/schema\/person\/7a7fd911f58561fd056dbac7b55af9cd\"},\"headline\":\"Restauraci\u00f3n y reforestaci\u00f3n en los humedales de Neiva\",\"datePublished\":\"2022-12-02T23:44:55+00:00\",\"dateModified\":\"2022-12-02T23:44:56+00:00\",\"mainEntityOfPage\":{\"@id\":\"https:\/\/luchonoticias.com\/editor\/restauracion-y-reforestacion-en-los-humedales-de-neiva\/\"},\"wordCount\":414,\"commentCount\":0,\"publisher\":{\"@id\":\"https:\/\/luchonoticias.com\/editor\/#\/schema\/person\/7a7fd911f58561fd056dbac7b55af9cd\"},\"image\":{\"@id\":\"https:\/\/luchonoticias.com\/editor\/restauracion-y-reforestacion-en-los-humedales-de-neiva\/#primaryimage\"},\"thumbnailUrl\":\"https:\/\/luchonoticias.com\/wp-content\/uploads\/2022\/12\/WhatsApp-Image-2022-12-02-at-6.21.47-PM-1024x683.jpeg\",\"articleSection\":[\"Comunidad\",\"Destacado\"],\"inLanguage\":\"es\",\"potentialAction\":[{\"@type\":\"CommentAction\",\"name\":\"Comment\",\"target\":[\"https:\/\/luchonoticias.com\/editor\/restauracion-y-reforestacion-en-los-humedales-de-neiva\/#respond\"]}]},{\"@type\":\"WebPage\",\"@id\":\"https:\/\/luchonoticias.com\/editor\/restauracion-y-reforestacion-en-los-humedales-de-neiva\/\",\"url\":\"https:\/\/luchonoticias.com\/editor\/restauracion-y-reforestacion-en-los-humedales-de-neiva\/\",\"name\":\"Restauraci\u00f3n y reforestaci\u00f3n en los humedales de Neiva -\",\"isPartOf\":{\"@id\":\"https:\/\/luchonoticias.com\/editor\/#website\"},\"primaryImageOfPage\":{\"@id\":\"https:\/\/luchonoticias.com\/editor\/restauracion-y-reforestacion-en-los-humedales-de-neiva\/#primaryimage\"},\"image\":{\"@id\":\"https:\/\/luchonoticias.com\/editor\/restauracion-y-reforestacion-en-los-humedales-de-neiva\/#primaryimage\"},\"thumbnailUrl\":\"https:\/\/luchonoticias.com\/wp-content\/uploads\/2022\/12\/WhatsApp-Image-2022-12-02-at-6.21.47-PM-1024x683.jpeg\",\"datePublished\":\"2022-12-02T23:44:55+00:00\",\"dateModified\":\"2022-12-02T23:44:56+00:00\",\"breadcrumb\":{\"@id\":\"https:\/\/luchonoticias.com\/editor\/restauracion-y-reforestacion-en-los-humedales-de-neiva\/#breadcrumb\"},\"inLanguage\":\"es\",\"potentialAction\":[{\"@type\":\"ReadAction\",\"target\":[\"https:\/\/luchonoticias.com\/editor\/restauracion-y-reforestacion-en-los-humedales-de-neiva\/\"]}]},{\"@type\":\"ImageObject\",\"inLanguage\":\"es\",\"@id\":\"https:\/\/luchonoticias.com\/editor\/restauracion-y-reforestacion-en-los-humedales-de-neiva\/#primaryimage\",\"url\":\"https:\/\/luchonoticias.com\/wp-content\/uploads\/2022\/12\/WhatsApp-Image-2022-12-02-at-6.21.47-PM-1024x683.jpeg\",\"contentUrl\":\"https:\/\/luchonoticias.com\/wp-content\/uploads\/2022\/12\/WhatsApp-Image-2022-12-02-at-6.21.47-PM-1024x683.jpeg\"},{\"@type\":\"BreadcrumbList\",\"@id\":\"https:\/\/luchonoticias.com\/editor\/restauracion-y-reforestacion-en-los-humedales-de-neiva\/#breadcrumb\",\"itemListElement\":[{\"@type\":\"ListItem\",\"position\":1,\"name\":\"Portada\",\"item\":\"https:\/\/luchonoticias.com\/editor\/\"},{\"@type\":\"ListItem\",\"position\":2,\"name\":\"Restauraci\u00f3n y reforestaci\u00f3n en los humedales de Neiva\"}]},{\"@type\":\"WebSite\",\"@id\":\"https:\/\/luchonoticias.com\/editor\/#website\",\"url\":\"https:\/\/luchonoticias.com\/editor\/\",\"name\":\"\",\"description\":\"\",\"publisher\":{\"@id\":\"https:\/\/luchonoticias.com\/editor\/#\/schema\/person\/7a7fd911f58561fd056dbac7b55af9cd\"},\"potentialAction\":[{\"@type\":\"SearchAction\",\"target\":{\"@type\":\"EntryPoint\",\"urlTemplate\":\"https:\/\/luchonoticias.com\/editor\/?s={search_term_string}\"},\"query-input\":{\"@type\":\"PropertyValueSpecification\",\"valueRequired\":true,\"valueName\":\"search_term_string\"}}],\"inLanguage\":\"es\"},{\"@type\":[\"Person\",\"Organization\"],\"@id\":\"https:\/\/luchonoticias.com\/editor\/#\/schema\/person\/7a7fd911f58561fd056dbac7b55af9cd\",\"name\":\"admin\",\"image\":{\"@type\":\"ImageObject\",\"inLanguage\":\"es\",\"@id\":\"https:\/\/luchonoticias.com\/editor\/#\/schema\/person\/image\/\",\"url\":\"https:\/\/luchonoticias.com\/editor\/wp-content\/uploads\/2024\/02\/cropped-cropped-logolu.webp\",\"contentUrl\":\"https:\/\/luchonoticias.com\/editor\/wp-content\/uploads\/2024\/02\/cropped-cropped-logolu.webp\",\"width\":382,\"height\":170,\"caption\":\"admin\"},\"logo\":{\"@id\":\"https:\/\/luchonoticias.com\/editor\/#\/schema\/person\/image\/\"},\"sameAs\":[\"https:\/\/www.facebook.com\/luchonoticiasneiva\"],\"url\":\"https:\/\/luchonoticias.com\/editor\/author\/admin\/\"}]}<\/script>\n<!-- \/ Yoast SEO plugin. -->","yoast_head_json":{"title":"Restauraci\u00f3n y reforestaci\u00f3n en los humedales de Neiva -","robots":{"index":"index","follow":"follow","max-snippet":"max-snippet:-1","max-image-preview":"max-image-preview:large","max-video-preview":"max-video-preview:-1"},"canonical":"https:\/\/luchonoticias.com\/editor\/restauracion-y-reforestacion-en-los-humedales-de-neiva\/","og_locale":"es_ES","og_type":"article","og_title":"Restauraci\u00f3n y reforestaci\u00f3n en los humedales de Neiva -","og_url":"https:\/\/luchonoticias.com\/editor\/restauracion-y-reforestacion-en-los-humedales-de-neiva\/","article_publisher":"https:\/\/www.facebook.com\/luchonoticiasneiva","article_author":"https:\/\/www.facebook.com\/luchonoticiasneiva","article_published_time":"2022-12-02T23:44:55+00:00","article_modified_time":"2022-12-02T23:44:56+00:00","og_image":[{"url":"https:\/\/luchonoticias.com\/wp-content\/uploads\/2022\/12\/WhatsApp-Image-2022-12-02-at-6.21.47-PM-1024x683.jpeg","type":"","width":"","height":""}],"author":"admin","twitter_card":"summary_large_image","twitter_misc":{"Escrito por":"admin","Tiempo de lectura":"2 minutos"},"schema":{"@context":"https:\/\/schema.org","@graph":[{"@type":"Article","@id":"https:\/\/luchonoticias.com\/editor\/restauracion-y-reforestacion-en-los-humedales-de-neiva\/#article","isPartOf":{"@id":"https:\/\/luchonoticias.com\/editor\/restauracion-y-reforestacion-en-los-humedales-de-neiva\/"},"author":{"name":"admin","@id":"https:\/\/luchonoticias.com\/editor\/#\/schema\/person\/7a7fd911f58561fd056dbac7b55af9cd"},"headline":"Restauraci\u00f3n y reforestaci\u00f3n en los humedales de Neiva","datePublished":"2022-12-02T23:44:55+00:00","dateModified":"2022-12-02T23:44:56+00:00","mainEntityOfPage":{"@id":"https:\/\/luchonoticias.com\/editor\/restauracion-y-reforestacion-en-los-humedales-de-neiva\/"},"wordCount":414,"commentCount":0,"publisher":{"@id":"https:\/\/luchonoticias.com\/editor\/#\/schema\/person\/7a7fd911f58561fd056dbac7b55af9cd"},"image":{"@id":"https:\/\/luchonoticias.com\/editor\/restauracion-y-reforestacion-en-los-humedales-de-neiva\/#primaryimage"},"thumbnailUrl":"https:\/\/luchonoticias.com\/wp-content\/uploads\/2022\/12\/WhatsApp-Image-2022-12-02-at-6.21.47-PM-1024x683.jpeg","articleSection":["Comunidad","Destacado"],"inLanguage":"es","potentialAction":[{"@type":"CommentAction","name":"Comment","target":["https:\/\/luchonoticias.com\/editor\/restauracion-y-reforestacion-en-los-humedales-de-neiva\/#respond"]}]},{"@type":"WebPage","@id":"https:\/\/luchonoticias.com\/editor\/restauracion-y-reforestacion-en-los-humedales-de-neiva\/","url":"https:\/\/luchonoticias.com\/editor\/restauracion-y-reforestacion-en-los-humedales-de-neiva\/","name":"Restauraci\u00f3n y reforestaci\u00f3n en los humedales de Neiva -","isPartOf":{"@id":"https:\/\/luchonoticias.com\/editor\/#website"},"primaryImageOfPage":{"@id":"https:\/\/luchonoticias.com\/editor\/restauracion-y-reforestacion-en-los-humedales-de-neiva\/#primaryimage"},"image":{"@id":"https:\/\/luchonoticias.com\/editor\/restauracion-y-reforestacion-en-los-humedales-de-neiva\/#primaryimage"},"thumbnailUrl":"https:\/\/luchonoticias.com\/wp-content\/uploads\/2022\/12\/WhatsApp-Image-2022-12-02-at-6.21.47-PM-1024x683.jpeg","datePublished":"2022-12-02T23:44:55+00:00","dateModified":"2022-12-02T23:44:56+00:00","breadcrumb":{"@id":"https:\/\/luchonoticias.com\/editor\/restauracion-y-reforestacion-en-los-humedales-de-neiva\/#breadcrumb"},"inLanguage":"es","potentialAction":[{"@type":"ReadAction","target":["https:\/\/luchonoticias.com\/editor\/restauracion-y-reforestacion-en-los-humedales-de-neiva\/"]}]},{"@type":"ImageObject","inLanguage":"es","@id":"https:\/\/luchonoticias.com\/editor\/restauracion-y-reforestacion-en-los-humedales-de-neiva\/#primaryimage","url":"https:\/\/luchonoticias.com\/wp-content\/uploads\/2022\/12\/WhatsApp-Image-2022-12-02-at-6.21.47-PM-1024x683.jpeg","contentUrl":"https:\/\/luchonoticias.com\/wp-content\/uploads\/2022\/12\/WhatsApp-Image-2022-12-02-at-6.21.47-PM-1024x683.jpeg"},{"@type":"BreadcrumbList","@id":"https:\/\/luchonoticias.com\/editor\/restauracion-y-reforestacion-en-los-humedales-de-neiva\/#breadcrumb","itemListElement":[{"@type":"ListItem","position":1,"name":"Portada","item":"https:\/\/luchonoticias.com\/editor\/"},{"@type":"ListItem","position":2,"name":"Restauraci\u00f3n y reforestaci\u00f3n en los humedales de Neiva"}]},{"@type":"WebSite","@id":"https:\/\/luchonoticias.com\/editor\/#website","url":"https:\/\/luchonoticias.com\/editor\/","name":"","description":"","publisher":{"@id":"https:\/\/luchonoticias.com\/editor\/#\/schema\/person\/7a7fd911f58561fd056dbac7b55af9cd"},"potentialAction":[{"@type":"SearchAction","target":{"@type":"EntryPoint","urlTemplate":"https:\/\/luchonoticias.com\/editor\/?s={search_term_string}"},"query-input":{"@type":"PropertyValueSpecification","valueRequired":true,"valueName":"search_term_string"}}],"inLanguage":"es"},{"@type":["Person","Organization"],"@id":"https:\/\/luchonoticias.com\/editor\/#\/schema\/person\/7a7fd911f58561fd056dbac7b55af9cd","name":"admin","image":{"@type":"ImageObject","inLanguage":"es","@id":"https:\/\/luchonoticias.com\/editor\/#\/schema\/person\/image\/","url":"https:\/\/luchonoticias.com\/editor\/wp-content\/uploads\/2024\/02\/cropped-cropped-logolu.webp","contentUrl":"https:\/\/luchonoticias.com\/editor\/wp-content\/uploads\/2024\/02\/cropped-cropped-logolu.webp","width":382,"height":170,"caption":"admin"},"logo":{"@id":"https:\/\/luchonoticias.com\/editor\/#\/schema\/person\/image\/"},"sameAs":["https:\/\/www.facebook.com\/luchonoticiasneiva"],"url":"https:\/\/luchonoticias.com\/editor\/author\/admin\/"}]}},"_links":{"self":[{"href":"https:\/\/luchonoticias.com\/editor\/wp-json\/wp\/v2\/posts\/41071","targetHints":{"allow":["GET"]}}],"collection":[{"href":"https:\/\/luchonoticias.com\/editor\/wp-json\/wp\/v2\/posts"}],"about":[{"href":"https:\/\/luchonoticias.com\/editor\/wp-json\/wp\/v2\/types\/post"}],"author":[{"embeddable":true,"href":"https:\/\/luchonoticias.com\/editor\/wp-json\/wp\/v2\/users\/1"}],"replies":[{"embeddable":true,"href":"https:\/\/luchonoticias.com\/editor\/wp-json\/wp\/v2\/comments?post=41071"}],"version-history":[{"count":0,"href":"https:\/\/luchonoticias.com\/editor\/wp-json\/wp\/v2\/posts\/41071\/revisions"}],"wp:attachment":[{"href":"https:\/\/luchonoticias.com\/editor\/wp-json\/wp\/v2\/media?parent=41071"}],"wp:term":[{"taxonomy":"category","embeddable":true,"href":"https:\/\/luchonoticias.com\/editor\/wp-json\/wp\/v2\/categories?post=41071"},{"taxonomy":"post_tag","embeddable":true,"href":"https:\/\/luchonoticias.com\/editor\/wp-json\/wp\/v2\/tags?post=41071"}],"curies":[{"name":"wp","href":"https:\/\/api.w.org\/{rel}","templated":true}]}}