{"id":41078,"date":"2022-12-02T18:48:04","date_gmt":"2022-12-02T23:48:04","guid":{"rendered":"https:\/\/luchonoticias.com\/?p=41078"},"modified":"2022-12-02T18:48:05","modified_gmt":"2022-12-02T23:48:05","slug":"petro-abre-la-discusion-formal-para-construir-un-sistema-pensional-que-garantice-una-vejez-digna","status":"publish","type":"post","link":"https:\/\/luchonoticias.com\/editor\/petro-abre-la-discusion-formal-para-construir-un-sistema-pensional-que-garantice-una-vejez-digna\/","title":{"rendered":"Petro abre la discusi\u00f3n formal para construir un sistema pensional que garantice una vejez digna"},"content":{"rendered":"\n<p>\u201cEsa promesa que se hizo en la Ley 100, de un sistema pensional que garantizara universalidad, es decir, que cualquier persona que ingresara all\u00ed, cumplidos los requisitos, tendr\u00eda una pensi\u00f3n, eso no se cumpli\u00f3, se incumpli\u00f3 esa promesa. Ahora se trata de construir un sistema pensional que lo haga\u201d.<\/p>\n\n\n\n<p>Con estas palabras, al posesionar a Jaime Duss\u00e1n Calder\u00f3n como nuevo Presidente de la Administradora Colombiana de Pensiones (Colpensiones), este viernes en la Casa de Nari\u00f1o, el Presidente Gustavo Petro abri\u00f3 la discusi\u00f3n formal, con los distintos sectores del pa\u00eds, para construir un modelo que impacte en la justicia social y garantice una vejez digna a los colombianos y colombianas.<\/p>\n\n\n\n<p>De acuerdo con el Jefe de Estado, la transformaci\u00f3n del sistema de pensiones es un \u201ctema que ya hay que abordar en la discusi\u00f3n p\u00fablica\u201d.<\/p>\n\n\n\n<p>El Mandatario pregunt\u00f3 si \u201cdespu\u00e9s de 30 a\u00f1os de la aplicaci\u00f3n de la Ley 100 podemos decir, con tranquilidad, que en Colombia existe el derecho a pensionarse, real\u201d, ante lo cual dijo: \u201cYo creo que la respuesta es no\u201d.<\/p>\n\n\n\n<p>\u201cLos n\u00fameros de lo que tenemos como evaluaci\u00f3n de estos 30 a\u00f1os siguen siendo similares a los malos n\u00fameros que exist\u00edan, en cuanto a cobertura pensional, antes de la aplicaci\u00f3n de la Ley 100\u201d, sostuvo.<\/p>\n\n\n\n<p>\u201cLa Ley 100 no mejor\u00f3 nada desde el punto de vista pensional\u201d, recalc\u00f3 el Presidente Petro.<\/p>\n\n\n\n<p><strong>Sistema de ahorro forzoso<\/strong><\/p>\n\n\n\n<p>Al referirse al papel que cumplen los fondos privados de pensiones, el Mandatario consider\u00f3 que \u201ces un sistema de ahorro forzoso, no le llamen pensional; ll\u00e1menle sistema de ahorro forzoso, por medio del cual unas instituciones financieras ganan una comisi\u00f3n equis por administrar unos recursos que no son de ellos\u201d.<\/p>\n\n\n\n<p>Afirm\u00f3 que, por su parte, Colpensiones s\u00ed da garant\u00edas de pensi\u00f3n, ya que \u201cno es que devuelva un ahorro a ver qu\u00e9 fue lo que alcanz\u00f3\u201d, sino que \u201cda la pensi\u00f3n\u201d.<\/p>\n\n\n\n<p>\u201c\u00bfCu\u00e1l es el problema hoy? \u2013pregunt\u00f3\u2013. Al tener un sistema de cotizantes en fondos privados, que son la mayor\u00eda de los trabajadores y trabajadoras que cotizan, y un sistema que s\u00ed da pensi\u00f3n, pero sin cotizantes, es el Estado el que est\u00e1 pagando las pensiones en Colombia. Por todos lados, est\u00e1 pagando las pensiones en Colombia\u201d.<\/p>\n\n\n\n<p><strong>Sistema de Pilares, la propuesta del Gobierno<\/strong><\/p>\n\n\n\n<p>En su intervenci\u00f3n, el Jefe de Estado explic\u00f3 el Sistema de Pilares propuesto por su Gobierno, que correlaciona los fondos privados y el fondo p\u00fablico, en procura de lograr un modelo que beneficie a la mayor parte de la poblaci\u00f3n.<\/p>\n\n\n\n<p>Al respecto, el Presidente Petro precis\u00f3: \u201cNosotros hemos hecho la propuesta de un Sistema de Pilares. No es una invenci\u00f3n m\u00eda. Se ha discutido en el mundo. Muchas entidades, muy conservadoras, lo han propuesto como discutible, como viable\u201d, entre ellas el Banco Mundial y Fedesarrollo.<\/p>\n\n\n\n<p>Y agreg\u00f3: \u201cMucha gente acepta que lo m\u00e1s coherente es tener un Sistema de Pilares, que es que el fondo p\u00fablico est\u00e1 correlacionado con los fondos privados, es decir, que no son dos mundos aparte\u201d.<\/p>\n\n\n\n<p>El Mandatario consider\u00f3 que la construcci\u00f3n de este nuevo modelo \u201csiempre depender\u00e1 de los niveles productividad de una econom\u00eda y de la construcci\u00f3n de riqueza de una sociedad, es decir, de su nivel de trabajo, siempre depender\u00e1 de eso\u201d.<\/p>\n\n\n\n<p>\u201cCon la Ministra del Trabajo, Gloria In\u00e9s Ram\u00edrez \u2013que ya ha iniciado espacios de discusi\u00f3n de este tema, donde entren los que est\u00e1n de acuerdo con nosotros y los que no\u2013, y ahora con Jaime Duss\u00e1n Calder\u00f3n, pues se ha abierto el espacio de la gran discusi\u00f3n pensional en Colombia\u201d, puntualiz\u00f3 el Presidente de la Rep\u00fablica.<\/p>\n\n\n\n<p><strong>Reconocimiento a Jaime Duss\u00e1n<\/strong><\/p>\n\n\n\n<p>El Mandatario se refiri\u00f3 tambi\u00e9n a las calidades profesionales, personales y de lucha social de Jaime Duss\u00e1n, el nuevo Presidente de Colpensiones.<\/p>\n\n\n\n<p>Indic\u00f3 que su nombramiento es \u201cun homenaje a la vida de una persona que ha luchado desde el frente sindical, desde los movimientos sociales, desde el intento de organizaci\u00f3n permanente de la izquierda colombiana, desde hace d\u00e9cadas, y hoy sigue en ese mismo objetivo\u201d.<\/p>\n\n\n\n<p>Jaime Duss\u00e1n Calder\u00f3n es maestro, abogado, Mag\u00edster en Relaciones P\u00fablicas y Gabinetes de la Universidad de Barcelona, exdiputado del Huila, expresidente de la Federaci\u00f3n de Trabajadores de la Educaci\u00f3n (FECODE) y Senador de la Rep\u00fablica.<\/p>\n\n\n\n<p>Tambi\u00e9n ha sido cofundador y expresidente del partido Polo Democr\u00e1tico Alternativo, integrante del Pacto Hist\u00f3rico y exsecretario del Polo Democr\u00e1tico Alternativo, cargo al cual renunci\u00f3 para posesionarse como Presidente de Colpensiones.<\/p>\n","protected":false},"excerpt":{"rendered":"<p>\u201cEsa promesa que se hizo en la Ley 100, de un sistema pensional que garantizara universalidad, es decir, que cualquier persona que ingresara all\u00ed, cumplidos los requisitos, tendr\u00eda una pensi\u00f3n, eso no se cumpli\u00f3, se incumpli\u00f3 esa promesa. Ahora se trata de construir un sistema pensional que lo haga\u201d. Con estas palabras, al posesionar a [&hellip;]<\/p>\n","protected":false},"author":1,"featured_media":0,"comment_status":"open","ping_status":"open","sticky":false,"template":"","format":"standard","meta":{"footnotes":""},"categories":[36,32],"tags":[],"class_list":["post-41078","post","type-post","status-publish","format-standard","hentry","category-destacado","category-nacional"],"yoast_head":"<!-- This site is optimized with the Yoast SEO plugin v26.6 - https:\/\/yoast.com\/wordpress\/plugins\/seo\/ -->\n<title>Petro abre la discusi\u00f3n formal para construir un sistema pensional que garantice una vejez digna -<\/title>\n<meta name=\"robots\" content=\"index, follow, max-snippet:-1, max-image-preview:large, max-video-preview:-1\" \/>\n<link rel=\"canonical\" href=\"https:\/\/luchonoticias.com\/editor\/petro-abre-la-discusion-formal-para-construir-un-sistema-pensional-que-garantice-una-vejez-digna\/\" \/>\n<meta property=\"og:locale\" content=\"es_ES\" \/>\n<meta property=\"og:type\" content=\"article\" \/>\n<meta property=\"og:title\" content=\"Petro abre la discusi\u00f3n formal para construir un sistema pensional que garantice una vejez digna -\" \/>\n<meta property=\"og:url\" content=\"https:\/\/luchonoticias.com\/editor\/petro-abre-la-discusion-formal-para-construir-un-sistema-pensional-que-garantice-una-vejez-digna\/\" \/>\n<meta property=\"article:publisher\" content=\"https:\/\/www.facebook.com\/luchonoticiasneiva\" \/>\n<meta property=\"article:author\" content=\"https:\/\/www.facebook.com\/luchonoticiasneiva\" \/>\n<meta property=\"article:published_time\" content=\"2022-12-02T23:48:04+00:00\" \/>\n<meta property=\"article:modified_time\" content=\"2022-12-02T23:48:05+00:00\" \/>\n<meta name=\"author\" content=\"admin\" \/>\n<meta name=\"twitter:card\" content=\"summary_large_image\" \/>\n<meta name=\"twitter:label1\" content=\"Escrito por\" \/>\n\t<meta name=\"twitter:data1\" content=\"admin\" \/>\n\t<meta name=\"twitter:label2\" content=\"Tiempo de lectura\" \/>\n\t<meta name=\"twitter:data2\" content=\"4 minutos\" \/>\n<script type=\"application\/ld+json\" class=\"yoast-schema-graph\">{\"@context\":\"https:\/\/schema.org\",\"@graph\":[{\"@type\":\"Article\",\"@id\":\"https:\/\/luchonoticias.com\/editor\/petro-abre-la-discusion-formal-para-construir-un-sistema-pensional-que-garantice-una-vejez-digna\/#article\",\"isPartOf\":{\"@id\":\"https:\/\/luchonoticias.com\/editor\/petro-abre-la-discusion-formal-para-construir-un-sistema-pensional-que-garantice-una-vejez-digna\/\"},\"author\":{\"name\":\"admin\",\"@id\":\"https:\/\/luchonoticias.com\/editor\/#\/schema\/person\/7a7fd911f58561fd056dbac7b55af9cd\"},\"headline\":\"Petro abre la discusi\u00f3n formal para construir un sistema pensional que garantice una vejez digna\",\"datePublished\":\"2022-12-02T23:48:04+00:00\",\"dateModified\":\"2022-12-02T23:48:05+00:00\",\"mainEntityOfPage\":{\"@id\":\"https:\/\/luchonoticias.com\/editor\/petro-abre-la-discusion-formal-para-construir-un-sistema-pensional-que-garantice-una-vejez-digna\/\"},\"wordCount\":794,\"commentCount\":0,\"publisher\":{\"@id\":\"https:\/\/luchonoticias.com\/editor\/#\/schema\/person\/7a7fd911f58561fd056dbac7b55af9cd\"},\"articleSection\":[\"Destacado\",\"Nacional\"],\"inLanguage\":\"es\",\"potentialAction\":[{\"@type\":\"CommentAction\",\"name\":\"Comment\",\"target\":[\"https:\/\/luchonoticias.com\/editor\/petro-abre-la-discusion-formal-para-construir-un-sistema-pensional-que-garantice-una-vejez-digna\/#respond\"]}]},{\"@type\":\"WebPage\",\"@id\":\"https:\/\/luchonoticias.com\/editor\/petro-abre-la-discusion-formal-para-construir-un-sistema-pensional-que-garantice-una-vejez-digna\/\",\"url\":\"https:\/\/luchonoticias.com\/editor\/petro-abre-la-discusion-formal-para-construir-un-sistema-pensional-que-garantice-una-vejez-digna\/\",\"name\":\"Petro abre la discusi\u00f3n formal para construir un sistema pensional que garantice una vejez digna -\",\"isPartOf\":{\"@id\":\"https:\/\/luchonoticias.com\/editor\/#website\"},\"datePublished\":\"2022-12-02T23:48:04+00:00\",\"dateModified\":\"2022-12-02T23:48:05+00:00\",\"breadcrumb\":{\"@id\":\"https:\/\/luchonoticias.com\/editor\/petro-abre-la-discusion-formal-para-construir-un-sistema-pensional-que-garantice-una-vejez-digna\/#breadcrumb\"},\"inLanguage\":\"es\",\"potentialAction\":[{\"@type\":\"ReadAction\",\"target\":[\"https:\/\/luchonoticias.com\/editor\/petro-abre-la-discusion-formal-para-construir-un-sistema-pensional-que-garantice-una-vejez-digna\/\"]}]},{\"@type\":\"BreadcrumbList\",\"@id\":\"https:\/\/luchonoticias.com\/editor\/petro-abre-la-discusion-formal-para-construir-un-sistema-pensional-que-garantice-una-vejez-digna\/#breadcrumb\",\"itemListElement\":[{\"@type\":\"ListItem\",\"position\":1,\"name\":\"Portada\",\"item\":\"https:\/\/luchonoticias.com\/editor\/\"},{\"@type\":\"ListItem\",\"position\":2,\"name\":\"Petro abre la discusi\u00f3n formal para construir un sistema pensional que garantice una vejez digna\"}]},{\"@type\":\"WebSite\",\"@id\":\"https:\/\/luchonoticias.com\/editor\/#website\",\"url\":\"https:\/\/luchonoticias.com\/editor\/\",\"name\":\"\",\"description\":\"\",\"publisher\":{\"@id\":\"https:\/\/luchonoticias.com\/editor\/#\/schema\/person\/7a7fd911f58561fd056dbac7b55af9cd\"},\"potentialAction\":[{\"@type\":\"SearchAction\",\"target\":{\"@type\":\"EntryPoint\",\"urlTemplate\":\"https:\/\/luchonoticias.com\/editor\/?s={search_term_string}\"},\"query-input\":{\"@type\":\"PropertyValueSpecification\",\"valueRequired\":true,\"valueName\":\"search_term_string\"}}],\"inLanguage\":\"es\"},{\"@type\":[\"Person\",\"Organization\"],\"@id\":\"https:\/\/luchonoticias.com\/editor\/#\/schema\/person\/7a7fd911f58561fd056dbac7b55af9cd\",\"name\":\"admin\",\"image\":{\"@type\":\"ImageObject\",\"inLanguage\":\"es\",\"@id\":\"https:\/\/luchonoticias.com\/editor\/#\/schema\/person\/image\/\",\"url\":\"https:\/\/luchonoticias.com\/editor\/wp-content\/uploads\/2024\/02\/cropped-cropped-logolu.webp\",\"contentUrl\":\"https:\/\/luchonoticias.com\/editor\/wp-content\/uploads\/2024\/02\/cropped-cropped-logolu.webp\",\"width\":382,\"height\":170,\"caption\":\"admin\"},\"logo\":{\"@id\":\"https:\/\/luchonoticias.com\/editor\/#\/schema\/person\/image\/\"},\"sameAs\":[\"https:\/\/www.facebook.com\/luchonoticiasneiva\"],\"url\":\"https:\/\/luchonoticias.com\/editor\/author\/admin\/\"}]}<\/script>\n<!-- \/ Yoast SEO plugin. -->","yoast_head_json":{"title":"Petro abre la discusi\u00f3n formal para construir un sistema pensional que garantice una vejez digna -","robots":{"index":"index","follow":"follow","max-snippet":"max-snippet:-1","max-image-preview":"max-image-preview:large","max-video-preview":"max-video-preview:-1"},"canonical":"https:\/\/luchonoticias.com\/editor\/petro-abre-la-discusion-formal-para-construir-un-sistema-pensional-que-garantice-una-vejez-digna\/","og_locale":"es_ES","og_type":"article","og_title":"Petro abre la discusi\u00f3n formal para construir un sistema pensional que garantice una vejez digna -","og_url":"https:\/\/luchonoticias.com\/editor\/petro-abre-la-discusion-formal-para-construir-un-sistema-pensional-que-garantice-una-vejez-digna\/","article_publisher":"https:\/\/www.facebook.com\/luchonoticiasneiva","article_author":"https:\/\/www.facebook.com\/luchonoticiasneiva","article_published_time":"2022-12-02T23:48:04+00:00","article_modified_time":"2022-12-02T23:48:05+00:00","author":"admin","twitter_card":"summary_large_image","twitter_misc":{"Escrito por":"admin","Tiempo de lectura":"4 minutos"},"schema":{"@context":"https:\/\/schema.org","@graph":[{"@type":"Article","@id":"https:\/\/luchonoticias.com\/editor\/petro-abre-la-discusion-formal-para-construir-un-sistema-pensional-que-garantice-una-vejez-digna\/#article","isPartOf":{"@id":"https:\/\/luchonoticias.com\/editor\/petro-abre-la-discusion-formal-para-construir-un-sistema-pensional-que-garantice-una-vejez-digna\/"},"author":{"name":"admin","@id":"https:\/\/luchonoticias.com\/editor\/#\/schema\/person\/7a7fd911f58561fd056dbac7b55af9cd"},"headline":"Petro abre la discusi\u00f3n formal para construir un sistema pensional que garantice una vejez digna","datePublished":"2022-12-02T23:48:04+00:00","dateModified":"2022-12-02T23:48:05+00:00","mainEntityOfPage":{"@id":"https:\/\/luchonoticias.com\/editor\/petro-abre-la-discusion-formal-para-construir-un-sistema-pensional-que-garantice-una-vejez-digna\/"},"wordCount":794,"commentCount":0,"publisher":{"@id":"https:\/\/luchonoticias.com\/editor\/#\/schema\/person\/7a7fd911f58561fd056dbac7b55af9cd"},"articleSection":["Destacado","Nacional"],"inLanguage":"es","potentialAction":[{"@type":"CommentAction","name":"Comment","target":["https:\/\/luchonoticias.com\/editor\/petro-abre-la-discusion-formal-para-construir-un-sistema-pensional-que-garantice-una-vejez-digna\/#respond"]}]},{"@type":"WebPage","@id":"https:\/\/luchonoticias.com\/editor\/petro-abre-la-discusion-formal-para-construir-un-sistema-pensional-que-garantice-una-vejez-digna\/","url":"https:\/\/luchonoticias.com\/editor\/petro-abre-la-discusion-formal-para-construir-un-sistema-pensional-que-garantice-una-vejez-digna\/","name":"Petro abre la discusi\u00f3n formal para construir un sistema pensional que garantice una vejez digna -","isPartOf":{"@id":"https:\/\/luchonoticias.com\/editor\/#website"},"datePublished":"2022-12-02T23:48:04+00:00","dateModified":"2022-12-02T23:48:05+00:00","breadcrumb":{"@id":"https:\/\/luchonoticias.com\/editor\/petro-abre-la-discusion-formal-para-construir-un-sistema-pensional-que-garantice-una-vejez-digna\/#breadcrumb"},"inLanguage":"es","potentialAction":[{"@type":"ReadAction","target":["https:\/\/luchonoticias.com\/editor\/petro-abre-la-discusion-formal-para-construir-un-sistema-pensional-que-garantice-una-vejez-digna\/"]}]},{"@type":"BreadcrumbList","@id":"https:\/\/luchonoticias.com\/editor\/petro-abre-la-discusion-formal-para-construir-un-sistema-pensional-que-garantice-una-vejez-digna\/#breadcrumb","itemListElement":[{"@type":"ListItem","position":1,"name":"Portada","item":"https:\/\/luchonoticias.com\/editor\/"},{"@type":"ListItem","position":2,"name":"Petro abre la discusi\u00f3n formal para construir un sistema pensional que garantice una vejez digna"}]},{"@type":"WebSite","@id":"https:\/\/luchonoticias.com\/editor\/#website","url":"https:\/\/luchonoticias.com\/editor\/","name":"","description":"","publisher":{"@id":"https:\/\/luchonoticias.com\/editor\/#\/schema\/person\/7a7fd911f58561fd056dbac7b55af9cd"},"potentialAction":[{"@type":"SearchAction","target":{"@type":"EntryPoint","urlTemplate":"https:\/\/luchonoticias.com\/editor\/?s={search_term_string}"},"query-input":{"@type":"PropertyValueSpecification","valueRequired":true,"valueName":"search_term_string"}}],"inLanguage":"es"},{"@type":["Person","Organization"],"@id":"https:\/\/luchonoticias.com\/editor\/#\/schema\/person\/7a7fd911f58561fd056dbac7b55af9cd","name":"admin","image":{"@type":"ImageObject","inLanguage":"es","@id":"https:\/\/luchonoticias.com\/editor\/#\/schema\/person\/image\/","url":"https:\/\/luchonoticias.com\/editor\/wp-content\/uploads\/2024\/02\/cropped-cropped-logolu.webp","contentUrl":"https:\/\/luchonoticias.com\/editor\/wp-content\/uploads\/2024\/02\/cropped-cropped-logolu.webp","width":382,"height":170,"caption":"admin"},"logo":{"@id":"https:\/\/luchonoticias.com\/editor\/#\/schema\/person\/image\/"},"sameAs":["https:\/\/www.facebook.com\/luchonoticiasneiva"],"url":"https:\/\/luchonoticias.com\/editor\/author\/admin\/"}]}},"_links":{"self":[{"href":"https:\/\/luchonoticias.com\/editor\/wp-json\/wp\/v2\/posts\/41078","targetHints":{"allow":["GET"]}}],"collection":[{"href":"https:\/\/luchonoticias.com\/editor\/wp-json\/wp\/v2\/posts"}],"about":[{"href":"https:\/\/luchonoticias.com\/editor\/wp-json\/wp\/v2\/types\/post"}],"author":[{"embeddable":true,"href":"https:\/\/luchonoticias.com\/editor\/wp-json\/wp\/v2\/users\/1"}],"replies":[{"embeddable":true,"href":"https:\/\/luchonoticias.com\/editor\/wp-json\/wp\/v2\/comments?post=41078"}],"version-history":[{"count":0,"href":"https:\/\/luchonoticias.com\/editor\/wp-json\/wp\/v2\/posts\/41078\/revisions"}],"wp:attachment":[{"href":"https:\/\/luchonoticias.com\/editor\/wp-json\/wp\/v2\/media?parent=41078"}],"wp:term":[{"taxonomy":"category","embeddable":true,"href":"https:\/\/luchonoticias.com\/editor\/wp-json\/wp\/v2\/categories?post=41078"},{"taxonomy":"post_tag","embeddable":true,"href":"https:\/\/luchonoticias.com\/editor\/wp-json\/wp\/v2\/tags?post=41078"}],"curies":[{"name":"wp","href":"https:\/\/api.w.org\/{rel}","templated":true}]}}