{"id":41084,"date":"2022-12-02T19:04:04","date_gmt":"2022-12-03T00:04:04","guid":{"rendered":"https:\/\/luchonoticias.com\/?p=41084"},"modified":"2022-12-02T19:04:05","modified_gmt":"2022-12-03T00:04:05","slug":"ante-el-incremento-de-los-casos-de-covid-19-vuelve-el-uso-de-tapabocas-obligatorio-en-colombia","status":"publish","type":"post","link":"https:\/\/luchonoticias.com\/editor\/ante-el-incremento-de-los-casos-de-covid-19-vuelve-el-uso-de-tapabocas-obligatorio-en-colombia\/","title":{"rendered":"Ante el incremento de los casos de covid-19 vuelve el uso de tapabocas obligatorio en Colombia"},"content":{"rendered":"\n<p>La ministra de Salud, Carolina Corcho, anunci\u00f3 que a trav\u00e9s de un decreto, que ser\u00e1 expedido la pr\u00f3xima semana, donde se establecer\u00e1 que el uso de tapabocas obligatorio en Colombia, ante el incremento de casos de covid-19 y enfermedades respiratorias en el pa\u00eds.<\/p>\n\n\n\n<p>La medida obedece a la situaci\u00f3n de salud p\u00fablica del pa\u00eds, en la que, seg\u00fan la ministra, \u201ctenemos la confluencia de varias infecciones virales relacionadas con adenovirus, influenza y COVID que est\u00e1n congestionando los servicios de urgencias y de hospitalizaci\u00f3n y, en general, el sistema de salud\u201d, explic\u00f3 Corcho.<\/p>\n\n\n\n<p>\u201cHemos visto un aumento en las consultas de los servicios de urgencias y en los servicios de hospitalizaci\u00f3n. Por eso, el Ministerio de Salud convoc\u00f3 un consejo t\u00e9cnico donde participan neum\u00f3logos, intensivistas, expertos, para solicitar unas recomendaciones que ser\u00e1n emitidas por las v\u00edas de resoluci\u00f3n y circular a los entes territoriales. Dentro de esas recomendaciones est\u00e1 que, ante los riesgos que tenemos en diciembre, vamos a proponer el uso obligatorio de tapabocas\u201d, comunic\u00f3 la alta funcionaria.<\/p>\n\n\n\n<p>La ministra de Salud aprovech\u00f3 para recordar a los colombianos que, adem\u00e1s de las medidas de autocuidado que deben tomarse para evitar contagios por covid-19, la vacunaci\u00f3n contra la enfermedad es uno de los lineamientos m\u00e1s importantes con los que la ciudadan\u00eda no puede bajar la guardia.<\/p>\n","protected":false},"excerpt":{"rendered":"<p>La ministra de Salud, Carolina Corcho, anunci\u00f3 que a trav\u00e9s de un decreto, que ser\u00e1 expedido la pr\u00f3xima semana, donde se establecer\u00e1 que el uso de tapabocas obligatorio en Colombia, ante el incremento de casos de covid-19 y enfermedades respiratorias en el pa\u00eds. La medida obedece a la situaci\u00f3n de salud p\u00fablica del pa\u00eds, en [&hellip;]<\/p>\n","protected":false},"author":1,"featured_media":0,"comment_status":"open","ping_status":"open","sticky":false,"template":"","format":"standard","meta":{"footnotes":""},"categories":[36,32],"tags":[],"class_list":["post-41084","post","type-post","status-publish","format-standard","hentry","category-destacado","category-nacional"],"yoast_head":"<!-- This site is optimized with the Yoast SEO plugin v26.6 - https:\/\/yoast.com\/wordpress\/plugins\/seo\/ -->\n<title>Ante el incremento de los casos de covid-19 vuelve el uso de tapabocas obligatorio en Colombia -<\/title>\n<meta name=\"robots\" content=\"index, follow, max-snippet:-1, max-image-preview:large, max-video-preview:-1\" \/>\n<link rel=\"canonical\" href=\"https:\/\/luchonoticias.com\/editor\/ante-el-incremento-de-los-casos-de-covid-19-vuelve-el-uso-de-tapabocas-obligatorio-en-colombia\/\" \/>\n<meta property=\"og:locale\" content=\"es_ES\" \/>\n<meta property=\"og:type\" content=\"article\" \/>\n<meta property=\"og:title\" content=\"Ante el incremento de los casos de covid-19 vuelve el uso de tapabocas obligatorio en Colombia -\" \/>\n<meta property=\"og:url\" content=\"https:\/\/luchonoticias.com\/editor\/ante-el-incremento-de-los-casos-de-covid-19-vuelve-el-uso-de-tapabocas-obligatorio-en-colombia\/\" \/>\n<meta property=\"article:publisher\" content=\"https:\/\/www.facebook.com\/luchonoticiasneiva\" \/>\n<meta property=\"article:author\" content=\"https:\/\/www.facebook.com\/luchonoticiasneiva\" \/>\n<meta property=\"article:published_time\" content=\"2022-12-03T00:04:04+00:00\" \/>\n<meta property=\"article:modified_time\" content=\"2022-12-03T00:04:05+00:00\" \/>\n<meta name=\"author\" content=\"admin\" \/>\n<meta name=\"twitter:card\" content=\"summary_large_image\" \/>\n<meta name=\"twitter:label1\" content=\"Escrito por\" \/>\n\t<meta name=\"twitter:data1\" content=\"admin\" \/>\n\t<meta name=\"twitter:label2\" content=\"Tiempo de lectura\" \/>\n\t<meta name=\"twitter:data2\" content=\"1 minuto\" \/>\n<script type=\"application\/ld+json\" class=\"yoast-schema-graph\">{\"@context\":\"https:\/\/schema.org\",\"@graph\":[{\"@type\":\"Article\",\"@id\":\"https:\/\/luchonoticias.com\/editor\/ante-el-incremento-de-los-casos-de-covid-19-vuelve-el-uso-de-tapabocas-obligatorio-en-colombia\/#article\",\"isPartOf\":{\"@id\":\"https:\/\/luchonoticias.com\/editor\/ante-el-incremento-de-los-casos-de-covid-19-vuelve-el-uso-de-tapabocas-obligatorio-en-colombia\/\"},\"author\":{\"name\":\"admin\",\"@id\":\"https:\/\/luchonoticias.com\/editor\/#\/schema\/person\/7a7fd911f58561fd056dbac7b55af9cd\"},\"headline\":\"Ante el incremento de los casos de covid-19 vuelve el uso de tapabocas obligatorio en Colombia\",\"datePublished\":\"2022-12-03T00:04:04+00:00\",\"dateModified\":\"2022-12-03T00:04:05+00:00\",\"mainEntityOfPage\":{\"@id\":\"https:\/\/luchonoticias.com\/editor\/ante-el-incremento-de-los-casos-de-covid-19-vuelve-el-uso-de-tapabocas-obligatorio-en-colombia\/\"},\"wordCount\":250,\"commentCount\":0,\"publisher\":{\"@id\":\"https:\/\/luchonoticias.com\/editor\/#\/schema\/person\/7a7fd911f58561fd056dbac7b55af9cd\"},\"articleSection\":[\"Destacado\",\"Nacional\"],\"inLanguage\":\"es\",\"potentialAction\":[{\"@type\":\"CommentAction\",\"name\":\"Comment\",\"target\":[\"https:\/\/luchonoticias.com\/editor\/ante-el-incremento-de-los-casos-de-covid-19-vuelve-el-uso-de-tapabocas-obligatorio-en-colombia\/#respond\"]}]},{\"@type\":\"WebPage\",\"@id\":\"https:\/\/luchonoticias.com\/editor\/ante-el-incremento-de-los-casos-de-covid-19-vuelve-el-uso-de-tapabocas-obligatorio-en-colombia\/\",\"url\":\"https:\/\/luchonoticias.com\/editor\/ante-el-incremento-de-los-casos-de-covid-19-vuelve-el-uso-de-tapabocas-obligatorio-en-colombia\/\",\"name\":\"Ante el incremento de los casos de covid-19 vuelve el uso de tapabocas obligatorio en Colombia -\",\"isPartOf\":{\"@id\":\"https:\/\/luchonoticias.com\/editor\/#website\"},\"datePublished\":\"2022-12-03T00:04:04+00:00\",\"dateModified\":\"2022-12-03T00:04:05+00:00\",\"breadcrumb\":{\"@id\":\"https:\/\/luchonoticias.com\/editor\/ante-el-incremento-de-los-casos-de-covid-19-vuelve-el-uso-de-tapabocas-obligatorio-en-colombia\/#breadcrumb\"},\"inLanguage\":\"es\",\"potentialAction\":[{\"@type\":\"ReadAction\",\"target\":[\"https:\/\/luchonoticias.com\/editor\/ante-el-incremento-de-los-casos-de-covid-19-vuelve-el-uso-de-tapabocas-obligatorio-en-colombia\/\"]}]},{\"@type\":\"BreadcrumbList\",\"@id\":\"https:\/\/luchonoticias.com\/editor\/ante-el-incremento-de-los-casos-de-covid-19-vuelve-el-uso-de-tapabocas-obligatorio-en-colombia\/#breadcrumb\",\"itemListElement\":[{\"@type\":\"ListItem\",\"position\":1,\"name\":\"Portada\",\"item\":\"https:\/\/luchonoticias.com\/editor\/\"},{\"@type\":\"ListItem\",\"position\":2,\"name\":\"Ante el incremento de los casos de covid-19 vuelve el uso de tapabocas obligatorio en Colombia\"}]},{\"@type\":\"WebSite\",\"@id\":\"https:\/\/luchonoticias.com\/editor\/#website\",\"url\":\"https:\/\/luchonoticias.com\/editor\/\",\"name\":\"\",\"description\":\"\",\"publisher\":{\"@id\":\"https:\/\/luchonoticias.com\/editor\/#\/schema\/person\/7a7fd911f58561fd056dbac7b55af9cd\"},\"potentialAction\":[{\"@type\":\"SearchAction\",\"target\":{\"@type\":\"EntryPoint\",\"urlTemplate\":\"https:\/\/luchonoticias.com\/editor\/?s={search_term_string}\"},\"query-input\":{\"@type\":\"PropertyValueSpecification\",\"valueRequired\":true,\"valueName\":\"search_term_string\"}}],\"inLanguage\":\"es\"},{\"@type\":[\"Person\",\"Organization\"],\"@id\":\"https:\/\/luchonoticias.com\/editor\/#\/schema\/person\/7a7fd911f58561fd056dbac7b55af9cd\",\"name\":\"admin\",\"image\":{\"@type\":\"ImageObject\",\"inLanguage\":\"es\",\"@id\":\"https:\/\/luchonoticias.com\/editor\/#\/schema\/person\/image\/\",\"url\":\"https:\/\/luchonoticias.com\/editor\/wp-content\/uploads\/2024\/02\/cropped-cropped-logolu.webp\",\"contentUrl\":\"https:\/\/luchonoticias.com\/editor\/wp-content\/uploads\/2024\/02\/cropped-cropped-logolu.webp\",\"width\":382,\"height\":170,\"caption\":\"admin\"},\"logo\":{\"@id\":\"https:\/\/luchonoticias.com\/editor\/#\/schema\/person\/image\/\"},\"sameAs\":[\"https:\/\/www.facebook.com\/luchonoticiasneiva\"],\"url\":\"https:\/\/luchonoticias.com\/editor\/author\/admin\/\"}]}<\/script>\n<!-- \/ Yoast SEO plugin. -->","yoast_head_json":{"title":"Ante el incremento de los casos de covid-19 vuelve el uso de tapabocas obligatorio en Colombia -","robots":{"index":"index","follow":"follow","max-snippet":"max-snippet:-1","max-image-preview":"max-image-preview:large","max-video-preview":"max-video-preview:-1"},"canonical":"https:\/\/luchonoticias.com\/editor\/ante-el-incremento-de-los-casos-de-covid-19-vuelve-el-uso-de-tapabocas-obligatorio-en-colombia\/","og_locale":"es_ES","og_type":"article","og_title":"Ante el incremento de los casos de covid-19 vuelve el uso de tapabocas obligatorio en Colombia -","og_url":"https:\/\/luchonoticias.com\/editor\/ante-el-incremento-de-los-casos-de-covid-19-vuelve-el-uso-de-tapabocas-obligatorio-en-colombia\/","article_publisher":"https:\/\/www.facebook.com\/luchonoticiasneiva","article_author":"https:\/\/www.facebook.com\/luchonoticiasneiva","article_published_time":"2022-12-03T00:04:04+00:00","article_modified_time":"2022-12-03T00:04:05+00:00","author":"admin","twitter_card":"summary_large_image","twitter_misc":{"Escrito por":"admin","Tiempo de lectura":"1 minuto"},"schema":{"@context":"https:\/\/schema.org","@graph":[{"@type":"Article","@id":"https:\/\/luchonoticias.com\/editor\/ante-el-incremento-de-los-casos-de-covid-19-vuelve-el-uso-de-tapabocas-obligatorio-en-colombia\/#article","isPartOf":{"@id":"https:\/\/luchonoticias.com\/editor\/ante-el-incremento-de-los-casos-de-covid-19-vuelve-el-uso-de-tapabocas-obligatorio-en-colombia\/"},"author":{"name":"admin","@id":"https:\/\/luchonoticias.com\/editor\/#\/schema\/person\/7a7fd911f58561fd056dbac7b55af9cd"},"headline":"Ante el incremento de los casos de covid-19 vuelve el uso de tapabocas obligatorio en Colombia","datePublished":"2022-12-03T00:04:04+00:00","dateModified":"2022-12-03T00:04:05+00:00","mainEntityOfPage":{"@id":"https:\/\/luchonoticias.com\/editor\/ante-el-incremento-de-los-casos-de-covid-19-vuelve-el-uso-de-tapabocas-obligatorio-en-colombia\/"},"wordCount":250,"commentCount":0,"publisher":{"@id":"https:\/\/luchonoticias.com\/editor\/#\/schema\/person\/7a7fd911f58561fd056dbac7b55af9cd"},"articleSection":["Destacado","Nacional"],"inLanguage":"es","potentialAction":[{"@type":"CommentAction","name":"Comment","target":["https:\/\/luchonoticias.com\/editor\/ante-el-incremento-de-los-casos-de-covid-19-vuelve-el-uso-de-tapabocas-obligatorio-en-colombia\/#respond"]}]},{"@type":"WebPage","@id":"https:\/\/luchonoticias.com\/editor\/ante-el-incremento-de-los-casos-de-covid-19-vuelve-el-uso-de-tapabocas-obligatorio-en-colombia\/","url":"https:\/\/luchonoticias.com\/editor\/ante-el-incremento-de-los-casos-de-covid-19-vuelve-el-uso-de-tapabocas-obligatorio-en-colombia\/","name":"Ante el incremento de los casos de covid-19 vuelve el uso de tapabocas obligatorio en Colombia -","isPartOf":{"@id":"https:\/\/luchonoticias.com\/editor\/#website"},"datePublished":"2022-12-03T00:04:04+00:00","dateModified":"2022-12-03T00:04:05+00:00","breadcrumb":{"@id":"https:\/\/luchonoticias.com\/editor\/ante-el-incremento-de-los-casos-de-covid-19-vuelve-el-uso-de-tapabocas-obligatorio-en-colombia\/#breadcrumb"},"inLanguage":"es","potentialAction":[{"@type":"ReadAction","target":["https:\/\/luchonoticias.com\/editor\/ante-el-incremento-de-los-casos-de-covid-19-vuelve-el-uso-de-tapabocas-obligatorio-en-colombia\/"]}]},{"@type":"BreadcrumbList","@id":"https:\/\/luchonoticias.com\/editor\/ante-el-incremento-de-los-casos-de-covid-19-vuelve-el-uso-de-tapabocas-obligatorio-en-colombia\/#breadcrumb","itemListElement":[{"@type":"ListItem","position":1,"name":"Portada","item":"https:\/\/luchonoticias.com\/editor\/"},{"@type":"ListItem","position":2,"name":"Ante el incremento de los casos de covid-19 vuelve el uso de tapabocas obligatorio en Colombia"}]},{"@type":"WebSite","@id":"https:\/\/luchonoticias.com\/editor\/#website","url":"https:\/\/luchonoticias.com\/editor\/","name":"","description":"","publisher":{"@id":"https:\/\/luchonoticias.com\/editor\/#\/schema\/person\/7a7fd911f58561fd056dbac7b55af9cd"},"potentialAction":[{"@type":"SearchAction","target":{"@type":"EntryPoint","urlTemplate":"https:\/\/luchonoticias.com\/editor\/?s={search_term_string}"},"query-input":{"@type":"PropertyValueSpecification","valueRequired":true,"valueName":"search_term_string"}}],"inLanguage":"es"},{"@type":["Person","Organization"],"@id":"https:\/\/luchonoticias.com\/editor\/#\/schema\/person\/7a7fd911f58561fd056dbac7b55af9cd","name":"admin","image":{"@type":"ImageObject","inLanguage":"es","@id":"https:\/\/luchonoticias.com\/editor\/#\/schema\/person\/image\/","url":"https:\/\/luchonoticias.com\/editor\/wp-content\/uploads\/2024\/02\/cropped-cropped-logolu.webp","contentUrl":"https:\/\/luchonoticias.com\/editor\/wp-content\/uploads\/2024\/02\/cropped-cropped-logolu.webp","width":382,"height":170,"caption":"admin"},"logo":{"@id":"https:\/\/luchonoticias.com\/editor\/#\/schema\/person\/image\/"},"sameAs":["https:\/\/www.facebook.com\/luchonoticiasneiva"],"url":"https:\/\/luchonoticias.com\/editor\/author\/admin\/"}]}},"_links":{"self":[{"href":"https:\/\/luchonoticias.com\/editor\/wp-json\/wp\/v2\/posts\/41084","targetHints":{"allow":["GET"]}}],"collection":[{"href":"https:\/\/luchonoticias.com\/editor\/wp-json\/wp\/v2\/posts"}],"about":[{"href":"https:\/\/luchonoticias.com\/editor\/wp-json\/wp\/v2\/types\/post"}],"author":[{"embeddable":true,"href":"https:\/\/luchonoticias.com\/editor\/wp-json\/wp\/v2\/users\/1"}],"replies":[{"embeddable":true,"href":"https:\/\/luchonoticias.com\/editor\/wp-json\/wp\/v2\/comments?post=41084"}],"version-history":[{"count":0,"href":"https:\/\/luchonoticias.com\/editor\/wp-json\/wp\/v2\/posts\/41084\/revisions"}],"wp:attachment":[{"href":"https:\/\/luchonoticias.com\/editor\/wp-json\/wp\/v2\/media?parent=41084"}],"wp:term":[{"taxonomy":"category","embeddable":true,"href":"https:\/\/luchonoticias.com\/editor\/wp-json\/wp\/v2\/categories?post=41084"},{"taxonomy":"post_tag","embeddable":true,"href":"https:\/\/luchonoticias.com\/editor\/wp-json\/wp\/v2\/tags?post=41084"}],"curies":[{"name":"wp","href":"https:\/\/api.w.org\/{rel}","templated":true}]}}