{"id":41100,"date":"2022-12-03T06:17:36","date_gmt":"2022-12-03T11:17:36","guid":{"rendered":"https:\/\/luchonoticias.com\/?p=41100"},"modified":"2022-12-03T06:17:37","modified_gmt":"2022-12-03T11:17:37","slug":"la-estrategia-neiva-conduce-segura-llego-a-la-comuna-9","status":"publish","type":"post","link":"https:\/\/luchonoticias.com\/editor\/la-estrategia-neiva-conduce-segura-llego-a-la-comuna-9\/","title":{"rendered":"La estrategia \u2018Neiva Conduce Segura\u2019, lleg\u00f3 a la comuna 9"},"content":{"rendered":"\n<p>\u2018Neiva Conduce Segura, Primero las Normas de Tr\u00e1nsito\u2019, es una estrategia liderada por la Secretar\u00eda de Movilidad, que ha llegado a las distintas comunas de la ciudad de Neiva, y tiene como fin sensibilizar a los ciudadanos, desde ni\u00f1os hasta adultos mayores, frente a las normas de tr\u00e1nsito. A trav\u00e9s de actividades pedag\u00f3gicas y recreativas, se educa a los ciudadanos para que tengan cultura en materia de movilidad. En esta oportunidad, la campa\u00f1a de sensibilizaci\u00f3n lleg\u00f3 a la Comuna 9, donde trabajaron con la poblaci\u00f3n de ni\u00f1os, ni\u00f1as y adultos mayores.<\/p>\n\n\n\n<figure class=\"wp-block-gallery has-nested-images columns-default is-cropped wp-block-gallery-1 is-layout-flex wp-block-gallery-is-layout-flex\">\n<figure class=\"wp-block-image size-large\"><img decoding=\"async\" data-id=\"41103\" src=\"https:\/\/luchonoticias.com\/wp-content\/uploads\/2022\/12\/WhatsApp-Image-2022-12-02-at-6.14.30-PM-1024x768.jpeg\" alt=\"\" class=\"wp-image-41103\"\/><\/figure>\n\n\n\n<figure class=\"wp-block-image size-large\"><img decoding=\"async\" data-id=\"41102\" src=\"https:\/\/luchonoticias.com\/wp-content\/uploads\/2022\/12\/WhatsApp-Image-2022-12-02-at-6.14.29-PM-1-1024x768.jpeg\" alt=\"\" class=\"wp-image-41102\"\/><\/figure>\n\n\n\n<figure class=\"wp-block-image size-large\"><img decoding=\"async\" data-id=\"41104\" src=\"https:\/\/luchonoticias.com\/wp-content\/uploads\/2022\/12\/WhatsApp-Image-2022-12-02-at-6.14.29-PM-1024x768.jpeg\" alt=\"\" class=\"wp-image-41104\"\/><\/figure>\n<\/figure>\n\n\n\n<p>\u201cPara esta \u00e9poca, donde nuestros ni\u00f1os disfrutan de sus vacaciones, hemos venido realizando un acompa\u00f1amiento en todas nuestras comunas, liderando la campa\u00f1a \u2018Primero las Normas de Tr\u00e1nsito\u2019, donde se reconoce la importancia que tienen nuestros ni\u00f1os cuando se educan y conocen las normas de tr\u00e1nsito, y que puedan obtener esa capacidad de poder replicar informaci\u00f3n y asumir con responsabilidad todo este ejercicio pedag\u00f3gico que se adelanta\u201d, manifest\u00f3 Luisa Fernanda Robles, secretaria de Movilidad.<\/p>\n\n\n\n<figure class=\"wp-block-gallery has-nested-images columns-default is-cropped wp-block-gallery-2 is-layout-flex wp-block-gallery-is-layout-flex\">\n<figure class=\"wp-block-image size-large\"><img decoding=\"async\" data-id=\"41107\" src=\"https:\/\/luchonoticias.com\/wp-content\/uploads\/2022\/12\/WhatsApp-Image-2022-12-02-at-6.14.28-PM-2-1024x768.jpeg\" alt=\"\" class=\"wp-image-41107\"\/><\/figure>\n\n\n\n<figure class=\"wp-block-image size-large\"><img decoding=\"async\" data-id=\"41105\" src=\"https:\/\/luchonoticias.com\/wp-content\/uploads\/2022\/12\/WhatsApp-Image-2022-12-02-at-6.14.28-PM-1-1024x768.jpeg\" alt=\"\" class=\"wp-image-41105\"\/><\/figure>\n\n\n\n<figure class=\"wp-block-image size-large\"><img decoding=\"async\" data-id=\"41106\" src=\"https:\/\/luchonoticias.com\/wp-content\/uploads\/2022\/12\/WhatsApp-Image-2022-12-02-at-6.14.28-PM-1024x768.jpeg\" alt=\"\" class=\"wp-image-41106\"\/><\/figure>\n<\/figure>\n\n\n\n<p>La actividad se llev\u00f3 a cabo con el apoyo de la Polic\u00eda Antinarc\u00f3ticos, un trabajo de sensibilizaci\u00f3n que tiene como fin el que reconozcan y asuman la importancia de poder respetar las normas de tr\u00e1nsito, con el fin de que permita generar un tipo de disminuci\u00f3n en la siniestralidad que se presenta en el municipio.<\/p>\n","protected":false},"excerpt":{"rendered":"<p>\u2018Neiva Conduce Segura, Primero las Normas de Tr\u00e1nsito\u2019, es una estrategia liderada por la Secretar\u00eda de Movilidad, que ha llegado a las distintas comunas de la ciudad de Neiva, y tiene como fin sensibilizar a los ciudadanos, desde ni\u00f1os hasta adultos mayores, frente a las normas de tr\u00e1nsito. A trav\u00e9s de actividades pedag\u00f3gicas y recreativas, [&hellip;]<\/p>\n","protected":false},"author":1,"featured_media":0,"comment_status":"open","ping_status":"open","sticky":false,"template":"","format":"standard","meta":{"footnotes":""},"categories":[3961,36],"tags":[],"class_list":["post-41100","post","type-post","status-publish","format-standard","hentry","category-comunidad","category-destacado"],"yoast_head":"<!-- This site is optimized with the Yoast SEO plugin v26.6 - https:\/\/yoast.com\/wordpress\/plugins\/seo\/ -->\n<title>La estrategia \u2018Neiva Conduce Segura\u2019, lleg\u00f3 a la comuna 9 -<\/title>\n<meta name=\"robots\" content=\"index, follow, max-snippet:-1, max-image-preview:large, max-video-preview:-1\" \/>\n<link rel=\"canonical\" href=\"https:\/\/luchonoticias.com\/editor\/la-estrategia-neiva-conduce-segura-llego-a-la-comuna-9\/\" \/>\n<meta property=\"og:locale\" content=\"es_ES\" \/>\n<meta property=\"og:type\" content=\"article\" \/>\n<meta property=\"og:title\" content=\"La estrategia \u2018Neiva Conduce Segura\u2019, lleg\u00f3 a la comuna 9 -\" \/>\n<meta property=\"og:url\" content=\"https:\/\/luchonoticias.com\/editor\/la-estrategia-neiva-conduce-segura-llego-a-la-comuna-9\/\" \/>\n<meta property=\"article:publisher\" content=\"https:\/\/www.facebook.com\/luchonoticiasneiva\" \/>\n<meta property=\"article:author\" content=\"https:\/\/www.facebook.com\/luchonoticiasneiva\" \/>\n<meta property=\"article:published_time\" content=\"2022-12-03T11:17:36+00:00\" \/>\n<meta property=\"article:modified_time\" content=\"2022-12-03T11:17:37+00:00\" \/>\n<meta property=\"og:image\" content=\"https:\/\/luchonoticias.com\/wp-content\/uploads\/2022\/12\/WhatsApp-Image-2022-12-02-at-6.14.30-PM-1024x768.jpeg\" \/>\n<meta name=\"author\" content=\"admin\" \/>\n<meta name=\"twitter:card\" content=\"summary_large_image\" \/>\n<meta name=\"twitter:label1\" content=\"Escrito por\" \/>\n\t<meta name=\"twitter:data1\" content=\"admin\" \/>\n\t<meta name=\"twitter:label2\" content=\"Tiempo de lectura\" \/>\n\t<meta name=\"twitter:data2\" content=\"1 minuto\" \/>\n<script type=\"application\/ld+json\" class=\"yoast-schema-graph\">{\"@context\":\"https:\/\/schema.org\",\"@graph\":[{\"@type\":\"Article\",\"@id\":\"https:\/\/luchonoticias.com\/editor\/la-estrategia-neiva-conduce-segura-llego-a-la-comuna-9\/#article\",\"isPartOf\":{\"@id\":\"https:\/\/luchonoticias.com\/editor\/la-estrategia-neiva-conduce-segura-llego-a-la-comuna-9\/\"},\"author\":{\"name\":\"admin\",\"@id\":\"https:\/\/luchonoticias.com\/editor\/#\/schema\/person\/7a7fd911f58561fd056dbac7b55af9cd\"},\"headline\":\"La estrategia \u2018Neiva Conduce Segura\u2019, lleg\u00f3 a la comuna 9\",\"datePublished\":\"2022-12-03T11:17:36+00:00\",\"dateModified\":\"2022-12-03T11:17:37+00:00\",\"mainEntityOfPage\":{\"@id\":\"https:\/\/luchonoticias.com\/editor\/la-estrategia-neiva-conduce-segura-llego-a-la-comuna-9\/\"},\"wordCount\":251,\"commentCount\":0,\"publisher\":{\"@id\":\"https:\/\/luchonoticias.com\/editor\/#\/schema\/person\/7a7fd911f58561fd056dbac7b55af9cd\"},\"image\":{\"@id\":\"https:\/\/luchonoticias.com\/editor\/la-estrategia-neiva-conduce-segura-llego-a-la-comuna-9\/#primaryimage\"},\"thumbnailUrl\":\"https:\/\/luchonoticias.com\/wp-content\/uploads\/2022\/12\/WhatsApp-Image-2022-12-02-at-6.14.30-PM-1024x768.jpeg\",\"articleSection\":[\"Comunidad\",\"Destacado\"],\"inLanguage\":\"es\",\"potentialAction\":[{\"@type\":\"CommentAction\",\"name\":\"Comment\",\"target\":[\"https:\/\/luchonoticias.com\/editor\/la-estrategia-neiva-conduce-segura-llego-a-la-comuna-9\/#respond\"]}]},{\"@type\":\"WebPage\",\"@id\":\"https:\/\/luchonoticias.com\/editor\/la-estrategia-neiva-conduce-segura-llego-a-la-comuna-9\/\",\"url\":\"https:\/\/luchonoticias.com\/editor\/la-estrategia-neiva-conduce-segura-llego-a-la-comuna-9\/\",\"name\":\"La estrategia \u2018Neiva Conduce Segura\u2019, lleg\u00f3 a la comuna 9 -\",\"isPartOf\":{\"@id\":\"https:\/\/luchonoticias.com\/editor\/#website\"},\"primaryImageOfPage\":{\"@id\":\"https:\/\/luchonoticias.com\/editor\/la-estrategia-neiva-conduce-segura-llego-a-la-comuna-9\/#primaryimage\"},\"image\":{\"@id\":\"https:\/\/luchonoticias.com\/editor\/la-estrategia-neiva-conduce-segura-llego-a-la-comuna-9\/#primaryimage\"},\"thumbnailUrl\":\"https:\/\/luchonoticias.com\/wp-content\/uploads\/2022\/12\/WhatsApp-Image-2022-12-02-at-6.14.30-PM-1024x768.jpeg\",\"datePublished\":\"2022-12-03T11:17:36+00:00\",\"dateModified\":\"2022-12-03T11:17:37+00:00\",\"breadcrumb\":{\"@id\":\"https:\/\/luchonoticias.com\/editor\/la-estrategia-neiva-conduce-segura-llego-a-la-comuna-9\/#breadcrumb\"},\"inLanguage\":\"es\",\"potentialAction\":[{\"@type\":\"ReadAction\",\"target\":[\"https:\/\/luchonoticias.com\/editor\/la-estrategia-neiva-conduce-segura-llego-a-la-comuna-9\/\"]}]},{\"@type\":\"ImageObject\",\"inLanguage\":\"es\",\"@id\":\"https:\/\/luchonoticias.com\/editor\/la-estrategia-neiva-conduce-segura-llego-a-la-comuna-9\/#primaryimage\",\"url\":\"https:\/\/luchonoticias.com\/wp-content\/uploads\/2022\/12\/WhatsApp-Image-2022-12-02-at-6.14.30-PM-1024x768.jpeg\",\"contentUrl\":\"https:\/\/luchonoticias.com\/wp-content\/uploads\/2022\/12\/WhatsApp-Image-2022-12-02-at-6.14.30-PM-1024x768.jpeg\"},{\"@type\":\"BreadcrumbList\",\"@id\":\"https:\/\/luchonoticias.com\/editor\/la-estrategia-neiva-conduce-segura-llego-a-la-comuna-9\/#breadcrumb\",\"itemListElement\":[{\"@type\":\"ListItem\",\"position\":1,\"name\":\"Portada\",\"item\":\"https:\/\/luchonoticias.com\/editor\/\"},{\"@type\":\"ListItem\",\"position\":2,\"name\":\"La estrategia \u2018Neiva Conduce Segura\u2019, lleg\u00f3 a la comuna 9\"}]},{\"@type\":\"WebSite\",\"@id\":\"https:\/\/luchonoticias.com\/editor\/#website\",\"url\":\"https:\/\/luchonoticias.com\/editor\/\",\"name\":\"\",\"description\":\"\",\"publisher\":{\"@id\":\"https:\/\/luchonoticias.com\/editor\/#\/schema\/person\/7a7fd911f58561fd056dbac7b55af9cd\"},\"potentialAction\":[{\"@type\":\"SearchAction\",\"target\":{\"@type\":\"EntryPoint\",\"urlTemplate\":\"https:\/\/luchonoticias.com\/editor\/?s={search_term_string}\"},\"query-input\":{\"@type\":\"PropertyValueSpecification\",\"valueRequired\":true,\"valueName\":\"search_term_string\"}}],\"inLanguage\":\"es\"},{\"@type\":[\"Person\",\"Organization\"],\"@id\":\"https:\/\/luchonoticias.com\/editor\/#\/schema\/person\/7a7fd911f58561fd056dbac7b55af9cd\",\"name\":\"admin\",\"image\":{\"@type\":\"ImageObject\",\"inLanguage\":\"es\",\"@id\":\"https:\/\/luchonoticias.com\/editor\/#\/schema\/person\/image\/\",\"url\":\"https:\/\/luchonoticias.com\/editor\/wp-content\/uploads\/2024\/02\/cropped-cropped-logolu.webp\",\"contentUrl\":\"https:\/\/luchonoticias.com\/editor\/wp-content\/uploads\/2024\/02\/cropped-cropped-logolu.webp\",\"width\":382,\"height\":170,\"caption\":\"admin\"},\"logo\":{\"@id\":\"https:\/\/luchonoticias.com\/editor\/#\/schema\/person\/image\/\"},\"sameAs\":[\"https:\/\/www.facebook.com\/luchonoticiasneiva\"],\"url\":\"https:\/\/luchonoticias.com\/editor\/author\/admin\/\"}]}<\/script>\n<!-- \/ Yoast SEO plugin. -->","yoast_head_json":{"title":"La estrategia \u2018Neiva Conduce Segura\u2019, lleg\u00f3 a la comuna 9 -","robots":{"index":"index","follow":"follow","max-snippet":"max-snippet:-1","max-image-preview":"max-image-preview:large","max-video-preview":"max-video-preview:-1"},"canonical":"https:\/\/luchonoticias.com\/editor\/la-estrategia-neiva-conduce-segura-llego-a-la-comuna-9\/","og_locale":"es_ES","og_type":"article","og_title":"La estrategia \u2018Neiva Conduce Segura\u2019, lleg\u00f3 a la comuna 9 -","og_url":"https:\/\/luchonoticias.com\/editor\/la-estrategia-neiva-conduce-segura-llego-a-la-comuna-9\/","article_publisher":"https:\/\/www.facebook.com\/luchonoticiasneiva","article_author":"https:\/\/www.facebook.com\/luchonoticiasneiva","article_published_time":"2022-12-03T11:17:36+00:00","article_modified_time":"2022-12-03T11:17:37+00:00","og_image":[{"url":"https:\/\/luchonoticias.com\/wp-content\/uploads\/2022\/12\/WhatsApp-Image-2022-12-02-at-6.14.30-PM-1024x768.jpeg","type":"","width":"","height":""}],"author":"admin","twitter_card":"summary_large_image","twitter_misc":{"Escrito por":"admin","Tiempo de lectura":"1 minuto"},"schema":{"@context":"https:\/\/schema.org","@graph":[{"@type":"Article","@id":"https:\/\/luchonoticias.com\/editor\/la-estrategia-neiva-conduce-segura-llego-a-la-comuna-9\/#article","isPartOf":{"@id":"https:\/\/luchonoticias.com\/editor\/la-estrategia-neiva-conduce-segura-llego-a-la-comuna-9\/"},"author":{"name":"admin","@id":"https:\/\/luchonoticias.com\/editor\/#\/schema\/person\/7a7fd911f58561fd056dbac7b55af9cd"},"headline":"La estrategia \u2018Neiva Conduce Segura\u2019, lleg\u00f3 a la comuna 9","datePublished":"2022-12-03T11:17:36+00:00","dateModified":"2022-12-03T11:17:37+00:00","mainEntityOfPage":{"@id":"https:\/\/luchonoticias.com\/editor\/la-estrategia-neiva-conduce-segura-llego-a-la-comuna-9\/"},"wordCount":251,"commentCount":0,"publisher":{"@id":"https:\/\/luchonoticias.com\/editor\/#\/schema\/person\/7a7fd911f58561fd056dbac7b55af9cd"},"image":{"@id":"https:\/\/luchonoticias.com\/editor\/la-estrategia-neiva-conduce-segura-llego-a-la-comuna-9\/#primaryimage"},"thumbnailUrl":"https:\/\/luchonoticias.com\/wp-content\/uploads\/2022\/12\/WhatsApp-Image-2022-12-02-at-6.14.30-PM-1024x768.jpeg","articleSection":["Comunidad","Destacado"],"inLanguage":"es","potentialAction":[{"@type":"CommentAction","name":"Comment","target":["https:\/\/luchonoticias.com\/editor\/la-estrategia-neiva-conduce-segura-llego-a-la-comuna-9\/#respond"]}]},{"@type":"WebPage","@id":"https:\/\/luchonoticias.com\/editor\/la-estrategia-neiva-conduce-segura-llego-a-la-comuna-9\/","url":"https:\/\/luchonoticias.com\/editor\/la-estrategia-neiva-conduce-segura-llego-a-la-comuna-9\/","name":"La estrategia \u2018Neiva Conduce Segura\u2019, lleg\u00f3 a la comuna 9 -","isPartOf":{"@id":"https:\/\/luchonoticias.com\/editor\/#website"},"primaryImageOfPage":{"@id":"https:\/\/luchonoticias.com\/editor\/la-estrategia-neiva-conduce-segura-llego-a-la-comuna-9\/#primaryimage"},"image":{"@id":"https:\/\/luchonoticias.com\/editor\/la-estrategia-neiva-conduce-segura-llego-a-la-comuna-9\/#primaryimage"},"thumbnailUrl":"https:\/\/luchonoticias.com\/wp-content\/uploads\/2022\/12\/WhatsApp-Image-2022-12-02-at-6.14.30-PM-1024x768.jpeg","datePublished":"2022-12-03T11:17:36+00:00","dateModified":"2022-12-03T11:17:37+00:00","breadcrumb":{"@id":"https:\/\/luchonoticias.com\/editor\/la-estrategia-neiva-conduce-segura-llego-a-la-comuna-9\/#breadcrumb"},"inLanguage":"es","potentialAction":[{"@type":"ReadAction","target":["https:\/\/luchonoticias.com\/editor\/la-estrategia-neiva-conduce-segura-llego-a-la-comuna-9\/"]}]},{"@type":"ImageObject","inLanguage":"es","@id":"https:\/\/luchonoticias.com\/editor\/la-estrategia-neiva-conduce-segura-llego-a-la-comuna-9\/#primaryimage","url":"https:\/\/luchonoticias.com\/wp-content\/uploads\/2022\/12\/WhatsApp-Image-2022-12-02-at-6.14.30-PM-1024x768.jpeg","contentUrl":"https:\/\/luchonoticias.com\/wp-content\/uploads\/2022\/12\/WhatsApp-Image-2022-12-02-at-6.14.30-PM-1024x768.jpeg"},{"@type":"BreadcrumbList","@id":"https:\/\/luchonoticias.com\/editor\/la-estrategia-neiva-conduce-segura-llego-a-la-comuna-9\/#breadcrumb","itemListElement":[{"@type":"ListItem","position":1,"name":"Portada","item":"https:\/\/luchonoticias.com\/editor\/"},{"@type":"ListItem","position":2,"name":"La estrategia \u2018Neiva Conduce Segura\u2019, lleg\u00f3 a la comuna 9"}]},{"@type":"WebSite","@id":"https:\/\/luchonoticias.com\/editor\/#website","url":"https:\/\/luchonoticias.com\/editor\/","name":"","description":"","publisher":{"@id":"https:\/\/luchonoticias.com\/editor\/#\/schema\/person\/7a7fd911f58561fd056dbac7b55af9cd"},"potentialAction":[{"@type":"SearchAction","target":{"@type":"EntryPoint","urlTemplate":"https:\/\/luchonoticias.com\/editor\/?s={search_term_string}"},"query-input":{"@type":"PropertyValueSpecification","valueRequired":true,"valueName":"search_term_string"}}],"inLanguage":"es"},{"@type":["Person","Organization"],"@id":"https:\/\/luchonoticias.com\/editor\/#\/schema\/person\/7a7fd911f58561fd056dbac7b55af9cd","name":"admin","image":{"@type":"ImageObject","inLanguage":"es","@id":"https:\/\/luchonoticias.com\/editor\/#\/schema\/person\/image\/","url":"https:\/\/luchonoticias.com\/editor\/wp-content\/uploads\/2024\/02\/cropped-cropped-logolu.webp","contentUrl":"https:\/\/luchonoticias.com\/editor\/wp-content\/uploads\/2024\/02\/cropped-cropped-logolu.webp","width":382,"height":170,"caption":"admin"},"logo":{"@id":"https:\/\/luchonoticias.com\/editor\/#\/schema\/person\/image\/"},"sameAs":["https:\/\/www.facebook.com\/luchonoticiasneiva"],"url":"https:\/\/luchonoticias.com\/editor\/author\/admin\/"}]}},"_links":{"self":[{"href":"https:\/\/luchonoticias.com\/editor\/wp-json\/wp\/v2\/posts\/41100","targetHints":{"allow":["GET"]}}],"collection":[{"href":"https:\/\/luchonoticias.com\/editor\/wp-json\/wp\/v2\/posts"}],"about":[{"href":"https:\/\/luchonoticias.com\/editor\/wp-json\/wp\/v2\/types\/post"}],"author":[{"embeddable":true,"href":"https:\/\/luchonoticias.com\/editor\/wp-json\/wp\/v2\/users\/1"}],"replies":[{"embeddable":true,"href":"https:\/\/luchonoticias.com\/editor\/wp-json\/wp\/v2\/comments?post=41100"}],"version-history":[{"count":0,"href":"https:\/\/luchonoticias.com\/editor\/wp-json\/wp\/v2\/posts\/41100\/revisions"}],"wp:attachment":[{"href":"https:\/\/luchonoticias.com\/editor\/wp-json\/wp\/v2\/media?parent=41100"}],"wp:term":[{"taxonomy":"category","embeddable":true,"href":"https:\/\/luchonoticias.com\/editor\/wp-json\/wp\/v2\/categories?post=41100"},{"taxonomy":"post_tag","embeddable":true,"href":"https:\/\/luchonoticias.com\/editor\/wp-json\/wp\/v2\/tags?post=41100"}],"curies":[{"name":"wp","href":"https:\/\/api.w.org\/{rel}","templated":true}]}}