{"id":41109,"date":"2022-12-03T06:20:07","date_gmt":"2022-12-03T11:20:07","guid":{"rendered":"https:\/\/luchonoticias.com\/?p=41109"},"modified":"2022-12-03T06:20:08","modified_gmt":"2022-12-03T11:20:08","slug":"salud-del-huila-recomienda-acatar-uso-de-tapaboca","status":"publish","type":"post","link":"https:\/\/luchonoticias.com\/editor\/salud-del-huila-recomienda-acatar-uso-de-tapaboca\/","title":{"rendered":"Salud del Huila recomienda acatar uso de tapaboca"},"content":{"rendered":"\n<p>En la \u00faltima semana epidemiol\u00f3gica comprendida entre el 25 de noviembre y el 1 de diciembre se reportaron 6 casos positivos de Covid19 para el departamento del Huila, aumentando los casos activos a 8, de los cuales 6 se atienden de manera ambulatoria y 2 reciben atenci\u00f3n hospitalaria.<\/p>\n\n\n\n<p>\u201cEs importante retomar las medidas de bioseguridad, debemos usar el tapaboca cuando estemos en recintos cerrados, d\u00f3nde hay aglomeraci\u00f3n, cuando tenemos sintomatolog\u00eda respiratoria, as\u00ed mismo mantener la cultura del lavado de las manos y poder completar los esquemas de vacunaci\u00f3n, a\u00fan tenemos poblaci\u00f3n susceptible porque no ha recibido ninguna vacuna o le faltan los refuerzos\u201d se\u00f1al\u00f3 C\u00e9sar Alberto Polan\u00eda Silva, secretario de Salud del Huila.<\/p>\n\n\n\n<p>En todos los hospitales municipales se encuentran disponibles las vacunas, para que de manera voluntaria la comunidad se acerque a iniciar o completar esquemas, ahora las vacunas contra el Covid19 hacen parte del Programa Ampliado de Inmunizaci\u00f3n.<\/p>\n\n\n\n<p>El aumento de los casos de Covid19 es nuevamente tendencia nacional, por cuanto es necesario lograr compromiso social para evitar nuevos picos de contagio.<\/p>\n\n\n\n<p>\u201cLa medida anunciada por la Ministra de Salud es acertada, teniendo en cuenta las condiciones clim\u00e1ticas que vive el pa\u00eds, es de alta probabilidad el incremento de otras infecciones respiratorias como la influenza, y otros virus, donde el uso del tapabocas juega un papel importante en la prevenci\u00f3n y control\u201d agreg\u00f3 Polan\u00eda Silva.<\/p>\n\n\n\n<p>Como se ha venido aplicando, el uso del tapabocas se mantiene en espacios de atenci\u00f3n m\u00e9dica y hospitalaria, en hogares de protecci\u00f3n del adulto mayor, en los medios masivos de transporte y en aquellos casos individuales donde prevalecen enfermedades de las v\u00edas respiratorias o estados gripales.<\/p>\n\n\n\n<p>En todo caso, debe prevalecer el autocuidado y el esfuerzo colectivo por mantener controlados los virus, y aprovechar al m\u00e1ximo los recursos disponibles en el departamento como son las vacunas.<\/p>\n","protected":false},"excerpt":{"rendered":"<p>En la \u00faltima semana epidemiol\u00f3gica comprendida entre el 25 de noviembre y el 1 de diciembre se reportaron 6 casos positivos de Covid19 para el departamento del Huila, aumentando los casos activos a 8, de los cuales 6 se atienden de manera ambulatoria y 2 reciben atenci\u00f3n hospitalaria. \u201cEs importante retomar las medidas de bioseguridad, [&hellip;]<\/p>\n","protected":false},"author":1,"featured_media":0,"comment_status":"open","ping_status":"open","sticky":false,"template":"","format":"standard","meta":{"footnotes":""},"categories":[36,33],"tags":[],"class_list":["post-41109","post","type-post","status-publish","format-standard","hentry","category-destacado","category-huila"],"yoast_head":"<!-- This site is optimized with the Yoast SEO plugin v26.6 - https:\/\/yoast.com\/wordpress\/plugins\/seo\/ -->\n<title>Salud del Huila recomienda acatar uso de tapaboca -<\/title>\n<meta name=\"robots\" content=\"index, follow, max-snippet:-1, max-image-preview:large, max-video-preview:-1\" \/>\n<link rel=\"canonical\" href=\"https:\/\/luchonoticias.com\/editor\/salud-del-huila-recomienda-acatar-uso-de-tapaboca\/\" \/>\n<meta property=\"og:locale\" content=\"es_ES\" \/>\n<meta property=\"og:type\" content=\"article\" \/>\n<meta property=\"og:title\" content=\"Salud del Huila recomienda acatar uso de tapaboca -\" \/>\n<meta property=\"og:url\" content=\"https:\/\/luchonoticias.com\/editor\/salud-del-huila-recomienda-acatar-uso-de-tapaboca\/\" \/>\n<meta property=\"article:publisher\" content=\"https:\/\/www.facebook.com\/luchonoticiasneiva\" \/>\n<meta property=\"article:author\" content=\"https:\/\/www.facebook.com\/luchonoticiasneiva\" \/>\n<meta property=\"article:published_time\" content=\"2022-12-03T11:20:07+00:00\" \/>\n<meta property=\"article:modified_time\" content=\"2022-12-03T11:20:08+00:00\" \/>\n<meta name=\"author\" content=\"admin\" \/>\n<meta name=\"twitter:card\" content=\"summary_large_image\" \/>\n<meta name=\"twitter:label1\" content=\"Escrito por\" \/>\n\t<meta name=\"twitter:data1\" content=\"admin\" \/>\n\t<meta name=\"twitter:label2\" content=\"Tiempo de lectura\" \/>\n\t<meta name=\"twitter:data2\" content=\"2 minutos\" \/>\n<script type=\"application\/ld+json\" class=\"yoast-schema-graph\">{\"@context\":\"https:\/\/schema.org\",\"@graph\":[{\"@type\":\"Article\",\"@id\":\"https:\/\/luchonoticias.com\/editor\/salud-del-huila-recomienda-acatar-uso-de-tapaboca\/#article\",\"isPartOf\":{\"@id\":\"https:\/\/luchonoticias.com\/editor\/salud-del-huila-recomienda-acatar-uso-de-tapaboca\/\"},\"author\":{\"name\":\"admin\",\"@id\":\"https:\/\/luchonoticias.com\/editor\/#\/schema\/person\/7a7fd911f58561fd056dbac7b55af9cd\"},\"headline\":\"Salud del Huila recomienda acatar uso de tapaboca\",\"datePublished\":\"2022-12-03T11:20:07+00:00\",\"dateModified\":\"2022-12-03T11:20:08+00:00\",\"mainEntityOfPage\":{\"@id\":\"https:\/\/luchonoticias.com\/editor\/salud-del-huila-recomienda-acatar-uso-de-tapaboca\/\"},\"wordCount\":326,\"commentCount\":0,\"publisher\":{\"@id\":\"https:\/\/luchonoticias.com\/editor\/#\/schema\/person\/7a7fd911f58561fd056dbac7b55af9cd\"},\"articleSection\":[\"Destacado\",\"Huila\"],\"inLanguage\":\"es\",\"potentialAction\":[{\"@type\":\"CommentAction\",\"name\":\"Comment\",\"target\":[\"https:\/\/luchonoticias.com\/editor\/salud-del-huila-recomienda-acatar-uso-de-tapaboca\/#respond\"]}]},{\"@type\":\"WebPage\",\"@id\":\"https:\/\/luchonoticias.com\/editor\/salud-del-huila-recomienda-acatar-uso-de-tapaboca\/\",\"url\":\"https:\/\/luchonoticias.com\/editor\/salud-del-huila-recomienda-acatar-uso-de-tapaboca\/\",\"name\":\"Salud del Huila recomienda acatar uso de tapaboca -\",\"isPartOf\":{\"@id\":\"https:\/\/luchonoticias.com\/editor\/#website\"},\"datePublished\":\"2022-12-03T11:20:07+00:00\",\"dateModified\":\"2022-12-03T11:20:08+00:00\",\"breadcrumb\":{\"@id\":\"https:\/\/luchonoticias.com\/editor\/salud-del-huila-recomienda-acatar-uso-de-tapaboca\/#breadcrumb\"},\"inLanguage\":\"es\",\"potentialAction\":[{\"@type\":\"ReadAction\",\"target\":[\"https:\/\/luchonoticias.com\/editor\/salud-del-huila-recomienda-acatar-uso-de-tapaboca\/\"]}]},{\"@type\":\"BreadcrumbList\",\"@id\":\"https:\/\/luchonoticias.com\/editor\/salud-del-huila-recomienda-acatar-uso-de-tapaboca\/#breadcrumb\",\"itemListElement\":[{\"@type\":\"ListItem\",\"position\":1,\"name\":\"Portada\",\"item\":\"https:\/\/luchonoticias.com\/editor\/\"},{\"@type\":\"ListItem\",\"position\":2,\"name\":\"Salud del Huila recomienda acatar uso de tapaboca\"}]},{\"@type\":\"WebSite\",\"@id\":\"https:\/\/luchonoticias.com\/editor\/#website\",\"url\":\"https:\/\/luchonoticias.com\/editor\/\",\"name\":\"\",\"description\":\"\",\"publisher\":{\"@id\":\"https:\/\/luchonoticias.com\/editor\/#\/schema\/person\/7a7fd911f58561fd056dbac7b55af9cd\"},\"potentialAction\":[{\"@type\":\"SearchAction\",\"target\":{\"@type\":\"EntryPoint\",\"urlTemplate\":\"https:\/\/luchonoticias.com\/editor\/?s={search_term_string}\"},\"query-input\":{\"@type\":\"PropertyValueSpecification\",\"valueRequired\":true,\"valueName\":\"search_term_string\"}}],\"inLanguage\":\"es\"},{\"@type\":[\"Person\",\"Organization\"],\"@id\":\"https:\/\/luchonoticias.com\/editor\/#\/schema\/person\/7a7fd911f58561fd056dbac7b55af9cd\",\"name\":\"admin\",\"image\":{\"@type\":\"ImageObject\",\"inLanguage\":\"es\",\"@id\":\"https:\/\/luchonoticias.com\/editor\/#\/schema\/person\/image\/\",\"url\":\"https:\/\/luchonoticias.com\/editor\/wp-content\/uploads\/2024\/02\/cropped-cropped-logolu.webp\",\"contentUrl\":\"https:\/\/luchonoticias.com\/editor\/wp-content\/uploads\/2024\/02\/cropped-cropped-logolu.webp\",\"width\":382,\"height\":170,\"caption\":\"admin\"},\"logo\":{\"@id\":\"https:\/\/luchonoticias.com\/editor\/#\/schema\/person\/image\/\"},\"sameAs\":[\"https:\/\/www.facebook.com\/luchonoticiasneiva\"],\"url\":\"https:\/\/luchonoticias.com\/editor\/author\/admin\/\"}]}<\/script>\n<!-- \/ Yoast SEO plugin. -->","yoast_head_json":{"title":"Salud del Huila recomienda acatar uso de tapaboca -","robots":{"index":"index","follow":"follow","max-snippet":"max-snippet:-1","max-image-preview":"max-image-preview:large","max-video-preview":"max-video-preview:-1"},"canonical":"https:\/\/luchonoticias.com\/editor\/salud-del-huila-recomienda-acatar-uso-de-tapaboca\/","og_locale":"es_ES","og_type":"article","og_title":"Salud del Huila recomienda acatar uso de tapaboca -","og_url":"https:\/\/luchonoticias.com\/editor\/salud-del-huila-recomienda-acatar-uso-de-tapaboca\/","article_publisher":"https:\/\/www.facebook.com\/luchonoticiasneiva","article_author":"https:\/\/www.facebook.com\/luchonoticiasneiva","article_published_time":"2022-12-03T11:20:07+00:00","article_modified_time":"2022-12-03T11:20:08+00:00","author":"admin","twitter_card":"summary_large_image","twitter_misc":{"Escrito por":"admin","Tiempo de lectura":"2 minutos"},"schema":{"@context":"https:\/\/schema.org","@graph":[{"@type":"Article","@id":"https:\/\/luchonoticias.com\/editor\/salud-del-huila-recomienda-acatar-uso-de-tapaboca\/#article","isPartOf":{"@id":"https:\/\/luchonoticias.com\/editor\/salud-del-huila-recomienda-acatar-uso-de-tapaboca\/"},"author":{"name":"admin","@id":"https:\/\/luchonoticias.com\/editor\/#\/schema\/person\/7a7fd911f58561fd056dbac7b55af9cd"},"headline":"Salud del Huila recomienda acatar uso de tapaboca","datePublished":"2022-12-03T11:20:07+00:00","dateModified":"2022-12-03T11:20:08+00:00","mainEntityOfPage":{"@id":"https:\/\/luchonoticias.com\/editor\/salud-del-huila-recomienda-acatar-uso-de-tapaboca\/"},"wordCount":326,"commentCount":0,"publisher":{"@id":"https:\/\/luchonoticias.com\/editor\/#\/schema\/person\/7a7fd911f58561fd056dbac7b55af9cd"},"articleSection":["Destacado","Huila"],"inLanguage":"es","potentialAction":[{"@type":"CommentAction","name":"Comment","target":["https:\/\/luchonoticias.com\/editor\/salud-del-huila-recomienda-acatar-uso-de-tapaboca\/#respond"]}]},{"@type":"WebPage","@id":"https:\/\/luchonoticias.com\/editor\/salud-del-huila-recomienda-acatar-uso-de-tapaboca\/","url":"https:\/\/luchonoticias.com\/editor\/salud-del-huila-recomienda-acatar-uso-de-tapaboca\/","name":"Salud del Huila recomienda acatar uso de tapaboca -","isPartOf":{"@id":"https:\/\/luchonoticias.com\/editor\/#website"},"datePublished":"2022-12-03T11:20:07+00:00","dateModified":"2022-12-03T11:20:08+00:00","breadcrumb":{"@id":"https:\/\/luchonoticias.com\/editor\/salud-del-huila-recomienda-acatar-uso-de-tapaboca\/#breadcrumb"},"inLanguage":"es","potentialAction":[{"@type":"ReadAction","target":["https:\/\/luchonoticias.com\/editor\/salud-del-huila-recomienda-acatar-uso-de-tapaboca\/"]}]},{"@type":"BreadcrumbList","@id":"https:\/\/luchonoticias.com\/editor\/salud-del-huila-recomienda-acatar-uso-de-tapaboca\/#breadcrumb","itemListElement":[{"@type":"ListItem","position":1,"name":"Portada","item":"https:\/\/luchonoticias.com\/editor\/"},{"@type":"ListItem","position":2,"name":"Salud del Huila recomienda acatar uso de tapaboca"}]},{"@type":"WebSite","@id":"https:\/\/luchonoticias.com\/editor\/#website","url":"https:\/\/luchonoticias.com\/editor\/","name":"","description":"","publisher":{"@id":"https:\/\/luchonoticias.com\/editor\/#\/schema\/person\/7a7fd911f58561fd056dbac7b55af9cd"},"potentialAction":[{"@type":"SearchAction","target":{"@type":"EntryPoint","urlTemplate":"https:\/\/luchonoticias.com\/editor\/?s={search_term_string}"},"query-input":{"@type":"PropertyValueSpecification","valueRequired":true,"valueName":"search_term_string"}}],"inLanguage":"es"},{"@type":["Person","Organization"],"@id":"https:\/\/luchonoticias.com\/editor\/#\/schema\/person\/7a7fd911f58561fd056dbac7b55af9cd","name":"admin","image":{"@type":"ImageObject","inLanguage":"es","@id":"https:\/\/luchonoticias.com\/editor\/#\/schema\/person\/image\/","url":"https:\/\/luchonoticias.com\/editor\/wp-content\/uploads\/2024\/02\/cropped-cropped-logolu.webp","contentUrl":"https:\/\/luchonoticias.com\/editor\/wp-content\/uploads\/2024\/02\/cropped-cropped-logolu.webp","width":382,"height":170,"caption":"admin"},"logo":{"@id":"https:\/\/luchonoticias.com\/editor\/#\/schema\/person\/image\/"},"sameAs":["https:\/\/www.facebook.com\/luchonoticiasneiva"],"url":"https:\/\/luchonoticias.com\/editor\/author\/admin\/"}]}},"_links":{"self":[{"href":"https:\/\/luchonoticias.com\/editor\/wp-json\/wp\/v2\/posts\/41109","targetHints":{"allow":["GET"]}}],"collection":[{"href":"https:\/\/luchonoticias.com\/editor\/wp-json\/wp\/v2\/posts"}],"about":[{"href":"https:\/\/luchonoticias.com\/editor\/wp-json\/wp\/v2\/types\/post"}],"author":[{"embeddable":true,"href":"https:\/\/luchonoticias.com\/editor\/wp-json\/wp\/v2\/users\/1"}],"replies":[{"embeddable":true,"href":"https:\/\/luchonoticias.com\/editor\/wp-json\/wp\/v2\/comments?post=41109"}],"version-history":[{"count":0,"href":"https:\/\/luchonoticias.com\/editor\/wp-json\/wp\/v2\/posts\/41109\/revisions"}],"wp:attachment":[{"href":"https:\/\/luchonoticias.com\/editor\/wp-json\/wp\/v2\/media?parent=41109"}],"wp:term":[{"taxonomy":"category","embeddable":true,"href":"https:\/\/luchonoticias.com\/editor\/wp-json\/wp\/v2\/categories?post=41109"},{"taxonomy":"post_tag","embeddable":true,"href":"https:\/\/luchonoticias.com\/editor\/wp-json\/wp\/v2\/tags?post=41109"}],"curies":[{"name":"wp","href":"https:\/\/api.w.org\/{rel}","templated":true}]}}