{"id":41127,"date":"2022-12-03T13:57:18","date_gmt":"2022-12-03T18:57:18","guid":{"rendered":"https:\/\/luchonoticias.com\/?p=41127"},"modified":"2022-12-03T13:57:19","modified_gmt":"2022-12-03T18:57:19","slug":"por-concierto-para-delinquir-con-fines-de-conformacion-de-grupos-armados-ilegales-capturado-sujeto-en-neiva","status":"publish","type":"post","link":"https:\/\/luchonoticias.com\/editor\/por-concierto-para-delinquir-con-fines-de-conformacion-de-grupos-armados-ilegales-capturado-sujeto-en-neiva\/","title":{"rendered":"Por concierto para delinquir con fines de conformaci\u00f3n de grupos armados ilegales, capturado sujeto en Neiva."},"content":{"rendered":"\n<p>La Polic\u00eda Metropolitana de Neiva, en desarrollo de planes de vigilancia y control, logra la captura de un hombre requerido judicialmente.<\/p>\n\n\n\n<p>De esta forma, unidades del cuadrante 36 del CAI Circunvalar, logran en la carrera 6 con calle 8 del Centro de la ciudad, la captura de Luis Gerardo Parra Naranjo, \u201cCabez\u00f3n\u201d de 49 a\u00f1os de edad, residente en el municipio de Valpara\u00edso &#8211; Caquet\u00e1, quien verificado su documento de identidad registra orden de captura vigente por el delito de Concierto para Delinquir Agravado con fines de Conformaci\u00f3n de Grupos Armados Ilegales, emanada por un juzgado penal municipal de Florencia &#8211; Caquet\u00e1.<\/p>\n\n\n\n<figure class=\"wp-block-gallery has-nested-images columns-default is-cropped wp-block-gallery-1 is-layout-flex wp-block-gallery-is-layout-flex\">\n<figure class=\"wp-block-image size-large\"><img decoding=\"async\" data-id=\"41129\" src=\"https:\/\/luchonoticias.com\/wp-content\/uploads\/2022\/12\/WhatsApp-Image-2022-12-03-at-11.30.59-AM-1024x637.jpeg\" alt=\"\" class=\"wp-image-41129\"\/><\/figure>\n<\/figure>\n\n\n\n<p>Este individuo, quien presenta sentencia condenatoria de 11 a\u00f1os de prisi\u00f3n, por los delitos de Fabricaci\u00f3n, Tr\u00e1fico, Porte o Tenencia de armas de fuego de uso exclusivo de las fuerzas militares y Hurto Calificado y Agravado,&nbsp; fue dejado a disposici\u00f3n de la autoridad requirente, quien en las pr\u00f3ximas horas definir\u00e1 su situaci\u00f3n judicial.<\/p>\n\n\n\n<p>Continuamos siendo contundentes contra el delito, logrando la captura de importantes actores criminales que pretenden generar zozobra en la comunidad opita.<\/p>\n","protected":false},"excerpt":{"rendered":"<p>La Polic\u00eda Metropolitana de Neiva, en desarrollo de planes de vigilancia y control, logra la captura de un hombre requerido judicialmente. De esta forma, unidades del cuadrante 36 del CAI Circunvalar, logran en la carrera 6 con calle 8 del Centro de la ciudad, la captura de Luis Gerardo Parra Naranjo, \u201cCabez\u00f3n\u201d de 49 a\u00f1os [&hellip;]<\/p>\n","protected":false},"author":1,"featured_media":0,"comment_status":"open","ping_status":"open","sticky":false,"template":"","format":"standard","meta":{"footnotes":""},"categories":[36,29],"tags":[],"class_list":["post-41127","post","type-post","status-publish","format-standard","hentry","category-destacado","category-judicial"],"yoast_head":"<!-- This site is optimized with the Yoast SEO plugin v26.6 - https:\/\/yoast.com\/wordpress\/plugins\/seo\/ -->\n<title>Por concierto para delinquir con fines de conformaci\u00f3n de grupos armados ilegales, capturado sujeto en Neiva. -<\/title>\n<meta name=\"robots\" content=\"index, follow, max-snippet:-1, max-image-preview:large, max-video-preview:-1\" \/>\n<link rel=\"canonical\" href=\"https:\/\/luchonoticias.com\/editor\/por-concierto-para-delinquir-con-fines-de-conformacion-de-grupos-armados-ilegales-capturado-sujeto-en-neiva\/\" \/>\n<meta property=\"og:locale\" content=\"es_ES\" \/>\n<meta property=\"og:type\" content=\"article\" \/>\n<meta property=\"og:title\" content=\"Por concierto para delinquir con fines de conformaci\u00f3n de grupos armados ilegales, capturado sujeto en Neiva. -\" \/>\n<meta property=\"og:url\" content=\"https:\/\/luchonoticias.com\/editor\/por-concierto-para-delinquir-con-fines-de-conformacion-de-grupos-armados-ilegales-capturado-sujeto-en-neiva\/\" \/>\n<meta property=\"article:publisher\" content=\"https:\/\/www.facebook.com\/luchonoticiasneiva\" \/>\n<meta property=\"article:author\" content=\"https:\/\/www.facebook.com\/luchonoticiasneiva\" \/>\n<meta property=\"article:published_time\" content=\"2022-12-03T18:57:18+00:00\" \/>\n<meta property=\"article:modified_time\" content=\"2022-12-03T18:57:19+00:00\" \/>\n<meta property=\"og:image\" content=\"https:\/\/luchonoticias.com\/wp-content\/uploads\/2022\/12\/WhatsApp-Image-2022-12-03-at-11.30.59-AM-1024x637.jpeg\" \/>\n<meta name=\"author\" content=\"admin\" \/>\n<meta name=\"twitter:card\" content=\"summary_large_image\" \/>\n<meta name=\"twitter:label1\" content=\"Escrito por\" \/>\n\t<meta name=\"twitter:data1\" content=\"admin\" \/>\n\t<meta name=\"twitter:label2\" content=\"Tiempo de lectura\" \/>\n\t<meta name=\"twitter:data2\" content=\"1 minuto\" \/>\n<script type=\"application\/ld+json\" class=\"yoast-schema-graph\">{\"@context\":\"https:\/\/schema.org\",\"@graph\":[{\"@type\":\"Article\",\"@id\":\"https:\/\/luchonoticias.com\/editor\/por-concierto-para-delinquir-con-fines-de-conformacion-de-grupos-armados-ilegales-capturado-sujeto-en-neiva\/#article\",\"isPartOf\":{\"@id\":\"https:\/\/luchonoticias.com\/editor\/por-concierto-para-delinquir-con-fines-de-conformacion-de-grupos-armados-ilegales-capturado-sujeto-en-neiva\/\"},\"author\":{\"name\":\"admin\",\"@id\":\"https:\/\/luchonoticias.com\/editor\/#\/schema\/person\/7a7fd911f58561fd056dbac7b55af9cd\"},\"headline\":\"Por concierto para delinquir con fines de conformaci\u00f3n de grupos armados ilegales, capturado sujeto en Neiva.\",\"datePublished\":\"2022-12-03T18:57:18+00:00\",\"dateModified\":\"2022-12-03T18:57:19+00:00\",\"mainEntityOfPage\":{\"@id\":\"https:\/\/luchonoticias.com\/editor\/por-concierto-para-delinquir-con-fines-de-conformacion-de-grupos-armados-ilegales-capturado-sujeto-en-neiva\/\"},\"wordCount\":201,\"commentCount\":0,\"publisher\":{\"@id\":\"https:\/\/luchonoticias.com\/editor\/#\/schema\/person\/7a7fd911f58561fd056dbac7b55af9cd\"},\"image\":{\"@id\":\"https:\/\/luchonoticias.com\/editor\/por-concierto-para-delinquir-con-fines-de-conformacion-de-grupos-armados-ilegales-capturado-sujeto-en-neiva\/#primaryimage\"},\"thumbnailUrl\":\"https:\/\/luchonoticias.com\/wp-content\/uploads\/2022\/12\/WhatsApp-Image-2022-12-03-at-11.30.59-AM-1024x637.jpeg\",\"articleSection\":[\"Destacado\",\"Judicial\"],\"inLanguage\":\"es\",\"potentialAction\":[{\"@type\":\"CommentAction\",\"name\":\"Comment\",\"target\":[\"https:\/\/luchonoticias.com\/editor\/por-concierto-para-delinquir-con-fines-de-conformacion-de-grupos-armados-ilegales-capturado-sujeto-en-neiva\/#respond\"]}]},{\"@type\":\"WebPage\",\"@id\":\"https:\/\/luchonoticias.com\/editor\/por-concierto-para-delinquir-con-fines-de-conformacion-de-grupos-armados-ilegales-capturado-sujeto-en-neiva\/\",\"url\":\"https:\/\/luchonoticias.com\/editor\/por-concierto-para-delinquir-con-fines-de-conformacion-de-grupos-armados-ilegales-capturado-sujeto-en-neiva\/\",\"name\":\"Por concierto para delinquir con fines de conformaci\u00f3n de grupos armados ilegales, capturado sujeto en Neiva. -\",\"isPartOf\":{\"@id\":\"https:\/\/luchonoticias.com\/editor\/#website\"},\"primaryImageOfPage\":{\"@id\":\"https:\/\/luchonoticias.com\/editor\/por-concierto-para-delinquir-con-fines-de-conformacion-de-grupos-armados-ilegales-capturado-sujeto-en-neiva\/#primaryimage\"},\"image\":{\"@id\":\"https:\/\/luchonoticias.com\/editor\/por-concierto-para-delinquir-con-fines-de-conformacion-de-grupos-armados-ilegales-capturado-sujeto-en-neiva\/#primaryimage\"},\"thumbnailUrl\":\"https:\/\/luchonoticias.com\/wp-content\/uploads\/2022\/12\/WhatsApp-Image-2022-12-03-at-11.30.59-AM-1024x637.jpeg\",\"datePublished\":\"2022-12-03T18:57:18+00:00\",\"dateModified\":\"2022-12-03T18:57:19+00:00\",\"breadcrumb\":{\"@id\":\"https:\/\/luchonoticias.com\/editor\/por-concierto-para-delinquir-con-fines-de-conformacion-de-grupos-armados-ilegales-capturado-sujeto-en-neiva\/#breadcrumb\"},\"inLanguage\":\"es\",\"potentialAction\":[{\"@type\":\"ReadAction\",\"target\":[\"https:\/\/luchonoticias.com\/editor\/por-concierto-para-delinquir-con-fines-de-conformacion-de-grupos-armados-ilegales-capturado-sujeto-en-neiva\/\"]}]},{\"@type\":\"ImageObject\",\"inLanguage\":\"es\",\"@id\":\"https:\/\/luchonoticias.com\/editor\/por-concierto-para-delinquir-con-fines-de-conformacion-de-grupos-armados-ilegales-capturado-sujeto-en-neiva\/#primaryimage\",\"url\":\"https:\/\/luchonoticias.com\/wp-content\/uploads\/2022\/12\/WhatsApp-Image-2022-12-03-at-11.30.59-AM-1024x637.jpeg\",\"contentUrl\":\"https:\/\/luchonoticias.com\/wp-content\/uploads\/2022\/12\/WhatsApp-Image-2022-12-03-at-11.30.59-AM-1024x637.jpeg\"},{\"@type\":\"BreadcrumbList\",\"@id\":\"https:\/\/luchonoticias.com\/editor\/por-concierto-para-delinquir-con-fines-de-conformacion-de-grupos-armados-ilegales-capturado-sujeto-en-neiva\/#breadcrumb\",\"itemListElement\":[{\"@type\":\"ListItem\",\"position\":1,\"name\":\"Portada\",\"item\":\"https:\/\/luchonoticias.com\/editor\/\"},{\"@type\":\"ListItem\",\"position\":2,\"name\":\"Por concierto para delinquir con fines de conformaci\u00f3n de grupos armados ilegales, capturado sujeto en Neiva.\"}]},{\"@type\":\"WebSite\",\"@id\":\"https:\/\/luchonoticias.com\/editor\/#website\",\"url\":\"https:\/\/luchonoticias.com\/editor\/\",\"name\":\"\",\"description\":\"\",\"publisher\":{\"@id\":\"https:\/\/luchonoticias.com\/editor\/#\/schema\/person\/7a7fd911f58561fd056dbac7b55af9cd\"},\"potentialAction\":[{\"@type\":\"SearchAction\",\"target\":{\"@type\":\"EntryPoint\",\"urlTemplate\":\"https:\/\/luchonoticias.com\/editor\/?s={search_term_string}\"},\"query-input\":{\"@type\":\"PropertyValueSpecification\",\"valueRequired\":true,\"valueName\":\"search_term_string\"}}],\"inLanguage\":\"es\"},{\"@type\":[\"Person\",\"Organization\"],\"@id\":\"https:\/\/luchonoticias.com\/editor\/#\/schema\/person\/7a7fd911f58561fd056dbac7b55af9cd\",\"name\":\"admin\",\"image\":{\"@type\":\"ImageObject\",\"inLanguage\":\"es\",\"@id\":\"https:\/\/luchonoticias.com\/editor\/#\/schema\/person\/image\/\",\"url\":\"https:\/\/luchonoticias.com\/editor\/wp-content\/uploads\/2024\/02\/cropped-cropped-logolu.webp\",\"contentUrl\":\"https:\/\/luchonoticias.com\/editor\/wp-content\/uploads\/2024\/02\/cropped-cropped-logolu.webp\",\"width\":382,\"height\":170,\"caption\":\"admin\"},\"logo\":{\"@id\":\"https:\/\/luchonoticias.com\/editor\/#\/schema\/person\/image\/\"},\"sameAs\":[\"https:\/\/www.facebook.com\/luchonoticiasneiva\"],\"url\":\"https:\/\/luchonoticias.com\/editor\/author\/admin\/\"}]}<\/script>\n<!-- \/ Yoast SEO plugin. -->","yoast_head_json":{"title":"Por concierto para delinquir con fines de conformaci\u00f3n de grupos armados ilegales, capturado sujeto en Neiva. -","robots":{"index":"index","follow":"follow","max-snippet":"max-snippet:-1","max-image-preview":"max-image-preview:large","max-video-preview":"max-video-preview:-1"},"canonical":"https:\/\/luchonoticias.com\/editor\/por-concierto-para-delinquir-con-fines-de-conformacion-de-grupos-armados-ilegales-capturado-sujeto-en-neiva\/","og_locale":"es_ES","og_type":"article","og_title":"Por concierto para delinquir con fines de conformaci\u00f3n de grupos armados ilegales, capturado sujeto en Neiva. -","og_url":"https:\/\/luchonoticias.com\/editor\/por-concierto-para-delinquir-con-fines-de-conformacion-de-grupos-armados-ilegales-capturado-sujeto-en-neiva\/","article_publisher":"https:\/\/www.facebook.com\/luchonoticiasneiva","article_author":"https:\/\/www.facebook.com\/luchonoticiasneiva","article_published_time":"2022-12-03T18:57:18+00:00","article_modified_time":"2022-12-03T18:57:19+00:00","og_image":[{"url":"https:\/\/luchonoticias.com\/wp-content\/uploads\/2022\/12\/WhatsApp-Image-2022-12-03-at-11.30.59-AM-1024x637.jpeg","type":"","width":"","height":""}],"author":"admin","twitter_card":"summary_large_image","twitter_misc":{"Escrito por":"admin","Tiempo de lectura":"1 minuto"},"schema":{"@context":"https:\/\/schema.org","@graph":[{"@type":"Article","@id":"https:\/\/luchonoticias.com\/editor\/por-concierto-para-delinquir-con-fines-de-conformacion-de-grupos-armados-ilegales-capturado-sujeto-en-neiva\/#article","isPartOf":{"@id":"https:\/\/luchonoticias.com\/editor\/por-concierto-para-delinquir-con-fines-de-conformacion-de-grupos-armados-ilegales-capturado-sujeto-en-neiva\/"},"author":{"name":"admin","@id":"https:\/\/luchonoticias.com\/editor\/#\/schema\/person\/7a7fd911f58561fd056dbac7b55af9cd"},"headline":"Por concierto para delinquir con fines de conformaci\u00f3n de grupos armados ilegales, capturado sujeto en Neiva.","datePublished":"2022-12-03T18:57:18+00:00","dateModified":"2022-12-03T18:57:19+00:00","mainEntityOfPage":{"@id":"https:\/\/luchonoticias.com\/editor\/por-concierto-para-delinquir-con-fines-de-conformacion-de-grupos-armados-ilegales-capturado-sujeto-en-neiva\/"},"wordCount":201,"commentCount":0,"publisher":{"@id":"https:\/\/luchonoticias.com\/editor\/#\/schema\/person\/7a7fd911f58561fd056dbac7b55af9cd"},"image":{"@id":"https:\/\/luchonoticias.com\/editor\/por-concierto-para-delinquir-con-fines-de-conformacion-de-grupos-armados-ilegales-capturado-sujeto-en-neiva\/#primaryimage"},"thumbnailUrl":"https:\/\/luchonoticias.com\/wp-content\/uploads\/2022\/12\/WhatsApp-Image-2022-12-03-at-11.30.59-AM-1024x637.jpeg","articleSection":["Destacado","Judicial"],"inLanguage":"es","potentialAction":[{"@type":"CommentAction","name":"Comment","target":["https:\/\/luchonoticias.com\/editor\/por-concierto-para-delinquir-con-fines-de-conformacion-de-grupos-armados-ilegales-capturado-sujeto-en-neiva\/#respond"]}]},{"@type":"WebPage","@id":"https:\/\/luchonoticias.com\/editor\/por-concierto-para-delinquir-con-fines-de-conformacion-de-grupos-armados-ilegales-capturado-sujeto-en-neiva\/","url":"https:\/\/luchonoticias.com\/editor\/por-concierto-para-delinquir-con-fines-de-conformacion-de-grupos-armados-ilegales-capturado-sujeto-en-neiva\/","name":"Por concierto para delinquir con fines de conformaci\u00f3n de grupos armados ilegales, capturado sujeto en Neiva. -","isPartOf":{"@id":"https:\/\/luchonoticias.com\/editor\/#website"},"primaryImageOfPage":{"@id":"https:\/\/luchonoticias.com\/editor\/por-concierto-para-delinquir-con-fines-de-conformacion-de-grupos-armados-ilegales-capturado-sujeto-en-neiva\/#primaryimage"},"image":{"@id":"https:\/\/luchonoticias.com\/editor\/por-concierto-para-delinquir-con-fines-de-conformacion-de-grupos-armados-ilegales-capturado-sujeto-en-neiva\/#primaryimage"},"thumbnailUrl":"https:\/\/luchonoticias.com\/wp-content\/uploads\/2022\/12\/WhatsApp-Image-2022-12-03-at-11.30.59-AM-1024x637.jpeg","datePublished":"2022-12-03T18:57:18+00:00","dateModified":"2022-12-03T18:57:19+00:00","breadcrumb":{"@id":"https:\/\/luchonoticias.com\/editor\/por-concierto-para-delinquir-con-fines-de-conformacion-de-grupos-armados-ilegales-capturado-sujeto-en-neiva\/#breadcrumb"},"inLanguage":"es","potentialAction":[{"@type":"ReadAction","target":["https:\/\/luchonoticias.com\/editor\/por-concierto-para-delinquir-con-fines-de-conformacion-de-grupos-armados-ilegales-capturado-sujeto-en-neiva\/"]}]},{"@type":"ImageObject","inLanguage":"es","@id":"https:\/\/luchonoticias.com\/editor\/por-concierto-para-delinquir-con-fines-de-conformacion-de-grupos-armados-ilegales-capturado-sujeto-en-neiva\/#primaryimage","url":"https:\/\/luchonoticias.com\/wp-content\/uploads\/2022\/12\/WhatsApp-Image-2022-12-03-at-11.30.59-AM-1024x637.jpeg","contentUrl":"https:\/\/luchonoticias.com\/wp-content\/uploads\/2022\/12\/WhatsApp-Image-2022-12-03-at-11.30.59-AM-1024x637.jpeg"},{"@type":"BreadcrumbList","@id":"https:\/\/luchonoticias.com\/editor\/por-concierto-para-delinquir-con-fines-de-conformacion-de-grupos-armados-ilegales-capturado-sujeto-en-neiva\/#breadcrumb","itemListElement":[{"@type":"ListItem","position":1,"name":"Portada","item":"https:\/\/luchonoticias.com\/editor\/"},{"@type":"ListItem","position":2,"name":"Por concierto para delinquir con fines de conformaci\u00f3n de grupos armados ilegales, capturado sujeto en Neiva."}]},{"@type":"WebSite","@id":"https:\/\/luchonoticias.com\/editor\/#website","url":"https:\/\/luchonoticias.com\/editor\/","name":"","description":"","publisher":{"@id":"https:\/\/luchonoticias.com\/editor\/#\/schema\/person\/7a7fd911f58561fd056dbac7b55af9cd"},"potentialAction":[{"@type":"SearchAction","target":{"@type":"EntryPoint","urlTemplate":"https:\/\/luchonoticias.com\/editor\/?s={search_term_string}"},"query-input":{"@type":"PropertyValueSpecification","valueRequired":true,"valueName":"search_term_string"}}],"inLanguage":"es"},{"@type":["Person","Organization"],"@id":"https:\/\/luchonoticias.com\/editor\/#\/schema\/person\/7a7fd911f58561fd056dbac7b55af9cd","name":"admin","image":{"@type":"ImageObject","inLanguage":"es","@id":"https:\/\/luchonoticias.com\/editor\/#\/schema\/person\/image\/","url":"https:\/\/luchonoticias.com\/editor\/wp-content\/uploads\/2024\/02\/cropped-cropped-logolu.webp","contentUrl":"https:\/\/luchonoticias.com\/editor\/wp-content\/uploads\/2024\/02\/cropped-cropped-logolu.webp","width":382,"height":170,"caption":"admin"},"logo":{"@id":"https:\/\/luchonoticias.com\/editor\/#\/schema\/person\/image\/"},"sameAs":["https:\/\/www.facebook.com\/luchonoticiasneiva"],"url":"https:\/\/luchonoticias.com\/editor\/author\/admin\/"}]}},"_links":{"self":[{"href":"https:\/\/luchonoticias.com\/editor\/wp-json\/wp\/v2\/posts\/41127","targetHints":{"allow":["GET"]}}],"collection":[{"href":"https:\/\/luchonoticias.com\/editor\/wp-json\/wp\/v2\/posts"}],"about":[{"href":"https:\/\/luchonoticias.com\/editor\/wp-json\/wp\/v2\/types\/post"}],"author":[{"embeddable":true,"href":"https:\/\/luchonoticias.com\/editor\/wp-json\/wp\/v2\/users\/1"}],"replies":[{"embeddable":true,"href":"https:\/\/luchonoticias.com\/editor\/wp-json\/wp\/v2\/comments?post=41127"}],"version-history":[{"count":0,"href":"https:\/\/luchonoticias.com\/editor\/wp-json\/wp\/v2\/posts\/41127\/revisions"}],"wp:attachment":[{"href":"https:\/\/luchonoticias.com\/editor\/wp-json\/wp\/v2\/media?parent=41127"}],"wp:term":[{"taxonomy":"category","embeddable":true,"href":"https:\/\/luchonoticias.com\/editor\/wp-json\/wp\/v2\/categories?post=41127"},{"taxonomy":"post_tag","embeddable":true,"href":"https:\/\/luchonoticias.com\/editor\/wp-json\/wp\/v2\/tags?post=41127"}],"curies":[{"name":"wp","href":"https:\/\/api.w.org\/{rel}","templated":true}]}}