{"id":41131,"date":"2022-12-03T13:58:49","date_gmt":"2022-12-03T18:58:49","guid":{"rendered":"https:\/\/luchonoticias.com\/?p=41131"},"modified":"2022-12-03T13:58:50","modified_gmt":"2022-12-03T18:58:50","slug":"capturado-sujeto-en-flagrancia-por-el-delito-de-hurto-en-neiva","status":"publish","type":"post","link":"https:\/\/luchonoticias.com\/editor\/capturado-sujeto-en-flagrancia-por-el-delito-de-hurto-en-neiva\/","title":{"rendered":"Capturado sujeto en flagrancia por el delito de hurto en Neiva"},"content":{"rendered":"\n<p>La Polic\u00eda Nacional en desarrollo de los diferentes planes operativos, en las \u00faltimas horas logr\u00f3 la captura en flagrancia de una persona por el delito de hurto.<\/p>\n\n\n\n<p>De esta forma, uniformados de la UNIPOL, cuando realizaban labores de patrullaje en el barrio Los M\u00e1rtires de la comuna 06, lograron detener a una hombre, quien presuntamente,&nbsp; momentos antes, hurto un celular avaluado en 799.0000 una mujer de 18 a\u00f1os de edad.<\/p>\n\n\n\n<p>Es as\u00ed como al practicarle un registro preventivo, se le encuentra en su poder un equipo celular.<\/p>\n\n\n\n<p>La persona capturada que responde al nombre de Yureirder Yara Quilindo, de 19 a\u00f1os de edad residente en la comuna 6,&nbsp; fue dejado<\/p>\n\n\n\n<p>&nbsp;a disposici\u00f3n de autoridad competente por el delito de Hurto, donde un juez de control de garant\u00edas determinar\u00e1 su situaci\u00f3n jur\u00eddica.<\/p>\n\n\n\n<p>El celular&nbsp; recuperado fue entregado a su propietaria una vez adelantado el proceso de judicializaci\u00f3n del capturado.<\/p>\n\n\n\n<p>La Polic\u00eda Nacional contin\u00faa entregando importantes resultados en favor de la seguridad, por lo tanto invita a la ciudadan\u00eda para que denuncie cualquier situaci\u00f3n a trav\u00e9s de la l\u00ednea de emergencia 123 o con la patrulla del cuadrante m\u00e1s cercano.<\/p>\n","protected":false},"excerpt":{"rendered":"<p>La Polic\u00eda Nacional en desarrollo de los diferentes planes operativos, en las \u00faltimas horas logr\u00f3 la captura en flagrancia de una persona por el delito de hurto. De esta forma, uniformados de la UNIPOL, cuando realizaban labores de patrullaje en el barrio Los M\u00e1rtires de la comuna 06, lograron detener a una hombre, quien presuntamente,&nbsp; [&hellip;]<\/p>\n","protected":false},"author":1,"featured_media":0,"comment_status":"open","ping_status":"open","sticky":false,"template":"","format":"standard","meta":{"footnotes":""},"categories":[36,29],"tags":[],"class_list":["post-41131","post","type-post","status-publish","format-standard","hentry","category-destacado","category-judicial"],"yoast_head":"<!-- This site is optimized with the Yoast SEO plugin v26.6 - https:\/\/yoast.com\/wordpress\/plugins\/seo\/ -->\n<title>Capturado sujeto en flagrancia por el delito de hurto en Neiva -<\/title>\n<meta name=\"robots\" content=\"index, follow, max-snippet:-1, max-image-preview:large, max-video-preview:-1\" \/>\n<link rel=\"canonical\" href=\"https:\/\/luchonoticias.com\/editor\/capturado-sujeto-en-flagrancia-por-el-delito-de-hurto-en-neiva\/\" \/>\n<meta property=\"og:locale\" content=\"es_ES\" \/>\n<meta property=\"og:type\" content=\"article\" \/>\n<meta property=\"og:title\" content=\"Capturado sujeto en flagrancia por el delito de hurto en Neiva -\" \/>\n<meta property=\"og:url\" content=\"https:\/\/luchonoticias.com\/editor\/capturado-sujeto-en-flagrancia-por-el-delito-de-hurto-en-neiva\/\" \/>\n<meta property=\"article:publisher\" content=\"https:\/\/www.facebook.com\/luchonoticiasneiva\" \/>\n<meta property=\"article:author\" content=\"https:\/\/www.facebook.com\/luchonoticiasneiva\" \/>\n<meta property=\"article:published_time\" content=\"2022-12-03T18:58:49+00:00\" \/>\n<meta property=\"article:modified_time\" content=\"2022-12-03T18:58:50+00:00\" \/>\n<meta name=\"author\" content=\"admin\" \/>\n<meta name=\"twitter:card\" content=\"summary_large_image\" \/>\n<meta name=\"twitter:label1\" content=\"Escrito por\" \/>\n\t<meta name=\"twitter:data1\" content=\"admin\" \/>\n\t<meta name=\"twitter:label2\" content=\"Tiempo de lectura\" \/>\n\t<meta name=\"twitter:data2\" content=\"1 minuto\" \/>\n<script type=\"application\/ld+json\" class=\"yoast-schema-graph\">{\"@context\":\"https:\/\/schema.org\",\"@graph\":[{\"@type\":\"Article\",\"@id\":\"https:\/\/luchonoticias.com\/editor\/capturado-sujeto-en-flagrancia-por-el-delito-de-hurto-en-neiva\/#article\",\"isPartOf\":{\"@id\":\"https:\/\/luchonoticias.com\/editor\/capturado-sujeto-en-flagrancia-por-el-delito-de-hurto-en-neiva\/\"},\"author\":{\"name\":\"admin\",\"@id\":\"https:\/\/luchonoticias.com\/editor\/#\/schema\/person\/7a7fd911f58561fd056dbac7b55af9cd\"},\"headline\":\"Capturado sujeto en flagrancia por el delito de hurto en Neiva\",\"datePublished\":\"2022-12-03T18:58:49+00:00\",\"dateModified\":\"2022-12-03T18:58:50+00:00\",\"mainEntityOfPage\":{\"@id\":\"https:\/\/luchonoticias.com\/editor\/capturado-sujeto-en-flagrancia-por-el-delito-de-hurto-en-neiva\/\"},\"wordCount\":213,\"commentCount\":0,\"publisher\":{\"@id\":\"https:\/\/luchonoticias.com\/editor\/#\/schema\/person\/7a7fd911f58561fd056dbac7b55af9cd\"},\"articleSection\":[\"Destacado\",\"Judicial\"],\"inLanguage\":\"es\",\"potentialAction\":[{\"@type\":\"CommentAction\",\"name\":\"Comment\",\"target\":[\"https:\/\/luchonoticias.com\/editor\/capturado-sujeto-en-flagrancia-por-el-delito-de-hurto-en-neiva\/#respond\"]}]},{\"@type\":\"WebPage\",\"@id\":\"https:\/\/luchonoticias.com\/editor\/capturado-sujeto-en-flagrancia-por-el-delito-de-hurto-en-neiva\/\",\"url\":\"https:\/\/luchonoticias.com\/editor\/capturado-sujeto-en-flagrancia-por-el-delito-de-hurto-en-neiva\/\",\"name\":\"Capturado sujeto en flagrancia por el delito de hurto en Neiva -\",\"isPartOf\":{\"@id\":\"https:\/\/luchonoticias.com\/editor\/#website\"},\"datePublished\":\"2022-12-03T18:58:49+00:00\",\"dateModified\":\"2022-12-03T18:58:50+00:00\",\"breadcrumb\":{\"@id\":\"https:\/\/luchonoticias.com\/editor\/capturado-sujeto-en-flagrancia-por-el-delito-de-hurto-en-neiva\/#breadcrumb\"},\"inLanguage\":\"es\",\"potentialAction\":[{\"@type\":\"ReadAction\",\"target\":[\"https:\/\/luchonoticias.com\/editor\/capturado-sujeto-en-flagrancia-por-el-delito-de-hurto-en-neiva\/\"]}]},{\"@type\":\"BreadcrumbList\",\"@id\":\"https:\/\/luchonoticias.com\/editor\/capturado-sujeto-en-flagrancia-por-el-delito-de-hurto-en-neiva\/#breadcrumb\",\"itemListElement\":[{\"@type\":\"ListItem\",\"position\":1,\"name\":\"Portada\",\"item\":\"https:\/\/luchonoticias.com\/editor\/\"},{\"@type\":\"ListItem\",\"position\":2,\"name\":\"Capturado sujeto en flagrancia por el delito de hurto en Neiva\"}]},{\"@type\":\"WebSite\",\"@id\":\"https:\/\/luchonoticias.com\/editor\/#website\",\"url\":\"https:\/\/luchonoticias.com\/editor\/\",\"name\":\"\",\"description\":\"\",\"publisher\":{\"@id\":\"https:\/\/luchonoticias.com\/editor\/#\/schema\/person\/7a7fd911f58561fd056dbac7b55af9cd\"},\"potentialAction\":[{\"@type\":\"SearchAction\",\"target\":{\"@type\":\"EntryPoint\",\"urlTemplate\":\"https:\/\/luchonoticias.com\/editor\/?s={search_term_string}\"},\"query-input\":{\"@type\":\"PropertyValueSpecification\",\"valueRequired\":true,\"valueName\":\"search_term_string\"}}],\"inLanguage\":\"es\"},{\"@type\":[\"Person\",\"Organization\"],\"@id\":\"https:\/\/luchonoticias.com\/editor\/#\/schema\/person\/7a7fd911f58561fd056dbac7b55af9cd\",\"name\":\"admin\",\"image\":{\"@type\":\"ImageObject\",\"inLanguage\":\"es\",\"@id\":\"https:\/\/luchonoticias.com\/editor\/#\/schema\/person\/image\/\",\"url\":\"https:\/\/luchonoticias.com\/editor\/wp-content\/uploads\/2024\/02\/cropped-cropped-logolu.webp\",\"contentUrl\":\"https:\/\/luchonoticias.com\/editor\/wp-content\/uploads\/2024\/02\/cropped-cropped-logolu.webp\",\"width\":382,\"height\":170,\"caption\":\"admin\"},\"logo\":{\"@id\":\"https:\/\/luchonoticias.com\/editor\/#\/schema\/person\/image\/\"},\"sameAs\":[\"https:\/\/www.facebook.com\/luchonoticiasneiva\"],\"url\":\"https:\/\/luchonoticias.com\/editor\/author\/admin\/\"}]}<\/script>\n<!-- \/ Yoast SEO plugin. -->","yoast_head_json":{"title":"Capturado sujeto en flagrancia por el delito de hurto en Neiva -","robots":{"index":"index","follow":"follow","max-snippet":"max-snippet:-1","max-image-preview":"max-image-preview:large","max-video-preview":"max-video-preview:-1"},"canonical":"https:\/\/luchonoticias.com\/editor\/capturado-sujeto-en-flagrancia-por-el-delito-de-hurto-en-neiva\/","og_locale":"es_ES","og_type":"article","og_title":"Capturado sujeto en flagrancia por el delito de hurto en Neiva -","og_url":"https:\/\/luchonoticias.com\/editor\/capturado-sujeto-en-flagrancia-por-el-delito-de-hurto-en-neiva\/","article_publisher":"https:\/\/www.facebook.com\/luchonoticiasneiva","article_author":"https:\/\/www.facebook.com\/luchonoticiasneiva","article_published_time":"2022-12-03T18:58:49+00:00","article_modified_time":"2022-12-03T18:58:50+00:00","author":"admin","twitter_card":"summary_large_image","twitter_misc":{"Escrito por":"admin","Tiempo de lectura":"1 minuto"},"schema":{"@context":"https:\/\/schema.org","@graph":[{"@type":"Article","@id":"https:\/\/luchonoticias.com\/editor\/capturado-sujeto-en-flagrancia-por-el-delito-de-hurto-en-neiva\/#article","isPartOf":{"@id":"https:\/\/luchonoticias.com\/editor\/capturado-sujeto-en-flagrancia-por-el-delito-de-hurto-en-neiva\/"},"author":{"name":"admin","@id":"https:\/\/luchonoticias.com\/editor\/#\/schema\/person\/7a7fd911f58561fd056dbac7b55af9cd"},"headline":"Capturado sujeto en flagrancia por el delito de hurto en Neiva","datePublished":"2022-12-03T18:58:49+00:00","dateModified":"2022-12-03T18:58:50+00:00","mainEntityOfPage":{"@id":"https:\/\/luchonoticias.com\/editor\/capturado-sujeto-en-flagrancia-por-el-delito-de-hurto-en-neiva\/"},"wordCount":213,"commentCount":0,"publisher":{"@id":"https:\/\/luchonoticias.com\/editor\/#\/schema\/person\/7a7fd911f58561fd056dbac7b55af9cd"},"articleSection":["Destacado","Judicial"],"inLanguage":"es","potentialAction":[{"@type":"CommentAction","name":"Comment","target":["https:\/\/luchonoticias.com\/editor\/capturado-sujeto-en-flagrancia-por-el-delito-de-hurto-en-neiva\/#respond"]}]},{"@type":"WebPage","@id":"https:\/\/luchonoticias.com\/editor\/capturado-sujeto-en-flagrancia-por-el-delito-de-hurto-en-neiva\/","url":"https:\/\/luchonoticias.com\/editor\/capturado-sujeto-en-flagrancia-por-el-delito-de-hurto-en-neiva\/","name":"Capturado sujeto en flagrancia por el delito de hurto en Neiva -","isPartOf":{"@id":"https:\/\/luchonoticias.com\/editor\/#website"},"datePublished":"2022-12-03T18:58:49+00:00","dateModified":"2022-12-03T18:58:50+00:00","breadcrumb":{"@id":"https:\/\/luchonoticias.com\/editor\/capturado-sujeto-en-flagrancia-por-el-delito-de-hurto-en-neiva\/#breadcrumb"},"inLanguage":"es","potentialAction":[{"@type":"ReadAction","target":["https:\/\/luchonoticias.com\/editor\/capturado-sujeto-en-flagrancia-por-el-delito-de-hurto-en-neiva\/"]}]},{"@type":"BreadcrumbList","@id":"https:\/\/luchonoticias.com\/editor\/capturado-sujeto-en-flagrancia-por-el-delito-de-hurto-en-neiva\/#breadcrumb","itemListElement":[{"@type":"ListItem","position":1,"name":"Portada","item":"https:\/\/luchonoticias.com\/editor\/"},{"@type":"ListItem","position":2,"name":"Capturado sujeto en flagrancia por el delito de hurto en Neiva"}]},{"@type":"WebSite","@id":"https:\/\/luchonoticias.com\/editor\/#website","url":"https:\/\/luchonoticias.com\/editor\/","name":"","description":"","publisher":{"@id":"https:\/\/luchonoticias.com\/editor\/#\/schema\/person\/7a7fd911f58561fd056dbac7b55af9cd"},"potentialAction":[{"@type":"SearchAction","target":{"@type":"EntryPoint","urlTemplate":"https:\/\/luchonoticias.com\/editor\/?s={search_term_string}"},"query-input":{"@type":"PropertyValueSpecification","valueRequired":true,"valueName":"search_term_string"}}],"inLanguage":"es"},{"@type":["Person","Organization"],"@id":"https:\/\/luchonoticias.com\/editor\/#\/schema\/person\/7a7fd911f58561fd056dbac7b55af9cd","name":"admin","image":{"@type":"ImageObject","inLanguage":"es","@id":"https:\/\/luchonoticias.com\/editor\/#\/schema\/person\/image\/","url":"https:\/\/luchonoticias.com\/editor\/wp-content\/uploads\/2024\/02\/cropped-cropped-logolu.webp","contentUrl":"https:\/\/luchonoticias.com\/editor\/wp-content\/uploads\/2024\/02\/cropped-cropped-logolu.webp","width":382,"height":170,"caption":"admin"},"logo":{"@id":"https:\/\/luchonoticias.com\/editor\/#\/schema\/person\/image\/"},"sameAs":["https:\/\/www.facebook.com\/luchonoticiasneiva"],"url":"https:\/\/luchonoticias.com\/editor\/author\/admin\/"}]}},"_links":{"self":[{"href":"https:\/\/luchonoticias.com\/editor\/wp-json\/wp\/v2\/posts\/41131","targetHints":{"allow":["GET"]}}],"collection":[{"href":"https:\/\/luchonoticias.com\/editor\/wp-json\/wp\/v2\/posts"}],"about":[{"href":"https:\/\/luchonoticias.com\/editor\/wp-json\/wp\/v2\/types\/post"}],"author":[{"embeddable":true,"href":"https:\/\/luchonoticias.com\/editor\/wp-json\/wp\/v2\/users\/1"}],"replies":[{"embeddable":true,"href":"https:\/\/luchonoticias.com\/editor\/wp-json\/wp\/v2\/comments?post=41131"}],"version-history":[{"count":0,"href":"https:\/\/luchonoticias.com\/editor\/wp-json\/wp\/v2\/posts\/41131\/revisions"}],"wp:attachment":[{"href":"https:\/\/luchonoticias.com\/editor\/wp-json\/wp\/v2\/media?parent=41131"}],"wp:term":[{"taxonomy":"category","embeddable":true,"href":"https:\/\/luchonoticias.com\/editor\/wp-json\/wp\/v2\/categories?post=41131"},{"taxonomy":"post_tag","embeddable":true,"href":"https:\/\/luchonoticias.com\/editor\/wp-json\/wp\/v2\/tags?post=41131"}],"curies":[{"name":"wp","href":"https:\/\/api.w.org\/{rel}","templated":true}]}}