{"id":41137,"date":"2022-12-03T14:07:29","date_gmt":"2022-12-03T19:07:29","guid":{"rendered":"https:\/\/luchonoticias.com\/?p=41137"},"modified":"2022-12-03T14:07:31","modified_gmt":"2022-12-03T19:07:31","slug":"pele-no-responde-a-la-quimio-y-pasa-a-cuidados-paliativos","status":"publish","type":"post","link":"https:\/\/luchonoticias.com\/editor\/pele-no-responde-a-la-quimio-y-pasa-a-cuidados-paliativos\/","title":{"rendered":"Pel\u00e9 no responde a la quimio y pasa a cuidados paliativos"},"content":{"rendered":"\n<p>Pel\u00e9, el m\u00e1s grande de la historia del f\u00fatbol, fue hospitalizado esta semana y aunque \u00e9l mismo trat\u00f3 de tranquilizar a sus seguidores al compartir desde el centro m\u00e9dico una actualizaci\u00f3n alentadora sobre su estado de salud, este s\u00e1bado el diario brasile\u00f1o Folha de S. Paulo public\u00f3 que el exastro de Brasil, de 82 a\u00f1os, est\u00e1 en cuidados paliativos pues ya no responde a la quimioterapia que recibe desde hace m\u00e1s de un a\u00f1o cuando fue operado por un c\u00e1ncer de colon.<\/p>\n\n\n\n<p>La zona de cuidados paliativos tiene el fin de ayudar a las personas con enfermedades graves a sentirse mejor al prevenir o tratar los s\u00edntomas y efectos secundarios de la enfermedad o el tratamiento que est\u00e9n recibiendo.<\/p>\n\n\n\n<p>El caso de Pel\u00e9 es un claro ejemplo y, por eso, se encuentra ahora en esa zona ingresado. Pel\u00e9, quien ayud\u00f3 a Brasil a ganar tres t\u00edtulos de la Copa del Mundo, en 1958, 1962 y 1970, ha sufrido problemas de salud en los \u00faltimos a\u00f1os, pero se ha mantenido activo en las redes sociales.<\/p>\n","protected":false},"excerpt":{"rendered":"<p>Pel\u00e9, el m\u00e1s grande de la historia del f\u00fatbol, fue hospitalizado esta semana y aunque \u00e9l mismo trat\u00f3 de tranquilizar a sus seguidores al compartir desde el centro m\u00e9dico una actualizaci\u00f3n alentadora sobre su estado de salud, este s\u00e1bado el diario brasile\u00f1o Folha de S. Paulo public\u00f3 que el exastro de Brasil, de 82 a\u00f1os, [&hellip;]<\/p>\n","protected":false},"author":1,"featured_media":0,"comment_status":"open","ping_status":"open","sticky":false,"template":"","format":"standard","meta":{"footnotes":""},"categories":[28,36],"tags":[],"class_list":["post-41137","post","type-post","status-publish","format-standard","hentry","category-actualidad","category-destacado"],"yoast_head":"<!-- This site is optimized with the Yoast SEO plugin v26.6 - https:\/\/yoast.com\/wordpress\/plugins\/seo\/ -->\n<title>Pel\u00e9 no responde a la quimio y pasa a cuidados paliativos -<\/title>\n<meta name=\"robots\" content=\"index, follow, max-snippet:-1, max-image-preview:large, max-video-preview:-1\" \/>\n<link rel=\"canonical\" href=\"https:\/\/luchonoticias.com\/editor\/pele-no-responde-a-la-quimio-y-pasa-a-cuidados-paliativos\/\" \/>\n<meta property=\"og:locale\" content=\"es_ES\" \/>\n<meta property=\"og:type\" content=\"article\" \/>\n<meta property=\"og:title\" content=\"Pel\u00e9 no responde a la quimio y pasa a cuidados paliativos -\" \/>\n<meta property=\"og:url\" content=\"https:\/\/luchonoticias.com\/editor\/pele-no-responde-a-la-quimio-y-pasa-a-cuidados-paliativos\/\" \/>\n<meta property=\"article:publisher\" content=\"https:\/\/www.facebook.com\/luchonoticiasneiva\" \/>\n<meta property=\"article:author\" content=\"https:\/\/www.facebook.com\/luchonoticiasneiva\" \/>\n<meta property=\"article:published_time\" content=\"2022-12-03T19:07:29+00:00\" \/>\n<meta property=\"article:modified_time\" content=\"2022-12-03T19:07:31+00:00\" \/>\n<meta name=\"author\" content=\"admin\" \/>\n<meta name=\"twitter:card\" content=\"summary_large_image\" \/>\n<meta name=\"twitter:label1\" content=\"Escrito por\" \/>\n\t<meta name=\"twitter:data1\" content=\"admin\" \/>\n\t<meta name=\"twitter:label2\" content=\"Tiempo de lectura\" \/>\n\t<meta name=\"twitter:data2\" content=\"1 minuto\" \/>\n<script type=\"application\/ld+json\" class=\"yoast-schema-graph\">{\"@context\":\"https:\/\/schema.org\",\"@graph\":[{\"@type\":\"Article\",\"@id\":\"https:\/\/luchonoticias.com\/editor\/pele-no-responde-a-la-quimio-y-pasa-a-cuidados-paliativos\/#article\",\"isPartOf\":{\"@id\":\"https:\/\/luchonoticias.com\/editor\/pele-no-responde-a-la-quimio-y-pasa-a-cuidados-paliativos\/\"},\"author\":{\"name\":\"admin\",\"@id\":\"https:\/\/luchonoticias.com\/editor\/#\/schema\/person\/7a7fd911f58561fd056dbac7b55af9cd\"},\"headline\":\"Pel\u00e9 no responde a la quimio y pasa a cuidados paliativos\",\"datePublished\":\"2022-12-03T19:07:29+00:00\",\"dateModified\":\"2022-12-03T19:07:31+00:00\",\"mainEntityOfPage\":{\"@id\":\"https:\/\/luchonoticias.com\/editor\/pele-no-responde-a-la-quimio-y-pasa-a-cuidados-paliativos\/\"},\"wordCount\":195,\"commentCount\":0,\"publisher\":{\"@id\":\"https:\/\/luchonoticias.com\/editor\/#\/schema\/person\/7a7fd911f58561fd056dbac7b55af9cd\"},\"articleSection\":[\"Actualidad\",\"Destacado\"],\"inLanguage\":\"es\",\"potentialAction\":[{\"@type\":\"CommentAction\",\"name\":\"Comment\",\"target\":[\"https:\/\/luchonoticias.com\/editor\/pele-no-responde-a-la-quimio-y-pasa-a-cuidados-paliativos\/#respond\"]}]},{\"@type\":\"WebPage\",\"@id\":\"https:\/\/luchonoticias.com\/editor\/pele-no-responde-a-la-quimio-y-pasa-a-cuidados-paliativos\/\",\"url\":\"https:\/\/luchonoticias.com\/editor\/pele-no-responde-a-la-quimio-y-pasa-a-cuidados-paliativos\/\",\"name\":\"Pel\u00e9 no responde a la quimio y pasa a cuidados paliativos -\",\"isPartOf\":{\"@id\":\"https:\/\/luchonoticias.com\/editor\/#website\"},\"datePublished\":\"2022-12-03T19:07:29+00:00\",\"dateModified\":\"2022-12-03T19:07:31+00:00\",\"breadcrumb\":{\"@id\":\"https:\/\/luchonoticias.com\/editor\/pele-no-responde-a-la-quimio-y-pasa-a-cuidados-paliativos\/#breadcrumb\"},\"inLanguage\":\"es\",\"potentialAction\":[{\"@type\":\"ReadAction\",\"target\":[\"https:\/\/luchonoticias.com\/editor\/pele-no-responde-a-la-quimio-y-pasa-a-cuidados-paliativos\/\"]}]},{\"@type\":\"BreadcrumbList\",\"@id\":\"https:\/\/luchonoticias.com\/editor\/pele-no-responde-a-la-quimio-y-pasa-a-cuidados-paliativos\/#breadcrumb\",\"itemListElement\":[{\"@type\":\"ListItem\",\"position\":1,\"name\":\"Portada\",\"item\":\"https:\/\/luchonoticias.com\/editor\/\"},{\"@type\":\"ListItem\",\"position\":2,\"name\":\"Pel\u00e9 no responde a la quimio y pasa a cuidados paliativos\"}]},{\"@type\":\"WebSite\",\"@id\":\"https:\/\/luchonoticias.com\/editor\/#website\",\"url\":\"https:\/\/luchonoticias.com\/editor\/\",\"name\":\"\",\"description\":\"\",\"publisher\":{\"@id\":\"https:\/\/luchonoticias.com\/editor\/#\/schema\/person\/7a7fd911f58561fd056dbac7b55af9cd\"},\"potentialAction\":[{\"@type\":\"SearchAction\",\"target\":{\"@type\":\"EntryPoint\",\"urlTemplate\":\"https:\/\/luchonoticias.com\/editor\/?s={search_term_string}\"},\"query-input\":{\"@type\":\"PropertyValueSpecification\",\"valueRequired\":true,\"valueName\":\"search_term_string\"}}],\"inLanguage\":\"es\"},{\"@type\":[\"Person\",\"Organization\"],\"@id\":\"https:\/\/luchonoticias.com\/editor\/#\/schema\/person\/7a7fd911f58561fd056dbac7b55af9cd\",\"name\":\"admin\",\"image\":{\"@type\":\"ImageObject\",\"inLanguage\":\"es\",\"@id\":\"https:\/\/luchonoticias.com\/editor\/#\/schema\/person\/image\/\",\"url\":\"https:\/\/luchonoticias.com\/editor\/wp-content\/uploads\/2024\/02\/cropped-cropped-logolu.webp\",\"contentUrl\":\"https:\/\/luchonoticias.com\/editor\/wp-content\/uploads\/2024\/02\/cropped-cropped-logolu.webp\",\"width\":382,\"height\":170,\"caption\":\"admin\"},\"logo\":{\"@id\":\"https:\/\/luchonoticias.com\/editor\/#\/schema\/person\/image\/\"},\"sameAs\":[\"https:\/\/www.facebook.com\/luchonoticiasneiva\"],\"url\":\"https:\/\/luchonoticias.com\/editor\/author\/admin\/\"}]}<\/script>\n<!-- \/ Yoast SEO plugin. -->","yoast_head_json":{"title":"Pel\u00e9 no responde a la quimio y pasa a cuidados paliativos -","robots":{"index":"index","follow":"follow","max-snippet":"max-snippet:-1","max-image-preview":"max-image-preview:large","max-video-preview":"max-video-preview:-1"},"canonical":"https:\/\/luchonoticias.com\/editor\/pele-no-responde-a-la-quimio-y-pasa-a-cuidados-paliativos\/","og_locale":"es_ES","og_type":"article","og_title":"Pel\u00e9 no responde a la quimio y pasa a cuidados paliativos -","og_url":"https:\/\/luchonoticias.com\/editor\/pele-no-responde-a-la-quimio-y-pasa-a-cuidados-paliativos\/","article_publisher":"https:\/\/www.facebook.com\/luchonoticiasneiva","article_author":"https:\/\/www.facebook.com\/luchonoticiasneiva","article_published_time":"2022-12-03T19:07:29+00:00","article_modified_time":"2022-12-03T19:07:31+00:00","author":"admin","twitter_card":"summary_large_image","twitter_misc":{"Escrito por":"admin","Tiempo de lectura":"1 minuto"},"schema":{"@context":"https:\/\/schema.org","@graph":[{"@type":"Article","@id":"https:\/\/luchonoticias.com\/editor\/pele-no-responde-a-la-quimio-y-pasa-a-cuidados-paliativos\/#article","isPartOf":{"@id":"https:\/\/luchonoticias.com\/editor\/pele-no-responde-a-la-quimio-y-pasa-a-cuidados-paliativos\/"},"author":{"name":"admin","@id":"https:\/\/luchonoticias.com\/editor\/#\/schema\/person\/7a7fd911f58561fd056dbac7b55af9cd"},"headline":"Pel\u00e9 no responde a la quimio y pasa a cuidados paliativos","datePublished":"2022-12-03T19:07:29+00:00","dateModified":"2022-12-03T19:07:31+00:00","mainEntityOfPage":{"@id":"https:\/\/luchonoticias.com\/editor\/pele-no-responde-a-la-quimio-y-pasa-a-cuidados-paliativos\/"},"wordCount":195,"commentCount":0,"publisher":{"@id":"https:\/\/luchonoticias.com\/editor\/#\/schema\/person\/7a7fd911f58561fd056dbac7b55af9cd"},"articleSection":["Actualidad","Destacado"],"inLanguage":"es","potentialAction":[{"@type":"CommentAction","name":"Comment","target":["https:\/\/luchonoticias.com\/editor\/pele-no-responde-a-la-quimio-y-pasa-a-cuidados-paliativos\/#respond"]}]},{"@type":"WebPage","@id":"https:\/\/luchonoticias.com\/editor\/pele-no-responde-a-la-quimio-y-pasa-a-cuidados-paliativos\/","url":"https:\/\/luchonoticias.com\/editor\/pele-no-responde-a-la-quimio-y-pasa-a-cuidados-paliativos\/","name":"Pel\u00e9 no responde a la quimio y pasa a cuidados paliativos -","isPartOf":{"@id":"https:\/\/luchonoticias.com\/editor\/#website"},"datePublished":"2022-12-03T19:07:29+00:00","dateModified":"2022-12-03T19:07:31+00:00","breadcrumb":{"@id":"https:\/\/luchonoticias.com\/editor\/pele-no-responde-a-la-quimio-y-pasa-a-cuidados-paliativos\/#breadcrumb"},"inLanguage":"es","potentialAction":[{"@type":"ReadAction","target":["https:\/\/luchonoticias.com\/editor\/pele-no-responde-a-la-quimio-y-pasa-a-cuidados-paliativos\/"]}]},{"@type":"BreadcrumbList","@id":"https:\/\/luchonoticias.com\/editor\/pele-no-responde-a-la-quimio-y-pasa-a-cuidados-paliativos\/#breadcrumb","itemListElement":[{"@type":"ListItem","position":1,"name":"Portada","item":"https:\/\/luchonoticias.com\/editor\/"},{"@type":"ListItem","position":2,"name":"Pel\u00e9 no responde a la quimio y pasa a cuidados paliativos"}]},{"@type":"WebSite","@id":"https:\/\/luchonoticias.com\/editor\/#website","url":"https:\/\/luchonoticias.com\/editor\/","name":"","description":"","publisher":{"@id":"https:\/\/luchonoticias.com\/editor\/#\/schema\/person\/7a7fd911f58561fd056dbac7b55af9cd"},"potentialAction":[{"@type":"SearchAction","target":{"@type":"EntryPoint","urlTemplate":"https:\/\/luchonoticias.com\/editor\/?s={search_term_string}"},"query-input":{"@type":"PropertyValueSpecification","valueRequired":true,"valueName":"search_term_string"}}],"inLanguage":"es"},{"@type":["Person","Organization"],"@id":"https:\/\/luchonoticias.com\/editor\/#\/schema\/person\/7a7fd911f58561fd056dbac7b55af9cd","name":"admin","image":{"@type":"ImageObject","inLanguage":"es","@id":"https:\/\/luchonoticias.com\/editor\/#\/schema\/person\/image\/","url":"https:\/\/luchonoticias.com\/editor\/wp-content\/uploads\/2024\/02\/cropped-cropped-logolu.webp","contentUrl":"https:\/\/luchonoticias.com\/editor\/wp-content\/uploads\/2024\/02\/cropped-cropped-logolu.webp","width":382,"height":170,"caption":"admin"},"logo":{"@id":"https:\/\/luchonoticias.com\/editor\/#\/schema\/person\/image\/"},"sameAs":["https:\/\/www.facebook.com\/luchonoticiasneiva"],"url":"https:\/\/luchonoticias.com\/editor\/author\/admin\/"}]}},"_links":{"self":[{"href":"https:\/\/luchonoticias.com\/editor\/wp-json\/wp\/v2\/posts\/41137","targetHints":{"allow":["GET"]}}],"collection":[{"href":"https:\/\/luchonoticias.com\/editor\/wp-json\/wp\/v2\/posts"}],"about":[{"href":"https:\/\/luchonoticias.com\/editor\/wp-json\/wp\/v2\/types\/post"}],"author":[{"embeddable":true,"href":"https:\/\/luchonoticias.com\/editor\/wp-json\/wp\/v2\/users\/1"}],"replies":[{"embeddable":true,"href":"https:\/\/luchonoticias.com\/editor\/wp-json\/wp\/v2\/comments?post=41137"}],"version-history":[{"count":0,"href":"https:\/\/luchonoticias.com\/editor\/wp-json\/wp\/v2\/posts\/41137\/revisions"}],"wp:attachment":[{"href":"https:\/\/luchonoticias.com\/editor\/wp-json\/wp\/v2\/media?parent=41137"}],"wp:term":[{"taxonomy":"category","embeddable":true,"href":"https:\/\/luchonoticias.com\/editor\/wp-json\/wp\/v2\/categories?post=41137"},{"taxonomy":"post_tag","embeddable":true,"href":"https:\/\/luchonoticias.com\/editor\/wp-json\/wp\/v2\/tags?post=41137"}],"curies":[{"name":"wp","href":"https:\/\/api.w.org\/{rel}","templated":true}]}}