{"id":41140,"date":"2022-12-03T14:10:46","date_gmt":"2022-12-03T19:10:46","guid":{"rendered":"https:\/\/luchonoticias.com\/?p=41140"},"modified":"2022-12-03T14:10:47","modified_gmt":"2022-12-03T19:10:47","slug":"vamos-a-comenzar-una-reforma-agraria-de-manera-pacifica-presidente-petro","status":"publish","type":"post","link":"https:\/\/luchonoticias.com\/editor\/vamos-a-comenzar-una-reforma-agraria-de-manera-pacifica-presidente-petro\/","title":{"rendered":"Vamos a comenzar una reforma agraria de manera pac\u00edfica: Presidente Petro"},"content":{"rendered":"\n<p>Al intervenir en la Primera Convenci\u00f3n Nacional Campesina, que sesion\u00f3 este viernes en la Universidad Nacional en Bogot\u00e1, el Presidente Gustavo Petro anunci\u00f3 que su Gobierno se apresta a iniciar, en las pr\u00f3ximas semanas, una reforma agraria, de manera pac\u00edfica y sin despojar a los ind\u00edgenas de sus tierras.<\/p>\n\n\n\n<p>\u201cComenzar la reforma agraria, de manera pac\u00edfica, he ah\u00ed el reto\u201d, dijo el Mandatario y afirm\u00f3 que \u201clos pa\u00edses se han industrializado all\u00ed donde han repartido democr\u00e1ticamente la tierra\u201d.<\/p>\n\n\n\n<p>En tal sentido, consider\u00f3 que \u201cesa no ha sido una consigna comunista, como ahora dir\u00e1n\u201d, sino que \u201crepartir democr\u00e1ticamente la tierra para industrializar un pa\u00eds es el principio de la sociedad capitalista\u201d.<\/p>\n\n\n\n<p>Sostuvo que \u201ceso ni siquiera se ha hecho en Colombia\u201d, ya que \u201cen Colombia nos han querido mantener en el feudalismo\u201d, en \u201cuna exclusi\u00f3n de las mayor\u00edas nacionales, de las cuales hace parte el campesinado colombiano\u201d.<\/p>\n\n\n\n<p>\u201cNosotros queremos comenzar a hacer una reforma agraria, y por las buenas, sin quitarle la cabeza al Rey, sin robarles la tierra a los ind\u00edgenas, sin estatizar la tierra, como hicieron en China o en la Uni\u00f3n Sovi\u00e9tica\u201d.<\/p>\n\n\n\n<p>El Mandatario explic\u00f3 que el objetivo de su administraci\u00f3n es, como ocurri\u00f3 en Jap\u00f3n o Corea del Sur, comprar la tierra, incluso a un precio comercial.<\/p>\n\n\n\n<p>\u201cEse Estado que hemos recibido tiene, en el corto plazo, en cuesti\u00f3n de semanas, que prepararse para comprar grandes cantidades de tierra f\u00e9rtil y tiene que combinar esa actividad con el cr\u00e9dito del Banco Agrario, al cual hay que convertir, tambi\u00e9n de manera r\u00e1pida, en el primer banco de Colombia\u201d, resalt\u00f3.<\/p>\n\n\n\n<p>Respecto al Banco Agrario, el Jefe de Estado adem\u00e1s subray\u00f3 que \u201cno se puede priorizar la producci\u00f3n de alimentos y su industrializaci\u00f3n si no hay una palanca financiera\u201d, que apoye al campesinado.<\/p>\n\n\n\n<p>Adem\u00e1s, indic\u00f3 que se busca impulsar la compra de cosechas, para que los campesinos y campesinas no est\u00e9n supeditados a las especulaciones de precios, sino que el Estado adquiera los productos y los lleve especialmente a los sitios donde hay hambre.<\/p>\n\n\n\n<p>Igualmente, el Presidente hizo hincapi\u00e9 en que la reforma agraria beneficie, a trav\u00e9s de la pol\u00edtica de titulaci\u00f3n, a las mujeres que viven en las zonas rurales, las cuales prioritariamente tambi\u00e9n deben ser due\u00f1as de la tierra.<\/p>\n\n\n\n<p>\u201cLa reforma agraria necesita de ustedes\u201d, les dijo el Presidente Petro a los representantes de las organizaciones participantes en la Convenci\u00f3n Agraria, al considerar que es preciso \u201chacer sentir la voz campesina en la sociedad colombiana\u201d.<\/p>\n\n\n\n<p>\u201cUna reforma agraria implica una condici\u00f3n b\u00e1sica: que haya campesinos y campesinas para cultivar esa tierra\u201d, reiter\u00f3.<\/p>\n\n\n\n<p>El Mandatario cit\u00f3 a la fil\u00f3sofa Hanna Arendt, quien dijo: \u201cNo hay naci\u00f3n en el mundo que se haya configurado sino cuando el campesinado levanta la bandera nacional\u201d.<\/p>\n\n\n\n<p>De acuerdo con el Jefe de Estado, la fil\u00f3sofa jud\u00eda \u201cno estaba equivocada; lo hab\u00eda visto en Francia y Estados Unidos. Aqu\u00ed, al contrario\u201d, lo que se ha querido es \u201centerrar al campesinado en el p\u00e1ramo, en el desierto y en una fosa com\u00fan\u201d.<\/p>\n\n\n\n<p>\u201cPues este Gobierno del Cambio quiere la alianza con el campesinado para que el campesinado levante la bandera nacional y podamos construir una Colombia en paz\u201d, una Colombia que se pueda \u201cllamar, con dignidad, con acierto, con legitimidad, una Potencia Mundial de la Vida y para la vida\u201d, puntualiz\u00f3 el Presidente de la Rep\u00fablica.<\/p>\n","protected":false},"excerpt":{"rendered":"<p>Al intervenir en la Primera Convenci\u00f3n Nacional Campesina, que sesion\u00f3 este viernes en la Universidad Nacional en Bogot\u00e1, el Presidente Gustavo Petro anunci\u00f3 que su Gobierno se apresta a iniciar, en las pr\u00f3ximas semanas, una reforma agraria, de manera pac\u00edfica y sin despojar a los ind\u00edgenas de sus tierras. \u201cComenzar la reforma agraria, de manera [&hellip;]<\/p>\n","protected":false},"author":1,"featured_media":0,"comment_status":"open","ping_status":"open","sticky":false,"template":"","format":"standard","meta":{"footnotes":""},"categories":[36,32],"tags":[],"class_list":["post-41140","post","type-post","status-publish","format-standard","hentry","category-destacado","category-nacional"],"yoast_head":"<!-- This site is optimized with the Yoast SEO plugin v26.6 - https:\/\/yoast.com\/wordpress\/plugins\/seo\/ -->\n<title>Vamos a comenzar una reforma agraria de manera pac\u00edfica: Presidente Petro -<\/title>\n<meta name=\"robots\" content=\"index, follow, max-snippet:-1, max-image-preview:large, max-video-preview:-1\" \/>\n<link rel=\"canonical\" href=\"https:\/\/luchonoticias.com\/editor\/vamos-a-comenzar-una-reforma-agraria-de-manera-pacifica-presidente-petro\/\" \/>\n<meta property=\"og:locale\" content=\"es_ES\" \/>\n<meta property=\"og:type\" content=\"article\" \/>\n<meta property=\"og:title\" content=\"Vamos a comenzar una reforma agraria de manera pac\u00edfica: Presidente Petro -\" \/>\n<meta property=\"og:url\" content=\"https:\/\/luchonoticias.com\/editor\/vamos-a-comenzar-una-reforma-agraria-de-manera-pacifica-presidente-petro\/\" \/>\n<meta property=\"article:publisher\" content=\"https:\/\/www.facebook.com\/luchonoticiasneiva\" \/>\n<meta property=\"article:author\" content=\"https:\/\/www.facebook.com\/luchonoticiasneiva\" \/>\n<meta property=\"article:published_time\" content=\"2022-12-03T19:10:46+00:00\" \/>\n<meta property=\"article:modified_time\" content=\"2022-12-03T19:10:47+00:00\" \/>\n<meta name=\"author\" content=\"admin\" \/>\n<meta name=\"twitter:card\" content=\"summary_large_image\" \/>\n<meta name=\"twitter:label1\" content=\"Escrito por\" \/>\n\t<meta name=\"twitter:data1\" content=\"admin\" \/>\n\t<meta name=\"twitter:label2\" content=\"Tiempo de lectura\" \/>\n\t<meta name=\"twitter:data2\" content=\"3 minutos\" \/>\n<script type=\"application\/ld+json\" class=\"yoast-schema-graph\">{\"@context\":\"https:\/\/schema.org\",\"@graph\":[{\"@type\":\"Article\",\"@id\":\"https:\/\/luchonoticias.com\/editor\/vamos-a-comenzar-una-reforma-agraria-de-manera-pacifica-presidente-petro\/#article\",\"isPartOf\":{\"@id\":\"https:\/\/luchonoticias.com\/editor\/vamos-a-comenzar-una-reforma-agraria-de-manera-pacifica-presidente-petro\/\"},\"author\":{\"name\":\"admin\",\"@id\":\"https:\/\/luchonoticias.com\/editor\/#\/schema\/person\/7a7fd911f58561fd056dbac7b55af9cd\"},\"headline\":\"Vamos a comenzar una reforma agraria de manera pac\u00edfica: Presidente Petro\",\"datePublished\":\"2022-12-03T19:10:46+00:00\",\"dateModified\":\"2022-12-03T19:10:47+00:00\",\"mainEntityOfPage\":{\"@id\":\"https:\/\/luchonoticias.com\/editor\/vamos-a-comenzar-una-reforma-agraria-de-manera-pacifica-presidente-petro\/\"},\"wordCount\":605,\"commentCount\":0,\"publisher\":{\"@id\":\"https:\/\/luchonoticias.com\/editor\/#\/schema\/person\/7a7fd911f58561fd056dbac7b55af9cd\"},\"articleSection\":[\"Destacado\",\"Nacional\"],\"inLanguage\":\"es\",\"potentialAction\":[{\"@type\":\"CommentAction\",\"name\":\"Comment\",\"target\":[\"https:\/\/luchonoticias.com\/editor\/vamos-a-comenzar-una-reforma-agraria-de-manera-pacifica-presidente-petro\/#respond\"]}]},{\"@type\":\"WebPage\",\"@id\":\"https:\/\/luchonoticias.com\/editor\/vamos-a-comenzar-una-reforma-agraria-de-manera-pacifica-presidente-petro\/\",\"url\":\"https:\/\/luchonoticias.com\/editor\/vamos-a-comenzar-una-reforma-agraria-de-manera-pacifica-presidente-petro\/\",\"name\":\"Vamos a comenzar una reforma agraria de manera pac\u00edfica: Presidente Petro -\",\"isPartOf\":{\"@id\":\"https:\/\/luchonoticias.com\/editor\/#website\"},\"datePublished\":\"2022-12-03T19:10:46+00:00\",\"dateModified\":\"2022-12-03T19:10:47+00:00\",\"breadcrumb\":{\"@id\":\"https:\/\/luchonoticias.com\/editor\/vamos-a-comenzar-una-reforma-agraria-de-manera-pacifica-presidente-petro\/#breadcrumb\"},\"inLanguage\":\"es\",\"potentialAction\":[{\"@type\":\"ReadAction\",\"target\":[\"https:\/\/luchonoticias.com\/editor\/vamos-a-comenzar-una-reforma-agraria-de-manera-pacifica-presidente-petro\/\"]}]},{\"@type\":\"BreadcrumbList\",\"@id\":\"https:\/\/luchonoticias.com\/editor\/vamos-a-comenzar-una-reforma-agraria-de-manera-pacifica-presidente-petro\/#breadcrumb\",\"itemListElement\":[{\"@type\":\"ListItem\",\"position\":1,\"name\":\"Portada\",\"item\":\"https:\/\/luchonoticias.com\/editor\/\"},{\"@type\":\"ListItem\",\"position\":2,\"name\":\"Vamos a comenzar una reforma agraria de manera pac\u00edfica: Presidente Petro\"}]},{\"@type\":\"WebSite\",\"@id\":\"https:\/\/luchonoticias.com\/editor\/#website\",\"url\":\"https:\/\/luchonoticias.com\/editor\/\",\"name\":\"\",\"description\":\"\",\"publisher\":{\"@id\":\"https:\/\/luchonoticias.com\/editor\/#\/schema\/person\/7a7fd911f58561fd056dbac7b55af9cd\"},\"potentialAction\":[{\"@type\":\"SearchAction\",\"target\":{\"@type\":\"EntryPoint\",\"urlTemplate\":\"https:\/\/luchonoticias.com\/editor\/?s={search_term_string}\"},\"query-input\":{\"@type\":\"PropertyValueSpecification\",\"valueRequired\":true,\"valueName\":\"search_term_string\"}}],\"inLanguage\":\"es\"},{\"@type\":[\"Person\",\"Organization\"],\"@id\":\"https:\/\/luchonoticias.com\/editor\/#\/schema\/person\/7a7fd911f58561fd056dbac7b55af9cd\",\"name\":\"admin\",\"image\":{\"@type\":\"ImageObject\",\"inLanguage\":\"es\",\"@id\":\"https:\/\/luchonoticias.com\/editor\/#\/schema\/person\/image\/\",\"url\":\"https:\/\/luchonoticias.com\/editor\/wp-content\/uploads\/2024\/02\/cropped-cropped-logolu.webp\",\"contentUrl\":\"https:\/\/luchonoticias.com\/editor\/wp-content\/uploads\/2024\/02\/cropped-cropped-logolu.webp\",\"width\":382,\"height\":170,\"caption\":\"admin\"},\"logo\":{\"@id\":\"https:\/\/luchonoticias.com\/editor\/#\/schema\/person\/image\/\"},\"sameAs\":[\"https:\/\/www.facebook.com\/luchonoticiasneiva\"],\"url\":\"https:\/\/luchonoticias.com\/editor\/author\/admin\/\"}]}<\/script>\n<!-- \/ Yoast SEO plugin. -->","yoast_head_json":{"title":"Vamos a comenzar una reforma agraria de manera pac\u00edfica: Presidente Petro -","robots":{"index":"index","follow":"follow","max-snippet":"max-snippet:-1","max-image-preview":"max-image-preview:large","max-video-preview":"max-video-preview:-1"},"canonical":"https:\/\/luchonoticias.com\/editor\/vamos-a-comenzar-una-reforma-agraria-de-manera-pacifica-presidente-petro\/","og_locale":"es_ES","og_type":"article","og_title":"Vamos a comenzar una reforma agraria de manera pac\u00edfica: Presidente Petro -","og_url":"https:\/\/luchonoticias.com\/editor\/vamos-a-comenzar-una-reforma-agraria-de-manera-pacifica-presidente-petro\/","article_publisher":"https:\/\/www.facebook.com\/luchonoticiasneiva","article_author":"https:\/\/www.facebook.com\/luchonoticiasneiva","article_published_time":"2022-12-03T19:10:46+00:00","article_modified_time":"2022-12-03T19:10:47+00:00","author":"admin","twitter_card":"summary_large_image","twitter_misc":{"Escrito por":"admin","Tiempo de lectura":"3 minutos"},"schema":{"@context":"https:\/\/schema.org","@graph":[{"@type":"Article","@id":"https:\/\/luchonoticias.com\/editor\/vamos-a-comenzar-una-reforma-agraria-de-manera-pacifica-presidente-petro\/#article","isPartOf":{"@id":"https:\/\/luchonoticias.com\/editor\/vamos-a-comenzar-una-reforma-agraria-de-manera-pacifica-presidente-petro\/"},"author":{"name":"admin","@id":"https:\/\/luchonoticias.com\/editor\/#\/schema\/person\/7a7fd911f58561fd056dbac7b55af9cd"},"headline":"Vamos a comenzar una reforma agraria de manera pac\u00edfica: Presidente Petro","datePublished":"2022-12-03T19:10:46+00:00","dateModified":"2022-12-03T19:10:47+00:00","mainEntityOfPage":{"@id":"https:\/\/luchonoticias.com\/editor\/vamos-a-comenzar-una-reforma-agraria-de-manera-pacifica-presidente-petro\/"},"wordCount":605,"commentCount":0,"publisher":{"@id":"https:\/\/luchonoticias.com\/editor\/#\/schema\/person\/7a7fd911f58561fd056dbac7b55af9cd"},"articleSection":["Destacado","Nacional"],"inLanguage":"es","potentialAction":[{"@type":"CommentAction","name":"Comment","target":["https:\/\/luchonoticias.com\/editor\/vamos-a-comenzar-una-reforma-agraria-de-manera-pacifica-presidente-petro\/#respond"]}]},{"@type":"WebPage","@id":"https:\/\/luchonoticias.com\/editor\/vamos-a-comenzar-una-reforma-agraria-de-manera-pacifica-presidente-petro\/","url":"https:\/\/luchonoticias.com\/editor\/vamos-a-comenzar-una-reforma-agraria-de-manera-pacifica-presidente-petro\/","name":"Vamos a comenzar una reforma agraria de manera pac\u00edfica: Presidente Petro -","isPartOf":{"@id":"https:\/\/luchonoticias.com\/editor\/#website"},"datePublished":"2022-12-03T19:10:46+00:00","dateModified":"2022-12-03T19:10:47+00:00","breadcrumb":{"@id":"https:\/\/luchonoticias.com\/editor\/vamos-a-comenzar-una-reforma-agraria-de-manera-pacifica-presidente-petro\/#breadcrumb"},"inLanguage":"es","potentialAction":[{"@type":"ReadAction","target":["https:\/\/luchonoticias.com\/editor\/vamos-a-comenzar-una-reforma-agraria-de-manera-pacifica-presidente-petro\/"]}]},{"@type":"BreadcrumbList","@id":"https:\/\/luchonoticias.com\/editor\/vamos-a-comenzar-una-reforma-agraria-de-manera-pacifica-presidente-petro\/#breadcrumb","itemListElement":[{"@type":"ListItem","position":1,"name":"Portada","item":"https:\/\/luchonoticias.com\/editor\/"},{"@type":"ListItem","position":2,"name":"Vamos a comenzar una reforma agraria de manera pac\u00edfica: Presidente Petro"}]},{"@type":"WebSite","@id":"https:\/\/luchonoticias.com\/editor\/#website","url":"https:\/\/luchonoticias.com\/editor\/","name":"","description":"","publisher":{"@id":"https:\/\/luchonoticias.com\/editor\/#\/schema\/person\/7a7fd911f58561fd056dbac7b55af9cd"},"potentialAction":[{"@type":"SearchAction","target":{"@type":"EntryPoint","urlTemplate":"https:\/\/luchonoticias.com\/editor\/?s={search_term_string}"},"query-input":{"@type":"PropertyValueSpecification","valueRequired":true,"valueName":"search_term_string"}}],"inLanguage":"es"},{"@type":["Person","Organization"],"@id":"https:\/\/luchonoticias.com\/editor\/#\/schema\/person\/7a7fd911f58561fd056dbac7b55af9cd","name":"admin","image":{"@type":"ImageObject","inLanguage":"es","@id":"https:\/\/luchonoticias.com\/editor\/#\/schema\/person\/image\/","url":"https:\/\/luchonoticias.com\/editor\/wp-content\/uploads\/2024\/02\/cropped-cropped-logolu.webp","contentUrl":"https:\/\/luchonoticias.com\/editor\/wp-content\/uploads\/2024\/02\/cropped-cropped-logolu.webp","width":382,"height":170,"caption":"admin"},"logo":{"@id":"https:\/\/luchonoticias.com\/editor\/#\/schema\/person\/image\/"},"sameAs":["https:\/\/www.facebook.com\/luchonoticiasneiva"],"url":"https:\/\/luchonoticias.com\/editor\/author\/admin\/"}]}},"_links":{"self":[{"href":"https:\/\/luchonoticias.com\/editor\/wp-json\/wp\/v2\/posts\/41140","targetHints":{"allow":["GET"]}}],"collection":[{"href":"https:\/\/luchonoticias.com\/editor\/wp-json\/wp\/v2\/posts"}],"about":[{"href":"https:\/\/luchonoticias.com\/editor\/wp-json\/wp\/v2\/types\/post"}],"author":[{"embeddable":true,"href":"https:\/\/luchonoticias.com\/editor\/wp-json\/wp\/v2\/users\/1"}],"replies":[{"embeddable":true,"href":"https:\/\/luchonoticias.com\/editor\/wp-json\/wp\/v2\/comments?post=41140"}],"version-history":[{"count":0,"href":"https:\/\/luchonoticias.com\/editor\/wp-json\/wp\/v2\/posts\/41140\/revisions"}],"wp:attachment":[{"href":"https:\/\/luchonoticias.com\/editor\/wp-json\/wp\/v2\/media?parent=41140"}],"wp:term":[{"taxonomy":"category","embeddable":true,"href":"https:\/\/luchonoticias.com\/editor\/wp-json\/wp\/v2\/categories?post=41140"},{"taxonomy":"post_tag","embeddable":true,"href":"https:\/\/luchonoticias.com\/editor\/wp-json\/wp\/v2\/tags?post=41140"}],"curies":[{"name":"wp","href":"https:\/\/api.w.org\/{rel}","templated":true}]}}