{"id":41143,"date":"2022-12-03T14:12:46","date_gmt":"2022-12-03T19:12:46","guid":{"rendered":"https:\/\/luchonoticias.com\/?p=41143"},"modified":"2022-12-03T14:12:47","modified_gmt":"2022-12-03T19:12:47","slug":"colombia-suscribe-acuerdo-con-japon-para-recibir-25-mil-vacunas-contra-la-viruela-simica","status":"publish","type":"post","link":"https:\/\/luchonoticias.com\/editor\/colombia-suscribe-acuerdo-con-japon-para-recibir-25-mil-vacunas-contra-la-viruela-simica\/","title":{"rendered":"Colombia suscribe acuerdo con Jap\u00f3n para recibir 25 mil vacunas contra la viruela s\u00edmica"},"content":{"rendered":"\n<p>El acuerdo fue suscrito entre la Ministra de Salud de Colombia, Carolina Corcho, y de Salud, Trabajo y Bienestar de Jap\u00f3n, Katsunobu Kato, y permite al pa\u00eds acceder a un lote de 25 mil vacunas contra la viruela s\u00edmica.<\/p>\n\n\n\n<p>El Ministerio japon\u00e9s inform\u00f3 este viernes al mundo que la vacuna es el resultado de un esfuerzo de cooperaci\u00f3n entre la industria, la academia y el gobierno de esta naci\u00f3n.<\/p>\n\n\n\n<p>El proceso para llegar al acuerdo se llev\u00f3 a cabo en seguimiento de las recomendaciones formuladas por la OMS. Las vacunas ser\u00e1n importadas por el INVIMA.<\/p>\n\n\n\n<p>Para el caso de Colombia, la gesti\u00f3n incluy\u00f3 la participaci\u00f3n del m\u00e9dico infect\u00f3logo Carlos \u00c1lvarez, profesor investigador de la Universidad Nacional de Colombia, y representante de la OMS para estudios de covid-19 en el pa\u00eds.<\/p>\n\n\n\n<p>De igual manera, el acompa\u00f1amiento de un grupo de expertos del m\u00e1s alto nivel integrado por Hernando Gait\u00e1n, director del Instituto de Investigaciones Cl\u00ednicas de la Universidad Nacional de Colombia.<\/p>\n\n\n\n<p>Si bien el Ministerio de Salud y Protecci\u00f3n Social viene haciendo seguimiento, monitoreo y control al brote de viruela s\u00edmica en el pa\u00eds, es importante entender que la vacunaci\u00f3n, aunque es una herramienta fundamental, por s\u00ed sola no previene el contagio, y por ello se ha dispuesto de la ejecuci\u00f3n, desde septiembre pasado, de una estrategia pedag\u00f3gica articulada a un dispositivo de vigilancia y prevenci\u00f3n del riesgo.<\/p>\n\n\n\n<p>En el mismo sentido, el Ministerio tiene previsto un criterio de priorizaci\u00f3n para acceder a la vacunaci\u00f3n con personas infectadas y que tengan mayor grado de vulnerabilidad. La clasificaci\u00f3n de uso de esta vacuna en grupos poblacionales depender\u00e1 del comportamiento epidemiol\u00f3gico y disponibilidad de biol\u00f3gicos en el pa\u00eds.<\/p>\n\n\n\n<p>En este punto, es necesario recordar la recomendaci\u00f3n de la OMS seg\u00fan la cual Colombia ni otros pa\u00edses requieren por ahora de una vacunaci\u00f3n masiva contra esta enfermedad.<\/p>\n","protected":false},"excerpt":{"rendered":"<p>El acuerdo fue suscrito entre la Ministra de Salud de Colombia, Carolina Corcho, y de Salud, Trabajo y Bienestar de Jap\u00f3n, Katsunobu Kato, y permite al pa\u00eds acceder a un lote de 25 mil vacunas contra la viruela s\u00edmica. El Ministerio japon\u00e9s inform\u00f3 este viernes al mundo que la vacuna es el resultado de un [&hellip;]<\/p>\n","protected":false},"author":1,"featured_media":0,"comment_status":"open","ping_status":"open","sticky":false,"template":"","format":"standard","meta":{"footnotes":""},"categories":[28,36],"tags":[],"class_list":["post-41143","post","type-post","status-publish","format-standard","hentry","category-actualidad","category-destacado"],"yoast_head":"<!-- This site is optimized with the Yoast SEO plugin v26.6 - https:\/\/yoast.com\/wordpress\/plugins\/seo\/ -->\n<title>Colombia suscribe acuerdo con Jap\u00f3n para recibir 25 mil vacunas contra la viruela s\u00edmica -<\/title>\n<meta name=\"robots\" content=\"index, follow, max-snippet:-1, max-image-preview:large, max-video-preview:-1\" \/>\n<link rel=\"canonical\" href=\"https:\/\/luchonoticias.com\/editor\/colombia-suscribe-acuerdo-con-japon-para-recibir-25-mil-vacunas-contra-la-viruela-simica\/\" \/>\n<meta property=\"og:locale\" content=\"es_ES\" \/>\n<meta property=\"og:type\" content=\"article\" \/>\n<meta property=\"og:title\" content=\"Colombia suscribe acuerdo con Jap\u00f3n para recibir 25 mil vacunas contra la viruela s\u00edmica -\" \/>\n<meta property=\"og:url\" content=\"https:\/\/luchonoticias.com\/editor\/colombia-suscribe-acuerdo-con-japon-para-recibir-25-mil-vacunas-contra-la-viruela-simica\/\" \/>\n<meta property=\"article:publisher\" content=\"https:\/\/www.facebook.com\/luchonoticiasneiva\" \/>\n<meta property=\"article:author\" content=\"https:\/\/www.facebook.com\/luchonoticiasneiva\" \/>\n<meta property=\"article:published_time\" content=\"2022-12-03T19:12:46+00:00\" \/>\n<meta property=\"article:modified_time\" content=\"2022-12-03T19:12:47+00:00\" \/>\n<meta name=\"author\" content=\"admin\" \/>\n<meta name=\"twitter:card\" content=\"summary_large_image\" \/>\n<meta name=\"twitter:label1\" content=\"Escrito por\" \/>\n\t<meta name=\"twitter:data1\" content=\"admin\" \/>\n\t<meta name=\"twitter:label2\" content=\"Tiempo de lectura\" \/>\n\t<meta name=\"twitter:data2\" content=\"2 minutos\" \/>\n<script type=\"application\/ld+json\" class=\"yoast-schema-graph\">{\"@context\":\"https:\/\/schema.org\",\"@graph\":[{\"@type\":\"Article\",\"@id\":\"https:\/\/luchonoticias.com\/editor\/colombia-suscribe-acuerdo-con-japon-para-recibir-25-mil-vacunas-contra-la-viruela-simica\/#article\",\"isPartOf\":{\"@id\":\"https:\/\/luchonoticias.com\/editor\/colombia-suscribe-acuerdo-con-japon-para-recibir-25-mil-vacunas-contra-la-viruela-simica\/\"},\"author\":{\"name\":\"admin\",\"@id\":\"https:\/\/luchonoticias.com\/editor\/#\/schema\/person\/7a7fd911f58561fd056dbac7b55af9cd\"},\"headline\":\"Colombia suscribe acuerdo con Jap\u00f3n para recibir 25 mil vacunas contra la viruela s\u00edmica\",\"datePublished\":\"2022-12-03T19:12:46+00:00\",\"dateModified\":\"2022-12-03T19:12:47+00:00\",\"mainEntityOfPage\":{\"@id\":\"https:\/\/luchonoticias.com\/editor\/colombia-suscribe-acuerdo-con-japon-para-recibir-25-mil-vacunas-contra-la-viruela-simica\/\"},\"wordCount\":350,\"commentCount\":0,\"publisher\":{\"@id\":\"https:\/\/luchonoticias.com\/editor\/#\/schema\/person\/7a7fd911f58561fd056dbac7b55af9cd\"},\"articleSection\":[\"Actualidad\",\"Destacado\"],\"inLanguage\":\"es\",\"potentialAction\":[{\"@type\":\"CommentAction\",\"name\":\"Comment\",\"target\":[\"https:\/\/luchonoticias.com\/editor\/colombia-suscribe-acuerdo-con-japon-para-recibir-25-mil-vacunas-contra-la-viruela-simica\/#respond\"]}]},{\"@type\":\"WebPage\",\"@id\":\"https:\/\/luchonoticias.com\/editor\/colombia-suscribe-acuerdo-con-japon-para-recibir-25-mil-vacunas-contra-la-viruela-simica\/\",\"url\":\"https:\/\/luchonoticias.com\/editor\/colombia-suscribe-acuerdo-con-japon-para-recibir-25-mil-vacunas-contra-la-viruela-simica\/\",\"name\":\"Colombia suscribe acuerdo con Jap\u00f3n para recibir 25 mil vacunas contra la viruela s\u00edmica -\",\"isPartOf\":{\"@id\":\"https:\/\/luchonoticias.com\/editor\/#website\"},\"datePublished\":\"2022-12-03T19:12:46+00:00\",\"dateModified\":\"2022-12-03T19:12:47+00:00\",\"breadcrumb\":{\"@id\":\"https:\/\/luchonoticias.com\/editor\/colombia-suscribe-acuerdo-con-japon-para-recibir-25-mil-vacunas-contra-la-viruela-simica\/#breadcrumb\"},\"inLanguage\":\"es\",\"potentialAction\":[{\"@type\":\"ReadAction\",\"target\":[\"https:\/\/luchonoticias.com\/editor\/colombia-suscribe-acuerdo-con-japon-para-recibir-25-mil-vacunas-contra-la-viruela-simica\/\"]}]},{\"@type\":\"BreadcrumbList\",\"@id\":\"https:\/\/luchonoticias.com\/editor\/colombia-suscribe-acuerdo-con-japon-para-recibir-25-mil-vacunas-contra-la-viruela-simica\/#breadcrumb\",\"itemListElement\":[{\"@type\":\"ListItem\",\"position\":1,\"name\":\"Portada\",\"item\":\"https:\/\/luchonoticias.com\/editor\/\"},{\"@type\":\"ListItem\",\"position\":2,\"name\":\"Colombia suscribe acuerdo con Jap\u00f3n para recibir 25 mil vacunas contra la viruela s\u00edmica\"}]},{\"@type\":\"WebSite\",\"@id\":\"https:\/\/luchonoticias.com\/editor\/#website\",\"url\":\"https:\/\/luchonoticias.com\/editor\/\",\"name\":\"\",\"description\":\"\",\"publisher\":{\"@id\":\"https:\/\/luchonoticias.com\/editor\/#\/schema\/person\/7a7fd911f58561fd056dbac7b55af9cd\"},\"potentialAction\":[{\"@type\":\"SearchAction\",\"target\":{\"@type\":\"EntryPoint\",\"urlTemplate\":\"https:\/\/luchonoticias.com\/editor\/?s={search_term_string}\"},\"query-input\":{\"@type\":\"PropertyValueSpecification\",\"valueRequired\":true,\"valueName\":\"search_term_string\"}}],\"inLanguage\":\"es\"},{\"@type\":[\"Person\",\"Organization\"],\"@id\":\"https:\/\/luchonoticias.com\/editor\/#\/schema\/person\/7a7fd911f58561fd056dbac7b55af9cd\",\"name\":\"admin\",\"image\":{\"@type\":\"ImageObject\",\"inLanguage\":\"es\",\"@id\":\"https:\/\/luchonoticias.com\/editor\/#\/schema\/person\/image\/\",\"url\":\"https:\/\/luchonoticias.com\/editor\/wp-content\/uploads\/2024\/02\/cropped-cropped-logolu.webp\",\"contentUrl\":\"https:\/\/luchonoticias.com\/editor\/wp-content\/uploads\/2024\/02\/cropped-cropped-logolu.webp\",\"width\":382,\"height\":170,\"caption\":\"admin\"},\"logo\":{\"@id\":\"https:\/\/luchonoticias.com\/editor\/#\/schema\/person\/image\/\"},\"sameAs\":[\"https:\/\/www.facebook.com\/luchonoticiasneiva\"],\"url\":\"https:\/\/luchonoticias.com\/editor\/author\/admin\/\"}]}<\/script>\n<!-- \/ Yoast SEO plugin. -->","yoast_head_json":{"title":"Colombia suscribe acuerdo con Jap\u00f3n para recibir 25 mil vacunas contra la viruela s\u00edmica -","robots":{"index":"index","follow":"follow","max-snippet":"max-snippet:-1","max-image-preview":"max-image-preview:large","max-video-preview":"max-video-preview:-1"},"canonical":"https:\/\/luchonoticias.com\/editor\/colombia-suscribe-acuerdo-con-japon-para-recibir-25-mil-vacunas-contra-la-viruela-simica\/","og_locale":"es_ES","og_type":"article","og_title":"Colombia suscribe acuerdo con Jap\u00f3n para recibir 25 mil vacunas contra la viruela s\u00edmica -","og_url":"https:\/\/luchonoticias.com\/editor\/colombia-suscribe-acuerdo-con-japon-para-recibir-25-mil-vacunas-contra-la-viruela-simica\/","article_publisher":"https:\/\/www.facebook.com\/luchonoticiasneiva","article_author":"https:\/\/www.facebook.com\/luchonoticiasneiva","article_published_time":"2022-12-03T19:12:46+00:00","article_modified_time":"2022-12-03T19:12:47+00:00","author":"admin","twitter_card":"summary_large_image","twitter_misc":{"Escrito por":"admin","Tiempo de lectura":"2 minutos"},"schema":{"@context":"https:\/\/schema.org","@graph":[{"@type":"Article","@id":"https:\/\/luchonoticias.com\/editor\/colombia-suscribe-acuerdo-con-japon-para-recibir-25-mil-vacunas-contra-la-viruela-simica\/#article","isPartOf":{"@id":"https:\/\/luchonoticias.com\/editor\/colombia-suscribe-acuerdo-con-japon-para-recibir-25-mil-vacunas-contra-la-viruela-simica\/"},"author":{"name":"admin","@id":"https:\/\/luchonoticias.com\/editor\/#\/schema\/person\/7a7fd911f58561fd056dbac7b55af9cd"},"headline":"Colombia suscribe acuerdo con Jap\u00f3n para recibir 25 mil vacunas contra la viruela s\u00edmica","datePublished":"2022-12-03T19:12:46+00:00","dateModified":"2022-12-03T19:12:47+00:00","mainEntityOfPage":{"@id":"https:\/\/luchonoticias.com\/editor\/colombia-suscribe-acuerdo-con-japon-para-recibir-25-mil-vacunas-contra-la-viruela-simica\/"},"wordCount":350,"commentCount":0,"publisher":{"@id":"https:\/\/luchonoticias.com\/editor\/#\/schema\/person\/7a7fd911f58561fd056dbac7b55af9cd"},"articleSection":["Actualidad","Destacado"],"inLanguage":"es","potentialAction":[{"@type":"CommentAction","name":"Comment","target":["https:\/\/luchonoticias.com\/editor\/colombia-suscribe-acuerdo-con-japon-para-recibir-25-mil-vacunas-contra-la-viruela-simica\/#respond"]}]},{"@type":"WebPage","@id":"https:\/\/luchonoticias.com\/editor\/colombia-suscribe-acuerdo-con-japon-para-recibir-25-mil-vacunas-contra-la-viruela-simica\/","url":"https:\/\/luchonoticias.com\/editor\/colombia-suscribe-acuerdo-con-japon-para-recibir-25-mil-vacunas-contra-la-viruela-simica\/","name":"Colombia suscribe acuerdo con Jap\u00f3n para recibir 25 mil vacunas contra la viruela s\u00edmica -","isPartOf":{"@id":"https:\/\/luchonoticias.com\/editor\/#website"},"datePublished":"2022-12-03T19:12:46+00:00","dateModified":"2022-12-03T19:12:47+00:00","breadcrumb":{"@id":"https:\/\/luchonoticias.com\/editor\/colombia-suscribe-acuerdo-con-japon-para-recibir-25-mil-vacunas-contra-la-viruela-simica\/#breadcrumb"},"inLanguage":"es","potentialAction":[{"@type":"ReadAction","target":["https:\/\/luchonoticias.com\/editor\/colombia-suscribe-acuerdo-con-japon-para-recibir-25-mil-vacunas-contra-la-viruela-simica\/"]}]},{"@type":"BreadcrumbList","@id":"https:\/\/luchonoticias.com\/editor\/colombia-suscribe-acuerdo-con-japon-para-recibir-25-mil-vacunas-contra-la-viruela-simica\/#breadcrumb","itemListElement":[{"@type":"ListItem","position":1,"name":"Portada","item":"https:\/\/luchonoticias.com\/editor\/"},{"@type":"ListItem","position":2,"name":"Colombia suscribe acuerdo con Jap\u00f3n para recibir 25 mil vacunas contra la viruela s\u00edmica"}]},{"@type":"WebSite","@id":"https:\/\/luchonoticias.com\/editor\/#website","url":"https:\/\/luchonoticias.com\/editor\/","name":"","description":"","publisher":{"@id":"https:\/\/luchonoticias.com\/editor\/#\/schema\/person\/7a7fd911f58561fd056dbac7b55af9cd"},"potentialAction":[{"@type":"SearchAction","target":{"@type":"EntryPoint","urlTemplate":"https:\/\/luchonoticias.com\/editor\/?s={search_term_string}"},"query-input":{"@type":"PropertyValueSpecification","valueRequired":true,"valueName":"search_term_string"}}],"inLanguage":"es"},{"@type":["Person","Organization"],"@id":"https:\/\/luchonoticias.com\/editor\/#\/schema\/person\/7a7fd911f58561fd056dbac7b55af9cd","name":"admin","image":{"@type":"ImageObject","inLanguage":"es","@id":"https:\/\/luchonoticias.com\/editor\/#\/schema\/person\/image\/","url":"https:\/\/luchonoticias.com\/editor\/wp-content\/uploads\/2024\/02\/cropped-cropped-logolu.webp","contentUrl":"https:\/\/luchonoticias.com\/editor\/wp-content\/uploads\/2024\/02\/cropped-cropped-logolu.webp","width":382,"height":170,"caption":"admin"},"logo":{"@id":"https:\/\/luchonoticias.com\/editor\/#\/schema\/person\/image\/"},"sameAs":["https:\/\/www.facebook.com\/luchonoticiasneiva"],"url":"https:\/\/luchonoticias.com\/editor\/author\/admin\/"}]}},"_links":{"self":[{"href":"https:\/\/luchonoticias.com\/editor\/wp-json\/wp\/v2\/posts\/41143","targetHints":{"allow":["GET"]}}],"collection":[{"href":"https:\/\/luchonoticias.com\/editor\/wp-json\/wp\/v2\/posts"}],"about":[{"href":"https:\/\/luchonoticias.com\/editor\/wp-json\/wp\/v2\/types\/post"}],"author":[{"embeddable":true,"href":"https:\/\/luchonoticias.com\/editor\/wp-json\/wp\/v2\/users\/1"}],"replies":[{"embeddable":true,"href":"https:\/\/luchonoticias.com\/editor\/wp-json\/wp\/v2\/comments?post=41143"}],"version-history":[{"count":0,"href":"https:\/\/luchonoticias.com\/editor\/wp-json\/wp\/v2\/posts\/41143\/revisions"}],"wp:attachment":[{"href":"https:\/\/luchonoticias.com\/editor\/wp-json\/wp\/v2\/media?parent=41143"}],"wp:term":[{"taxonomy":"category","embeddable":true,"href":"https:\/\/luchonoticias.com\/editor\/wp-json\/wp\/v2\/categories?post=41143"},{"taxonomy":"post_tag","embeddable":true,"href":"https:\/\/luchonoticias.com\/editor\/wp-json\/wp\/v2\/tags?post=41143"}],"curies":[{"name":"wp","href":"https:\/\/api.w.org\/{rel}","templated":true}]}}