{"id":41151,"date":"2022-12-04T06:48:06","date_gmt":"2022-12-04T11:48:06","guid":{"rendered":"https:\/\/luchonoticias.com\/?p=41151"},"modified":"2022-12-04T06:48:07","modified_gmt":"2022-12-04T11:48:07","slug":"policia-captura-otro-de-los-mas-buscados-de-neiva","status":"publish","type":"post","link":"https:\/\/luchonoticias.com\/editor\/policia-captura-otro-de-los-mas-buscados-de-neiva\/","title":{"rendered":"Polic\u00eda captura otro de los m\u00e1s buscados de Neiva"},"content":{"rendered":"\n<p>La Polic\u00eda Nacional, en desarrollo de planes de prevenci\u00f3n y control, logra la captura de un hombre vinculado al \u201cCartel de los m\u00e1s Buscados\u201d. Este sujeto se fug\u00f3 del CAI Bogot\u00e1 en el mes de julio de este a\u00f1o.<\/p>\n\n\n\n<p>\u201cEsta acci\u00f3n policial, la desarrollaron los uniformados adscritos al CAI Palmas, quienes en trabajo conjunto con personal del Cuerpo T\u00e9cnico de Investigaci\u00f3n de la Fiscal\u00eda General de la Naci\u00f3n, mediante planes de disuasi\u00f3n, prevenci\u00f3n y control; logran la captura de Jos\u00e9 David Perdomo Bri\u00f1ez, de 25 a\u00f1os de edad, residente en el barrio Oasis de esta ciudad, quien verificado su documento de identidad, registra orden de captura vigente por los delitos de Hurto Calificado, con circunstancias de agravaci\u00f3n punitiva y concurso heterog\u00e9neo con el punible de Lesiones Personales Dolosas\u201d, revelaron las autoridades en un comunicado.<\/p>\n\n\n\n<figure class=\"wp-block-image size-large is-style-rounded\"><img decoding=\"async\" src=\"https:\/\/luchonoticias.com\/wp-content\/uploads\/2022\/12\/WhatsApp-Image-2022-12-03-at-4.28.45-PM-1024x668.jpeg\" alt=\"\" class=\"wp-image-41152\"\/><\/figure>\n\n\n\n<p>Asimismo, se conoci\u00f3 que, este individuo, igualmente, est\u00e1 inmerso en el \u00abCartel de los m\u00e1s buscados\u00bb al ser uno de los detenidos con medida de aseguramiento, que se dio a la fuga del CAI Bogot\u00e1 a mediados de este a\u00f1o.<\/p>\n\n\n\n<p>\u201cDe esta manera, el detenido fue dejado a disposici\u00f3n de autoridad competente, por el delito anteriormente citado; donde un juez de control de garant\u00edas, basados en el historial delictivo de esta persona, definir\u00e1 en las pr\u00f3ximas horas su situaci\u00f3n jur\u00eddica\u201d, concluy\u00f3 la Polic\u00eda Nacional en el informe oficial.<\/p>\n","protected":false},"excerpt":{"rendered":"<p>La Polic\u00eda Nacional, en desarrollo de planes de prevenci\u00f3n y control, logra la captura de un hombre vinculado al \u201cCartel de los m\u00e1s Buscados\u201d. Este sujeto se fug\u00f3 del CAI Bogot\u00e1 en el mes de julio de este a\u00f1o. \u201cEsta acci\u00f3n policial, la desarrollaron los uniformados adscritos al CAI Palmas, quienes en trabajo conjunto con [&hellip;]<\/p>\n","protected":false},"author":1,"featured_media":0,"comment_status":"open","ping_status":"open","sticky":false,"template":"","format":"standard","meta":{"footnotes":""},"categories":[36,29],"tags":[],"class_list":["post-41151","post","type-post","status-publish","format-standard","hentry","category-destacado","category-judicial"],"yoast_head":"<!-- This site is optimized with the Yoast SEO plugin v26.6 - https:\/\/yoast.com\/wordpress\/plugins\/seo\/ -->\n<title>Polic\u00eda captura otro de los m\u00e1s buscados de Neiva -<\/title>\n<meta name=\"robots\" content=\"index, follow, max-snippet:-1, max-image-preview:large, max-video-preview:-1\" \/>\n<link rel=\"canonical\" href=\"https:\/\/luchonoticias.com\/editor\/policia-captura-otro-de-los-mas-buscados-de-neiva\/\" \/>\n<meta property=\"og:locale\" content=\"es_ES\" \/>\n<meta property=\"og:type\" content=\"article\" \/>\n<meta property=\"og:title\" content=\"Polic\u00eda captura otro de los m\u00e1s buscados de Neiva -\" \/>\n<meta property=\"og:url\" content=\"https:\/\/luchonoticias.com\/editor\/policia-captura-otro-de-los-mas-buscados-de-neiva\/\" \/>\n<meta property=\"article:publisher\" content=\"https:\/\/www.facebook.com\/luchonoticiasneiva\" \/>\n<meta property=\"article:author\" content=\"https:\/\/www.facebook.com\/luchonoticiasneiva\" \/>\n<meta property=\"article:published_time\" content=\"2022-12-04T11:48:06+00:00\" \/>\n<meta property=\"article:modified_time\" content=\"2022-12-04T11:48:07+00:00\" \/>\n<meta property=\"og:image\" content=\"https:\/\/luchonoticias.com\/wp-content\/uploads\/2022\/12\/WhatsApp-Image-2022-12-03-at-4.28.45-PM-1024x668.jpeg\" \/>\n<meta name=\"author\" content=\"admin\" \/>\n<meta name=\"twitter:card\" content=\"summary_large_image\" \/>\n<meta name=\"twitter:label1\" content=\"Escrito por\" \/>\n\t<meta name=\"twitter:data1\" content=\"admin\" \/>\n\t<meta name=\"twitter:label2\" content=\"Tiempo de lectura\" \/>\n\t<meta name=\"twitter:data2\" content=\"1 minuto\" \/>\n<script type=\"application\/ld+json\" class=\"yoast-schema-graph\">{\"@context\":\"https:\/\/schema.org\",\"@graph\":[{\"@type\":\"Article\",\"@id\":\"https:\/\/luchonoticias.com\/editor\/policia-captura-otro-de-los-mas-buscados-de-neiva\/#article\",\"isPartOf\":{\"@id\":\"https:\/\/luchonoticias.com\/editor\/policia-captura-otro-de-los-mas-buscados-de-neiva\/\"},\"author\":{\"name\":\"admin\",\"@id\":\"https:\/\/luchonoticias.com\/editor\/#\/schema\/person\/7a7fd911f58561fd056dbac7b55af9cd\"},\"headline\":\"Polic\u00eda captura otro de los m\u00e1s buscados de Neiva\",\"datePublished\":\"2022-12-04T11:48:06+00:00\",\"dateModified\":\"2022-12-04T11:48:07+00:00\",\"mainEntityOfPage\":{\"@id\":\"https:\/\/luchonoticias.com\/editor\/policia-captura-otro-de-los-mas-buscados-de-neiva\/\"},\"wordCount\":255,\"commentCount\":0,\"publisher\":{\"@id\":\"https:\/\/luchonoticias.com\/editor\/#\/schema\/person\/7a7fd911f58561fd056dbac7b55af9cd\"},\"image\":{\"@id\":\"https:\/\/luchonoticias.com\/editor\/policia-captura-otro-de-los-mas-buscados-de-neiva\/#primaryimage\"},\"thumbnailUrl\":\"https:\/\/luchonoticias.com\/wp-content\/uploads\/2022\/12\/WhatsApp-Image-2022-12-03-at-4.28.45-PM-1024x668.jpeg\",\"articleSection\":[\"Destacado\",\"Judicial\"],\"inLanguage\":\"es\",\"potentialAction\":[{\"@type\":\"CommentAction\",\"name\":\"Comment\",\"target\":[\"https:\/\/luchonoticias.com\/editor\/policia-captura-otro-de-los-mas-buscados-de-neiva\/#respond\"]}]},{\"@type\":\"WebPage\",\"@id\":\"https:\/\/luchonoticias.com\/editor\/policia-captura-otro-de-los-mas-buscados-de-neiva\/\",\"url\":\"https:\/\/luchonoticias.com\/editor\/policia-captura-otro-de-los-mas-buscados-de-neiva\/\",\"name\":\"Polic\u00eda captura otro de los m\u00e1s buscados de Neiva -\",\"isPartOf\":{\"@id\":\"https:\/\/luchonoticias.com\/editor\/#website\"},\"primaryImageOfPage\":{\"@id\":\"https:\/\/luchonoticias.com\/editor\/policia-captura-otro-de-los-mas-buscados-de-neiva\/#primaryimage\"},\"image\":{\"@id\":\"https:\/\/luchonoticias.com\/editor\/policia-captura-otro-de-los-mas-buscados-de-neiva\/#primaryimage\"},\"thumbnailUrl\":\"https:\/\/luchonoticias.com\/wp-content\/uploads\/2022\/12\/WhatsApp-Image-2022-12-03-at-4.28.45-PM-1024x668.jpeg\",\"datePublished\":\"2022-12-04T11:48:06+00:00\",\"dateModified\":\"2022-12-04T11:48:07+00:00\",\"breadcrumb\":{\"@id\":\"https:\/\/luchonoticias.com\/editor\/policia-captura-otro-de-los-mas-buscados-de-neiva\/#breadcrumb\"},\"inLanguage\":\"es\",\"potentialAction\":[{\"@type\":\"ReadAction\",\"target\":[\"https:\/\/luchonoticias.com\/editor\/policia-captura-otro-de-los-mas-buscados-de-neiva\/\"]}]},{\"@type\":\"ImageObject\",\"inLanguage\":\"es\",\"@id\":\"https:\/\/luchonoticias.com\/editor\/policia-captura-otro-de-los-mas-buscados-de-neiva\/#primaryimage\",\"url\":\"https:\/\/luchonoticias.com\/wp-content\/uploads\/2022\/12\/WhatsApp-Image-2022-12-03-at-4.28.45-PM-1024x668.jpeg\",\"contentUrl\":\"https:\/\/luchonoticias.com\/wp-content\/uploads\/2022\/12\/WhatsApp-Image-2022-12-03-at-4.28.45-PM-1024x668.jpeg\"},{\"@type\":\"BreadcrumbList\",\"@id\":\"https:\/\/luchonoticias.com\/editor\/policia-captura-otro-de-los-mas-buscados-de-neiva\/#breadcrumb\",\"itemListElement\":[{\"@type\":\"ListItem\",\"position\":1,\"name\":\"Portada\",\"item\":\"https:\/\/luchonoticias.com\/editor\/\"},{\"@type\":\"ListItem\",\"position\":2,\"name\":\"Polic\u00eda captura otro de los m\u00e1s buscados de Neiva\"}]},{\"@type\":\"WebSite\",\"@id\":\"https:\/\/luchonoticias.com\/editor\/#website\",\"url\":\"https:\/\/luchonoticias.com\/editor\/\",\"name\":\"\",\"description\":\"\",\"publisher\":{\"@id\":\"https:\/\/luchonoticias.com\/editor\/#\/schema\/person\/7a7fd911f58561fd056dbac7b55af9cd\"},\"potentialAction\":[{\"@type\":\"SearchAction\",\"target\":{\"@type\":\"EntryPoint\",\"urlTemplate\":\"https:\/\/luchonoticias.com\/editor\/?s={search_term_string}\"},\"query-input\":{\"@type\":\"PropertyValueSpecification\",\"valueRequired\":true,\"valueName\":\"search_term_string\"}}],\"inLanguage\":\"es\"},{\"@type\":[\"Person\",\"Organization\"],\"@id\":\"https:\/\/luchonoticias.com\/editor\/#\/schema\/person\/7a7fd911f58561fd056dbac7b55af9cd\",\"name\":\"admin\",\"image\":{\"@type\":\"ImageObject\",\"inLanguage\":\"es\",\"@id\":\"https:\/\/luchonoticias.com\/editor\/#\/schema\/person\/image\/\",\"url\":\"https:\/\/luchonoticias.com\/editor\/wp-content\/uploads\/2024\/02\/cropped-cropped-logolu.webp\",\"contentUrl\":\"https:\/\/luchonoticias.com\/editor\/wp-content\/uploads\/2024\/02\/cropped-cropped-logolu.webp\",\"width\":382,\"height\":170,\"caption\":\"admin\"},\"logo\":{\"@id\":\"https:\/\/luchonoticias.com\/editor\/#\/schema\/person\/image\/\"},\"sameAs\":[\"https:\/\/www.facebook.com\/luchonoticiasneiva\"],\"url\":\"https:\/\/luchonoticias.com\/editor\/author\/admin\/\"}]}<\/script>\n<!-- \/ Yoast SEO plugin. -->","yoast_head_json":{"title":"Polic\u00eda captura otro de los m\u00e1s buscados de Neiva -","robots":{"index":"index","follow":"follow","max-snippet":"max-snippet:-1","max-image-preview":"max-image-preview:large","max-video-preview":"max-video-preview:-1"},"canonical":"https:\/\/luchonoticias.com\/editor\/policia-captura-otro-de-los-mas-buscados-de-neiva\/","og_locale":"es_ES","og_type":"article","og_title":"Polic\u00eda captura otro de los m\u00e1s buscados de Neiva -","og_url":"https:\/\/luchonoticias.com\/editor\/policia-captura-otro-de-los-mas-buscados-de-neiva\/","article_publisher":"https:\/\/www.facebook.com\/luchonoticiasneiva","article_author":"https:\/\/www.facebook.com\/luchonoticiasneiva","article_published_time":"2022-12-04T11:48:06+00:00","article_modified_time":"2022-12-04T11:48:07+00:00","og_image":[{"url":"https:\/\/luchonoticias.com\/wp-content\/uploads\/2022\/12\/WhatsApp-Image-2022-12-03-at-4.28.45-PM-1024x668.jpeg","type":"","width":"","height":""}],"author":"admin","twitter_card":"summary_large_image","twitter_misc":{"Escrito por":"admin","Tiempo de lectura":"1 minuto"},"schema":{"@context":"https:\/\/schema.org","@graph":[{"@type":"Article","@id":"https:\/\/luchonoticias.com\/editor\/policia-captura-otro-de-los-mas-buscados-de-neiva\/#article","isPartOf":{"@id":"https:\/\/luchonoticias.com\/editor\/policia-captura-otro-de-los-mas-buscados-de-neiva\/"},"author":{"name":"admin","@id":"https:\/\/luchonoticias.com\/editor\/#\/schema\/person\/7a7fd911f58561fd056dbac7b55af9cd"},"headline":"Polic\u00eda captura otro de los m\u00e1s buscados de Neiva","datePublished":"2022-12-04T11:48:06+00:00","dateModified":"2022-12-04T11:48:07+00:00","mainEntityOfPage":{"@id":"https:\/\/luchonoticias.com\/editor\/policia-captura-otro-de-los-mas-buscados-de-neiva\/"},"wordCount":255,"commentCount":0,"publisher":{"@id":"https:\/\/luchonoticias.com\/editor\/#\/schema\/person\/7a7fd911f58561fd056dbac7b55af9cd"},"image":{"@id":"https:\/\/luchonoticias.com\/editor\/policia-captura-otro-de-los-mas-buscados-de-neiva\/#primaryimage"},"thumbnailUrl":"https:\/\/luchonoticias.com\/wp-content\/uploads\/2022\/12\/WhatsApp-Image-2022-12-03-at-4.28.45-PM-1024x668.jpeg","articleSection":["Destacado","Judicial"],"inLanguage":"es","potentialAction":[{"@type":"CommentAction","name":"Comment","target":["https:\/\/luchonoticias.com\/editor\/policia-captura-otro-de-los-mas-buscados-de-neiva\/#respond"]}]},{"@type":"WebPage","@id":"https:\/\/luchonoticias.com\/editor\/policia-captura-otro-de-los-mas-buscados-de-neiva\/","url":"https:\/\/luchonoticias.com\/editor\/policia-captura-otro-de-los-mas-buscados-de-neiva\/","name":"Polic\u00eda captura otro de los m\u00e1s buscados de Neiva -","isPartOf":{"@id":"https:\/\/luchonoticias.com\/editor\/#website"},"primaryImageOfPage":{"@id":"https:\/\/luchonoticias.com\/editor\/policia-captura-otro-de-los-mas-buscados-de-neiva\/#primaryimage"},"image":{"@id":"https:\/\/luchonoticias.com\/editor\/policia-captura-otro-de-los-mas-buscados-de-neiva\/#primaryimage"},"thumbnailUrl":"https:\/\/luchonoticias.com\/wp-content\/uploads\/2022\/12\/WhatsApp-Image-2022-12-03-at-4.28.45-PM-1024x668.jpeg","datePublished":"2022-12-04T11:48:06+00:00","dateModified":"2022-12-04T11:48:07+00:00","breadcrumb":{"@id":"https:\/\/luchonoticias.com\/editor\/policia-captura-otro-de-los-mas-buscados-de-neiva\/#breadcrumb"},"inLanguage":"es","potentialAction":[{"@type":"ReadAction","target":["https:\/\/luchonoticias.com\/editor\/policia-captura-otro-de-los-mas-buscados-de-neiva\/"]}]},{"@type":"ImageObject","inLanguage":"es","@id":"https:\/\/luchonoticias.com\/editor\/policia-captura-otro-de-los-mas-buscados-de-neiva\/#primaryimage","url":"https:\/\/luchonoticias.com\/wp-content\/uploads\/2022\/12\/WhatsApp-Image-2022-12-03-at-4.28.45-PM-1024x668.jpeg","contentUrl":"https:\/\/luchonoticias.com\/wp-content\/uploads\/2022\/12\/WhatsApp-Image-2022-12-03-at-4.28.45-PM-1024x668.jpeg"},{"@type":"BreadcrumbList","@id":"https:\/\/luchonoticias.com\/editor\/policia-captura-otro-de-los-mas-buscados-de-neiva\/#breadcrumb","itemListElement":[{"@type":"ListItem","position":1,"name":"Portada","item":"https:\/\/luchonoticias.com\/editor\/"},{"@type":"ListItem","position":2,"name":"Polic\u00eda captura otro de los m\u00e1s buscados de Neiva"}]},{"@type":"WebSite","@id":"https:\/\/luchonoticias.com\/editor\/#website","url":"https:\/\/luchonoticias.com\/editor\/","name":"","description":"","publisher":{"@id":"https:\/\/luchonoticias.com\/editor\/#\/schema\/person\/7a7fd911f58561fd056dbac7b55af9cd"},"potentialAction":[{"@type":"SearchAction","target":{"@type":"EntryPoint","urlTemplate":"https:\/\/luchonoticias.com\/editor\/?s={search_term_string}"},"query-input":{"@type":"PropertyValueSpecification","valueRequired":true,"valueName":"search_term_string"}}],"inLanguage":"es"},{"@type":["Person","Organization"],"@id":"https:\/\/luchonoticias.com\/editor\/#\/schema\/person\/7a7fd911f58561fd056dbac7b55af9cd","name":"admin","image":{"@type":"ImageObject","inLanguage":"es","@id":"https:\/\/luchonoticias.com\/editor\/#\/schema\/person\/image\/","url":"https:\/\/luchonoticias.com\/editor\/wp-content\/uploads\/2024\/02\/cropped-cropped-logolu.webp","contentUrl":"https:\/\/luchonoticias.com\/editor\/wp-content\/uploads\/2024\/02\/cropped-cropped-logolu.webp","width":382,"height":170,"caption":"admin"},"logo":{"@id":"https:\/\/luchonoticias.com\/editor\/#\/schema\/person\/image\/"},"sameAs":["https:\/\/www.facebook.com\/luchonoticiasneiva"],"url":"https:\/\/luchonoticias.com\/editor\/author\/admin\/"}]}},"_links":{"self":[{"href":"https:\/\/luchonoticias.com\/editor\/wp-json\/wp\/v2\/posts\/41151","targetHints":{"allow":["GET"]}}],"collection":[{"href":"https:\/\/luchonoticias.com\/editor\/wp-json\/wp\/v2\/posts"}],"about":[{"href":"https:\/\/luchonoticias.com\/editor\/wp-json\/wp\/v2\/types\/post"}],"author":[{"embeddable":true,"href":"https:\/\/luchonoticias.com\/editor\/wp-json\/wp\/v2\/users\/1"}],"replies":[{"embeddable":true,"href":"https:\/\/luchonoticias.com\/editor\/wp-json\/wp\/v2\/comments?post=41151"}],"version-history":[{"count":0,"href":"https:\/\/luchonoticias.com\/editor\/wp-json\/wp\/v2\/posts\/41151\/revisions"}],"wp:attachment":[{"href":"https:\/\/luchonoticias.com\/editor\/wp-json\/wp\/v2\/media?parent=41151"}],"wp:term":[{"taxonomy":"category","embeddable":true,"href":"https:\/\/luchonoticias.com\/editor\/wp-json\/wp\/v2\/categories?post=41151"},{"taxonomy":"post_tag","embeddable":true,"href":"https:\/\/luchonoticias.com\/editor\/wp-json\/wp\/v2\/tags?post=41151"}],"curies":[{"name":"wp","href":"https:\/\/api.w.org\/{rel}","templated":true}]}}