{"id":41155,"date":"2022-12-04T06:55:25","date_gmt":"2022-12-04T11:55:25","guid":{"rendered":"https:\/\/luchonoticias.com\/?p=41155"},"modified":"2022-12-04T06:55:25","modified_gmt":"2022-12-04T11:55:25","slug":"primer-acuerdo-con-el-eln-que-permite-retorno-de-comunidades-indigenas-emberas-petro","status":"publish","type":"post","link":"https:\/\/luchonoticias.com\/editor\/primer-acuerdo-con-el-eln-que-permite-retorno-de-comunidades-indigenas-emberas-petro\/","title":{"rendered":"Primer acuerdo con el ELN que permite retorno de comunidades ind\u00edgenas emberas: Petro"},"content":{"rendered":"\n<p>El Presidente Gustavo Petro pidi\u00f3 este s\u00e1bado ampliar a otros territorios del pa\u00eds el primer acuerdo logrado entre el Gobierno Nacional y el ELN, mediante el cual esa organizaci\u00f3n facilitar\u00e1 el retorno de comunidades emberas desplazadas a sus lugares de origen, entre ellos el municipio de Murind\u00f3, Antioquia.<\/p>\n\n\n\n<p>As\u00ed lo afirm\u00f3 el Mandatario al intervenir en el Encuentro de Dirigentes del Occidente Antioque\u00f1o, evento que se realiz\u00f3 en Dabeiba, donde recalc\u00f3 que el Gobierno del Cambio no puede permitir que la violencia convierta a Murind\u00f3 en un municipio moribundo.<\/p>\n\n\n\n<p>Al respecto, el Jefe de Estado expres\u00f3: \u201cMurind\u00f3, indudablemente, es un municipio excluido en Antioquia. No deber\u00eda ser as\u00ed. Murind\u00f3 es de mayor\u00edas \u00e9tnicas: ind\u00edgenas y afros. Murind\u00f3 tambi\u00e9n pol\u00edticamente no se comporta como la mayor\u00eda de los municipios de Antioquia. Murind\u00f3 es un municipio organizado socialmente y afectado por la violencia, y la violencia pr\u00e1cticamente est\u00e1 desplazando a su poblaci\u00f3n\u201d.<\/p>\n\n\n\n<p>\u201cHan vuelto a Murind\u00f3 un municipio moribundo, y nosotros no podemos permitir eso\u201d, reiter\u00f3.<\/p>\n\n\n\n<figure class=\"wp-block-image size-large is-resized\"><img loading=\"lazy\" decoding=\"async\" src=\"https:\/\/luchonoticias.com\/wp-content\/uploads\/2022\/12\/221203-03-XXIV-Encuentro-Dirigentes-Occidente-Antioqueno-1280-1024x576.jpg\" alt=\"\" class=\"wp-image-41158\" width=\"840\" height=\"472\"\/><figcaption class=\"wp-element-caption\"><em>\u00a0\u201cEl retorno debe ser posible en todo el territorio nacional para cualquier grupo \u00e9tnico de la poblaci\u00f3n\u201d, afirm\u00f3 el Mandatario desde Dabeiba, Antioquia.<\/em><\/figcaption><\/figure>\n\n\n\n<p>En su discurso, el Jefe de Estado record\u00f3 que el pueblo embera ha sido afectado por distintos actores de la violencia, \u201cquit\u00e1ndoles la tranquilidad de vivir en sus territorios\u201d.<\/p>\n\n\n\n<p>Frente a esta situaci\u00f3n, destac\u00f3 el acuerdo logrado entre el Gobierno Nacional y el ELN, en cuesti\u00f3n de una semana, en el marco de los di\u00e1logos de paz que se llevan a cabo en Caracas, Venezuela.<\/p>\n\n\n\n<p>\u201cCon el ELN se ha empezado una conversaci\u00f3n, un di\u00e1logo de paz. El primer punto de acuerdo que logramos con el ELN, en escasamente una semana que llevan estos di\u00e1logos, es que se permite el regreso de las poblaciones desplazadas por esa organizaci\u00f3n de territorios ind\u00edgenas emberas a sus resguardos, con garant\u00eda de no repetici\u00f3n y de retorno\u201d, precis\u00f3.<\/p>\n\n\n\n<p>\u201cEsto hay que aplicarlo a otras poblaciones. Es decir, el retorno debe ser posible en todo el territorio nacional para cualquier grupo \u00e9tnico de la poblaci\u00f3n\u201d, dijo.<\/p>\n\n\n\n<p>Puntualiz\u00f3 que se requiere \u201cel cese de la hostilidad sobre la poblaci\u00f3n en Murind\u00f3, de tal manera que su poblaci\u00f3n afro e ind\u00edgena pueda por lo menos empezar a vivir en paz\u201d, como un paso necesario para encontrar opciones de desarrollo que beneficien a esta poblaci\u00f3n excluida.<\/p>\n","protected":false},"excerpt":{"rendered":"<p>El Presidente Gustavo Petro pidi\u00f3 este s\u00e1bado ampliar a otros territorios del pa\u00eds el primer acuerdo logrado entre el Gobierno Nacional y el ELN, mediante el cual esa organizaci\u00f3n facilitar\u00e1 el retorno de comunidades emberas desplazadas a sus lugares de origen, entre ellos el municipio de Murind\u00f3, Antioquia. As\u00ed lo afirm\u00f3 el Mandatario al intervenir [&hellip;]<\/p>\n","protected":false},"author":1,"featured_media":0,"comment_status":"open","ping_status":"open","sticky":false,"template":"","format":"standard","meta":{"footnotes":""},"categories":[36,32],"tags":[],"class_list":["post-41155","post","type-post","status-publish","format-standard","hentry","category-destacado","category-nacional"],"yoast_head":"<!-- This site is optimized with the Yoast SEO plugin v26.6 - https:\/\/yoast.com\/wordpress\/plugins\/seo\/ -->\n<title>Primer acuerdo con el ELN que permite retorno de comunidades ind\u00edgenas emberas: Petro -<\/title>\n<meta name=\"robots\" content=\"index, follow, max-snippet:-1, max-image-preview:large, max-video-preview:-1\" \/>\n<link rel=\"canonical\" href=\"https:\/\/luchonoticias.com\/editor\/primer-acuerdo-con-el-eln-que-permite-retorno-de-comunidades-indigenas-emberas-petro\/\" \/>\n<meta property=\"og:locale\" content=\"es_ES\" \/>\n<meta property=\"og:type\" content=\"article\" \/>\n<meta property=\"og:title\" content=\"Primer acuerdo con el ELN que permite retorno de comunidades ind\u00edgenas emberas: Petro -\" \/>\n<meta property=\"og:url\" content=\"https:\/\/luchonoticias.com\/editor\/primer-acuerdo-con-el-eln-que-permite-retorno-de-comunidades-indigenas-emberas-petro\/\" \/>\n<meta property=\"article:publisher\" content=\"https:\/\/www.facebook.com\/luchonoticiasneiva\" \/>\n<meta property=\"article:author\" content=\"https:\/\/www.facebook.com\/luchonoticiasneiva\" \/>\n<meta property=\"article:published_time\" content=\"2022-12-04T11:55:25+00:00\" \/>\n<meta property=\"og:image\" content=\"https:\/\/luchonoticias.com\/wp-content\/uploads\/2022\/12\/221203-03-XXIV-Encuentro-Dirigentes-Occidente-Antioqueno-1280-1024x576.jpg\" \/>\n<meta name=\"author\" content=\"admin\" \/>\n<meta name=\"twitter:card\" content=\"summary_large_image\" \/>\n<meta name=\"twitter:label1\" content=\"Escrito por\" \/>\n\t<meta name=\"twitter:data1\" content=\"admin\" \/>\n\t<meta name=\"twitter:label2\" content=\"Tiempo de lectura\" \/>\n\t<meta name=\"twitter:data2\" content=\"2 minutos\" \/>\n<script type=\"application\/ld+json\" class=\"yoast-schema-graph\">{\"@context\":\"https:\/\/schema.org\",\"@graph\":[{\"@type\":\"Article\",\"@id\":\"https:\/\/luchonoticias.com\/editor\/primer-acuerdo-con-el-eln-que-permite-retorno-de-comunidades-indigenas-emberas-petro\/#article\",\"isPartOf\":{\"@id\":\"https:\/\/luchonoticias.com\/editor\/primer-acuerdo-con-el-eln-que-permite-retorno-de-comunidades-indigenas-emberas-petro\/\"},\"author\":{\"name\":\"admin\",\"@id\":\"https:\/\/luchonoticias.com\/editor\/#\/schema\/person\/7a7fd911f58561fd056dbac7b55af9cd\"},\"headline\":\"Primer acuerdo con el ELN que permite retorno de comunidades ind\u00edgenas emberas: Petro\",\"datePublished\":\"2022-12-04T11:55:25+00:00\",\"mainEntityOfPage\":{\"@id\":\"https:\/\/luchonoticias.com\/editor\/primer-acuerdo-con-el-eln-que-permite-retorno-de-comunidades-indigenas-emberas-petro\/\"},\"wordCount\":428,\"commentCount\":0,\"publisher\":{\"@id\":\"https:\/\/luchonoticias.com\/editor\/#\/schema\/person\/7a7fd911f58561fd056dbac7b55af9cd\"},\"image\":{\"@id\":\"https:\/\/luchonoticias.com\/editor\/primer-acuerdo-con-el-eln-que-permite-retorno-de-comunidades-indigenas-emberas-petro\/#primaryimage\"},\"thumbnailUrl\":\"https:\/\/luchonoticias.com\/wp-content\/uploads\/2022\/12\/221203-03-XXIV-Encuentro-Dirigentes-Occidente-Antioqueno-1280-1024x576.jpg\",\"articleSection\":[\"Destacado\",\"Nacional\"],\"inLanguage\":\"es\",\"potentialAction\":[{\"@type\":\"CommentAction\",\"name\":\"Comment\",\"target\":[\"https:\/\/luchonoticias.com\/editor\/primer-acuerdo-con-el-eln-que-permite-retorno-de-comunidades-indigenas-emberas-petro\/#respond\"]}]},{\"@type\":\"WebPage\",\"@id\":\"https:\/\/luchonoticias.com\/editor\/primer-acuerdo-con-el-eln-que-permite-retorno-de-comunidades-indigenas-emberas-petro\/\",\"url\":\"https:\/\/luchonoticias.com\/editor\/primer-acuerdo-con-el-eln-que-permite-retorno-de-comunidades-indigenas-emberas-petro\/\",\"name\":\"Primer acuerdo con el ELN que permite retorno de comunidades ind\u00edgenas emberas: Petro -\",\"isPartOf\":{\"@id\":\"https:\/\/luchonoticias.com\/editor\/#website\"},\"primaryImageOfPage\":{\"@id\":\"https:\/\/luchonoticias.com\/editor\/primer-acuerdo-con-el-eln-que-permite-retorno-de-comunidades-indigenas-emberas-petro\/#primaryimage\"},\"image\":{\"@id\":\"https:\/\/luchonoticias.com\/editor\/primer-acuerdo-con-el-eln-que-permite-retorno-de-comunidades-indigenas-emberas-petro\/#primaryimage\"},\"thumbnailUrl\":\"https:\/\/luchonoticias.com\/wp-content\/uploads\/2022\/12\/221203-03-XXIV-Encuentro-Dirigentes-Occidente-Antioqueno-1280-1024x576.jpg\",\"datePublished\":\"2022-12-04T11:55:25+00:00\",\"breadcrumb\":{\"@id\":\"https:\/\/luchonoticias.com\/editor\/primer-acuerdo-con-el-eln-que-permite-retorno-de-comunidades-indigenas-emberas-petro\/#breadcrumb\"},\"inLanguage\":\"es\",\"potentialAction\":[{\"@type\":\"ReadAction\",\"target\":[\"https:\/\/luchonoticias.com\/editor\/primer-acuerdo-con-el-eln-que-permite-retorno-de-comunidades-indigenas-emberas-petro\/\"]}]},{\"@type\":\"ImageObject\",\"inLanguage\":\"es\",\"@id\":\"https:\/\/luchonoticias.com\/editor\/primer-acuerdo-con-el-eln-que-permite-retorno-de-comunidades-indigenas-emberas-petro\/#primaryimage\",\"url\":\"https:\/\/luchonoticias.com\/wp-content\/uploads\/2022\/12\/221203-03-XXIV-Encuentro-Dirigentes-Occidente-Antioqueno-1280-1024x576.jpg\",\"contentUrl\":\"https:\/\/luchonoticias.com\/wp-content\/uploads\/2022\/12\/221203-03-XXIV-Encuentro-Dirigentes-Occidente-Antioqueno-1280-1024x576.jpg\"},{\"@type\":\"BreadcrumbList\",\"@id\":\"https:\/\/luchonoticias.com\/editor\/primer-acuerdo-con-el-eln-que-permite-retorno-de-comunidades-indigenas-emberas-petro\/#breadcrumb\",\"itemListElement\":[{\"@type\":\"ListItem\",\"position\":1,\"name\":\"Portada\",\"item\":\"https:\/\/luchonoticias.com\/editor\/\"},{\"@type\":\"ListItem\",\"position\":2,\"name\":\"Primer acuerdo con el ELN que permite retorno de comunidades ind\u00edgenas emberas: Petro\"}]},{\"@type\":\"WebSite\",\"@id\":\"https:\/\/luchonoticias.com\/editor\/#website\",\"url\":\"https:\/\/luchonoticias.com\/editor\/\",\"name\":\"\",\"description\":\"\",\"publisher\":{\"@id\":\"https:\/\/luchonoticias.com\/editor\/#\/schema\/person\/7a7fd911f58561fd056dbac7b55af9cd\"},\"potentialAction\":[{\"@type\":\"SearchAction\",\"target\":{\"@type\":\"EntryPoint\",\"urlTemplate\":\"https:\/\/luchonoticias.com\/editor\/?s={search_term_string}\"},\"query-input\":{\"@type\":\"PropertyValueSpecification\",\"valueRequired\":true,\"valueName\":\"search_term_string\"}}],\"inLanguage\":\"es\"},{\"@type\":[\"Person\",\"Organization\"],\"@id\":\"https:\/\/luchonoticias.com\/editor\/#\/schema\/person\/7a7fd911f58561fd056dbac7b55af9cd\",\"name\":\"admin\",\"image\":{\"@type\":\"ImageObject\",\"inLanguage\":\"es\",\"@id\":\"https:\/\/luchonoticias.com\/editor\/#\/schema\/person\/image\/\",\"url\":\"https:\/\/luchonoticias.com\/editor\/wp-content\/uploads\/2024\/02\/cropped-cropped-logolu.webp\",\"contentUrl\":\"https:\/\/luchonoticias.com\/editor\/wp-content\/uploads\/2024\/02\/cropped-cropped-logolu.webp\",\"width\":382,\"height\":170,\"caption\":\"admin\"},\"logo\":{\"@id\":\"https:\/\/luchonoticias.com\/editor\/#\/schema\/person\/image\/\"},\"sameAs\":[\"https:\/\/www.facebook.com\/luchonoticiasneiva\"],\"url\":\"https:\/\/luchonoticias.com\/editor\/author\/admin\/\"}]}<\/script>\n<!-- \/ Yoast SEO plugin. -->","yoast_head_json":{"title":"Primer acuerdo con el ELN que permite retorno de comunidades ind\u00edgenas emberas: Petro -","robots":{"index":"index","follow":"follow","max-snippet":"max-snippet:-1","max-image-preview":"max-image-preview:large","max-video-preview":"max-video-preview:-1"},"canonical":"https:\/\/luchonoticias.com\/editor\/primer-acuerdo-con-el-eln-que-permite-retorno-de-comunidades-indigenas-emberas-petro\/","og_locale":"es_ES","og_type":"article","og_title":"Primer acuerdo con el ELN que permite retorno de comunidades ind\u00edgenas emberas: Petro -","og_url":"https:\/\/luchonoticias.com\/editor\/primer-acuerdo-con-el-eln-que-permite-retorno-de-comunidades-indigenas-emberas-petro\/","article_publisher":"https:\/\/www.facebook.com\/luchonoticiasneiva","article_author":"https:\/\/www.facebook.com\/luchonoticiasneiva","article_published_time":"2022-12-04T11:55:25+00:00","og_image":[{"url":"https:\/\/luchonoticias.com\/wp-content\/uploads\/2022\/12\/221203-03-XXIV-Encuentro-Dirigentes-Occidente-Antioqueno-1280-1024x576.jpg","type":"","width":"","height":""}],"author":"admin","twitter_card":"summary_large_image","twitter_misc":{"Escrito por":"admin","Tiempo de lectura":"2 minutos"},"schema":{"@context":"https:\/\/schema.org","@graph":[{"@type":"Article","@id":"https:\/\/luchonoticias.com\/editor\/primer-acuerdo-con-el-eln-que-permite-retorno-de-comunidades-indigenas-emberas-petro\/#article","isPartOf":{"@id":"https:\/\/luchonoticias.com\/editor\/primer-acuerdo-con-el-eln-que-permite-retorno-de-comunidades-indigenas-emberas-petro\/"},"author":{"name":"admin","@id":"https:\/\/luchonoticias.com\/editor\/#\/schema\/person\/7a7fd911f58561fd056dbac7b55af9cd"},"headline":"Primer acuerdo con el ELN que permite retorno de comunidades ind\u00edgenas emberas: Petro","datePublished":"2022-12-04T11:55:25+00:00","mainEntityOfPage":{"@id":"https:\/\/luchonoticias.com\/editor\/primer-acuerdo-con-el-eln-que-permite-retorno-de-comunidades-indigenas-emberas-petro\/"},"wordCount":428,"commentCount":0,"publisher":{"@id":"https:\/\/luchonoticias.com\/editor\/#\/schema\/person\/7a7fd911f58561fd056dbac7b55af9cd"},"image":{"@id":"https:\/\/luchonoticias.com\/editor\/primer-acuerdo-con-el-eln-que-permite-retorno-de-comunidades-indigenas-emberas-petro\/#primaryimage"},"thumbnailUrl":"https:\/\/luchonoticias.com\/wp-content\/uploads\/2022\/12\/221203-03-XXIV-Encuentro-Dirigentes-Occidente-Antioqueno-1280-1024x576.jpg","articleSection":["Destacado","Nacional"],"inLanguage":"es","potentialAction":[{"@type":"CommentAction","name":"Comment","target":["https:\/\/luchonoticias.com\/editor\/primer-acuerdo-con-el-eln-que-permite-retorno-de-comunidades-indigenas-emberas-petro\/#respond"]}]},{"@type":"WebPage","@id":"https:\/\/luchonoticias.com\/editor\/primer-acuerdo-con-el-eln-que-permite-retorno-de-comunidades-indigenas-emberas-petro\/","url":"https:\/\/luchonoticias.com\/editor\/primer-acuerdo-con-el-eln-que-permite-retorno-de-comunidades-indigenas-emberas-petro\/","name":"Primer acuerdo con el ELN que permite retorno de comunidades ind\u00edgenas emberas: Petro -","isPartOf":{"@id":"https:\/\/luchonoticias.com\/editor\/#website"},"primaryImageOfPage":{"@id":"https:\/\/luchonoticias.com\/editor\/primer-acuerdo-con-el-eln-que-permite-retorno-de-comunidades-indigenas-emberas-petro\/#primaryimage"},"image":{"@id":"https:\/\/luchonoticias.com\/editor\/primer-acuerdo-con-el-eln-que-permite-retorno-de-comunidades-indigenas-emberas-petro\/#primaryimage"},"thumbnailUrl":"https:\/\/luchonoticias.com\/wp-content\/uploads\/2022\/12\/221203-03-XXIV-Encuentro-Dirigentes-Occidente-Antioqueno-1280-1024x576.jpg","datePublished":"2022-12-04T11:55:25+00:00","breadcrumb":{"@id":"https:\/\/luchonoticias.com\/editor\/primer-acuerdo-con-el-eln-que-permite-retorno-de-comunidades-indigenas-emberas-petro\/#breadcrumb"},"inLanguage":"es","potentialAction":[{"@type":"ReadAction","target":["https:\/\/luchonoticias.com\/editor\/primer-acuerdo-con-el-eln-que-permite-retorno-de-comunidades-indigenas-emberas-petro\/"]}]},{"@type":"ImageObject","inLanguage":"es","@id":"https:\/\/luchonoticias.com\/editor\/primer-acuerdo-con-el-eln-que-permite-retorno-de-comunidades-indigenas-emberas-petro\/#primaryimage","url":"https:\/\/luchonoticias.com\/wp-content\/uploads\/2022\/12\/221203-03-XXIV-Encuentro-Dirigentes-Occidente-Antioqueno-1280-1024x576.jpg","contentUrl":"https:\/\/luchonoticias.com\/wp-content\/uploads\/2022\/12\/221203-03-XXIV-Encuentro-Dirigentes-Occidente-Antioqueno-1280-1024x576.jpg"},{"@type":"BreadcrumbList","@id":"https:\/\/luchonoticias.com\/editor\/primer-acuerdo-con-el-eln-que-permite-retorno-de-comunidades-indigenas-emberas-petro\/#breadcrumb","itemListElement":[{"@type":"ListItem","position":1,"name":"Portada","item":"https:\/\/luchonoticias.com\/editor\/"},{"@type":"ListItem","position":2,"name":"Primer acuerdo con el ELN que permite retorno de comunidades ind\u00edgenas emberas: Petro"}]},{"@type":"WebSite","@id":"https:\/\/luchonoticias.com\/editor\/#website","url":"https:\/\/luchonoticias.com\/editor\/","name":"","description":"","publisher":{"@id":"https:\/\/luchonoticias.com\/editor\/#\/schema\/person\/7a7fd911f58561fd056dbac7b55af9cd"},"potentialAction":[{"@type":"SearchAction","target":{"@type":"EntryPoint","urlTemplate":"https:\/\/luchonoticias.com\/editor\/?s={search_term_string}"},"query-input":{"@type":"PropertyValueSpecification","valueRequired":true,"valueName":"search_term_string"}}],"inLanguage":"es"},{"@type":["Person","Organization"],"@id":"https:\/\/luchonoticias.com\/editor\/#\/schema\/person\/7a7fd911f58561fd056dbac7b55af9cd","name":"admin","image":{"@type":"ImageObject","inLanguage":"es","@id":"https:\/\/luchonoticias.com\/editor\/#\/schema\/person\/image\/","url":"https:\/\/luchonoticias.com\/editor\/wp-content\/uploads\/2024\/02\/cropped-cropped-logolu.webp","contentUrl":"https:\/\/luchonoticias.com\/editor\/wp-content\/uploads\/2024\/02\/cropped-cropped-logolu.webp","width":382,"height":170,"caption":"admin"},"logo":{"@id":"https:\/\/luchonoticias.com\/editor\/#\/schema\/person\/image\/"},"sameAs":["https:\/\/www.facebook.com\/luchonoticiasneiva"],"url":"https:\/\/luchonoticias.com\/editor\/author\/admin\/"}]}},"_links":{"self":[{"href":"https:\/\/luchonoticias.com\/editor\/wp-json\/wp\/v2\/posts\/41155","targetHints":{"allow":["GET"]}}],"collection":[{"href":"https:\/\/luchonoticias.com\/editor\/wp-json\/wp\/v2\/posts"}],"about":[{"href":"https:\/\/luchonoticias.com\/editor\/wp-json\/wp\/v2\/types\/post"}],"author":[{"embeddable":true,"href":"https:\/\/luchonoticias.com\/editor\/wp-json\/wp\/v2\/users\/1"}],"replies":[{"embeddable":true,"href":"https:\/\/luchonoticias.com\/editor\/wp-json\/wp\/v2\/comments?post=41155"}],"version-history":[{"count":0,"href":"https:\/\/luchonoticias.com\/editor\/wp-json\/wp\/v2\/posts\/41155\/revisions"}],"wp:attachment":[{"href":"https:\/\/luchonoticias.com\/editor\/wp-json\/wp\/v2\/media?parent=41155"}],"wp:term":[{"taxonomy":"category","embeddable":true,"href":"https:\/\/luchonoticias.com\/editor\/wp-json\/wp\/v2\/categories?post=41155"},{"taxonomy":"post_tag","embeddable":true,"href":"https:\/\/luchonoticias.com\/editor\/wp-json\/wp\/v2\/tags?post=41155"}],"curies":[{"name":"wp","href":"https:\/\/api.w.org\/{rel}","templated":true}]}}