{"id":41160,"date":"2022-12-04T06:59:25","date_gmt":"2022-12-04T11:59:25","guid":{"rendered":"https:\/\/luchonoticias.com\/?p=41160"},"modified":"2022-12-04T06:59:26","modified_gmt":"2022-12-04T11:59:26","slug":"se-realizo-el-ultimo-mercado-campesino-del-ano-del-2022","status":"publish","type":"post","link":"https:\/\/luchonoticias.com\/editor\/se-realizo-el-ultimo-mercado-campesino-del-ano-del-2022\/","title":{"rendered":"Se realiz\u00f3 el \u00faltimo mercado campesino del a\u00f1o del 2022"},"content":{"rendered":"\n<p>Este es el mejor espacio que se logra gracias a la articulaci\u00f3n de varias instituciones con el fin de apoyar a los agricultores del Huila, pues los productos se venden sin intermediarios, frescos y al mejor precio, pues no est\u00e1n gravados con el iva.&nbsp;<\/p>\n\n\n\n<p>Un excelente balance se ha entregado al finalizar este a\u00f1o 2022 en lo que tiene que ver con los mercados campesinos realizados en la gobernaci\u00f3n del Huila, logrando ventas de todos los productos y dinamizando la econom\u00eda de este sector, los resultados los entreg\u00f3 Lina Mar\u00eda Saavedra, profesional de la vicerrector\u00eda de investigaci\u00f3n y proyecci\u00f3n social de la Universidad Surcolombiana.<\/p>\n\n\n\n<figure class=\"wp-block-gallery has-nested-images columns-default is-cropped wp-block-gallery-1 is-layout-flex wp-block-gallery-is-layout-flex\">\n<figure class=\"wp-block-image size-large\"><img decoding=\"async\" data-id=\"41163\" src=\"https:\/\/luchonoticias.com\/wp-content\/uploads\/2022\/12\/WhatsApp-Image-2022-12-03-at-5.27.37-PM-1024x678.jpeg\" alt=\"\" class=\"wp-image-41163\"\/><\/figure>\n\n\n\n<figure class=\"wp-block-image size-large\"><img decoding=\"async\" data-id=\"41164\" src=\"https:\/\/luchonoticias.com\/wp-content\/uploads\/2022\/12\/WhatsApp-Image-2022-12-03-at-5.27.12-PM-1024x678.jpeg\" alt=\"\" class=\"wp-image-41164\"\/><\/figure>\n\n\n\n<figure class=\"wp-block-image size-large\"><img decoding=\"async\" data-id=\"41162\" src=\"https:\/\/luchonoticias.com\/wp-content\/uploads\/2022\/12\/WhatsApp-Image-2022-12-03-at-5.27.08-PM-1024x678.jpeg\" alt=\"\" class=\"wp-image-41162\"\/><\/figure>\n<\/figure>\n\n\n\n<p>\u201cEste espacio ha sido muy importante porque son circuitos cortos que se han realizado en articulaci\u00f3n con la Gobernaci\u00f3n del Huila, la Universidad Surcolombiana, la Agencia de Desarrollo Rural, la C\u00e1mara de Comercio, la CAM y el Sena, en esta articulaci\u00f3n hemos tratado de darle la oportunidad a estos peque\u00f1os productores para que traigan sus productos directamente del campo, el balance ha sido muy positivo pues las ventas han oscilado entre 15 y 16 millones por cada evento que se ha realizado\u201d.<\/p>\n\n\n\n<p>Para el pr\u00f3ximo a\u00f1o se seguir\u00e1n realizando los mercados campesinos y la invitaci\u00f3n es a seguir apoyando el agro huilense comprando en estos espacios ya que se incentiva el cultivo de alimentos y el apoyo a muchas familias de las zonas rurales.<\/p>\n\n\n\n<p>\u201cvengo de la vereda el Cedral de Vega Larga, del municipio de Neiva, los productos que estoy ofreciendo el d\u00eda de hoy es la yuca, el aguacate, el bolo, la uchuva, el banano, lim\u00f3n, naranja, guineo, auyama, frijol verde, son productos totalmente org\u00e1nicos, productos directamente del campo, no somos intermediarios de nadie, nosotros mismos cosechamos los productos y le vendemos a la gente\u201d, resalt\u00f3 Maricela P\u00e9rez D\u00edaz.<\/p>\n\n\n\n<figure class=\"wp-block-gallery has-nested-images columns-default is-cropped wp-block-gallery-2 is-layout-flex wp-block-gallery-is-layout-flex\">\n<figure class=\"wp-block-image size-large\"><img decoding=\"async\" data-id=\"41165\" src=\"https:\/\/luchonoticias.com\/wp-content\/uploads\/2022\/12\/WhatsApp-Image-2022-12-03-at-5.27.40-PM-1024x678.jpeg\" alt=\"\" class=\"wp-image-41165\"\/><\/figure>\n\n\n\n<figure class=\"wp-block-image size-large\"><img decoding=\"async\" data-id=\"41166\" src=\"https:\/\/luchonoticias.com\/wp-content\/uploads\/2022\/12\/WhatsApp-Image-2022-12-03-at-5.27.14-PM-1024x678.jpeg\" alt=\"\" class=\"wp-image-41166\"\/><\/figure>\n<\/figure>\n\n\n\n<p>De igual manera estos son los espacios ideales para adquirir productos sanos y libres de qu\u00edmicos &nbsp;pesticidas debido a la transici\u00f3n que vienen haciendo los&nbsp; productores agropecuarios huilenses adoptando maneras limpias de producci\u00f3n, disminuyendo la contaminaci\u00f3n ambiental, y comercializando productos org\u00e1nicos que hoy tienen una interesante demanda.<\/p>\n","protected":false},"excerpt":{"rendered":"<p>Este es el mejor espacio que se logra gracias a la articulaci\u00f3n de varias instituciones con el fin de apoyar a los agricultores del Huila, pues los productos se venden sin intermediarios, frescos y al mejor precio, pues no est\u00e1n gravados con el iva.&nbsp; Un excelente balance se ha entregado al finalizar este a\u00f1o 2022 [&hellip;]<\/p>\n","protected":false},"author":1,"featured_media":0,"comment_status":"open","ping_status":"open","sticky":false,"template":"","format":"standard","meta":{"footnotes":""},"categories":[36,35],"tags":[],"class_list":["post-41160","post","type-post","status-publish","format-standard","hentry","category-destacado","category-regional"],"yoast_head":"<!-- This site is optimized with the Yoast SEO plugin v26.6 - https:\/\/yoast.com\/wordpress\/plugins\/seo\/ -->\n<title>Se realiz\u00f3 el \u00faltimo mercado campesino del a\u00f1o del 2022 -<\/title>\n<meta name=\"robots\" content=\"index, follow, max-snippet:-1, max-image-preview:large, max-video-preview:-1\" \/>\n<link rel=\"canonical\" href=\"https:\/\/luchonoticias.com\/editor\/se-realizo-el-ultimo-mercado-campesino-del-ano-del-2022\/\" \/>\n<meta property=\"og:locale\" content=\"es_ES\" \/>\n<meta property=\"og:type\" content=\"article\" \/>\n<meta property=\"og:title\" content=\"Se realiz\u00f3 el \u00faltimo mercado campesino del a\u00f1o del 2022 -\" \/>\n<meta property=\"og:url\" content=\"https:\/\/luchonoticias.com\/editor\/se-realizo-el-ultimo-mercado-campesino-del-ano-del-2022\/\" \/>\n<meta property=\"article:publisher\" content=\"https:\/\/www.facebook.com\/luchonoticiasneiva\" \/>\n<meta property=\"article:author\" content=\"https:\/\/www.facebook.com\/luchonoticiasneiva\" \/>\n<meta property=\"article:published_time\" content=\"2022-12-04T11:59:25+00:00\" \/>\n<meta property=\"article:modified_time\" content=\"2022-12-04T11:59:26+00:00\" \/>\n<meta property=\"og:image\" content=\"https:\/\/luchonoticias.com\/wp-content\/uploads\/2022\/12\/WhatsApp-Image-2022-12-03-at-5.27.37-PM-1024x678.jpeg\" \/>\n<meta name=\"author\" content=\"admin\" \/>\n<meta name=\"twitter:card\" content=\"summary_large_image\" \/>\n<meta name=\"twitter:label1\" content=\"Escrito por\" \/>\n\t<meta name=\"twitter:data1\" content=\"admin\" \/>\n\t<meta name=\"twitter:label2\" content=\"Tiempo de lectura\" \/>\n\t<meta name=\"twitter:data2\" content=\"2 minutos\" \/>\n<script type=\"application\/ld+json\" class=\"yoast-schema-graph\">{\"@context\":\"https:\/\/schema.org\",\"@graph\":[{\"@type\":\"Article\",\"@id\":\"https:\/\/luchonoticias.com\/editor\/se-realizo-el-ultimo-mercado-campesino-del-ano-del-2022\/#article\",\"isPartOf\":{\"@id\":\"https:\/\/luchonoticias.com\/editor\/se-realizo-el-ultimo-mercado-campesino-del-ano-del-2022\/\"},\"author\":{\"name\":\"admin\",\"@id\":\"https:\/\/luchonoticias.com\/editor\/#\/schema\/person\/7a7fd911f58561fd056dbac7b55af9cd\"},\"headline\":\"Se realiz\u00f3 el \u00faltimo mercado campesino del a\u00f1o del 2022\",\"datePublished\":\"2022-12-04T11:59:25+00:00\",\"dateModified\":\"2022-12-04T11:59:26+00:00\",\"mainEntityOfPage\":{\"@id\":\"https:\/\/luchonoticias.com\/editor\/se-realizo-el-ultimo-mercado-campesino-del-ano-del-2022\/\"},\"wordCount\":380,\"commentCount\":0,\"publisher\":{\"@id\":\"https:\/\/luchonoticias.com\/editor\/#\/schema\/person\/7a7fd911f58561fd056dbac7b55af9cd\"},\"image\":{\"@id\":\"https:\/\/luchonoticias.com\/editor\/se-realizo-el-ultimo-mercado-campesino-del-ano-del-2022\/#primaryimage\"},\"thumbnailUrl\":\"https:\/\/luchonoticias.com\/wp-content\/uploads\/2022\/12\/WhatsApp-Image-2022-12-03-at-5.27.37-PM-1024x678.jpeg\",\"articleSection\":[\"Destacado\",\"Regional\"],\"inLanguage\":\"es\",\"potentialAction\":[{\"@type\":\"CommentAction\",\"name\":\"Comment\",\"target\":[\"https:\/\/luchonoticias.com\/editor\/se-realizo-el-ultimo-mercado-campesino-del-ano-del-2022\/#respond\"]}]},{\"@type\":\"WebPage\",\"@id\":\"https:\/\/luchonoticias.com\/editor\/se-realizo-el-ultimo-mercado-campesino-del-ano-del-2022\/\",\"url\":\"https:\/\/luchonoticias.com\/editor\/se-realizo-el-ultimo-mercado-campesino-del-ano-del-2022\/\",\"name\":\"Se realiz\u00f3 el \u00faltimo mercado campesino del a\u00f1o del 2022 -\",\"isPartOf\":{\"@id\":\"https:\/\/luchonoticias.com\/editor\/#website\"},\"primaryImageOfPage\":{\"@id\":\"https:\/\/luchonoticias.com\/editor\/se-realizo-el-ultimo-mercado-campesino-del-ano-del-2022\/#primaryimage\"},\"image\":{\"@id\":\"https:\/\/luchonoticias.com\/editor\/se-realizo-el-ultimo-mercado-campesino-del-ano-del-2022\/#primaryimage\"},\"thumbnailUrl\":\"https:\/\/luchonoticias.com\/wp-content\/uploads\/2022\/12\/WhatsApp-Image-2022-12-03-at-5.27.37-PM-1024x678.jpeg\",\"datePublished\":\"2022-12-04T11:59:25+00:00\",\"dateModified\":\"2022-12-04T11:59:26+00:00\",\"breadcrumb\":{\"@id\":\"https:\/\/luchonoticias.com\/editor\/se-realizo-el-ultimo-mercado-campesino-del-ano-del-2022\/#breadcrumb\"},\"inLanguage\":\"es\",\"potentialAction\":[{\"@type\":\"ReadAction\",\"target\":[\"https:\/\/luchonoticias.com\/editor\/se-realizo-el-ultimo-mercado-campesino-del-ano-del-2022\/\"]}]},{\"@type\":\"ImageObject\",\"inLanguage\":\"es\",\"@id\":\"https:\/\/luchonoticias.com\/editor\/se-realizo-el-ultimo-mercado-campesino-del-ano-del-2022\/#primaryimage\",\"url\":\"https:\/\/luchonoticias.com\/wp-content\/uploads\/2022\/12\/WhatsApp-Image-2022-12-03-at-5.27.37-PM-1024x678.jpeg\",\"contentUrl\":\"https:\/\/luchonoticias.com\/wp-content\/uploads\/2022\/12\/WhatsApp-Image-2022-12-03-at-5.27.37-PM-1024x678.jpeg\"},{\"@type\":\"BreadcrumbList\",\"@id\":\"https:\/\/luchonoticias.com\/editor\/se-realizo-el-ultimo-mercado-campesino-del-ano-del-2022\/#breadcrumb\",\"itemListElement\":[{\"@type\":\"ListItem\",\"position\":1,\"name\":\"Portada\",\"item\":\"https:\/\/luchonoticias.com\/editor\/\"},{\"@type\":\"ListItem\",\"position\":2,\"name\":\"Se realiz\u00f3 el \u00faltimo mercado campesino del a\u00f1o del 2022\"}]},{\"@type\":\"WebSite\",\"@id\":\"https:\/\/luchonoticias.com\/editor\/#website\",\"url\":\"https:\/\/luchonoticias.com\/editor\/\",\"name\":\"\",\"description\":\"\",\"publisher\":{\"@id\":\"https:\/\/luchonoticias.com\/editor\/#\/schema\/person\/7a7fd911f58561fd056dbac7b55af9cd\"},\"potentialAction\":[{\"@type\":\"SearchAction\",\"target\":{\"@type\":\"EntryPoint\",\"urlTemplate\":\"https:\/\/luchonoticias.com\/editor\/?s={search_term_string}\"},\"query-input\":{\"@type\":\"PropertyValueSpecification\",\"valueRequired\":true,\"valueName\":\"search_term_string\"}}],\"inLanguage\":\"es\"},{\"@type\":[\"Person\",\"Organization\"],\"@id\":\"https:\/\/luchonoticias.com\/editor\/#\/schema\/person\/7a7fd911f58561fd056dbac7b55af9cd\",\"name\":\"admin\",\"image\":{\"@type\":\"ImageObject\",\"inLanguage\":\"es\",\"@id\":\"https:\/\/luchonoticias.com\/editor\/#\/schema\/person\/image\/\",\"url\":\"https:\/\/luchonoticias.com\/editor\/wp-content\/uploads\/2024\/02\/cropped-cropped-logolu.webp\",\"contentUrl\":\"https:\/\/luchonoticias.com\/editor\/wp-content\/uploads\/2024\/02\/cropped-cropped-logolu.webp\",\"width\":382,\"height\":170,\"caption\":\"admin\"},\"logo\":{\"@id\":\"https:\/\/luchonoticias.com\/editor\/#\/schema\/person\/image\/\"},\"sameAs\":[\"https:\/\/www.facebook.com\/luchonoticiasneiva\"],\"url\":\"https:\/\/luchonoticias.com\/editor\/author\/admin\/\"}]}<\/script>\n<!-- \/ Yoast SEO plugin. -->","yoast_head_json":{"title":"Se realiz\u00f3 el \u00faltimo mercado campesino del a\u00f1o del 2022 -","robots":{"index":"index","follow":"follow","max-snippet":"max-snippet:-1","max-image-preview":"max-image-preview:large","max-video-preview":"max-video-preview:-1"},"canonical":"https:\/\/luchonoticias.com\/editor\/se-realizo-el-ultimo-mercado-campesino-del-ano-del-2022\/","og_locale":"es_ES","og_type":"article","og_title":"Se realiz\u00f3 el \u00faltimo mercado campesino del a\u00f1o del 2022 -","og_url":"https:\/\/luchonoticias.com\/editor\/se-realizo-el-ultimo-mercado-campesino-del-ano-del-2022\/","article_publisher":"https:\/\/www.facebook.com\/luchonoticiasneiva","article_author":"https:\/\/www.facebook.com\/luchonoticiasneiva","article_published_time":"2022-12-04T11:59:25+00:00","article_modified_time":"2022-12-04T11:59:26+00:00","og_image":[{"url":"https:\/\/luchonoticias.com\/wp-content\/uploads\/2022\/12\/WhatsApp-Image-2022-12-03-at-5.27.37-PM-1024x678.jpeg","type":"","width":"","height":""}],"author":"admin","twitter_card":"summary_large_image","twitter_misc":{"Escrito por":"admin","Tiempo de lectura":"2 minutos"},"schema":{"@context":"https:\/\/schema.org","@graph":[{"@type":"Article","@id":"https:\/\/luchonoticias.com\/editor\/se-realizo-el-ultimo-mercado-campesino-del-ano-del-2022\/#article","isPartOf":{"@id":"https:\/\/luchonoticias.com\/editor\/se-realizo-el-ultimo-mercado-campesino-del-ano-del-2022\/"},"author":{"name":"admin","@id":"https:\/\/luchonoticias.com\/editor\/#\/schema\/person\/7a7fd911f58561fd056dbac7b55af9cd"},"headline":"Se realiz\u00f3 el \u00faltimo mercado campesino del a\u00f1o del 2022","datePublished":"2022-12-04T11:59:25+00:00","dateModified":"2022-12-04T11:59:26+00:00","mainEntityOfPage":{"@id":"https:\/\/luchonoticias.com\/editor\/se-realizo-el-ultimo-mercado-campesino-del-ano-del-2022\/"},"wordCount":380,"commentCount":0,"publisher":{"@id":"https:\/\/luchonoticias.com\/editor\/#\/schema\/person\/7a7fd911f58561fd056dbac7b55af9cd"},"image":{"@id":"https:\/\/luchonoticias.com\/editor\/se-realizo-el-ultimo-mercado-campesino-del-ano-del-2022\/#primaryimage"},"thumbnailUrl":"https:\/\/luchonoticias.com\/wp-content\/uploads\/2022\/12\/WhatsApp-Image-2022-12-03-at-5.27.37-PM-1024x678.jpeg","articleSection":["Destacado","Regional"],"inLanguage":"es","potentialAction":[{"@type":"CommentAction","name":"Comment","target":["https:\/\/luchonoticias.com\/editor\/se-realizo-el-ultimo-mercado-campesino-del-ano-del-2022\/#respond"]}]},{"@type":"WebPage","@id":"https:\/\/luchonoticias.com\/editor\/se-realizo-el-ultimo-mercado-campesino-del-ano-del-2022\/","url":"https:\/\/luchonoticias.com\/editor\/se-realizo-el-ultimo-mercado-campesino-del-ano-del-2022\/","name":"Se realiz\u00f3 el \u00faltimo mercado campesino del a\u00f1o del 2022 -","isPartOf":{"@id":"https:\/\/luchonoticias.com\/editor\/#website"},"primaryImageOfPage":{"@id":"https:\/\/luchonoticias.com\/editor\/se-realizo-el-ultimo-mercado-campesino-del-ano-del-2022\/#primaryimage"},"image":{"@id":"https:\/\/luchonoticias.com\/editor\/se-realizo-el-ultimo-mercado-campesino-del-ano-del-2022\/#primaryimage"},"thumbnailUrl":"https:\/\/luchonoticias.com\/wp-content\/uploads\/2022\/12\/WhatsApp-Image-2022-12-03-at-5.27.37-PM-1024x678.jpeg","datePublished":"2022-12-04T11:59:25+00:00","dateModified":"2022-12-04T11:59:26+00:00","breadcrumb":{"@id":"https:\/\/luchonoticias.com\/editor\/se-realizo-el-ultimo-mercado-campesino-del-ano-del-2022\/#breadcrumb"},"inLanguage":"es","potentialAction":[{"@type":"ReadAction","target":["https:\/\/luchonoticias.com\/editor\/se-realizo-el-ultimo-mercado-campesino-del-ano-del-2022\/"]}]},{"@type":"ImageObject","inLanguage":"es","@id":"https:\/\/luchonoticias.com\/editor\/se-realizo-el-ultimo-mercado-campesino-del-ano-del-2022\/#primaryimage","url":"https:\/\/luchonoticias.com\/wp-content\/uploads\/2022\/12\/WhatsApp-Image-2022-12-03-at-5.27.37-PM-1024x678.jpeg","contentUrl":"https:\/\/luchonoticias.com\/wp-content\/uploads\/2022\/12\/WhatsApp-Image-2022-12-03-at-5.27.37-PM-1024x678.jpeg"},{"@type":"BreadcrumbList","@id":"https:\/\/luchonoticias.com\/editor\/se-realizo-el-ultimo-mercado-campesino-del-ano-del-2022\/#breadcrumb","itemListElement":[{"@type":"ListItem","position":1,"name":"Portada","item":"https:\/\/luchonoticias.com\/editor\/"},{"@type":"ListItem","position":2,"name":"Se realiz\u00f3 el \u00faltimo mercado campesino del a\u00f1o del 2022"}]},{"@type":"WebSite","@id":"https:\/\/luchonoticias.com\/editor\/#website","url":"https:\/\/luchonoticias.com\/editor\/","name":"","description":"","publisher":{"@id":"https:\/\/luchonoticias.com\/editor\/#\/schema\/person\/7a7fd911f58561fd056dbac7b55af9cd"},"potentialAction":[{"@type":"SearchAction","target":{"@type":"EntryPoint","urlTemplate":"https:\/\/luchonoticias.com\/editor\/?s={search_term_string}"},"query-input":{"@type":"PropertyValueSpecification","valueRequired":true,"valueName":"search_term_string"}}],"inLanguage":"es"},{"@type":["Person","Organization"],"@id":"https:\/\/luchonoticias.com\/editor\/#\/schema\/person\/7a7fd911f58561fd056dbac7b55af9cd","name":"admin","image":{"@type":"ImageObject","inLanguage":"es","@id":"https:\/\/luchonoticias.com\/editor\/#\/schema\/person\/image\/","url":"https:\/\/luchonoticias.com\/editor\/wp-content\/uploads\/2024\/02\/cropped-cropped-logolu.webp","contentUrl":"https:\/\/luchonoticias.com\/editor\/wp-content\/uploads\/2024\/02\/cropped-cropped-logolu.webp","width":382,"height":170,"caption":"admin"},"logo":{"@id":"https:\/\/luchonoticias.com\/editor\/#\/schema\/person\/image\/"},"sameAs":["https:\/\/www.facebook.com\/luchonoticiasneiva"],"url":"https:\/\/luchonoticias.com\/editor\/author\/admin\/"}]}},"_links":{"self":[{"href":"https:\/\/luchonoticias.com\/editor\/wp-json\/wp\/v2\/posts\/41160","targetHints":{"allow":["GET"]}}],"collection":[{"href":"https:\/\/luchonoticias.com\/editor\/wp-json\/wp\/v2\/posts"}],"about":[{"href":"https:\/\/luchonoticias.com\/editor\/wp-json\/wp\/v2\/types\/post"}],"author":[{"embeddable":true,"href":"https:\/\/luchonoticias.com\/editor\/wp-json\/wp\/v2\/users\/1"}],"replies":[{"embeddable":true,"href":"https:\/\/luchonoticias.com\/editor\/wp-json\/wp\/v2\/comments?post=41160"}],"version-history":[{"count":0,"href":"https:\/\/luchonoticias.com\/editor\/wp-json\/wp\/v2\/posts\/41160\/revisions"}],"wp:attachment":[{"href":"https:\/\/luchonoticias.com\/editor\/wp-json\/wp\/v2\/media?parent=41160"}],"wp:term":[{"taxonomy":"category","embeddable":true,"href":"https:\/\/luchonoticias.com\/editor\/wp-json\/wp\/v2\/categories?post=41160"},{"taxonomy":"post_tag","embeddable":true,"href":"https:\/\/luchonoticias.com\/editor\/wp-json\/wp\/v2\/tags?post=41160"}],"curies":[{"name":"wp","href":"https:\/\/api.w.org\/{rel}","templated":true}]}}